{"id":22461,"date":"2009-06-04T14:20:29","date_gmt":"2009-06-04T12:20:29","guid":{"rendered":"http:\/\/www.visit-ulcinj.com\/blog\/?p=22461"},"modified":"2009-06-04T14:20:30","modified_gmt":"2009-06-04T12:20:30","slug":"mali-i-zi-shqiperipaketa-te-perbashketa-turistike","status":"publish","type":"post","link":"https:\/\/www.visit-ulcinj.com\/blog\/2009\/06\/04\/mali-i-zi-shqiperipaketa-te-perbashketa-turistike\/","title":{"rendered":"Mali i Zi &#8211; Shqip\u00ebri,paketa t\u00eb p\u00ebrbashk\u00ebta turistike"},"content":{"rendered":"<p><img loading=\"lazy\" class=\"alignleft size-full wp-image-22462\" title=\"dhoma-e-tregtis-e-industris_tiran\" src=\"http:\/\/www.visit-ulcinj.com\/blog\/wp-content\/uploads\/2009\/06\/dhoma-e-tregtis-e-industris_tiran.jpg\" alt=\"dhoma-e-tregtis-e-industris_tiran\" width=\"580\" height=\"350\" \/>Dy vendet fqinje, me vij\u00eb bregdetare mahnit\u00ebse, kan\u00eb r\u00ebn\u00eb dakord paraprakisht t\u00eb promovojn\u00eb sektorin e turizmit, si mund\u00ebsi e ve\u00e7ant\u00eb p\u00ebr t\u00eb zhvilluar ekonomit\u00eb. Shqip\u00ebria dhe Mali i Zi, nj\u00eb pjes\u00eb t\u00eb rritjes ekonomike ia faturojn\u00eb turizmit, sidomos atij bregdetar dhe p\u00ebr k\u00ebt\u00eb q\u00ebllim po shikohet mund\u00ebsia e krijimit t\u00eb nj\u00eb pakete t\u00eb p\u00ebrbashk\u00ebt promovimi. Ideja \u00ebsht\u00eb hedhur nga pala malazeze dhe pritet t\u00eb finalizohet me ardhjen n\u00eb Tiran\u00eb t\u00eb ministrit t\u00eb Turizmit t\u00eb vendit fqinj, n\u00eb dit\u00ebt e para t\u00eb qershorit. Pal\u00ebt mendojn\u00eb p\u00ebr krijimin e nj\u00eb vije bregdetare t\u00eb p\u00ebrbashk\u00ebt, nga Kotorri deri n\u00eb Sarand\u00eb, duke qen\u00eb se edhe pika doganore mes dy vendeve \u00ebsht\u00eb e unifikuar. Ky \u00ebsht\u00eb nj\u00ebri detaj i bashk\u00ebpunimit mes dy vendeve, fal\u00eb iniciativ\u00ebs s\u00eb dhomave p\u00ebrkat\u00ebse t\u00eb Tregtis\u00eb, t\u00eb cilat zhvilluan dje nj\u00eb takim n\u00eb Tiran\u00eb n\u00eb kuad\u00ebr t\u00eb Forumit Ekonomik. Raporti ekonomik mes Shqip\u00ebris\u00eb dhe Malit t\u00eb Zi paraqitet modest, me pak marr\u00ebveshje nd\u00ebrmjet dy qeverive, p\u00ebrve\u00e7 nd\u00ebrtimit t\u00eb stacionit elektrik 400 kv Tiran\u00eb-Podgoric\u00eb.<br \/>\n<strong>Marr\u00ebveshja<\/strong><br \/>\nRreth 50 biznese t\u00eb Malit t\u00eb Zi dhe po kaq biznese shqiptare ishin prezent n\u00eb Forumin Ekonomik p\u00ebr t\u00eb shk\u00ebmbyer eksperiencat e tyre, si dhe p\u00ebr t\u00eb par\u00eb mund\u00ebsin\u00eb e bashk\u00ebpunimit n\u00eb fusha konkrete. &#8220;Un\u00eb ngre z\u00ebrin p\u00ebr t\u00eb apeluar se Shqip\u00ebria dhe Mali i Zi duhet t\u00eb thellojn\u00eb bashk\u00ebpunimin p\u00ebr hir t\u00eb af\u00ebrsis\u00eb gjeografike, t\u00eb historis\u00eb q\u00eb ndajn\u00eb dhe aspiratave p\u00ebr destinacionin e shum\u00ebd\u00ebshiruar, BE&#8221;, tha Gjok\u00eb Uldedaj. Kompani q\u00eb merren me turizmin, nd\u00ebrtimin apo prodhimet e ndryshme bujq\u00ebsore e blegtorale ishin pjes\u00eb e k\u00ebtij forumi, duke u ndalur n\u00eb hapa konkret\u00eb t\u00eb bashk\u00ebpunimit me homolog\u00ebt e t\u00eb dyja vendeve sipas sektor\u00ebve p\u00ebrkat\u00ebs. N\u00eb k\u00ebt\u00eb forum biznesi merrnin pjes\u00eb kryetari i Dhom\u00ebs s\u00eb Tregtis\u00eb dhe Industris\u00eb, Tiran\u00eb, Gjok\u00eb Uldedaj, homologu i tij i Malit t\u00eb Zi, Velimir Mijuskovi\u00e7, ministri i Kultur\u00ebs dhe Turizmit etj. Pal\u00ebt u fokusuan m\u00eb tep\u00ebr te bashk\u00ebpunimi, te turizmi, duke qen\u00eb se nj\u00eb pjes\u00eb e mir\u00eb e t\u00eb ardhurave krijohen nga ky sektor. Dy vendet jan\u00eb duke u p\u00ebrballur nga presione t\u00eb vazhdueshme t\u00eb kriz\u00ebs financiare, e n\u00eb k\u00ebt\u00eb pik\u00eb po shikojn\u00eb mund\u00ebsin\u00eb e mb\u00ebshtetjes nga nj\u00ebra-tjetra. I pranish\u00ebm n\u00eb forum ishte edhe zv\/ministri i Ekonomis\u00eb t\u00eb Malit t\u00eb Zi, i cili pranoi faktin se vendi i tij ndodhet n\u00eb presion t\u00eb vazhduesh\u00ebm nga kriza dhe se shikonte me mjaft leverdi bashk\u00ebpunimin me Shqip\u00ebrin\u00eb. Kurse Mijuskovi\u00e7, kreu i Dhom\u00ebs s\u00eb Malit t\u00eb Zi, tha se sektori i turizmit p\u00ebrb\u00ebn mund\u00ebsin\u00eb reale p\u00ebr rim\u00ebk\u00ebmbjen dhe zhvillimin ekonomik. M\u00eb i drejtp\u00ebrdrejt\u00eb u duk ministri jon\u00eb i Turizmit, Adrian Turku, i cili tha se dy vendet nuk duhet ta shohin nj\u00ebra-tjetr\u00ebn si rivale n\u00eb turiz\u00ebm, por nevojitet m\u00eb shum\u00eb miq\u00ebsi, n\u00eb m\u00ebnyr\u00eb q\u00eb reformat e p\u00ebrbashk\u00ebta t\u00eb gjejn\u00eb realizim. Projekti i nj\u00eb vije t\u00eb p\u00ebrbashk\u00ebt turistike mes dy vendeve \u00ebsht\u00eb hedhur nga vet\u00eb biznesmen\u00ebt dhe se s\u00eb shpejti do t\u00eb konkretizohet n\u00eb dit\u00ebt n\u00eb vijim.<br \/>\n<strong>Sektor\u00ebt<\/strong><br \/>\nP\u00ebr vet\u00eb situat\u00ebn q\u00eb po kalon ekonomia e Evrop\u00ebs dhe ajo nd\u00ebrkomb\u00ebtare, misioni i biznesit, ku dy vendet jan\u00eb thirrur p\u00ebr t\u00eb planifikuar bashk\u00ebpunimin n\u00eb t\u00eb ardhmen, sipas Uldedajt merr nj\u00eb r\u00ebnd\u00ebsi t\u00eb ve\u00e7ant\u00eb. &#8220;P\u00ebrfitoj nga ky forum biznesi t\u2018u kujtoj koleg\u00ebve tan\u00eb malazez\u00eb se tani m\u00eb shum\u00eb se kurr\u00eb \u00ebsht\u00eb mund\u00ebsia m\u00eb e mir\u00eb p\u00ebr t\u00eb b\u00ebr\u00eb biznes n\u00eb vendin ton\u00eb. Besoj se gjat\u00eb rrug\u00ebs p\u00ebr t\u00eb ardhur keni par\u00eb t\u00eb gjitha ndryshimet e prekshme t\u00eb b\u00ebra n\u00eb infrastruktur\u00ebn rrugore&#8221;, tha kreu i Dhom\u00ebs s\u00eb Tregtis\u00eb dhe Industris\u00eb, Tiran\u00eb. Shk\u00ebmbimet tregtare me Malin e Zi n\u00eb vitin 2008 arrit\u00ebn shifrat e 32 milion\u00eb eurove. Krahasimisht me 2007-\u00ebn, k\u00ebto shifra jan\u00eb rritur me 59 p\u00ebr qind. Eksportet drejt Malit t\u00eb Zi n\u00eb vitin 2008 kan\u00eb arritur n\u00eb shifr\u00ebn e 17.9 milion\u00eb euro. Produktet kryesore, t\u00eb cilat jan\u00eb eksportuar nga Shqip\u00ebria drejt Malit t\u00eb Zi, kan\u00eb qen\u00eb: produktet minerale, metale t\u00eb ndrysh\u00ebm, materiale nd\u00ebrtimi dhe produktet bujq\u00ebsore. Importet nga Mali i Zi n\u00eb vitin 2008 kan\u00eb arritur n\u00eb shifr\u00ebn 12 milion\u00eb euro.<\/p>\n<p><strong>Gazeta Shqip<\/strong><\/p>\n","protected":false},"excerpt":{"rendered":"<p>Dy vendet fqinje, me vij\u00eb bregdetare mahnit\u00ebse, kan\u00eb r\u00ebn\u00eb dakord paraprakisht t\u00eb promovojn\u00eb sektorin e turizmit, si mund\u00ebsi e ve\u00e7ant\u00eb p\u00ebr t\u00eb zhvilluar ekonomit\u00eb. Shqip\u00ebria dhe Mali i Zi, nj\u00eb pjes\u00eb t\u00eb rritjes ekonomike ia faturojn\u00eb turizmit, sidomos atij bregdetar dhe p\u00ebr k\u00ebt\u00eb q\u00ebllim po shikohet mund\u00ebsia e krijimit t\u00eb nj\u00eb pakete t\u00eb p\u00ebrbashk\u00ebt promovimi. [&hellip;]<\/p>\n","protected":false},"author":1,"featured_media":0,"comment_status":"open","ping_status":"closed","sticky":false,"template":"","format":"standard","meta":{"spay_email":"","jetpack_publicize_message":"","jetpack_is_tweetstorm":false,"jetpack_publicize_feature_enabled":true},"categories":[10],"tags":[7251,10968],"jetpack_publicize_connections":[],"yoast_head":"<!-- This site is optimized with the Yoast SEO plugin v19.1 - https:\/\/yoast.com\/wordpress\/plugins\/seo\/ -->\n<title>Mali i Zi - Shqip\u00ebri,paketa t\u00eb p\u00ebrbashk\u00ebta turistike - Lajme nga Ulqini<\/title>\n<meta name=\"description\" content=\"Dy vendet fqinje, me vij\u00eb bregdetare mahnit\u00ebse, kan\u00eb r\u00ebn\u00eb dakord paraprakisht t\u00eb promovojn\u00eb sektorin e turizmit, si mund\u00ebsi e ve\u00e7ant\u00eb p\u00ebr t\u00eb zhvilluar\" \/>\n<meta name=\"robots\" content=\"index, follow, max-snippet:-1, max-image-preview:large, max-video-preview:-1\" \/>\n<link rel=\"canonical\" href=\"https:\/\/www.visit-ulcinj.com\/blog\/2009\/06\/04\/mali-i-zi-shqiperipaketa-te-perbashketa-turistike\/\" \/>\n<meta property=\"og:locale\" content=\"en_US\" \/>\n<meta property=\"og:type\" content=\"article\" \/>\n<meta property=\"og:title\" content=\"Mali i Zi - Shqip\u00ebri,paketa t\u00eb p\u00ebrbashk\u00ebta turistike - Lajme nga Ulqini\" \/>\n<meta property=\"og:description\" content=\"Dy vendet fqinje, me vij\u00eb bregdetare mahnit\u00ebse, kan\u00eb r\u00ebn\u00eb dakord paraprakisht t\u00eb promovojn\u00eb sektorin e turizmit, si mund\u00ebsi e ve\u00e7ant\u00eb p\u00ebr t\u00eb zhvilluar\" \/>\n<meta property=\"og:url\" content=\"https:\/\/www.visit-ulcinj.com\/blog\/2009\/06\/04\/mali-i-zi-shqiperipaketa-te-perbashketa-turistike\/\" \/>\n<meta property=\"og:site_name\" content=\"Lajme nga Ulqini\" \/>\n<meta property=\"article:published_time\" content=\"2009-06-04T12:20:29+00:00\" \/>\n<meta property=\"article:modified_time\" content=\"2009-06-04T12:20:30+00:00\" \/>\n<meta property=\"og:image\" content=\"http:\/\/www.visit-ulcinj.com\/blog\/wp-content\/uploads\/2009\/06\/dhoma-e-tregtis-e-industris_tiran.jpg\" \/>\n<meta name=\"twitter:label1\" content=\"Written by\" \/>\n\t<meta name=\"twitter:data1\" content=\"ulqini\" \/>\n\t<meta name=\"twitter:label2\" content=\"Est. reading time\" \/>\n\t<meta name=\"twitter:data2\" content=\"4 minutes\" \/>\n<script type=\"application\/ld+json\" class=\"yoast-schema-graph\">{\"@context\":\"https:\/\/schema.org\",\"@graph\":[{\"@type\":\"WebSite\",\"@id\":\"https:\/\/www.visit-ulcinj.com\/blog\/#website\",\"url\":\"https:\/\/www.visit-ulcinj.com\/blog\/\",\"name\":\"Lajme nga Ulqini\",\"description\":\"Lajme,Vijesti,Ulqini,Ulqin,Crna Gora,Mali i Zi\",\"potentialAction\":[{\"@type\":\"SearchAction\",\"target\":{\"@type\":\"EntryPoint\",\"urlTemplate\":\"https:\/\/www.visit-ulcinj.com\/blog\/?s={search_term_string}\"},\"query-input\":\"required name=search_term_string\"}],\"inLanguage\":\"en-US\"},{\"@type\":\"ImageObject\",\"inLanguage\":\"en-US\",\"@id\":\"https:\/\/www.visit-ulcinj.com\/blog\/2009\/06\/04\/mali-i-zi-shqiperipaketa-te-perbashketa-turistike\/#primaryimage\",\"url\":\"https:\/\/www.visit-ulcinj.com\/blog\/wp-content\/uploads\/2009\/06\/dhoma-e-tregtis-e-industris_tiran.jpg\",\"contentUrl\":\"https:\/\/www.visit-ulcinj.com\/blog\/wp-content\/uploads\/2009\/06\/dhoma-e-tregtis-e-industris_tiran.jpg\",\"width\":\"460\",\"height\":\"220\"},{\"@type\":\"WebPage\",\"@id\":\"https:\/\/www.visit-ulcinj.com\/blog\/2009\/06\/04\/mali-i-zi-shqiperipaketa-te-perbashketa-turistike\/#webpage\",\"url\":\"https:\/\/www.visit-ulcinj.com\/blog\/2009\/06\/04\/mali-i-zi-shqiperipaketa-te-perbashketa-turistike\/\",\"name\":\"Mali i Zi - Shqip\u00ebri,paketa t\u00eb p\u00ebrbashk\u00ebta turistike - Lajme nga Ulqini\",\"isPartOf\":{\"@id\":\"https:\/\/www.visit-ulcinj.com\/blog\/#website\"},\"primaryImageOfPage\":{\"@id\":\"https:\/\/www.visit-ulcinj.com\/blog\/2009\/06\/04\/mali-i-zi-shqiperipaketa-te-perbashketa-turistike\/#primaryimage\"},\"datePublished\":\"2009-06-04T12:20:29+00:00\",\"dateModified\":\"2009-06-04T12:20:30+00:00\",\"author\":{\"@id\":\"https:\/\/www.visit-ulcinj.com\/blog\/#\/schema\/person\/dcab619c614d3038751c63bc2aadc06d\"},\"description\":\"Dy vendet fqinje, me vij\u00eb bregdetare mahnit\u00ebse, kan\u00eb r\u00ebn\u00eb dakord paraprakisht t\u00eb promovojn\u00eb sektorin e turizmit, si mund\u00ebsi e ve\u00e7ant\u00eb p\u00ebr t\u00eb zhvilluar\",\"breadcrumb\":{\"@id\":\"https:\/\/www.visit-ulcinj.com\/blog\/2009\/06\/04\/mali-i-zi-shqiperipaketa-te-perbashketa-turistike\/#breadcrumb\"},\"inLanguage\":\"en-US\",\"potentialAction\":[{\"@type\":\"ReadAction\",\"target\":[\"https:\/\/www.visit-ulcinj.com\/blog\/2009\/06\/04\/mali-i-zi-shqiperipaketa-te-perbashketa-turistike\/\"]}]},{\"@type\":\"BreadcrumbList\",\"@id\":\"https:\/\/www.visit-ulcinj.com\/blog\/2009\/06\/04\/mali-i-zi-shqiperipaketa-te-perbashketa-turistike\/#breadcrumb\",\"itemListElement\":[{\"@type\":\"ListItem\",\"position\":1,\"name\":\"Mali i Zi &#8211; Shqip\u00ebri,paketa t\u00eb p\u00ebrbashk\u00ebta turistike\"}]},{\"@type\":\"Person\",\"@id\":\"https:\/\/www.visit-ulcinj.com\/blog\/#\/schema\/person\/dcab619c614d3038751c63bc2aadc06d\",\"name\":\"ulqini\",\"sameAs\":[\"http:\/\/www.visit-ulcinj.com\"],\"url\":\"https:\/\/www.visit-ulcinj.com\/blog\/author\/admin\/\"}]}<\/script>\n<!-- \/ Yoast SEO plugin. -->","yoast_head_json":{"title":"Mali i Zi - Shqip\u00ebri,paketa t\u00eb p\u00ebrbashk\u00ebta turistike - Lajme nga Ulqini","description":"Dy vendet fqinje, me vij\u00eb bregdetare mahnit\u00ebse, kan\u00eb r\u00ebn\u00eb dakord paraprakisht t\u00eb promovojn\u00eb sektorin e turizmit, si mund\u00ebsi e ve\u00e7ant\u00eb p\u00ebr t\u00eb zhvilluar","robots":{"index":"index","follow":"follow","max-snippet":"max-snippet:-1","max-image-preview":"max-image-preview:large","max-video-preview":"max-video-preview:-1"},"canonical":"https:\/\/www.visit-ulcinj.com\/blog\/2009\/06\/04\/mali-i-zi-shqiperipaketa-te-perbashketa-turistike\/","og_locale":"en_US","og_type":"article","og_title":"Mali i Zi - Shqip\u00ebri,paketa t\u00eb p\u00ebrbashk\u00ebta turistike - Lajme nga Ulqini","og_description":"Dy vendet fqinje, me vij\u00eb bregdetare mahnit\u00ebse, kan\u00eb r\u00ebn\u00eb dakord paraprakisht t\u00eb promovojn\u00eb sektorin e turizmit, si mund\u00ebsi e ve\u00e7ant\u00eb p\u00ebr t\u00eb zhvilluar","og_url":"https:\/\/www.visit-ulcinj.com\/blog\/2009\/06\/04\/mali-i-zi-shqiperipaketa-te-perbashketa-turistike\/","og_site_name":"Lajme nga Ulqini","article_published_time":"2009-06-04T12:20:29+00:00","article_modified_time":"2009-06-04T12:20:30+00:00","og_image":[{"url":"http:\/\/www.visit-ulcinj.com\/blog\/wp-content\/uploads\/2009\/06\/dhoma-e-tregtis-e-industris_tiran.jpg"}],"twitter_misc":{"Written by":"ulqini","Est. reading time":"4 minutes"},"schema":{"@context":"https:\/\/schema.org","@graph":[{"@type":"WebSite","@id":"https:\/\/www.visit-ulcinj.com\/blog\/#website","url":"https:\/\/www.visit-ulcinj.com\/blog\/","name":"Lajme nga Ulqini","description":"Lajme,Vijesti,Ulqini,Ulqin,Crna Gora,Mali i Zi","potentialAction":[{"@type":"SearchAction","target":{"@type":"EntryPoint","urlTemplate":"https:\/\/www.visit-ulcinj.com\/blog\/?s={search_term_string}"},"query-input":"required name=search_term_string"}],"inLanguage":"en-US"},{"@type":"ImageObject","inLanguage":"en-US","@id":"https:\/\/www.visit-ulcinj.com\/blog\/2009\/06\/04\/mali-i-zi-shqiperipaketa-te-perbashketa-turistike\/#primaryimage","url":"https:\/\/www.visit-ulcinj.com\/blog\/wp-content\/uploads\/2009\/06\/dhoma-e-tregtis-e-industris_tiran.jpg","contentUrl":"https:\/\/www.visit-ulcinj.com\/blog\/wp-content\/uploads\/2009\/06\/dhoma-e-tregtis-e-industris_tiran.jpg","width":"460","height":"220"},{"@type":"WebPage","@id":"https:\/\/www.visit-ulcinj.com\/blog\/2009\/06\/04\/mali-i-zi-shqiperipaketa-te-perbashketa-turistike\/#webpage","url":"https:\/\/www.visit-ulcinj.com\/blog\/2009\/06\/04\/mali-i-zi-shqiperipaketa-te-perbashketa-turistike\/","name":"Mali i Zi - Shqip\u00ebri,paketa t\u00eb p\u00ebrbashk\u00ebta turistike - Lajme nga Ulqini","isPartOf":{"@id":"https:\/\/www.visit-ulcinj.com\/blog\/#website"},"primaryImageOfPage":{"@id":"https:\/\/www.visit-ulcinj.com\/blog\/2009\/06\/04\/mali-i-zi-shqiperipaketa-te-perbashketa-turistike\/#primaryimage"},"datePublished":"2009-06-04T12:20:29+00:00","dateModified":"2009-06-04T12:20:30+00:00","author":{"@id":"https:\/\/www.visit-ulcinj.com\/blog\/#\/schema\/person\/dcab619c614d3038751c63bc2aadc06d"},"description":"Dy vendet fqinje, me vij\u00eb bregdetare mahnit\u00ebse, kan\u00eb r\u00ebn\u00eb dakord paraprakisht t\u00eb promovojn\u00eb sektorin e turizmit, si mund\u00ebsi e ve\u00e7ant\u00eb p\u00ebr t\u00eb zhvilluar","breadcrumb":{"@id":"https:\/\/www.visit-ulcinj.com\/blog\/2009\/06\/04\/mali-i-zi-shqiperipaketa-te-perbashketa-turistike\/#breadcrumb"},"inLanguage":"en-US","potentialAction":[{"@type":"ReadAction","target":["https:\/\/www.visit-ulcinj.com\/blog\/2009\/06\/04\/mali-i-zi-shqiperipaketa-te-perbashketa-turistike\/"]}]},{"@type":"BreadcrumbList","@id":"https:\/\/www.visit-ulcinj.com\/blog\/2009\/06\/04\/mali-i-zi-shqiperipaketa-te-perbashketa-turistike\/#breadcrumb","itemListElement":[{"@type":"ListItem","position":1,"name":"Mali i Zi &#8211; Shqip\u00ebri,paketa t\u00eb p\u00ebrbashk\u00ebta turistike"}]},{"@type":"Person","@id":"https:\/\/www.visit-ulcinj.com\/blog\/#\/schema\/person\/dcab619c614d3038751c63bc2aadc06d","name":"ulqini","sameAs":["http:\/\/www.visit-ulcinj.com"],"url":"https:\/\/www.visit-ulcinj.com\/blog\/author\/admin\/"}]}},"jetpack_featured_media_url":"","jetpack_sharing_enabled":true,"jetpack_shortlink":"https:\/\/wp.me\/pe6lTn-5Qh","_links":{"self":[{"href":"https:\/\/www.visit-ulcinj.com\/blog\/wp-json\/wp\/v2\/posts\/22461"}],"collection":[{"href":"https:\/\/www.visit-ulcinj.com\/blog\/wp-json\/wp\/v2\/posts"}],"about":[{"href":"https:\/\/www.visit-ulcinj.com\/blog\/wp-json\/wp\/v2\/types\/post"}],"author":[{"embeddable":true,"href":"https:\/\/www.visit-ulcinj.com\/blog\/wp-json\/wp\/v2\/users\/1"}],"replies":[{"embeddable":true,"href":"https:\/\/www.visit-ulcinj.com\/blog\/wp-json\/wp\/v2\/comments?post=22461"}],"version-history":[{"count":0,"href":"https:\/\/www.visit-ulcinj.com\/blog\/wp-json\/wp\/v2\/posts\/22461\/revisions"}],"wp:attachment":[{"href":"https:\/\/www.visit-ulcinj.com\/blog\/wp-json\/wp\/v2\/media?parent=22461"}],"wp:term":[{"taxonomy":"category","embeddable":true,"href":"https:\/\/www.visit-ulcinj.com\/blog\/wp-json\/wp\/v2\/categories?post=22461"},{"taxonomy":"post_tag","embeddable":true,"href":"https:\/\/www.visit-ulcinj.com\/blog\/wp-json\/wp\/v2\/tags?post=22461"}],"curies":[{"name":"wp","href":"https:\/\/api.w.org\/{rel}","templated":true}]}}