{"id":22465,"date":"2009-06-04T19:23:05","date_gmt":"2009-06-04T17:23:05","guid":{"rendered":"http:\/\/www.visit-ulcinj.com\/blog\/?p=22465"},"modified":"2009-06-04T19:23:05","modified_gmt":"2009-06-04T17:23:05","slug":"dinosa-odbacuje-pozive-za-rjesavanje-%e2%80%9calbanskog-pitanja%e2%80%9d","status":"publish","type":"post","link":"https:\/\/www.visit-ulcinj.com\/blog\/2009\/06\/04\/dinosa-odbacuje-pozive-za-rjesavanje-%e2%80%9calbanskog-pitanja%e2%80%9d\/","title":{"rendered":"Dino\u0161a odbacuje pozive za rje\u0161avanje \u201cAlbanskog pitanja\u201d"},"content":{"rendered":"<p><strong><img loading=\"lazy\" class=\"alignleft size-full wp-image-22467\" title=\"predsjednik-demokratske-unije-albanaca-dua-ferhat-dinosa\" src=\"http:\/\/www.visit-ulcinj.com\/blog\/wp-content\/uploads\/2009\/06\/predsjednik-demokratske-unije-albanaca-dua-ferhat-dinosa.jpg\" alt=\"predsjednik-demokratske-unije-albanaca-dua-ferhat-dinosa\" width=\"590\" height=\"400\" \/>Front radi \u0161to Beograd ka\u017ee<\/strong><br \/>\nPodgorica \u2013 Predsjednik Demokratske unije Albanaca (DUA) Ferhat Dino\u0161a je kazao da pozivima na rje\u0161avanje albanskog pitanja na Balkanu neki politi?ki krugovi iz Beograda poku\u0161avaju da uti?u na dalje priznanje Kosova.<br \/>\nIsti?u?i da pri?u o nacionalnom pitanju nijesu pokrenuli albanski politi?ari, Dino\u0161a tvrdi da je nekome debelo zasmetala poruka potpredsjednika SAD D\u017eozefa Bajdena prilikom posjete regionu. Bajden je tokom trodnevne posjet BiH, Srbiji i Kosovu ocijenio da je nezavisnost Kosova nepovratan proces, isti?u?i da tu dr\u017eavu treba razvijati u multietni?kom duhu.<\/p>\n<p>\u201eSvjesna da ?e takva ameri?ka poruka imati za posljedicu nova masovna priznanja Kosova, neka antidemokratska srbijanska kuhinja izmi\u0161lja raznorazne oslobodila?ke frontove Albanca koji bi trebalo da se pona\u0161aju u skladu sa ciljevima te i takvih kuhinja\u201c, smatra on.<br \/>\nOrganizacija Front za nacionalno ujedinjenje Albanaca (FBKSH) pozvala je ranije na rje\u0161avanje albanskog pitanja na Balkanu, ocjenjuju?i da su Albanci kolonizovani u zemljama regiona. U otvorenom pismu koje je ta organizacija uputila Institutu za mir SAD, izme?u ostalog navodi se da Albanci ne u\u017eivaju dovoljno prava u Crnoj Gori, Makedoniji i ju\u017enoj Srbiji. Oni su ocijenili da je Albanija jedina zemlja u svijetu kojoj su granice vje\u0161ta?ki odre?ene, isti?u?i da su na taj na?in susjedne dr\u017eave sprije?ile Albance da napreduju i \u017eive dostojanstveno u 21. vijeku. FBKSH je poru?ila da ?e se vje\u0161ta?ke granice mijenjati, jer podijeljeni i kolonizovani albanski narod ne?e prihvatiti da \u017eivi u ropstvu.<br \/>\nKomentari\u0161u?i poruke FBKSH Dino\u0161a smatra da su pro\u0161la vremena instumentalizacije Albanaca. On je istakao da su Albanci \u201enajve?i prijatelj SAD u regionu\u201c, poja\u0161njavaju?i da ?e njihovi politi?ki predstavnici nastaviti da daju puni doprinos regionalnoj saradnji. Upitan da prokomentari\u0161e polo\u017eaj Albanaca u Crnoj Gori, Dino\u0161a je rekao da oni \u017eive \u201ebolje nego ju?e i lo\u0161ije nego sjutra\u201c.<br \/>\n\u201eDemokratski procesi ?e u?initi da njihov polo\u017eaj bude sve bolji u skladu sa evropskim i demokratskim standardima po pitanju prava i polo\u017eaja manjina\u201c, smatra Dino\u0161a.<\/p>\n<p><strong>Sa.K.<br \/>\n<a href=\"http:\/\/www.vijesti.cg.yu\/index.php?id=306397\" target=\"_blank\">Vijesti<\/a><\/strong><\/p>\n<p><strong><!--YouTube Error: bad URL entered--><br \/>\n<\/strong><\/p>\n","protected":false},"excerpt":{"rendered":"<p>Front radi \u0161to Beograd ka\u017ee Podgorica \u2013 Predsjednik Demokratske unije Albanaca (DUA) Ferhat Dino\u0161a je kazao da pozivima na rje\u0161avanje albanskog pitanja na Balkanu neki politi?ki krugovi iz Beograda poku\u0161avaju da uti?u na dalje priznanje Kosova. Isti?u?i da pri?u o nacionalnom pitanju nijesu pokrenuli albanski politi?ari, Dino\u0161a tvrdi da je nekome debelo zasmetala poruka potpredsjednika [&hellip;]<\/p>\n","protected":false},"author":1,"featured_media":0,"comment_status":"open","ping_status":"closed","sticky":false,"template":"","format":"standard","meta":{"spay_email":"","jetpack_publicize_message":"","jetpack_is_tweetstorm":false,"jetpack_publicize_feature_enabled":true},"categories":[8337],"tags":[4197,10969,10973,10974,88,10972,10970,2783,10971],"jetpack_publicize_connections":[],"yoast_head":"<!-- This site is optimized with the Yoast SEO plugin v19.1 - https:\/\/yoast.com\/wordpress\/plugins\/seo\/ -->\n<title>Dino\u0161a odbacuje pozive za rje\u0161avanje \u201cAlbanskog pitanja\u201d - Lajme nga Ulqini<\/title>\n<meta name=\"description\" content=\"Front radi \u0161to Beograd ka\u017ee Podgorica \u2013 Predsjednik Demokratske unije Albanaca (DUA) Ferhat Dino\u0161a je kazao da pozivima na rje\u0161avanje albanskog pitanja na\" \/>\n<meta name=\"robots\" content=\"index, follow, max-snippet:-1, max-image-preview:large, max-video-preview:-1\" \/>\n<link rel=\"canonical\" href=\"https:\/\/www.visit-ulcinj.com\/blog\/2009\/06\/04\/dinosa-odbacuje-pozive-za-rjesavanje-\u201calbanskog-pitanja\u201d\/\" \/>\n<meta property=\"og:locale\" content=\"en_US\" \/>\n<meta property=\"og:type\" content=\"article\" \/>\n<meta property=\"og:title\" content=\"Dino\u0161a odbacuje pozive za rje\u0161avanje \u201cAlbanskog pitanja\u201d - Lajme nga Ulqini\" \/>\n<meta property=\"og:description\" content=\"Front radi \u0161to Beograd ka\u017ee Podgorica \u2013 Predsjednik Demokratske unije Albanaca (DUA) Ferhat Dino\u0161a je kazao da pozivima na rje\u0161avanje albanskog pitanja na\" \/>\n<meta property=\"og:url\" content=\"https:\/\/www.visit-ulcinj.com\/blog\/2009\/06\/04\/dinosa-odbacuje-pozive-za-rjesavanje-\u201calbanskog-pitanja\u201d\/\" \/>\n<meta property=\"og:site_name\" content=\"Lajme nga Ulqini\" \/>\n<meta property=\"article:published_time\" content=\"2009-06-04T17:23:05+00:00\" \/>\n<meta property=\"og:image\" content=\"http:\/\/www.visit-ulcinj.com\/blog\/wp-content\/uploads\/2009\/06\/predsjednik-demokratske-unije-albanaca-dua-ferhat-dinosa.jpg\" \/>\n<meta name=\"twitter:label1\" content=\"Written by\" \/>\n\t<meta name=\"twitter:data1\" content=\"ulqini\" \/>\n\t<meta name=\"twitter:label2\" content=\"Est. reading time\" \/>\n\t<meta name=\"twitter:data2\" content=\"2 minutes\" \/>\n<script type=\"application\/ld+json\" class=\"yoast-schema-graph\">{\"@context\":\"https:\/\/schema.org\",\"@graph\":[{\"@type\":\"WebSite\",\"@id\":\"https:\/\/www.visit-ulcinj.com\/blog\/#website\",\"url\":\"https:\/\/www.visit-ulcinj.com\/blog\/\",\"name\":\"Lajme nga Ulqini\",\"description\":\"Lajme,Vijesti,Ulqini,Ulqin,Crna Gora,Mali i Zi\",\"potentialAction\":[{\"@type\":\"SearchAction\",\"target\":{\"@type\":\"EntryPoint\",\"urlTemplate\":\"https:\/\/www.visit-ulcinj.com\/blog\/?s={search_term_string}\"},\"query-input\":\"required name=search_term_string\"}],\"inLanguage\":\"en-US\"},{\"@type\":\"ImageObject\",\"inLanguage\":\"en-US\",\"@id\":\"https:\/\/www.visit-ulcinj.com\/blog\/2009\/06\/04\/dinosa-odbacuje-pozive-za-rjesavanje-%e2%80%9calbanskog-pitanja%e2%80%9d\/#primaryimage\",\"url\":\"https:\/\/www.visit-ulcinj.com\/blog\/wp-content\/uploads\/2009\/06\/predsjednik-demokratske-unije-albanaca-dua-ferhat-dinosa.jpg\",\"contentUrl\":\"https:\/\/www.visit-ulcinj.com\/blog\/wp-content\/uploads\/2009\/06\/predsjednik-demokratske-unije-albanaca-dua-ferhat-dinosa.jpg\",\"width\":\"500\",\"height\":\"435\"},{\"@type\":\"WebPage\",\"@id\":\"https:\/\/www.visit-ulcinj.com\/blog\/2009\/06\/04\/dinosa-odbacuje-pozive-za-rjesavanje-%e2%80%9calbanskog-pitanja%e2%80%9d\/#webpage\",\"url\":\"https:\/\/www.visit-ulcinj.com\/blog\/2009\/06\/04\/dinosa-odbacuje-pozive-za-rjesavanje-%e2%80%9calbanskog-pitanja%e2%80%9d\/\",\"name\":\"Dino\u0161a odbacuje pozive za rje\u0161avanje \u201cAlbanskog pitanja\u201d - Lajme nga Ulqini\",\"isPartOf\":{\"@id\":\"https:\/\/www.visit-ulcinj.com\/blog\/#website\"},\"primaryImageOfPage\":{\"@id\":\"https:\/\/www.visit-ulcinj.com\/blog\/2009\/06\/04\/dinosa-odbacuje-pozive-za-rjesavanje-%e2%80%9calbanskog-pitanja%e2%80%9d\/#primaryimage\"},\"datePublished\":\"2009-06-04T17:23:05+00:00\",\"dateModified\":\"2009-06-04T17:23:05+00:00\",\"author\":{\"@id\":\"https:\/\/www.visit-ulcinj.com\/blog\/#\/schema\/person\/dcab619c614d3038751c63bc2aadc06d\"},\"description\":\"Front radi \u0161to Beograd ka\u017ee Podgorica \u2013 Predsjednik Demokratske unije Albanaca (DUA) Ferhat Dino\u0161a je kazao da pozivima na rje\u0161avanje albanskog pitanja na\",\"breadcrumb\":{\"@id\":\"https:\/\/www.visit-ulcinj.com\/blog\/2009\/06\/04\/dinosa-odbacuje-pozive-za-rjesavanje-%e2%80%9calbanskog-pitanja%e2%80%9d\/#breadcrumb\"},\"inLanguage\":\"en-US\",\"potentialAction\":[{\"@type\":\"ReadAction\",\"target\":[\"https:\/\/www.visit-ulcinj.com\/blog\/2009\/06\/04\/dinosa-odbacuje-pozive-za-rjesavanje-%e2%80%9calbanskog-pitanja%e2%80%9d\/\"]}]},{\"@type\":\"BreadcrumbList\",\"@id\":\"https:\/\/www.visit-ulcinj.com\/blog\/2009\/06\/04\/dinosa-odbacuje-pozive-za-rjesavanje-%e2%80%9calbanskog-pitanja%e2%80%9d\/#breadcrumb\",\"itemListElement\":[{\"@type\":\"ListItem\",\"position\":1,\"name\":\"Dino\u0161a odbacuje pozive za rje\u0161avanje \u201cAlbanskog pitanja\u201d\"}]},{\"@type\":\"Person\",\"@id\":\"https:\/\/www.visit-ulcinj.com\/blog\/#\/schema\/person\/dcab619c614d3038751c63bc2aadc06d\",\"name\":\"ulqini\",\"sameAs\":[\"http:\/\/www.visit-ulcinj.com\"],\"url\":\"https:\/\/www.visit-ulcinj.com\/blog\/author\/admin\/\"}]}<\/script>\n<!-- \/ Yoast SEO plugin. -->","yoast_head_json":{"title":"Dino\u0161a odbacuje pozive za rje\u0161avanje \u201cAlbanskog pitanja\u201d - Lajme nga Ulqini","description":"Front radi \u0161to Beograd ka\u017ee Podgorica \u2013 Predsjednik Demokratske unije Albanaca (DUA) Ferhat Dino\u0161a je kazao da pozivima na rje\u0161avanje albanskog pitanja na","robots":{"index":"index","follow":"follow","max-snippet":"max-snippet:-1","max-image-preview":"max-image-preview:large","max-video-preview":"max-video-preview:-1"},"canonical":"https:\/\/www.visit-ulcinj.com\/blog\/2009\/06\/04\/dinosa-odbacuje-pozive-za-rjesavanje-\u201calbanskog-pitanja\u201d\/","og_locale":"en_US","og_type":"article","og_title":"Dino\u0161a odbacuje pozive za rje\u0161avanje \u201cAlbanskog pitanja\u201d - Lajme nga Ulqini","og_description":"Front radi \u0161to Beograd ka\u017ee Podgorica \u2013 Predsjednik Demokratske unije Albanaca (DUA) Ferhat Dino\u0161a je kazao da pozivima na rje\u0161avanje albanskog pitanja na","og_url":"https:\/\/www.visit-ulcinj.com\/blog\/2009\/06\/04\/dinosa-odbacuje-pozive-za-rjesavanje-\u201calbanskog-pitanja\u201d\/","og_site_name":"Lajme nga Ulqini","article_published_time":"2009-06-04T17:23:05+00:00","og_image":[{"url":"http:\/\/www.visit-ulcinj.com\/blog\/wp-content\/uploads\/2009\/06\/predsjednik-demokratske-unije-albanaca-dua-ferhat-dinosa.jpg"}],"twitter_misc":{"Written by":"ulqini","Est. reading time":"2 minutes"},"schema":{"@context":"https:\/\/schema.org","@graph":[{"@type":"WebSite","@id":"https:\/\/www.visit-ulcinj.com\/blog\/#website","url":"https:\/\/www.visit-ulcinj.com\/blog\/","name":"Lajme nga Ulqini","description":"Lajme,Vijesti,Ulqini,Ulqin,Crna Gora,Mali i Zi","potentialAction":[{"@type":"SearchAction","target":{"@type":"EntryPoint","urlTemplate":"https:\/\/www.visit-ulcinj.com\/blog\/?s={search_term_string}"},"query-input":"required name=search_term_string"}],"inLanguage":"en-US"},{"@type":"ImageObject","inLanguage":"en-US","@id":"https:\/\/www.visit-ulcinj.com\/blog\/2009\/06\/04\/dinosa-odbacuje-pozive-za-rjesavanje-%e2%80%9calbanskog-pitanja%e2%80%9d\/#primaryimage","url":"https:\/\/www.visit-ulcinj.com\/blog\/wp-content\/uploads\/2009\/06\/predsjednik-demokratske-unije-albanaca-dua-ferhat-dinosa.jpg","contentUrl":"https:\/\/www.visit-ulcinj.com\/blog\/wp-content\/uploads\/2009\/06\/predsjednik-demokratske-unije-albanaca-dua-ferhat-dinosa.jpg","width":"500","height":"435"},{"@type":"WebPage","@id":"https:\/\/www.visit-ulcinj.com\/blog\/2009\/06\/04\/dinosa-odbacuje-pozive-za-rjesavanje-%e2%80%9calbanskog-pitanja%e2%80%9d\/#webpage","url":"https:\/\/www.visit-ulcinj.com\/blog\/2009\/06\/04\/dinosa-odbacuje-pozive-za-rjesavanje-%e2%80%9calbanskog-pitanja%e2%80%9d\/","name":"Dino\u0161a odbacuje pozive za rje\u0161avanje \u201cAlbanskog pitanja\u201d - Lajme nga Ulqini","isPartOf":{"@id":"https:\/\/www.visit-ulcinj.com\/blog\/#website"},"primaryImageOfPage":{"@id":"https:\/\/www.visit-ulcinj.com\/blog\/2009\/06\/04\/dinosa-odbacuje-pozive-za-rjesavanje-%e2%80%9calbanskog-pitanja%e2%80%9d\/#primaryimage"},"datePublished":"2009-06-04T17:23:05+00:00","dateModified":"2009-06-04T17:23:05+00:00","author":{"@id":"https:\/\/www.visit-ulcinj.com\/blog\/#\/schema\/person\/dcab619c614d3038751c63bc2aadc06d"},"description":"Front radi \u0161to Beograd ka\u017ee Podgorica \u2013 Predsjednik Demokratske unije Albanaca (DUA) Ferhat Dino\u0161a je kazao da pozivima na rje\u0161avanje albanskog pitanja na","breadcrumb":{"@id":"https:\/\/www.visit-ulcinj.com\/blog\/2009\/06\/04\/dinosa-odbacuje-pozive-za-rjesavanje-%e2%80%9calbanskog-pitanja%e2%80%9d\/#breadcrumb"},"inLanguage":"en-US","potentialAction":[{"@type":"ReadAction","target":["https:\/\/www.visit-ulcinj.com\/blog\/2009\/06\/04\/dinosa-odbacuje-pozive-za-rjesavanje-%e2%80%9calbanskog-pitanja%e2%80%9d\/"]}]},{"@type":"BreadcrumbList","@id":"https:\/\/www.visit-ulcinj.com\/blog\/2009\/06\/04\/dinosa-odbacuje-pozive-za-rjesavanje-%e2%80%9calbanskog-pitanja%e2%80%9d\/#breadcrumb","itemListElement":[{"@type":"ListItem","position":1,"name":"Dino\u0161a odbacuje pozive za rje\u0161avanje \u201cAlbanskog pitanja\u201d"}]},{"@type":"Person","@id":"https:\/\/www.visit-ulcinj.com\/blog\/#\/schema\/person\/dcab619c614d3038751c63bc2aadc06d","name":"ulqini","sameAs":["http:\/\/www.visit-ulcinj.com"],"url":"https:\/\/www.visit-ulcinj.com\/blog\/author\/admin\/"}]}},"jetpack_featured_media_url":"","jetpack_sharing_enabled":true,"jetpack_shortlink":"https:\/\/wp.me\/pe6lTn-5Ql","_links":{"self":[{"href":"https:\/\/www.visit-ulcinj.com\/blog\/wp-json\/wp\/v2\/posts\/22465"}],"collection":[{"href":"https:\/\/www.visit-ulcinj.com\/blog\/wp-json\/wp\/v2\/posts"}],"about":[{"href":"https:\/\/www.visit-ulcinj.com\/blog\/wp-json\/wp\/v2\/types\/post"}],"author":[{"embeddable":true,"href":"https:\/\/www.visit-ulcinj.com\/blog\/wp-json\/wp\/v2\/users\/1"}],"replies":[{"embeddable":true,"href":"https:\/\/www.visit-ulcinj.com\/blog\/wp-json\/wp\/v2\/comments?post=22465"}],"version-history":[{"count":0,"href":"https:\/\/www.visit-ulcinj.com\/blog\/wp-json\/wp\/v2\/posts\/22465\/revisions"}],"wp:attachment":[{"href":"https:\/\/www.visit-ulcinj.com\/blog\/wp-json\/wp\/v2\/media?parent=22465"}],"wp:term":[{"taxonomy":"category","embeddable":true,"href":"https:\/\/www.visit-ulcinj.com\/blog\/wp-json\/wp\/v2\/categories?post=22465"},{"taxonomy":"post_tag","embeddable":true,"href":"https:\/\/www.visit-ulcinj.com\/blog\/wp-json\/wp\/v2\/tags?post=22465"}],"curies":[{"name":"wp","href":"https:\/\/api.w.org\/{rel}","templated":true}]}}