{"id":22475,"date":"2009-06-04T22:18:51","date_gmt":"2009-06-04T20:18:51","guid":{"rendered":"http:\/\/www.visit-ulcinj.com\/blog\/?p=22475"},"modified":"2009-06-04T23:09:26","modified_gmt":"2009-06-04T21:09:26","slug":"presidenti-topi-ne-mal-te-zi-per-te-marre-pjese-ne-forumin-rajonal-te-krereve-te-shteteve-te-evropes-juglindore","status":"publish","type":"post","link":"https:\/\/www.visit-ulcinj.com\/blog\/2009\/06\/04\/presidenti-topi-ne-mal-te-zi-per-te-marre-pjese-ne-forumin-rajonal-te-krereve-te-shteteve-te-evropes-juglindore\/","title":{"rendered":"Presidenti Topi n\u00eb Mal t\u00eb Zi p\u00ebr t\u00eb marr\u00eb pjes\u00eb n\u00eb Forumin rajonal t\u00eb Krer\u00ebve t\u00eb shteteve t\u00eb Evrop\u00ebs Juglindore"},"content":{"rendered":"<p><img loading=\"lazy\" class=\"alignleft size-full wp-image-22476\" title=\"presidenti-topi-takon-presidentin-e-malit-te-zi-filip-vujanovic-ne-budva\" src=\"http:\/\/www.visit-ulcinj.com\/blog\/wp-content\/uploads\/2009\/06\/presidenti-topi-takon-presidentin-e-malit-te-zi-filip-vujanovic-ne-budva-580x405-custom.jpg\" alt=\"presidenti-topi-takon-presidentin-e-malit-te-zi-filip-vujanovic-ne-budva\" width=\"580\" height=\"405\" \/>Presidenti i Republik\u00ebs, Prof. Dr. Bamir Topi, n\u00eb krye t\u00eb nj\u00eb delegacioni zyrtar, u nis sot drejt Malit t\u00eb Zi p\u00ebr t\u00eb marr\u00eb pjes\u00eb n\u00eb Forumin Rajonal p\u00ebr Korridor\u00ebt Kulturor\u00eb n\u00eb Evrop\u00ebn Juglindore \u201cAdministrimi i Shum\u00ebllojshm\u00ebris\u00eb Kulturore dhe Promovimi p\u00ebr q\u00ebllime turistike\u201d, i cili do t\u00eb zhvillohet n\u00eb datat 3-4 qershor 2009, n\u00eb qytetin e vjet\u00ebr turistik Cetinj\u00eb.<\/p>\n<p>N\u00eb k\u00ebt\u00eb forum t\u00eb shtat\u00eb t\u00eb krer\u00ebve t\u00eb shteteve t\u00eb Evrop\u00ebs Juglindore, do t\u00eb marrin pjes\u00eb Krer\u00eb shtetesh t\u00eb Kroacis\u00eb, Maqedonis\u00eb, Bosnje-Hercegovin\u00ebs, Serbis\u00eb, etj, t\u00eb cil\u00ebt do t\u00eb priten nga Presidenti i Malit t\u00eb Zi, Filip Vujanovi\u00e7. N\u00eb forum do t\u00eb jen\u00eb gjithashtu t\u00eb pranish\u00ebm Sekretari i P\u00ebrgjithsh\u00ebm i K\u00ebshillit t\u00eb Evrop\u00ebs, Terri Devis dhe Drejtori i P\u00ebrgjithsh\u00ebm i UNESKO-s, Koi\u00e7iro Macura.<a href=\"http:\/\/www.visit-ulcinj.com\/blog\/wp-content\/uploads\/2009\/06\/presidenti-topi-pret-drejtorin-e-pergjithshem-te-unesko-s-koiciro-macura.jpg\"><img loading=\"lazy\" class=\"alignleft size-medium wp-image-22477\" title=\"presidenti-topi-pret-drejtorin-e-pergjithshem-te-unesko-s-koiciro-macura\" src=\"http:\/\/www.visit-ulcinj.com\/blog\/wp-content\/uploads\/2009\/06\/presidenti-topi-pret-drejtorin-e-pergjithshem-te-unesko-s-koiciro-macura-300x203.jpg\" alt=\"presidenti-topi-pret-drejtorin-e-pergjithshem-te-unesko-s-koiciro-macura\" width=\"300\" height=\"203\" srcset=\"https:\/\/www.visit-ulcinj.com\/blog\/wp-content\/uploads\/2009\/06\/presidenti-topi-pret-drejtorin-e-pergjithshem-te-unesko-s-koiciro-macura-300x203.jpg 300w, https:\/\/www.visit-ulcinj.com\/blog\/wp-content\/uploads\/2009\/06\/presidenti-topi-pret-drejtorin-e-pergjithshem-te-unesko-s-koiciro-macura.jpg 600w\" sizes=\"(max-width: 300px) 100vw, 300px\" \/><\/a><\/p>\n<p>Presidenti Topi do t\u00eb mbaj\u00eb fjal\u00ebn n\u00eb nj\u00eb nga sesionet plenare t\u00eb Forumit, ku do t\u00eb p\u00ebrsh\u00ebndes\u00eb organizimin e k\u00ebtij aktiviteti t\u00eb dobish\u00ebm p\u00ebr rajonin e Ballkanit, si dhe do t\u00eb vler\u00ebsoj\u00eb r\u00ebnd\u00ebsin\u00eb q\u00eb ka p\u00ebr rajonin ton\u00eb promovimi i vlerave kulturore e turistike n\u00eb mbar\u00eb Evrop\u00ebn.<\/p>\n<p>Gjat\u00eb punimeve t\u00eb Forumit, t\u00eb organizuar nga UNESKO, &#8211; organizata m\u00eb e madhe nd\u00ebrkomb\u00ebtare e angazhuar n\u00eb sektor\u00ebt e edukimit, shkenc\u00ebs dhe kultur\u00ebs, &#8211; do t\u00eb diskutohet mbi bashk\u00ebpunimin rajonal, politik, arsimor e kulturor mes vendeve t\u00eb Evrop\u00ebs Juglindore. Gjithashtu, pjes\u00ebmarr\u00ebsit do t\u00eb diskutojn\u00eb p\u00ebr kontributin e UNESKO-s n\u00eb rajon, Shqip\u00ebri e Kosov\u00eb etj.<a href=\"http:\/\/www.visit-ulcinj.com\/blog\/wp-content\/uploads\/2009\/06\/presidenti-topi-takon-presidentin-e-malit-te-zi-filip-vujanovic-ne-budva1.jpg\"><img loading=\"lazy\" class=\"alignright size-medium wp-image-22478\" title=\"presidenti-topi-takon-presidentin-e-malit-te-zi-filip-vujanovic-ne-budva1\" src=\"http:\/\/www.visit-ulcinj.com\/blog\/wp-content\/uploads\/2009\/06\/presidenti-topi-takon-presidentin-e-malit-te-zi-filip-vujanovic-ne-budva1-300x201.jpg\" alt=\"presidenti-topi-takon-presidentin-e-malit-te-zi-filip-vujanovic-ne-budva1\" width=\"300\" height=\"201\" srcset=\"https:\/\/www.visit-ulcinj.com\/blog\/wp-content\/uploads\/2009\/06\/presidenti-topi-takon-presidentin-e-malit-te-zi-filip-vujanovic-ne-budva1-300x201.jpg 300w, https:\/\/www.visit-ulcinj.com\/blog\/wp-content\/uploads\/2009\/06\/presidenti-topi-takon-presidentin-e-malit-te-zi-filip-vujanovic-ne-budva1.jpg 600w\" sizes=\"(max-width: 300px) 100vw, 300px\" \/><\/a><\/p>\n<p>Pritet q\u00eb Presidenti Topi t\u00eb zhvilloj\u00eb edhe takime dypal\u00ebshe me Presidentin e Malit t\u00eb Zi, Filip Vujanovi\u00e7 dhe me homolog\u00eb e drejtues t\u00eb tjer\u00eb t\u00eb lart\u00eb, pjes\u00ebmarr\u00ebs n\u00eb Forum. Takimet dypal\u00ebshe t\u00eb drejtuesve dhe delegacioneve zyrtare respektive do t\u00eb p\u00ebrq\u00ebndrohen n\u00eb zgjerimin dhe thellimin e marr\u00ebdh\u00ebnieve dhe bashk\u00ebpunimit reciprok n\u00eb kuad\u00ebr t\u00eb aspirat\u00ebs integruese t\u00eb vendeve tona n\u00eb Bashkimin Evropian, si dhe t\u00eb frym\u00ebs s\u00eb miq\u00ebsis\u00eb dhe bashk\u00ebpunimit t\u00eb m\u00ebtejsh\u00ebm konstruktiv rajonal.<\/p>\n<p><strong><\/p>\n<p>Presidenca<\/strong><\/p>\n<p><strong>[flv width=&#8221;580&#8243; height=&#8221;380&#8243;]http:\/\/91.187.97.13\/video\/images\/content\/Rtv21Video\/Flash\/Qershor\/04_FLASHI%2015H.flv[\/flv]<br \/>\n<\/strong><\/p>\n","protected":false},"excerpt":{"rendered":"<p>Presidenti i Republik\u00ebs, Prof. Dr. Bamir Topi, n\u00eb krye t\u00eb nj\u00eb delegacioni zyrtar, u nis sot drejt Malit t\u00eb Zi p\u00ebr t\u00eb marr\u00eb pjes\u00eb n\u00eb Forumin Rajonal p\u00ebr Korridor\u00ebt Kulturor\u00eb n\u00eb Evrop\u00ebn Juglindore \u201cAdministrimi i Shum\u00ebllojshm\u00ebris\u00eb Kulturore dhe Promovimi p\u00ebr q\u00ebllime turistike\u201d, i cili do t\u00eb zhvillohet n\u00eb datat 3-4 qershor 2009, n\u00eb qytetin e [&hellip;]<\/p>\n","protected":false},"author":1,"featured_media":0,"comment_status":"open","ping_status":"closed","sticky":false,"template":"","format":"standard","meta":{"spay_email":"","jetpack_publicize_message":"","jetpack_is_tweetstorm":false,"jetpack_publicize_feature_enabled":true},"categories":[12],"tags":[93,10983,95,10980,10978,10979,10981,10982],"jetpack_publicize_connections":[],"yoast_head":"<!-- This site is optimized with the Yoast SEO plugin v19.1 - https:\/\/yoast.com\/wordpress\/plugins\/seo\/ -->\n<title>Presidenti Topi n\u00eb Mal t\u00eb Zi p\u00ebr t\u00eb marr\u00eb pjes\u00eb n\u00eb Forumin rajonal t\u00eb Krer\u00ebve t\u00eb shteteve t\u00eb Evrop\u00ebs Juglindore - Lajme nga Ulqini<\/title>\n<meta name=\"description\" content=\"Presidenti i Republik\u00ebs, Prof. Dr. Bamir Topi, n\u00eb krye t\u00eb nj\u00eb delegacioni zyrtar, u nis sot drejt Malit t\u00eb Zi p\u00ebr t\u00eb marr\u00eb pjes\u00eb n\u00eb Forumin Rajonal p\u00ebr\" \/>\n<meta name=\"robots\" content=\"index, follow, max-snippet:-1, max-image-preview:large, max-video-preview:-1\" \/>\n<link rel=\"canonical\" href=\"https:\/\/www.visit-ulcinj.com\/blog\/2009\/06\/04\/presidenti-topi-ne-mal-te-zi-per-te-marre-pjese-ne-forumin-rajonal-te-krereve-te-shteteve-te-evropes-juglindore\/\" \/>\n<meta property=\"og:locale\" content=\"en_US\" \/>\n<meta property=\"og:type\" content=\"article\" \/>\n<meta property=\"og:title\" content=\"Presidenti Topi n\u00eb Mal t\u00eb Zi p\u00ebr t\u00eb marr\u00eb pjes\u00eb n\u00eb Forumin rajonal t\u00eb Krer\u00ebve t\u00eb shteteve t\u00eb Evrop\u00ebs Juglindore - Lajme nga Ulqini\" \/>\n<meta property=\"og:description\" content=\"Presidenti i Republik\u00ebs, Prof. Dr. Bamir Topi, n\u00eb krye t\u00eb nj\u00eb delegacioni zyrtar, u nis sot drejt Malit t\u00eb Zi p\u00ebr t\u00eb marr\u00eb pjes\u00eb n\u00eb Forumin Rajonal p\u00ebr\" \/>\n<meta property=\"og:url\" content=\"https:\/\/www.visit-ulcinj.com\/blog\/2009\/06\/04\/presidenti-topi-ne-mal-te-zi-per-te-marre-pjese-ne-forumin-rajonal-te-krereve-te-shteteve-te-evropes-juglindore\/\" \/>\n<meta property=\"og:site_name\" content=\"Lajme nga Ulqini\" \/>\n<meta property=\"article:published_time\" content=\"2009-06-04T20:18:51+00:00\" \/>\n<meta property=\"article:modified_time\" content=\"2009-06-04T21:09:26+00:00\" \/>\n<meta property=\"og:image\" content=\"http:\/\/www.visit-ulcinj.com\/blog\/wp-content\/uploads\/2009\/06\/presidenti-topi-takon-presidentin-e-malit-te-zi-filip-vujanovic-ne-budva-580x405-custom.jpg\" \/>\n<meta name=\"twitter:label1\" content=\"Written by\" \/>\n\t<meta name=\"twitter:data1\" content=\"ulqini\" \/>\n\t<meta name=\"twitter:label2\" content=\"Est. reading time\" \/>\n\t<meta name=\"twitter:data2\" content=\"2 minutes\" \/>\n<script type=\"application\/ld+json\" class=\"yoast-schema-graph\">{\"@context\":\"https:\/\/schema.org\",\"@graph\":[{\"@type\":\"WebSite\",\"@id\":\"https:\/\/www.visit-ulcinj.com\/blog\/#website\",\"url\":\"https:\/\/www.visit-ulcinj.com\/blog\/\",\"name\":\"Lajme nga Ulqini\",\"description\":\"Lajme,Vijesti,Ulqini,Ulqin,Crna Gora,Mali i Zi\",\"potentialAction\":[{\"@type\":\"SearchAction\",\"target\":{\"@type\":\"EntryPoint\",\"urlTemplate\":\"https:\/\/www.visit-ulcinj.com\/blog\/?s={search_term_string}\"},\"query-input\":\"required name=search_term_string\"}],\"inLanguage\":\"en-US\"},{\"@type\":\"ImageObject\",\"inLanguage\":\"en-US\",\"@id\":\"https:\/\/www.visit-ulcinj.com\/blog\/2009\/06\/04\/presidenti-topi-ne-mal-te-zi-per-te-marre-pjese-ne-forumin-rajonal-te-krereve-te-shteteve-te-evropes-juglindore\/#primaryimage\",\"url\":\"http:\/\/www.visit-ulcinj.com\/blog\/wp-content\/uploads\/2009\/06\/presidenti-topi-takon-presidentin-e-malit-te-zi-filip-vujanovic-ne-budva-580x405-custom.jpg\",\"contentUrl\":\"http:\/\/www.visit-ulcinj.com\/blog\/wp-content\/uploads\/2009\/06\/presidenti-topi-takon-presidentin-e-malit-te-zi-filip-vujanovic-ne-budva-580x405-custom.jpg\"},{\"@type\":\"WebPage\",\"@id\":\"https:\/\/www.visit-ulcinj.com\/blog\/2009\/06\/04\/presidenti-topi-ne-mal-te-zi-per-te-marre-pjese-ne-forumin-rajonal-te-krereve-te-shteteve-te-evropes-juglindore\/#webpage\",\"url\":\"https:\/\/www.visit-ulcinj.com\/blog\/2009\/06\/04\/presidenti-topi-ne-mal-te-zi-per-te-marre-pjese-ne-forumin-rajonal-te-krereve-te-shteteve-te-evropes-juglindore\/\",\"name\":\"Presidenti Topi n\u00eb Mal t\u00eb Zi p\u00ebr t\u00eb marr\u00eb pjes\u00eb n\u00eb Forumin rajonal t\u00eb Krer\u00ebve t\u00eb shteteve t\u00eb Evrop\u00ebs Juglindore - Lajme nga Ulqini\",\"isPartOf\":{\"@id\":\"https:\/\/www.visit-ulcinj.com\/blog\/#website\"},\"primaryImageOfPage\":{\"@id\":\"https:\/\/www.visit-ulcinj.com\/blog\/2009\/06\/04\/presidenti-topi-ne-mal-te-zi-per-te-marre-pjese-ne-forumin-rajonal-te-krereve-te-shteteve-te-evropes-juglindore\/#primaryimage\"},\"datePublished\":\"2009-06-04T20:18:51+00:00\",\"dateModified\":\"2009-06-04T21:09:26+00:00\",\"author\":{\"@id\":\"https:\/\/www.visit-ulcinj.com\/blog\/#\/schema\/person\/dcab619c614d3038751c63bc2aadc06d\"},\"description\":\"Presidenti i Republik\u00ebs, Prof. Dr. Bamir Topi, n\u00eb krye t\u00eb nj\u00eb delegacioni zyrtar, u nis sot drejt Malit t\u00eb Zi p\u00ebr t\u00eb marr\u00eb pjes\u00eb n\u00eb Forumin Rajonal p\u00ebr\",\"breadcrumb\":{\"@id\":\"https:\/\/www.visit-ulcinj.com\/blog\/2009\/06\/04\/presidenti-topi-ne-mal-te-zi-per-te-marre-pjese-ne-forumin-rajonal-te-krereve-te-shteteve-te-evropes-juglindore\/#breadcrumb\"},\"inLanguage\":\"en-US\",\"potentialAction\":[{\"@type\":\"ReadAction\",\"target\":[\"https:\/\/www.visit-ulcinj.com\/blog\/2009\/06\/04\/presidenti-topi-ne-mal-te-zi-per-te-marre-pjese-ne-forumin-rajonal-te-krereve-te-shteteve-te-evropes-juglindore\/\"]}]},{\"@type\":\"BreadcrumbList\",\"@id\":\"https:\/\/www.visit-ulcinj.com\/blog\/2009\/06\/04\/presidenti-topi-ne-mal-te-zi-per-te-marre-pjese-ne-forumin-rajonal-te-krereve-te-shteteve-te-evropes-juglindore\/#breadcrumb\",\"itemListElement\":[{\"@type\":\"ListItem\",\"position\":1,\"name\":\"Presidenti Topi n\u00eb Mal t\u00eb Zi p\u00ebr t\u00eb marr\u00eb pjes\u00eb n\u00eb Forumin rajonal t\u00eb Krer\u00ebve t\u00eb shteteve t\u00eb Evrop\u00ebs Juglindore\"}]},{\"@type\":\"Person\",\"@id\":\"https:\/\/www.visit-ulcinj.com\/blog\/#\/schema\/person\/dcab619c614d3038751c63bc2aadc06d\",\"name\":\"ulqini\",\"sameAs\":[\"http:\/\/www.visit-ulcinj.com\"],\"url\":\"https:\/\/www.visit-ulcinj.com\/blog\/author\/admin\/\"}]}<\/script>\n<!-- \/ Yoast SEO plugin. -->","yoast_head_json":{"title":"Presidenti Topi n\u00eb Mal t\u00eb Zi p\u00ebr t\u00eb marr\u00eb pjes\u00eb n\u00eb Forumin rajonal t\u00eb Krer\u00ebve t\u00eb shteteve t\u00eb Evrop\u00ebs Juglindore - Lajme nga Ulqini","description":"Presidenti i Republik\u00ebs, Prof. Dr. Bamir Topi, n\u00eb krye t\u00eb nj\u00eb delegacioni zyrtar, u nis sot drejt Malit t\u00eb Zi p\u00ebr t\u00eb marr\u00eb pjes\u00eb n\u00eb Forumin Rajonal p\u00ebr","robots":{"index":"index","follow":"follow","max-snippet":"max-snippet:-1","max-image-preview":"max-image-preview:large","max-video-preview":"max-video-preview:-1"},"canonical":"https:\/\/www.visit-ulcinj.com\/blog\/2009\/06\/04\/presidenti-topi-ne-mal-te-zi-per-te-marre-pjese-ne-forumin-rajonal-te-krereve-te-shteteve-te-evropes-juglindore\/","og_locale":"en_US","og_type":"article","og_title":"Presidenti Topi n\u00eb Mal t\u00eb Zi p\u00ebr t\u00eb marr\u00eb pjes\u00eb n\u00eb Forumin rajonal t\u00eb Krer\u00ebve t\u00eb shteteve t\u00eb Evrop\u00ebs Juglindore - Lajme nga Ulqini","og_description":"Presidenti i Republik\u00ebs, Prof. Dr. Bamir Topi, n\u00eb krye t\u00eb nj\u00eb delegacioni zyrtar, u nis sot drejt Malit t\u00eb Zi p\u00ebr t\u00eb marr\u00eb pjes\u00eb n\u00eb Forumin Rajonal p\u00ebr","og_url":"https:\/\/www.visit-ulcinj.com\/blog\/2009\/06\/04\/presidenti-topi-ne-mal-te-zi-per-te-marre-pjese-ne-forumin-rajonal-te-krereve-te-shteteve-te-evropes-juglindore\/","og_site_name":"Lajme nga Ulqini","article_published_time":"2009-06-04T20:18:51+00:00","article_modified_time":"2009-06-04T21:09:26+00:00","og_image":[{"url":"http:\/\/www.visit-ulcinj.com\/blog\/wp-content\/uploads\/2009\/06\/presidenti-topi-takon-presidentin-e-malit-te-zi-filip-vujanovic-ne-budva-580x405-custom.jpg"}],"twitter_misc":{"Written by":"ulqini","Est. reading time":"2 minutes"},"schema":{"@context":"https:\/\/schema.org","@graph":[{"@type":"WebSite","@id":"https:\/\/www.visit-ulcinj.com\/blog\/#website","url":"https:\/\/www.visit-ulcinj.com\/blog\/","name":"Lajme nga Ulqini","description":"Lajme,Vijesti,Ulqini,Ulqin,Crna Gora,Mali i Zi","potentialAction":[{"@type":"SearchAction","target":{"@type":"EntryPoint","urlTemplate":"https:\/\/www.visit-ulcinj.com\/blog\/?s={search_term_string}"},"query-input":"required name=search_term_string"}],"inLanguage":"en-US"},{"@type":"ImageObject","inLanguage":"en-US","@id":"https:\/\/www.visit-ulcinj.com\/blog\/2009\/06\/04\/presidenti-topi-ne-mal-te-zi-per-te-marre-pjese-ne-forumin-rajonal-te-krereve-te-shteteve-te-evropes-juglindore\/#primaryimage","url":"http:\/\/www.visit-ulcinj.com\/blog\/wp-content\/uploads\/2009\/06\/presidenti-topi-takon-presidentin-e-malit-te-zi-filip-vujanovic-ne-budva-580x405-custom.jpg","contentUrl":"http:\/\/www.visit-ulcinj.com\/blog\/wp-content\/uploads\/2009\/06\/presidenti-topi-takon-presidentin-e-malit-te-zi-filip-vujanovic-ne-budva-580x405-custom.jpg"},{"@type":"WebPage","@id":"https:\/\/www.visit-ulcinj.com\/blog\/2009\/06\/04\/presidenti-topi-ne-mal-te-zi-per-te-marre-pjese-ne-forumin-rajonal-te-krereve-te-shteteve-te-evropes-juglindore\/#webpage","url":"https:\/\/www.visit-ulcinj.com\/blog\/2009\/06\/04\/presidenti-topi-ne-mal-te-zi-per-te-marre-pjese-ne-forumin-rajonal-te-krereve-te-shteteve-te-evropes-juglindore\/","name":"Presidenti Topi n\u00eb Mal t\u00eb Zi p\u00ebr t\u00eb marr\u00eb pjes\u00eb n\u00eb Forumin rajonal t\u00eb Krer\u00ebve t\u00eb shteteve t\u00eb Evrop\u00ebs Juglindore - Lajme nga Ulqini","isPartOf":{"@id":"https:\/\/www.visit-ulcinj.com\/blog\/#website"},"primaryImageOfPage":{"@id":"https:\/\/www.visit-ulcinj.com\/blog\/2009\/06\/04\/presidenti-topi-ne-mal-te-zi-per-te-marre-pjese-ne-forumin-rajonal-te-krereve-te-shteteve-te-evropes-juglindore\/#primaryimage"},"datePublished":"2009-06-04T20:18:51+00:00","dateModified":"2009-06-04T21:09:26+00:00","author":{"@id":"https:\/\/www.visit-ulcinj.com\/blog\/#\/schema\/person\/dcab619c614d3038751c63bc2aadc06d"},"description":"Presidenti i Republik\u00ebs, Prof. Dr. Bamir Topi, n\u00eb krye t\u00eb nj\u00eb delegacioni zyrtar, u nis sot drejt Malit t\u00eb Zi p\u00ebr t\u00eb marr\u00eb pjes\u00eb n\u00eb Forumin Rajonal p\u00ebr","breadcrumb":{"@id":"https:\/\/www.visit-ulcinj.com\/blog\/2009\/06\/04\/presidenti-topi-ne-mal-te-zi-per-te-marre-pjese-ne-forumin-rajonal-te-krereve-te-shteteve-te-evropes-juglindore\/#breadcrumb"},"inLanguage":"en-US","potentialAction":[{"@type":"ReadAction","target":["https:\/\/www.visit-ulcinj.com\/blog\/2009\/06\/04\/presidenti-topi-ne-mal-te-zi-per-te-marre-pjese-ne-forumin-rajonal-te-krereve-te-shteteve-te-evropes-juglindore\/"]}]},{"@type":"BreadcrumbList","@id":"https:\/\/www.visit-ulcinj.com\/blog\/2009\/06\/04\/presidenti-topi-ne-mal-te-zi-per-te-marre-pjese-ne-forumin-rajonal-te-krereve-te-shteteve-te-evropes-juglindore\/#breadcrumb","itemListElement":[{"@type":"ListItem","position":1,"name":"Presidenti Topi n\u00eb Mal t\u00eb Zi p\u00ebr t\u00eb marr\u00eb pjes\u00eb n\u00eb Forumin rajonal t\u00eb Krer\u00ebve t\u00eb shteteve t\u00eb Evrop\u00ebs Juglindore"}]},{"@type":"Person","@id":"https:\/\/www.visit-ulcinj.com\/blog\/#\/schema\/person\/dcab619c614d3038751c63bc2aadc06d","name":"ulqini","sameAs":["http:\/\/www.visit-ulcinj.com"],"url":"https:\/\/www.visit-ulcinj.com\/blog\/author\/admin\/"}]}},"jetpack_featured_media_url":"","jetpack_sharing_enabled":true,"jetpack_shortlink":"https:\/\/wp.me\/pe6lTn-5Qv","_links":{"self":[{"href":"https:\/\/www.visit-ulcinj.com\/blog\/wp-json\/wp\/v2\/posts\/22475"}],"collection":[{"href":"https:\/\/www.visit-ulcinj.com\/blog\/wp-json\/wp\/v2\/posts"}],"about":[{"href":"https:\/\/www.visit-ulcinj.com\/blog\/wp-json\/wp\/v2\/types\/post"}],"author":[{"embeddable":true,"href":"https:\/\/www.visit-ulcinj.com\/blog\/wp-json\/wp\/v2\/users\/1"}],"replies":[{"embeddable":true,"href":"https:\/\/www.visit-ulcinj.com\/blog\/wp-json\/wp\/v2\/comments?post=22475"}],"version-history":[{"count":0,"href":"https:\/\/www.visit-ulcinj.com\/blog\/wp-json\/wp\/v2\/posts\/22475\/revisions"}],"wp:attachment":[{"href":"https:\/\/www.visit-ulcinj.com\/blog\/wp-json\/wp\/v2\/media?parent=22475"}],"wp:term":[{"taxonomy":"category","embeddable":true,"href":"https:\/\/www.visit-ulcinj.com\/blog\/wp-json\/wp\/v2\/categories?post=22475"},{"taxonomy":"post_tag","embeddable":true,"href":"https:\/\/www.visit-ulcinj.com\/blog\/wp-json\/wp\/v2\/tags?post=22475"}],"curies":[{"name":"wp","href":"https:\/\/api.w.org\/{rel}","templated":true}]}}