{"id":225,"date":"2008-01-20T14:26:05","date_gmt":"2008-01-20T19:26:05","guid":{"rendered":"http:\/\/www.visit-ulcinj.com\/blog\/2008\/01\/20\/montenegro-presidentielle-le-604\/"},"modified":"2008-02-12T19:09:54","modified_gmt":"2008-02-13T00:09:54","slug":"montenegro-presidentielle-le-604","status":"publish","type":"post","link":"https:\/\/www.visit-ulcinj.com\/blog\/2008\/01\/20\/montenegro-presidentielle-le-604\/","title":{"rendered":"Montenegro: pr\u00e9sidentielle le 6\/04 \/ Presidential vote called for April 6"},"content":{"rendered":"<h5><img loading=\"lazy\" src=\"http:\/\/www.visit-ulcinj.com\/blog\/wp-content\/uploads\/2008\/01\/ranko-krivokapiq.thumbnail.jpg\" align=\"left\" border=\"0\" height=\"128\" hspace=\"2\" vspace=\"2\" width=\"82\" \/>Le parlement mont\u00e9n\u00e9grin a convoqu\u00e9, aujourd&#8217;hui, pour le 6 avril la premi\u00e8re \u00e9lection pr\u00e9sidentielle depuis que le Mont\u00e9n\u00e9gro a proclam\u00e9 son ind\u00e9pendance.<br \/>\nLe Mont\u00e9n\u00e9gro, qui compte 484.430 \u00e9lecteurs, a proclam\u00e9 son ind\u00e9pendance en juin 2006 apr\u00e8s un r\u00e9f\u00e9rendum qui a vu 55,5% des \u00e9lecteurs apporter leur soutien \u00e0 sa s\u00e9paration d&#8217;avec la Serbie.<!--more--><br \/>\nUn second tour aura lieu dans un d\u00e9lai de deux semaines si aucun des candidats n&#8217;obtient la majorit\u00e9 au premier tour. Le pr\u00e9sident sera \u00e9lu pour cinq ans.Source : AFP<span onclick=\"toggle('47041a'); toggle('47041b'); toggle('47041c');\" title=\"Pro?itajte vest\" class=\"naslov-vesti\"><font size=\"4\">Montenegro: Presidential vote called for April 6<\/font><\/span><\/p>\n<p><span onclick=\"toggle('47041a'); toggle('47041b'); toggle('47041c');\" title=\"Pro?itajte vest\" class=\"naslov-vesti\">Presidential elections will be held in Montenegro on April 6, Speaker Ranko Krivokapi? announced yesterday.<\/span><\/p>\n<p>Beta news agency reports from Podgorica that Krivokapi? called on citizens to participate in the election process, thus contributing to &#8220;the culture of dialogue, living in harmony together and everything that adorns Montenegro.&#8221;<\/p>\n<p><font size=\"2\">He also appealed to the presidential candidates to behave in such a way as to contribute to &#8220;the code of honor and honesty, to those values that will gather the citizens around European integrations.&#8221;<\/font><\/p>\n<p><font size=\"2\">Krivokapi? was speaking in a news conference when he invited the OSCE, the EU, and other international organizations and associations to monitor the presidential elections in Montenegro.<\/font><\/p>\n<p><font size=\"2\">He also said that &#8220;the winner is already known, and that is the freely expressed will of the citizens.&#8221;<\/font><\/p>\n<p><font size=\"2\">Incumbent Filip Vujanovi? of the Democratic Party of Socialists will run for another term, and is being challenged by the leaders of the two biggest opposition parties, Neboj\u0161a Medojevi? of the Movement for Change and Andrija Mandi? of the Serb People&#8217;s Party.<\/font><\/p>\n<p><font size=\"2\">The largely ceremonial post has a 5-year mandate. Montenegro became independent in June 2006 after voting to dissolve the union with its larger neighbor Serbia.<\/font><\/h5>\n","protected":false},"excerpt":{"rendered":"<p><img loading=\"lazy\" src=\"http:\/\/www.visit-ulcinj.com\/blog\/wp-content\/uploads\/2008\/01\/ranko-krivokapiq.thumbnail.jpg\" alt=\"Ranko Krivopiq\" height=\"140\" width=\"140\" \/><\/p>\n","protected":false},"author":1,"featured_media":0,"comment_status":"open","ping_status":"closed","sticky":false,"template":"","format":"standard","meta":{"spay_email":"","jetpack_publicize_message":"","jetpack_is_tweetstorm":false,"jetpack_publicize_feature_enabled":true},"categories":[12],"tags":[],"jetpack_publicize_connections":[],"yoast_head":"<!-- This site is optimized with the Yoast SEO plugin v19.1 - https:\/\/yoast.com\/wordpress\/plugins\/seo\/ -->\n<title>Montenegro: pr\u00e9sidentielle le 6\/04 \/ Presidential vote called for April 6 - Lajme nga Ulqini<\/title>\n<meta name=\"robots\" content=\"index, follow, max-snippet:-1, max-image-preview:large, max-video-preview:-1\" \/>\n<link rel=\"canonical\" href=\"https:\/\/www.visit-ulcinj.com\/blog\/2008\/01\/20\/montenegro-presidentielle-le-604\/\" \/>\n<meta property=\"og:locale\" content=\"en_US\" \/>\n<meta property=\"og:type\" content=\"article\" \/>\n<meta property=\"og:title\" content=\"Montenegro: pr\u00e9sidentielle le 6\/04 \/ Presidential vote called for April 6 - Lajme nga Ulqini\" \/>\n<meta property=\"og:url\" content=\"https:\/\/www.visit-ulcinj.com\/blog\/2008\/01\/20\/montenegro-presidentielle-le-604\/\" \/>\n<meta property=\"og:site_name\" content=\"Lajme nga Ulqini\" \/>\n<meta property=\"article:published_time\" content=\"2008-01-20T19:26:05+00:00\" \/>\n<meta property=\"article:modified_time\" content=\"2008-02-13T00:09:54+00:00\" \/>\n<meta property=\"og:image\" content=\"http:\/\/www.visit-ulcinj.com\/blog\/wp-content\/uploads\/2008\/01\/ranko-krivokapiq.thumbnail.jpg\" \/>\n<meta name=\"twitter:label1\" content=\"Written by\" \/>\n\t<meta name=\"twitter:data1\" content=\"ulqini\" \/>\n\t<meta name=\"twitter:label2\" content=\"Est. reading time\" \/>\n\t<meta name=\"twitter:data2\" content=\"1 minute\" \/>\n<script type=\"application\/ld+json\" class=\"yoast-schema-graph\">{\"@context\":\"https:\/\/schema.org\",\"@graph\":[{\"@type\":\"WebSite\",\"@id\":\"https:\/\/www.visit-ulcinj.com\/blog\/#website\",\"url\":\"https:\/\/www.visit-ulcinj.com\/blog\/\",\"name\":\"Lajme nga Ulqini\",\"description\":\"Lajme,Vijesti,Ulqini,Ulqin,Crna Gora,Mali i Zi\",\"potentialAction\":[{\"@type\":\"SearchAction\",\"target\":{\"@type\":\"EntryPoint\",\"urlTemplate\":\"https:\/\/www.visit-ulcinj.com\/blog\/?s={search_term_string}\"},\"query-input\":\"required name=search_term_string\"}],\"inLanguage\":\"en-US\"},{\"@type\":\"ImageObject\",\"inLanguage\":\"en-US\",\"@id\":\"https:\/\/www.visit-ulcinj.com\/blog\/2008\/01\/20\/montenegro-presidentielle-le-604\/#primaryimage\",\"url\":\"http:\/\/www.visit-ulcinj.com\/blog\/wp-content\/uploads\/2008\/01\/ranko-krivokapiq.thumbnail.jpg\",\"contentUrl\":\"http:\/\/www.visit-ulcinj.com\/blog\/wp-content\/uploads\/2008\/01\/ranko-krivokapiq.thumbnail.jpg\"},{\"@type\":\"WebPage\",\"@id\":\"https:\/\/www.visit-ulcinj.com\/blog\/2008\/01\/20\/montenegro-presidentielle-le-604\/#webpage\",\"url\":\"https:\/\/www.visit-ulcinj.com\/blog\/2008\/01\/20\/montenegro-presidentielle-le-604\/\",\"name\":\"Montenegro: pr\u00e9sidentielle le 6\/04 \/ Presidential vote called for April 6 - Lajme nga Ulqini\",\"isPartOf\":{\"@id\":\"https:\/\/www.visit-ulcinj.com\/blog\/#website\"},\"primaryImageOfPage\":{\"@id\":\"https:\/\/www.visit-ulcinj.com\/blog\/2008\/01\/20\/montenegro-presidentielle-le-604\/#primaryimage\"},\"datePublished\":\"2008-01-20T19:26:05+00:00\",\"dateModified\":\"2008-02-13T00:09:54+00:00\",\"author\":{\"@id\":\"https:\/\/www.visit-ulcinj.com\/blog\/#\/schema\/person\/dcab619c614d3038751c63bc2aadc06d\"},\"breadcrumb\":{\"@id\":\"https:\/\/www.visit-ulcinj.com\/blog\/2008\/01\/20\/montenegro-presidentielle-le-604\/#breadcrumb\"},\"inLanguage\":\"en-US\",\"potentialAction\":[{\"@type\":\"ReadAction\",\"target\":[\"https:\/\/www.visit-ulcinj.com\/blog\/2008\/01\/20\/montenegro-presidentielle-le-604\/\"]}]},{\"@type\":\"BreadcrumbList\",\"@id\":\"https:\/\/www.visit-ulcinj.com\/blog\/2008\/01\/20\/montenegro-presidentielle-le-604\/#breadcrumb\",\"itemListElement\":[{\"@type\":\"ListItem\",\"position\":1,\"name\":\"Montenegro: pr\u00e9sidentielle le 6\/04 \/ Presidential vote called for April 6\"}]},{\"@type\":\"Person\",\"@id\":\"https:\/\/www.visit-ulcinj.com\/blog\/#\/schema\/person\/dcab619c614d3038751c63bc2aadc06d\",\"name\":\"ulqini\",\"sameAs\":[\"http:\/\/www.visit-ulcinj.com\"],\"url\":\"https:\/\/www.visit-ulcinj.com\/blog\/author\/admin\/\"}]}<\/script>\n<!-- \/ Yoast SEO plugin. -->","yoast_head_json":{"title":"Montenegro: pr\u00e9sidentielle le 6\/04 \/ Presidential vote called for April 6 - Lajme nga Ulqini","robots":{"index":"index","follow":"follow","max-snippet":"max-snippet:-1","max-image-preview":"max-image-preview:large","max-video-preview":"max-video-preview:-1"},"canonical":"https:\/\/www.visit-ulcinj.com\/blog\/2008\/01\/20\/montenegro-presidentielle-le-604\/","og_locale":"en_US","og_type":"article","og_title":"Montenegro: pr\u00e9sidentielle le 6\/04 \/ Presidential vote called for April 6 - Lajme nga Ulqini","og_url":"https:\/\/www.visit-ulcinj.com\/blog\/2008\/01\/20\/montenegro-presidentielle-le-604\/","og_site_name":"Lajme nga Ulqini","article_published_time":"2008-01-20T19:26:05+00:00","article_modified_time":"2008-02-13T00:09:54+00:00","og_image":[{"url":"http:\/\/www.visit-ulcinj.com\/blog\/wp-content\/uploads\/2008\/01\/ranko-krivokapiq.thumbnail.jpg"}],"twitter_misc":{"Written by":"ulqini","Est. reading time":"1 minute"},"schema":{"@context":"https:\/\/schema.org","@graph":[{"@type":"WebSite","@id":"https:\/\/www.visit-ulcinj.com\/blog\/#website","url":"https:\/\/www.visit-ulcinj.com\/blog\/","name":"Lajme nga Ulqini","description":"Lajme,Vijesti,Ulqini,Ulqin,Crna Gora,Mali i Zi","potentialAction":[{"@type":"SearchAction","target":{"@type":"EntryPoint","urlTemplate":"https:\/\/www.visit-ulcinj.com\/blog\/?s={search_term_string}"},"query-input":"required name=search_term_string"}],"inLanguage":"en-US"},{"@type":"ImageObject","inLanguage":"en-US","@id":"https:\/\/www.visit-ulcinj.com\/blog\/2008\/01\/20\/montenegro-presidentielle-le-604\/#primaryimage","url":"http:\/\/www.visit-ulcinj.com\/blog\/wp-content\/uploads\/2008\/01\/ranko-krivokapiq.thumbnail.jpg","contentUrl":"http:\/\/www.visit-ulcinj.com\/blog\/wp-content\/uploads\/2008\/01\/ranko-krivokapiq.thumbnail.jpg"},{"@type":"WebPage","@id":"https:\/\/www.visit-ulcinj.com\/blog\/2008\/01\/20\/montenegro-presidentielle-le-604\/#webpage","url":"https:\/\/www.visit-ulcinj.com\/blog\/2008\/01\/20\/montenegro-presidentielle-le-604\/","name":"Montenegro: pr\u00e9sidentielle le 6\/04 \/ Presidential vote called for April 6 - Lajme nga Ulqini","isPartOf":{"@id":"https:\/\/www.visit-ulcinj.com\/blog\/#website"},"primaryImageOfPage":{"@id":"https:\/\/www.visit-ulcinj.com\/blog\/2008\/01\/20\/montenegro-presidentielle-le-604\/#primaryimage"},"datePublished":"2008-01-20T19:26:05+00:00","dateModified":"2008-02-13T00:09:54+00:00","author":{"@id":"https:\/\/www.visit-ulcinj.com\/blog\/#\/schema\/person\/dcab619c614d3038751c63bc2aadc06d"},"breadcrumb":{"@id":"https:\/\/www.visit-ulcinj.com\/blog\/2008\/01\/20\/montenegro-presidentielle-le-604\/#breadcrumb"},"inLanguage":"en-US","potentialAction":[{"@type":"ReadAction","target":["https:\/\/www.visit-ulcinj.com\/blog\/2008\/01\/20\/montenegro-presidentielle-le-604\/"]}]},{"@type":"BreadcrumbList","@id":"https:\/\/www.visit-ulcinj.com\/blog\/2008\/01\/20\/montenegro-presidentielle-le-604\/#breadcrumb","itemListElement":[{"@type":"ListItem","position":1,"name":"Montenegro: pr\u00e9sidentielle le 6\/04 \/ Presidential vote called for April 6"}]},{"@type":"Person","@id":"https:\/\/www.visit-ulcinj.com\/blog\/#\/schema\/person\/dcab619c614d3038751c63bc2aadc06d","name":"ulqini","sameAs":["http:\/\/www.visit-ulcinj.com"],"url":"https:\/\/www.visit-ulcinj.com\/blog\/author\/admin\/"}]}},"jetpack_featured_media_url":"","jetpack_sharing_enabled":true,"jetpack_shortlink":"https:\/\/wp.me\/pe6lTn-3D","_links":{"self":[{"href":"https:\/\/www.visit-ulcinj.com\/blog\/wp-json\/wp\/v2\/posts\/225"}],"collection":[{"href":"https:\/\/www.visit-ulcinj.com\/blog\/wp-json\/wp\/v2\/posts"}],"about":[{"href":"https:\/\/www.visit-ulcinj.com\/blog\/wp-json\/wp\/v2\/types\/post"}],"author":[{"embeddable":true,"href":"https:\/\/www.visit-ulcinj.com\/blog\/wp-json\/wp\/v2\/users\/1"}],"replies":[{"embeddable":true,"href":"https:\/\/www.visit-ulcinj.com\/blog\/wp-json\/wp\/v2\/comments?post=225"}],"version-history":[{"count":0,"href":"https:\/\/www.visit-ulcinj.com\/blog\/wp-json\/wp\/v2\/posts\/225\/revisions"}],"wp:attachment":[{"href":"https:\/\/www.visit-ulcinj.com\/blog\/wp-json\/wp\/v2\/media?parent=225"}],"wp:term":[{"taxonomy":"category","embeddable":true,"href":"https:\/\/www.visit-ulcinj.com\/blog\/wp-json\/wp\/v2\/categories?post=225"},{"taxonomy":"post_tag","embeddable":true,"href":"https:\/\/www.visit-ulcinj.com\/blog\/wp-json\/wp\/v2\/tags?post=225"}],"curies":[{"name":"wp","href":"https:\/\/api.w.org\/{rel}","templated":true}]}}