{"id":22508,"date":"2009-06-04T23:55:26","date_gmt":"2009-06-04T21:55:26","guid":{"rendered":"http:\/\/www.visit-ulcinj.com\/blog\/?p=22508"},"modified":"2009-06-04T23:55:26","modified_gmt":"2009-06-04T21:55:26","slug":"si-po-humbet-shqipja-ne-mal-te-zi","status":"publish","type":"post","link":"https:\/\/www.visit-ulcinj.com\/blog\/2009\/06\/04\/si-po-humbet-shqipja-ne-mal-te-zi\/","title":{"rendered":"Si po humbet shqipja n\u00eb Mal t\u00eb Zi"},"content":{"rendered":"<p><a href=\"http:\/\/www.visit-ulcinj.com\/blog\/wp-content\/uploads\/2009\/06\/rrezikimi-i-gjuhes-shqipe_haxhi-shabani.jpg\"><img loading=\"lazy\" class=\"alignleft size-full wp-image-22509\" title=\"rrezikimi-i-gjuhes-shqipe_haxhi-shabani\" src=\"http:\/\/www.visit-ulcinj.com\/blog\/wp-content\/uploads\/2009\/06\/rrezikimi-i-gjuhes-shqipe_haxhi-shabani-351x560-custom.jpg\" alt=\"rrezikimi-i-gjuhes-shqipe_haxhi-shabani\" width=\"351\" height=\"560\" \/><\/a>Hajde, doddi ovamo. A po m\u2019ndigjon. Zzuri!\u201d. E d\u00ebgjoj bash mir\u00eb. Por, nuk di si t\u2019ia kthej, njeriut q\u00eb m\u00eb thot\u00eb t\u2019i afrohem dhe m\u00eb nguc. N\u00eb Mal t\u00eb Zi, \u00ebsht\u00eb e v\u00ebshtir\u00eb q\u00eb t\u2019i dallosh shqiptar\u00ebt me malazez\u00ebt e provinc\u00ebs. Ia kthej serbisht. I shpjegoj se dua t\u00eb iki n\u00eb Danilovgrad. Pak i intereson. Minuta m\u00eb pas, e ndjej teksa kuturiset me nj\u00eb gegnishte t\u00eb but\u00eb, drejt nj\u00eb miku t\u00eb tij. Zg\u00ebrdhihen t\u00eb dy. Jan\u00eb zhytur n\u00eb k\u00ebnaq\u00ebsin\u00eb e tyre, duke p\u00ebrfolur me epsh format e nj\u00eb gruaje t\u00eb re matan\u00eb. Tejet, nj\u00eb grua e pambajtur malazeze, q\u00eb \u00ebsht\u00eb n\u00eb shalter-in (sportelin-serb.) e stacionit t\u00eb autobusit, m\u00eb jep nj\u00eb shpjegim blic. Numrat e orarit duket sikur i rrotullohen n\u00eb goj\u00eb. I them t\u00eb mi p\u00ebrs\u00ebris\u00eb dhe n\u00ebse:&#8230;A ka mund\u00ebsi shqip?! \u201cPak di&#8230;\u201d, ma kthen shqip. Dreqin, jam n\u00eb Ulqin&#8230;<\/p>\n<p><strong>N\u00eb Podgoric\u00eb<\/strong><br \/>\nI bindem instinktit, sipas t\u00eb cilit n\u00eb Ballkan \u00ebsht\u00eb m\u00eb mir\u00eb t\u00eb fillosh rrug\u00ebtimin nga kryeqyteti. Podgorica e dit\u00ebve tona, \u00ebsht\u00eb tejet larg Titogradit (emrit t\u00eb saj deri m\u00eb \u201990), kur ne e kundronim n\u00eb televizion dhe si simbol i qytetit ishin pes\u00eb pallate t\u00eb larta. Nj\u00eb or\u00eb e gjysm\u00eb m\u00eb von\u00eb jam atje. Stacioni i Podgoric\u00ebs ka mbetur i nj\u00ebjt\u00eb. Po aq i vjet\u00ebr, vet\u00ebm se \u00ebsht\u00eb shtuar ai grepshi rrotullues, q\u00eb nuk t\u00eb l\u00eb t\u00eb dal\u00ebsh nga stacioni, pa check-out bilet\u00ebn. N\u00eb kujtes\u00ebn time ka mbetur viti 1991, koha e Luft\u00ebs s\u00eb Kroacis\u00eb, kur isha duke pritur nj\u00eb autobus mesnate, q\u00eb do t\u00eb m\u00eb p\u00ebrcillte n\u00eb Rijek\u00eb&#8230;Pak \u2018larg\u2019, por ndan\u00eb luft\u00ebs. Vet\u00ebm 150 metra m\u00eb tutje, n\u00eb lulishten, nga ku kujtoj paramilitar\u00ebt, \u00ebsht\u00eb b\u00ebr\u00eb nj\u00eb nd\u00ebrtes\u00eb shum\u00eb-funksionale dhe nj\u00eb klub bash i mir\u00eb. Pran\u00eb \u00ebsht\u00eb s\u00ebrish muri i vjet\u00ebr. E shikoj m\u00eb \u00ebndje, mikun e vjet\u00ebr material. Pallati, nga ku dilnin dikur paramilitar\u00ebt me ngaz\u00ebllim dhe t\u00ebrs\u00ebllim\u00eb me kamat q\u00eb u rr\u00ebshqinin deri af\u00ebr gjurit, \u00ebsht\u00eb po ai. Por \u00ebsht\u00eb qet\u00ebsi. Familje t\u00eb qeta qytetar\u00ebsh t\u00eb mes\u00ebm shikojn\u00eb moskok\u00eb\u00e7ar\u00ebs, posht\u00eb aparateve t\u00eb plakur t\u00eb kondicioner\u00ebve. N\u00eb nj\u00eb shtyll\u00eb, af\u00ebr, ka mbetur ende nj\u00eb slogan i ndeshjes Mali i Zi-Italia, \u201cHajmo Cernagorci\u201d&#8230; Shqipen e d\u00ebgjoj rast\u00ebsisht nga nj\u00eb grup shqiptar\u00ebsh, q\u00eb ankohen p\u00ebr di\u00e7ka mesveti, n\u00eb rrug\u00ebn q\u00eb t\u00eb \u00e7on n\u00eb qytetin e vjet\u00ebr. \u00c7udit\u00ebrisht kan\u00eb z\u00ebn\u00eb paralel t\u00eb gjith\u00eb trotuarin dhe jan\u00eb t\u00eb veshur jo mir\u00eb. Frizura u ka mbetur me koh\u00ebn e Zdravko \u00c7oliq&#8230;Ankohen. T\u00eb gjith\u00eb. N\u00eb stacion. N\u00eb rrug\u00eb. N\u00eb kafi\u00e7. Duke ardhur, kam lexuar tek \u201cVijesti\u201d se n\u00eb Nikshiq sindikatat k\u00ebrkojn\u00eb pun\u00eb p\u00ebr 900 pun\u00ebtor\u00eb dhe jo 600. S\u2019i d\u00ebgjojn\u00eb. Zonja Kriz\u00eb ka sjell\u00eb dhurat\u00eb kudo shkurtime, nd\u00ebrsa Euro dhimbet. Qoft\u00eb dhe k\u00ebtyre qyqar\u00ebve shqiptar\u00eb, q\u00eb po b\u00ebjn\u00eb aq poter\u00eb. Mali i Zi nuk mund t\u00eb b\u00ebj\u00eb gj\u00ebra t\u00eb tjera ve\u00e7 reformave t\u00eb m\u00ebdha, sipas shefit t\u00eb Bank\u00ebs Bot\u00ebrore, Jan Peters Olters. Dhe, malazez\u00ebt duhet ta din\u00eb mir\u00eb k\u00ebt\u00eb. \u201cNissta&#8230; Oni ne razumi\u201d, m\u00eb thot\u00eb Relja, nj\u00eb miku im gazetar serb, q\u00eb m\u00eb rr\u00ebfen shpesh anektoda me ta. Qeshim shpesh, kur kujtojm\u00eb se Mali i Zi ka t\u00eb mbushur personazhe, duke mos harruar dhe q\u00eb shum\u00eb syresh kan\u00eb emrat e fam\u00ebkeq\u00ebve Radovan Karaxhiq&#8230;Sllobodan Millosheviq, Blazha Jovanoviq&#8230;Personalisht, nuk m\u00eb duken aq budallenj, sa i duken mikut tim serb. Me skuthllikun e zakonsh\u00ebm atavik, pak koh\u00eb m\u00eb par\u00eb- gati ua mbyll\u00ebn t\u00eb vetmin z\u00eb n\u00eb median e shkruar, shqiptar\u00ebve. \u201cKoha Javore\u201d, q\u00eb \u00ebsht\u00eb e vendosur n\u00eb nj\u00eb vend si t\u00eb harruar n\u00eb \u201cBulevar revolucije\u201d u paratha t\u00eb mbyllej me argumentin e kriz\u00ebs dhe botimin pastaj thjesht si shtojc\u00eb e \u2018Pobjed\u00ebs\u201d, pjes\u00eb e t\u00eb cil\u00ebs \u00ebsht\u00eb. Dhe, minutat e pakta n\u00eb televizionin publik shtet\u00ebror n\u00eb gjuh\u00ebn shqipe nuk mjaftojn\u00eb p\u00ebr asgj\u00eb. U sensibilizua. Justifikimi? Kriza!!! Di\u00e7ka duket se po kalon. Mundohem t\u00eb lidhem me nj\u00eb kolegun tim shqiptar, redaktor te \u201cKoha\u201d, por ai ma kthen se \u00ebsht\u00eb n\u00eb Oslo. Nedeljko Raduloviq, nj\u00eb koleg tjet\u00ebr- mik i vjet\u00ebr, q\u00eb n\u00eb vitet e fundit \u00ebsht\u00eb b\u00ebr\u00eb i njohur, m\u00eb thot\u00eb se \u00ebsht\u00eb n\u00eb Vjen\u00eb. Mbyllur. Kudo. Mbyllur. P\u00ebr fat, n\u00eb qendr\u00ebn e re t\u00eb Qytetit, q\u00eb \u00ebsht\u00eb p\u00ebrshtatur vet\u00ebm p\u00ebr k\u00ebmb\u00ebsor\u00ebt, \u00ebsht\u00eb nj\u00eb librari moderne. Atje marr me t\u00eb mir\u00eb koh\u00ebn. Jan\u00eb t\u00eb njohurit serb\u00eb Paviq, Kish, Basara, librat e t\u00eb cil\u00ebve q\u00ebndrojn\u00eb bashk\u00eb. Shqip kurrkund. Vet\u00ebm se shqiptar\u00ebt mbesin ende fajtor\u00eb p\u00ebr gjendjen e tyre. Kan\u00eb t\u00eb nj\u00ebjtin num\u00ebr deputet\u00ebsh kat\u00ebr edhe pas marsit \u201809, nj\u00ebsoj si m\u00eb 1990 dhe 1996, por jan\u00eb gjithmon\u00eb t\u00eb palidhur me nj\u00ebri-tjetrin p\u00ebr pozit\u00ebn dhe statusin e bashk\u00ebkombasve. Kjo i b\u00ebn malazez\u00ebt t\u2019i soditin, dhe t\u2019ua marrin t\u00eb drejtat pak e nga pak. \u201cVijesti\u201d k\u00ebt\u00eb dit\u00eb lajm\u00ebron faktin se po b\u00ebhet nj\u00eb klub i politik\u00ebs shqiptare, por pa Dinosh\u00ebn. Asgj\u00eb nuk kupton nga media ballkanike nj\u00eb i huaj. Kujtoj nj\u00eb publiciste amerikane, q\u00eb m\u00eb pyeste 15 vjet m\u00eb par\u00eb p\u00ebr Fatos Nanon&#8230;\u201dPse \u00ebsht\u00eb n\u00eb burg ky. \u00c7far\u00eb krimi ka b\u00ebr\u00eb?\u201d. Eh. \u00c7far\u00eb mund t\u00eb b\u00ebjm\u00eb ne ve\u00e7 tollovis\u00eb?! Nd\u00ebrkoh\u00eb malazez\u00ebt ecin. Me fytyr\u00ebn e zakonshme t\u00eb p\u00ebrvuajtur Mali i Zi ka marr\u00eb investime pa fund, por t\u00eb gjitha tashm\u00eb derdhen n\u00eb qytetet e saj bregdetare dhe kuptohet n\u00eb kryeqytetin e vendit, q\u00eb ka ndryshuar krejt\u00ebsisht. Shqiptar\u00ebt rrin\u00eb dhe i v\u00ebshtrojn\u00eb. I ndih\u00ebn p\u00ebr pavar\u00ebsin\u00eb. U binden. Kurse, qyteti q\u00eb dikur ruante emrin e Mareshallit Tito dhe rrotullohet i gjith\u00eb pas hotel \u201cCrna Gor\u00ebs\u201d, pak kujtohet p\u00ebr ta. Instiktivisht i jam afruar pjes\u00ebs s\u00eb vjet\u00ebr dhe varoshit t\u00eb vjet\u00ebr q\u00eb \u00ebsht\u00eb te xhamia. Edhe ajo po transformohet nga pak. I ngjan si dy pika uji, lagjeve t\u00eb tradit\u00ebs s\u00eb Shkodr\u00ebs. Fakti \u00ebsht\u00eb se ky vend, ka qen\u00eb thjesht nj\u00eb vend i shqiptar\u00ebve dhe si avanpost i mbrojtjes s\u00eb tyre p\u00ebr Shkodr\u00ebn hijer\u00ebnd\u00eb. N\u00eb vend t\u00eb kullave t\u00eb vetme tashm\u00eb jan\u00eb dy ose pak m\u00eb shum\u00eb qendra t\u00eb m\u00ebdha tregtare, q\u00eb kundrohen q\u00eb k\u00ebtu. Malazez\u00ebt ngat\u00ebrrohen kur u thua qendra e qytetit: Kan\u00eb k\u00ebt\u00eb t\u00eb vjetr\u00ebn ku \u00ebsht\u00eb sahat Kulla dhe at\u00eb t\u00eb ren\u00eb. \u201cNisam vidio sahat\u201d, i them dikujt sepse nuk po shoh or\u00ebn e qytetit t\u00eb vjet\u00ebr&#8230;\u201dTamo je, ne ide\u201d, ma kthen nj\u00eb burr\u00eb bashk\u00eb me t\u00eb shoqen, duke qeshur dhe m\u00eb shpjeguar se nuk ka ku t\u00eb shkoj\u00eb. Kur, kjo funksiononte, k\u00ebtu ishin zyrat periferike t\u00eb tregtar\u00ebve shkodran\u00eb Jak Bianki, Ndrek\u00eb Muzhani, Ndrek\u00eb \u00c7oba, Filip Parruca, Pjet\u00ebr Suma&#8230;Ata d\u00ebrgonin artikuj importi kafe, sheqer, stofra, leshi, pambuku&#8230;, shkruan studiuesi Zija Shkodra. Sot, koh\u00ebt kan\u00eb ndryshuar, sapo-evropian\u00ebt t\u00eb k\u00ebrkojn\u00eb 10 euro p\u00ebr \u2018ekolosskog poreza\u2019 (Taks\u00eb ekologjike) dhe 30 euro p\u00ebr prikolici (rulot\u00ebt). Kjo i ka b\u00ebr\u00eb evropian\u00ebt e q\u00ebmotit, q\u00eb t\u00eb mendohen kur vijn\u00eb. Jo m\u00eb kot, 6250 turist\u00eb q\u00eb jan\u00eb n\u00eb k\u00ebto dit\u00eb p\u00ebrb\u00ebjn\u00eb gati 16% m\u00eb pak se nj\u00eb vit m\u00eb par\u00eb&#8230;Kurse 1.1 milion turist\u00ebt e parashikuar duken si utopi, q\u00eb t\u00eb vijn\u00eb m\u00eb n\u00eb k\u00ebt\u00eb vend. L\u00ebvizja n\u00eb dy bursat e Malit t\u00eb Zi n\u00eb tre muajt e par\u00eb t\u00eb 2009 ka l\u00ebvizur nga 54.29 milion euro, q\u00eb do t\u00eb thot\u00eb 4,5 p\u00ebr qind m\u00eb pak sesa t\u00eb nj\u00ebjt\u00ebn koh\u00eb nj\u00eb vit m\u00eb par\u00eb&#8230;Nd\u00ebrmarrjet kan\u00eb rrudhur kapitalet dhe po aq edhe xhepat e njer\u00ebzve. Shqiptar\u00ebt m\u00eb shum\u00eb akoma. Kan\u00eb mbetur nj\u00eb grusht n\u00eb Podgoric\u00eb, q\u00eb u duhet t\u00eb mbijetojn\u00eb. Jan\u00eb t\u00eb shkrir\u00eb, por pak adresat q\u00eb kemi duket se nuk na e kan\u00eb ngen\u00eb n\u00eb k\u00ebt\u00eb fundjav\u00eb. \u201cAni, her\u00ebn tjet\u00ebr po\u201d, m\u00eb thot\u00eb nga pas telefonit, nj\u00eb z\u00eb i k\u00ebndsh\u00ebm gruaje intelektuale, q\u00eb nuk do t\u00eb m\u00eb flas\u00eb p\u00ebr shqipen. A do t\u00eb ket\u00eb vall\u00eb her\u00eb tjet\u00ebr? N\u00eb Podgoric\u00eb m\u00ebsohet n\u00eb Universitet shqip, dhe ish Ambasadori i Federat\u00ebs Jugosllave Marko, nj\u00eb shqiptar i besimit katolik, jepte m\u00ebsim k\u00ebtu. P\u00ebr fat, shqipja ruhet vet\u00ebm n\u00eb fiset e paepura katolike, q\u00eb jan\u00eb n\u00eb kufij me Shqip\u00ebrin\u00eb. Sa p\u00ebr qytetar\u00ebt, duket se ata e kan\u00eb braktisur me koh\u00eb, m\u00eb thot\u00eb nj\u00eb kosovar. Iki nga varoshi. Xhamia \u00ebsht\u00eb e mbyllur?!!!<\/p>\n<p><strong>Intermexo<\/strong><br \/>\nNga fundi i shekullit XVIII, borgjezia shqiptare nisi t\u00eb p\u00ebrdor\u00eb dhe shqipen e shkruar me alfabetin latin. Ky fenomen q\u00eb nisi nga mesi i shekullit t\u00eb XIX u shtua dhe vazhdonte dhe p\u00ebrb\u00ebnte nj\u00eb nevoj\u00eb t\u00eb dor\u00ebs s\u00eb par\u00eb, jo vet\u00ebm n\u00eb marr\u00ebdh\u00ebniet ekonomiko-shoq\u00ebrore t\u00eb shtres\u00ebs tregtare t\u00eb pasur por edhe t\u00eb borgjezis\u00eb komb\u00ebtare e n\u00eb disa raste dhe t\u00eb mikroborgjezis\u00eb me shtrirje deri n\u00eb Podgoric\u00eb, shkruan Shkodra.<\/p>\n<p><strong>Mali i Zi, sherr dhe me serb\u00ebt<\/strong><br \/>\nAt\u00ebbot\u00eb, Shkodra kishte n\u00eb vart\u00ebsin\u00eb e saj shtat\u00eb sanxhaqe t\u00eb m\u00ebdha, t\u00eb cilat p\u00ebrfshinin nj\u00eb zon\u00eb t\u00eb gjer\u00eb bujq\u00ebsore-blegtorale q\u00eb shkonte nga Tivari, Ulqini, Podgorica&#8230;Tregtar\u00ebt shkodran\u00eb arrit\u00ebn ta b\u00ebjn\u00eb institucion gjuh\u00ebn e vendit t\u00eb tyre&#8230;Anipse, Shqiptar\u00ebt sot, i druhen gjuh\u00ebs s\u00eb tyre. P\u00ebr\u00e7arja i b\u00ebn t\u00eb ngat\u00ebrruar dhe pak qesharak\u00eb. P\u00ebr ironi t\u00eb fatit, tashm\u00eb me gjuh\u00ebn po vuajn\u00eb dhe serb\u00ebt. N\u00eb vazhd\u00ebn e modifikimeve gjuh\u00ebsore, sllav\u00ebt malazez\u00eb, po mundohen t\u2019i shmangen serbishtes, n\u00eb pak element\u00eb, duke i l\u00ebn\u00eb v\u00ebllez\u00ebrit e m\u00ebdhenj t\u00eb tmerruar. Pak t\u00eb posht\u00ebruar. N\u00eb Podgoric\u00eb, shqipja e vetme \u00ebsht\u00eb e pak banor\u00ebve dhe e ndonj\u00eb njeriu n\u00eb stacion, q\u00eb ngutet t\u00eb shkoj\u00eb n\u00eb per\u00ebndim t\u00eb vendit mikroskopik. N\u00eb dokumente, malazez\u00ebt st\u00ebrbetohen se respektojn\u00eb standardin evropian. Respektin e pakicave. S\u2019duket aq e v\u00ebrtet\u00eb. Shqiptar\u00ebt po e humbin duksh\u00ebm gjuh\u00ebn, por tashm\u00eb me luft\u00ebn e but\u00eb me pambuk. \u2018Nj\u00ebsoj\u2019, Presidenti i SNS Mom\u00e7ilo Vuksanovi\u00e7 k\u00ebrkon kthimin e gjuh\u00ebs serbe n\u00eb fillore dhe t\u00eb mesme dhe vendosjen e lidhje s\u00eb drejt\u00eb t\u00eb institucioneve t\u00eb Malit t\u00eb Zi me Serbin\u00eb. \u201cV\u00ebrtet, problemi i vet\u00ebm i Malit t\u00eb Zi \u00ebsht\u00eb Serbia\u201d, thot\u00eb k\u00ebto dit\u00eb Gjukanovi\u00e7. P\u00ebr ne, \u00ebsht\u00eb ai problemi. Burokracia e bashk\u00ebpun\u00ebtor\u00ebve t\u00eb tij nuk na e mund\u00ebson nj\u00eb intervist\u00eb. Po Z.Gjukanovi\u00e7 ka dhe probleme t\u00eb tjera. Serb\u00ebt u k\u00ebrkojn\u00eb malazez\u00ebve t\u00eb ken\u00eb kujdes p\u00ebr dy shtet\u00ebsin\u00eb n\u00eb pasaporta. Ivica Da\u00e7i\u00e7 Ministri i Brendsh\u00ebm serb, \u00ebsht\u00eb i zem\u00ebruar. Malazez\u00ebt, sikur t\u00eb mos ekzistoj\u00eb fare Serbia- japin nj\u00eb reportazh t\u00eb gjat\u00eb t\u00eb \u201cCrna Gora\u201d moj dio planete, ku t\u00eb rinj pastrojn\u00eb n\u00eb Cetinj\u00eb, Nikshiq, Kolashin, Rozhaje, Mojkovc, Beran\u00eb, p\u00ebr sezonin e ri. Budva, tashm\u00eb zonja e r\u00ebnd\u00eb, e turizmit vendas, ka mbledhur t\u00eb gjith\u00eb angazhimin vendas. Shqiptar\u00ebt atje jan\u00eb gjithnj\u00eb e m\u00eb pak. Por, t\u00eb ardhurit nga Shqip\u00ebria, gjithnj\u00eb e m\u00eb shum\u00eb. P\u00ebr fat, shumica e tabelave jan\u00eb pa ciriliken e lodhshme&#8230;Dita po i afrohet fundit. N\u00eb nj\u00eb dyqan Cd-sh, ku shtyj minutat e fundit, shikoj se jan\u00eb Cd-t\u00eb kushtuar Karaxhiqit. Pastaj turbo-folku sllav.<\/p>\n<p><strong>Edith Durham<\/strong><br \/>\nT\u00eb nes\u00ebrmen n\u00eb m\u00ebngjes, mal\u00ebsor\u00ebt m\u00eb shoq\u00ebruan te Qafa e Kish\u00ebs dhe pastaj me kalin u drejtuam p\u00ebr n\u00eb Podgoric\u00eb, pas nj\u00eb p\u00ebrpjekje t\u00eb vendosur nga ana e kalit q\u00eb donte t\u00eb shkonte ose n\u00eb sht\u00ebpin\u00eb e vet t\u00eb vjet\u00ebr, spitali n\u00eb Tuz ose n\u00eb kull\u00ebn turke t\u00eb djegur n\u00eb kufi. Ishte mbr\u00ebmja e 3 n\u00ebntorit, kur arrit\u00ebm t\u00eb lodhur n\u00eb qytet&#8230;Malazez\u00ebt ishin t\u00ebrbuar nga d\u00ebshtimi i bisedimeve p\u00ebr dor\u00ebzim. K\u00ebshtu kam shkruar n\u00eb at\u00eb koh\u00eb:\u201dUrrejtja dhe eg\u00ebrsia e tyre jan\u00eb t\u00eb tmerrshme. Ata nuk b\u00ebhen merak n\u00eb qoft\u00eb se f\u00ebmij\u00ebt mysliman\u00eb do t\u00eb vdesin nga uria; ata deklarojn\u00eb se do t\u00eb asgj\u00ebsojn\u00eb gjith\u00eb popullsin\u00eb myslimane. Mal\u00ebsor\u00ebt jan\u00eb t\u00eb zem\u00ebruar me q\u00ebndrimin malazias dhe un\u00eb parashikoj se n\u00eb t\u00eb ardhmen do t\u00eb ket\u00eb nd\u00ebrlikime t\u00eb m\u00ebdha\u201d&#8230;N\u00eb Podgoric\u00eb, kur misri iu shp\u00ebrnda grave, t\u00eb cilat i kishin burrat n\u00eb front, katolik\u00ebt m\u00eb kot k\u00ebrkuan ndihm\u00eb dhe n\u00eb vend t\u00eb saj mor\u00ebn fyerje. U njoftua dhe besohej se batalionet e shqiptar\u00ebve, q\u00eb ishin shtetas malazias, me q\u00ebllim ishin v\u00ebn\u00eb n\u00eb pozicionet m\u00eb t\u00eb rrezikshme. Podgorican\u00ebt zbaviteshin duke vizituar dyqanet e tregtar\u00ebve katolik\u00eb dhe duke u p\u00ebrshkruar atyre m\u00ebnyrat me t\u00eb cilat t\u00eb af\u00ebrmit e tyre n\u00eb Shkod\u00ebr do t\u00eb masakroheshin sapo t\u00eb binte qyteti. Nj\u00eb dit\u00eb nj\u00eb i ri me uniform\u00eb oficeri u ul af\u00ebr meje n\u00eb tryez\u00eb dhe u lavd\u00ebrua se brenda dy vjet\u00ebve asnjeri nuk do t\u00eb guxonte t\u00eb fliste Shqip n\u00eb Shkod\u00ebr.<\/p>\n<p><strong>P\u00ebr n\u00eb Ulqin<\/strong><br \/>\nPo i drejtohem n\u00eb fakt stacionit. Ia vlen me u qet\u00ebsu, pas nj\u00eb udh\u00ebtimi t\u00eb pafat\u00eb, q\u00eb t\u00eb prehesh n\u00eb nj\u00eb qytet shqiptar. Kujtoj shkrimin e Durhamit dhe \u00e7uditem sesi Zonj\u00ebs i kemi marr\u00eb gjithnj\u00eb m\u00eb t\u00eb mirat. Ajo vet\u00eb duket se ka shkuar po aq mir\u00eb dhe me serb\u00ebt dhe malazez\u00ebt. I kemi vlejtur eksplorimeve t\u00eb saj antropologjike dhe etnografike. \u00cbsht\u00eb von\u00eb, nd\u00ebrsa nj\u00eb ushtar i ri, pran\u00eb meje mblla\u00e7itet fort. Mbase, ndonj\u00eb paraardh\u00ebsi t\u00eb tij, Durhami i ka rr\u00ebfyer se shqiptar\u00ebt e ruajt\u00ebn gjuh\u00ebn dhe me Rom\u00ebn, Bizantin, turqit dhe&#8230; flasin s\u00ebrish shqip..nd\u00ebrsa Ju&#8230;\u201dShkojm\u00eb mir\u00eb, gjithsesi me shqiptar\u00ebt\u201d, m\u00eb thot\u00eb nj\u00eb burr\u00eb i vjet\u00ebr, me t\u00eb cilin vrasim minutat e mbetura, para se t\u00eb largohemi. M\u00eb pyet pastaj p\u00ebr Shkodr\u00ebn. N\u00eb shtat\u00ebdhjet\u00eb vitet e jet\u00ebs s\u00eb tij, nuk ka qen\u00eb asnj\u00ebher\u00eb dy or\u00eb m\u00eb tej. Hija e Shkodr\u00ebs i mbyt ende c\u00ebrnagorasit&#8230;Ka pllakosur e t\u00ebr\u00eb mbr\u00ebmja dhe m\u00eb duhet t\u00eb largohem. Me vete kam libra dhe zhg\u00ebnjim. Nuk kam mundur t\u00eb b\u00ebj\u00eb nj\u00eb intervist\u00eb, nd\u00ebrsa njer\u00ebzit thjesht m\u00eb kan\u00eb konfuzuar. Shqipja? M\u00eb ka ndihur pak. Duan t\u2019ia presin krah\u00ebt shqipes malazez\u00ebt dhe n\u00eb k\u00ebt\u00eb pun\u00eb duket se u po u vijn\u00eb n\u00eb ndihm\u00eb dhe shqiptar\u00ebt. Kur mb\u00ebrrij n\u00eb Ulqin m\u00eb duket sikur jam n\u00eb vendin tim. Intim. I k\u00ebndsh\u00ebm dhe shum\u00eb arkaik, t\u00eb jep p\u00ebrshtypjen e Qaf\u00ebs Pazarit n\u00eb Gjirokast\u00ebr n\u00eb Bulevardin Skand\u00ebrbeg dhe m\u00eb tej, fill posht\u00eb k\u00ebmb\u00ebs s\u00eb K\u00ebshtjell\u00ebs zulm\u00ebmadhe t\u00eb Balshajve, &#8230;edhe pak Sarand\u00eb. Ulqini vajton koh\u00ebn e shkuar, nd\u00ebrsa nj\u00eb banor, q\u00eb ka nj\u00eb klub bash p\u00ebrball\u00eb xhamis\u00eb n\u00eb qend\u00ebr, m\u00eb rr\u00ebfen sesi mblidheshin turist\u00ebt gjerman\u00eb dhe kundronin myezinin, q\u00eb k\u00ebndonte me z\u00ebrin e tij mbi minare. Po m\u00eb b\u00ebn di\u00e7ka p\u00ebr t\u00eb ngr\u00ebn\u00eb. Zhduket. Vjen. Nd\u00ebrrojm\u00eb pak muhabet. \u201cAllahile, tash k\u00ebndojn\u00eb me magnetofon. Nissta ne mogu da ccujess\u201d, ma kthen serbisht me breng\u00eb. \u201cPse serbisht\u201d-i them. \u201cAni ka mbet\u201d. Po k\u00ebshtu ma kthejn\u00eb t\u00eb rinj, q\u00eb i pyes p\u00ebr nj\u00eb adres\u00eb. Dy djelmosha kosovar\u00eb nuk orientohen nj\u00ebsoj si un\u00eb. P\u00ebr fat, ata i kan\u00eb th\u00ebn\u00eb v\u00ebrtet\u00eb lamtumir\u00eb serbishtes. Duhet t\u2019i ndih un\u00eb serbisht me shqiptar\u00ebt. Duket se arom\u00ebn e shqiptar\u00ebve do e ndjej pak or\u00eb m\u00eb von\u00eb n\u00eb ag, kur dua t\u00eb gjej n\u00eb Meraj\u00eb, familjen e njohur Mani. N\u00eb fakt jan\u00eb Mani\u00e7 dhe brez pas brezi ruajn\u00eb tyrben e famshme, ku \u00ebsht\u00eb i vendosur trupi i Mesis\u00eb s\u00eb rrem\u00eb Sabbatai Zevit, q\u00eb vdiq pik\u00ebrisht n\u00eb dit\u00ebn e Shp\u00ebrbles\u00ebs (sipas kalendarit hebraik 54337 apo shtator te vitit 1676), dy jav\u00eb para se t\u00eb ishte pes\u00ebdhjet\u00eb vje\u00e7. Nj\u00eb grua e re m\u00eb d\u00ebrgon atje, por m\u00eb lutet, q\u00eb t\u00eb mos fotografoj. Asllani, i mbeturi gjall\u00eb i v\u00ebllez\u00ebrve Mani\u00e7, \u00ebsht\u00eb p\u00ebrgjegj\u00ebsi kryesor i tyrbes, q\u00eb nuk hapet. \u00cbsht\u00eb krenar p\u00ebr shqipen, nd\u00ebrsa m\u00eb paralajm\u00ebron se m\u00eb do t\u00eb mir\u00ebn, q\u00eb s\u2019m\u00eb le t\u00eb fotografoj, sepse hija e tyrbes t\u00eb shiton. P\u00ebrreth jan\u00eb varret me element\u00ebt e funebrit Islam t\u00eb familjes. M\u00eb tej nj\u00eb tyrbe e Resulbegut. Shikon mbi Pazar dhe d\u00ebgjoj, q\u00eb ka qen\u00eb njeriu, q\u00eb ka pritur Krajl Nikoll\u00ebn k\u00ebtu. E pyes burrin p\u00ebr shqiptar\u00ebt dhe gjuh\u00ebn: Po e v\u00ebshtir\u00eb t\u00eb mbahet gjuha, m\u00eb thot\u00eb burri. \u00c7elet pak nga pak, nd\u00ebrsa po aq ngadal\u00eb i vjen dhe adhurimi p\u00ebr Shqip\u00ebrin\u00eb. Ende \u00ebsht\u00eb e bukur shqipja, kur e d\u00ebgjojn\u00eb nga shqiptar\u00ebt. Familja e tij \u00ebsht\u00eb nj\u00eb nga familjet m\u00eb t\u00eb vjetra t\u00eb Ulqinit dhe fal\u00eb tyre \u00ebsht\u00eb ruajtur dhe nj\u00eb pjes\u00eb e integritetit shqiptar. Ndahemi me burrin, por m\u00eb tej tregut krahasojm\u00eb \u00e7mimet. Na pyesin serbisht, por dy vajza t\u00eb reja, q\u00eb kan\u00eb mallin, k\u00ebnaqen duke folur shqip dhe na kundrojn\u00eb p\u00ebr shqipen letrare. Nj\u00eb dit\u00eb m\u00eb pas, nj\u00eb njeri i letrave, Hajro Ulqinaku, me nj\u00eb t\u00eb folur gati metaforike m\u00eb thot\u00eb se malazez\u00ebt po ua marrin pak nga pak shqipen. Si ka t\u00eb ngjar\u00eb-i themi. \u201cPo n\u00eb shkolla nuk ka m\u00ebsues. Malazez\u00ebt jan\u00eb kudo\u201d. Malazez\u00ebt jan\u00eb vet\u00ebm 10% n\u00eb qytet por t\u00eb mjaft\u00eb q\u00eb t\u2019ua shtypin pak nga pak kok\u00ebn shqiptar\u00ebve. Q\u00eb tash merren vesh mes tyre m\u00eb shum\u00eb sllavisht. \u201cJan\u00eb dy element\u00eb n\u00eb popujt bilingue q\u00eb kan\u00eb lidhje me ruajtjen e gjuh\u00ebs: Prestigji dhe shkollimi, m\u00eb ka th\u00ebn\u00eb Znj. Eda Derhemi pedagoge e shkencave t\u00eb Komunikimit n\u00eb Illinois. N\u00ebse nuk e shikon k\u00ebt\u00eb mos b\u00ebj gjykime\u201d. E ka t\u00eb v\u00ebshtir\u00eb ta kuptoj\u00eb shpjegimin tim edhe pse shqiptar\u00ebt e diaspor\u00ebs i njeh shum\u00eb m\u00eb mir\u00eb se un\u00eb. Nuk m\u00eb b\u00ebhet t\u2019i them se Ulqini \u00ebsht\u00eb simboli i r\u00ebnies s\u00eb shqiptar\u00ebve t\u00eb Malit t\u00eb Zi. N\u00eb vendin, q\u00eb ishte perla e ish-Jugosllavis\u00eb dhe e p\u00ebrk\u00ebdhelura e turist\u00ebve evropian\u00eb, tash \u00ebsht\u00eb b\u00ebr\u00eb nj\u00eb aneks dhe p\u00ebr malazez\u00ebt. Sht\u00ebpi t\u00eb t\u00ebra bosh. Papast\u00ebrti. \u00c7mime t\u00eb larta. Zhg\u00ebnjim. \u201cVijesti\u201d i trullos dhe m\u00eb shum\u00eb ulqinak\u00ebt, kur jep lajmin se Sheiku Isa i Emirateve Arabe, nj\u00eb nga familja e njohur e Al-Nihijan n\u00eb Abu Dabi, q\u00eb do t\u00eb marr\u00eb nj\u00eb segment t\u00eb madh plazhi n\u00eb Ada Bojana, \u00ebsht\u00eb paraqitur n\u00eb nj\u00eb foto marr\u00eb nga nj\u00eb vidio e NBS-s\u00eb duke torturuar nj\u00eb tregtar. Ka pak edhe lajme t\u00eb mira sepse britanik\u00ebt e CUBUS LUX kan\u00eb p\u00ebrgatitur nj\u00eb projekt p\u00ebr plazhin e Ulqinit, Valdanos, por fjal\u00eb dhe fjal\u00eb. N\u00eb gar\u00eb jan\u00eb dhe rus\u00ebt. \u201cAh t\u00eb ktheheshim si m\u00eb par\u00eb. T\u00eb gjith\u00eb do t\u2019i b\u00ebnim\u201d, m\u00eb thot\u00eb Resmiu, pronari i hotelit, ku kam ndenjur dhe q\u00eb ka t\u00eb sh\u00ebnuar gjermanisht, anglisht dhe serbisht q\u00eb jep dhoma. Kamarieri i tij shqiptar flet shum\u00eb mir\u00eb gjermanisht dhe anglisht, serbisht&#8230;dhe dob\u00ebt shqip. Do t\u00eb ndryshoj\u00eb thon\u00eb ulqinak\u00ebt dhe presin. T\u00eb kujtojn\u00eb pak vlonjatet dhe sarandiot\u00ebt n\u00eb pritjen e tyre gati \u2018homerike\u2019 p\u00ebr klient\u00eb. Por, Zoti nuk \u00ebsht\u00eb gjithnj\u00eb kaq dashamir\u00eb. T\u00eb gjith\u00eb presin gjerman\u00ebt, si dikur. DPA, n\u00eb k\u00ebto dit\u00eb shprese t\u00eb tyre, ua ka kthyer serbisht: Nestassica struje i vode(pamjaftueshm\u00ebria e energjis\u00eb dhe ujit), nedostatak puteve ( rrug\u00ebt me t\u00eb meta), loss servil (Sh\u00ebrbimi i keq), visoke cijene(\u00e7mimet e larta) i nekontrolisana gradnja mogli bi cernogorski turizam da dovedu do bankrotstva, q\u00eb me pak fjal\u00eb shpjegohet se s\u2019jan\u00eb larg falimentit&#8230;<br \/>\n<strong>&#8230;<\/strong><br \/>\nK\u00ebto jan\u00eb nga pun\u00ebt m\u00eb t\u00eb domosdoshme t\u00eb kryebashkiakut, q\u00eb nj\u00eb mbr\u00ebmje e hasim, teksa p\u00ebruron me botuesin Fatmir To\u00e7in, kujtimet e ish-presidentit Moisiu. Jan\u00eb shum\u00eb shqiptar\u00eb t\u00eb pranish\u00ebm, n\u00eb nj\u00eb sall\u00eb t\u00eb vog\u00ebl t\u00eb Pallatit t\u00eb Kultur\u00ebs. P\u00ebr fat, flitet shqip. Kjo s\u2019mjafton p\u00ebr ish-portin e Shkodr\u00ebs, q\u00eb kur iu aneksua Malit t\u00eb Zi m\u00eb 1880 filloi t\u00eb rrudhej dhe rrudhej pafund. Dhe, humbja m\u00eb e madhe e k\u00ebtij vendi, \u00ebsht\u00eb shqipja. At\u00eb q\u00eb e flasin, gjithmon\u00eb e m\u00eb pak t\u00eb rinjt\u00eb dhe moshat e mesme. K\u00ebt\u00eb e ndjej, kur me nj\u00eb shofer shkodran kthehem pas. \u201cEj deda, ponovo. Je mir\u00eb\u201d-i thot\u00eb nj\u00eb malazez \u00e7apraz n\u00eb kufi t\u00eb vjetrit. \u201cDreqin sa e duen paran\u00eb k\u00ebta. Po na m\u00ebsojn\u00eb dhe gjuh\u00ebn\u201d, m\u00eb thot\u00eb plaku. Ikim. Ngucemi.<\/p>\n<p><strong>Ben Andoni<br \/>\nRevista Mapo<\/strong><\/p>\n<!--YouTube Error: bad URL entered-->\n","protected":false},"excerpt":{"rendered":"<p>Hajde, doddi ovamo. A po m\u2019ndigjon. Zzuri!\u201d. E d\u00ebgjoj bash mir\u00eb. Por, nuk di si t\u2019ia kthej, njeriut q\u00eb m\u00eb thot\u00eb t\u2019i afrohem dhe m\u00eb nguc. N\u00eb Mal t\u00eb Zi, \u00ebsht\u00eb e v\u00ebshtir\u00eb q\u00eb t\u2019i dallosh shqiptar\u00ebt me malazez\u00ebt e provinc\u00ebs. Ia kthej serbisht. I shpjegoj se dua t\u00eb iki n\u00eb Danilovgrad. Pak i intereson. [&hellip;]<\/p>\n","protected":false},"author":1,"featured_media":0,"comment_status":"open","ping_status":"closed","sticky":false,"template":"","format":"standard","meta":{"spay_email":"","jetpack_publicize_message":"","jetpack_is_tweetstorm":false,"jetpack_publicize_feature_enabled":true},"categories":[11],"tags":[501,95,10991,5922,500,10990,195,208,200],"jetpack_publicize_connections":[],"yoast_head":"<!-- This site is optimized with the Yoast SEO plugin v19.1 - https:\/\/yoast.com\/wordpress\/plugins\/seo\/ -->\n<title>Si po humbet shqipja n\u00eb Mal t\u00eb Zi - Lajme nga Ulqini<\/title>\n<meta name=\"description\" content=\"Hajde, doddi ovamo. A po m\u2019ndigjon. Zzuri!\u201d. E d\u00ebgjoj bash mir\u00eb. Por, nuk di si t\u2019ia kthej, njeriut q\u00eb m\u00eb thot\u00eb t\u2019i afrohem dhe m\u00eb nguc. N\u00eb Mal t\u00eb Zi,\" \/>\n<meta name=\"robots\" content=\"index, follow, max-snippet:-1, max-image-preview:large, max-video-preview:-1\" \/>\n<link rel=\"canonical\" href=\"https:\/\/www.visit-ulcinj.com\/blog\/2009\/06\/04\/si-po-humbet-shqipja-ne-mal-te-zi\/\" \/>\n<meta property=\"og:locale\" content=\"en_US\" \/>\n<meta property=\"og:type\" content=\"article\" \/>\n<meta property=\"og:title\" content=\"Si po humbet shqipja n\u00eb Mal t\u00eb Zi - Lajme nga Ulqini\" \/>\n<meta property=\"og:description\" content=\"Hajde, doddi ovamo. A po m\u2019ndigjon. Zzuri!\u201d. E d\u00ebgjoj bash mir\u00eb. Por, nuk di si t\u2019ia kthej, njeriut q\u00eb m\u00eb thot\u00eb t\u2019i afrohem dhe m\u00eb nguc. N\u00eb Mal t\u00eb Zi,\" \/>\n<meta property=\"og:url\" content=\"https:\/\/www.visit-ulcinj.com\/blog\/2009\/06\/04\/si-po-humbet-shqipja-ne-mal-te-zi\/\" \/>\n<meta property=\"og:site_name\" content=\"Lajme nga Ulqini\" \/>\n<meta property=\"article:published_time\" content=\"2009-06-04T21:55:26+00:00\" \/>\n<meta property=\"og:image\" content=\"http:\/\/www.visit-ulcinj.com\/blog\/wp-content\/uploads\/2009\/06\/rrezikimi-i-gjuhes-shqipe_haxhi-shabani-351x560-custom.jpg\" \/>\n<meta name=\"twitter:label1\" content=\"Written by\" \/>\n\t<meta name=\"twitter:data1\" content=\"ulqini\" \/>\n\t<meta name=\"twitter:label2\" content=\"Est. reading time\" \/>\n\t<meta name=\"twitter:data2\" content=\"18 minutes\" \/>\n<script type=\"application\/ld+json\" class=\"yoast-schema-graph\">{\"@context\":\"https:\/\/schema.org\",\"@graph\":[{\"@type\":\"WebSite\",\"@id\":\"https:\/\/www.visit-ulcinj.com\/blog\/#website\",\"url\":\"https:\/\/www.visit-ulcinj.com\/blog\/\",\"name\":\"Lajme nga Ulqini\",\"description\":\"Lajme,Vijesti,Ulqini,Ulqin,Crna Gora,Mali i Zi\",\"potentialAction\":[{\"@type\":\"SearchAction\",\"target\":{\"@type\":\"EntryPoint\",\"urlTemplate\":\"https:\/\/www.visit-ulcinj.com\/blog\/?s={search_term_string}\"},\"query-input\":\"required name=search_term_string\"}],\"inLanguage\":\"en-US\"},{\"@type\":\"ImageObject\",\"inLanguage\":\"en-US\",\"@id\":\"https:\/\/www.visit-ulcinj.com\/blog\/2009\/06\/04\/si-po-humbet-shqipja-ne-mal-te-zi\/#primaryimage\",\"url\":\"http:\/\/www.visit-ulcinj.com\/blog\/wp-content\/uploads\/2009\/06\/rrezikimi-i-gjuhes-shqipe_haxhi-shabani-351x560-custom.jpg\",\"contentUrl\":\"http:\/\/www.visit-ulcinj.com\/blog\/wp-content\/uploads\/2009\/06\/rrezikimi-i-gjuhes-shqipe_haxhi-shabani-351x560-custom.jpg\"},{\"@type\":\"WebPage\",\"@id\":\"https:\/\/www.visit-ulcinj.com\/blog\/2009\/06\/04\/si-po-humbet-shqipja-ne-mal-te-zi\/#webpage\",\"url\":\"https:\/\/www.visit-ulcinj.com\/blog\/2009\/06\/04\/si-po-humbet-shqipja-ne-mal-te-zi\/\",\"name\":\"Si po humbet shqipja n\u00eb Mal t\u00eb Zi - Lajme nga Ulqini\",\"isPartOf\":{\"@id\":\"https:\/\/www.visit-ulcinj.com\/blog\/#website\"},\"primaryImageOfPage\":{\"@id\":\"https:\/\/www.visit-ulcinj.com\/blog\/2009\/06\/04\/si-po-humbet-shqipja-ne-mal-te-zi\/#primaryimage\"},\"datePublished\":\"2009-06-04T21:55:26+00:00\",\"dateModified\":\"2009-06-04T21:55:26+00:00\",\"author\":{\"@id\":\"https:\/\/www.visit-ulcinj.com\/blog\/#\/schema\/person\/dcab619c614d3038751c63bc2aadc06d\"},\"description\":\"Hajde, doddi ovamo. A po m\u2019ndigjon. Zzuri!\u201d. E d\u00ebgjoj bash mir\u00eb. Por, nuk di si t\u2019ia kthej, njeriut q\u00eb m\u00eb thot\u00eb t\u2019i afrohem dhe m\u00eb nguc. N\u00eb Mal t\u00eb Zi,\",\"breadcrumb\":{\"@id\":\"https:\/\/www.visit-ulcinj.com\/blog\/2009\/06\/04\/si-po-humbet-shqipja-ne-mal-te-zi\/#breadcrumb\"},\"inLanguage\":\"en-US\",\"potentialAction\":[{\"@type\":\"ReadAction\",\"target\":[\"https:\/\/www.visit-ulcinj.com\/blog\/2009\/06\/04\/si-po-humbet-shqipja-ne-mal-te-zi\/\"]}]},{\"@type\":\"BreadcrumbList\",\"@id\":\"https:\/\/www.visit-ulcinj.com\/blog\/2009\/06\/04\/si-po-humbet-shqipja-ne-mal-te-zi\/#breadcrumb\",\"itemListElement\":[{\"@type\":\"ListItem\",\"position\":1,\"name\":\"Si po humbet shqipja n\u00eb Mal t\u00eb Zi\"}]},{\"@type\":\"Person\",\"@id\":\"https:\/\/www.visit-ulcinj.com\/blog\/#\/schema\/person\/dcab619c614d3038751c63bc2aadc06d\",\"name\":\"ulqini\",\"sameAs\":[\"http:\/\/www.visit-ulcinj.com\"],\"url\":\"https:\/\/www.visit-ulcinj.com\/blog\/author\/admin\/\"}]}<\/script>\n<!-- \/ Yoast SEO plugin. -->","yoast_head_json":{"title":"Si po humbet shqipja n\u00eb Mal t\u00eb Zi - Lajme nga Ulqini","description":"Hajde, doddi ovamo. A po m\u2019ndigjon. Zzuri!\u201d. E d\u00ebgjoj bash mir\u00eb. Por, nuk di si t\u2019ia kthej, njeriut q\u00eb m\u00eb thot\u00eb t\u2019i afrohem dhe m\u00eb nguc. N\u00eb Mal t\u00eb Zi,","robots":{"index":"index","follow":"follow","max-snippet":"max-snippet:-1","max-image-preview":"max-image-preview:large","max-video-preview":"max-video-preview:-1"},"canonical":"https:\/\/www.visit-ulcinj.com\/blog\/2009\/06\/04\/si-po-humbet-shqipja-ne-mal-te-zi\/","og_locale":"en_US","og_type":"article","og_title":"Si po humbet shqipja n\u00eb Mal t\u00eb Zi - Lajme nga Ulqini","og_description":"Hajde, doddi ovamo. A po m\u2019ndigjon. Zzuri!\u201d. E d\u00ebgjoj bash mir\u00eb. Por, nuk di si t\u2019ia kthej, njeriut q\u00eb m\u00eb thot\u00eb t\u2019i afrohem dhe m\u00eb nguc. N\u00eb Mal t\u00eb Zi,","og_url":"https:\/\/www.visit-ulcinj.com\/blog\/2009\/06\/04\/si-po-humbet-shqipja-ne-mal-te-zi\/","og_site_name":"Lajme nga Ulqini","article_published_time":"2009-06-04T21:55:26+00:00","og_image":[{"url":"http:\/\/www.visit-ulcinj.com\/blog\/wp-content\/uploads\/2009\/06\/rrezikimi-i-gjuhes-shqipe_haxhi-shabani-351x560-custom.jpg"}],"twitter_misc":{"Written by":"ulqini","Est. reading time":"18 minutes"},"schema":{"@context":"https:\/\/schema.org","@graph":[{"@type":"WebSite","@id":"https:\/\/www.visit-ulcinj.com\/blog\/#website","url":"https:\/\/www.visit-ulcinj.com\/blog\/","name":"Lajme nga Ulqini","description":"Lajme,Vijesti,Ulqini,Ulqin,Crna Gora,Mali i Zi","potentialAction":[{"@type":"SearchAction","target":{"@type":"EntryPoint","urlTemplate":"https:\/\/www.visit-ulcinj.com\/blog\/?s={search_term_string}"},"query-input":"required name=search_term_string"}],"inLanguage":"en-US"},{"@type":"ImageObject","inLanguage":"en-US","@id":"https:\/\/www.visit-ulcinj.com\/blog\/2009\/06\/04\/si-po-humbet-shqipja-ne-mal-te-zi\/#primaryimage","url":"http:\/\/www.visit-ulcinj.com\/blog\/wp-content\/uploads\/2009\/06\/rrezikimi-i-gjuhes-shqipe_haxhi-shabani-351x560-custom.jpg","contentUrl":"http:\/\/www.visit-ulcinj.com\/blog\/wp-content\/uploads\/2009\/06\/rrezikimi-i-gjuhes-shqipe_haxhi-shabani-351x560-custom.jpg"},{"@type":"WebPage","@id":"https:\/\/www.visit-ulcinj.com\/blog\/2009\/06\/04\/si-po-humbet-shqipja-ne-mal-te-zi\/#webpage","url":"https:\/\/www.visit-ulcinj.com\/blog\/2009\/06\/04\/si-po-humbet-shqipja-ne-mal-te-zi\/","name":"Si po humbet shqipja n\u00eb Mal t\u00eb Zi - Lajme nga Ulqini","isPartOf":{"@id":"https:\/\/www.visit-ulcinj.com\/blog\/#website"},"primaryImageOfPage":{"@id":"https:\/\/www.visit-ulcinj.com\/blog\/2009\/06\/04\/si-po-humbet-shqipja-ne-mal-te-zi\/#primaryimage"},"datePublished":"2009-06-04T21:55:26+00:00","dateModified":"2009-06-04T21:55:26+00:00","author":{"@id":"https:\/\/www.visit-ulcinj.com\/blog\/#\/schema\/person\/dcab619c614d3038751c63bc2aadc06d"},"description":"Hajde, doddi ovamo. A po m\u2019ndigjon. Zzuri!\u201d. E d\u00ebgjoj bash mir\u00eb. Por, nuk di si t\u2019ia kthej, njeriut q\u00eb m\u00eb thot\u00eb t\u2019i afrohem dhe m\u00eb nguc. N\u00eb Mal t\u00eb Zi,","breadcrumb":{"@id":"https:\/\/www.visit-ulcinj.com\/blog\/2009\/06\/04\/si-po-humbet-shqipja-ne-mal-te-zi\/#breadcrumb"},"inLanguage":"en-US","potentialAction":[{"@type":"ReadAction","target":["https:\/\/www.visit-ulcinj.com\/blog\/2009\/06\/04\/si-po-humbet-shqipja-ne-mal-te-zi\/"]}]},{"@type":"BreadcrumbList","@id":"https:\/\/www.visit-ulcinj.com\/blog\/2009\/06\/04\/si-po-humbet-shqipja-ne-mal-te-zi\/#breadcrumb","itemListElement":[{"@type":"ListItem","position":1,"name":"Si po humbet shqipja n\u00eb Mal t\u00eb Zi"}]},{"@type":"Person","@id":"https:\/\/www.visit-ulcinj.com\/blog\/#\/schema\/person\/dcab619c614d3038751c63bc2aadc06d","name":"ulqini","sameAs":["http:\/\/www.visit-ulcinj.com"],"url":"https:\/\/www.visit-ulcinj.com\/blog\/author\/admin\/"}]}},"jetpack_featured_media_url":"","jetpack_sharing_enabled":true,"jetpack_shortlink":"https:\/\/wp.me\/pe6lTn-5R2","_links":{"self":[{"href":"https:\/\/www.visit-ulcinj.com\/blog\/wp-json\/wp\/v2\/posts\/22508"}],"collection":[{"href":"https:\/\/www.visit-ulcinj.com\/blog\/wp-json\/wp\/v2\/posts"}],"about":[{"href":"https:\/\/www.visit-ulcinj.com\/blog\/wp-json\/wp\/v2\/types\/post"}],"author":[{"embeddable":true,"href":"https:\/\/www.visit-ulcinj.com\/blog\/wp-json\/wp\/v2\/users\/1"}],"replies":[{"embeddable":true,"href":"https:\/\/www.visit-ulcinj.com\/blog\/wp-json\/wp\/v2\/comments?post=22508"}],"version-history":[{"count":0,"href":"https:\/\/www.visit-ulcinj.com\/blog\/wp-json\/wp\/v2\/posts\/22508\/revisions"}],"wp:attachment":[{"href":"https:\/\/www.visit-ulcinj.com\/blog\/wp-json\/wp\/v2\/media?parent=22508"}],"wp:term":[{"taxonomy":"category","embeddable":true,"href":"https:\/\/www.visit-ulcinj.com\/blog\/wp-json\/wp\/v2\/categories?post=22508"},{"taxonomy":"post_tag","embeddable":true,"href":"https:\/\/www.visit-ulcinj.com\/blog\/wp-json\/wp\/v2\/tags?post=22508"}],"curies":[{"name":"wp","href":"https:\/\/api.w.org\/{rel}","templated":true}]}}