{"id":22527,"date":"2009-06-05T10:14:04","date_gmt":"2009-06-05T08:14:04","guid":{"rendered":"http:\/\/www.visit-ulcinj.com\/blog\/?p=22527"},"modified":"2009-06-05T10:14:30","modified_gmt":"2009-06-05T08:14:30","slug":"ulcinj-pod-zakup","status":"publish","type":"post","link":"https:\/\/www.visit-ulcinj.com\/blog\/2009\/06\/05\/ulcinj-pod-zakup\/","title":{"rendered":"Ulcinj pod zakup"},"content":{"rendered":"<p><a href=\"http:\/\/www.visit-ulcinj.com\/blog\/wp-content\/uploads\/2009\/06\/ada-bojana_tender.jpg\"><img loading=\"lazy\" class=\"alignleft size-full wp-image-22528\" title=\"ada-bojana_tender\" src=\"http:\/\/www.visit-ulcinj.com\/blog\/wp-content\/uploads\/2009\/06\/ada-bojana_tender.jpg\" alt=\"ada-bojana_tender\" width=\"580\" height=\"400\" \/><\/a>Nakon raspisivanja tendera za valorizaciju uvale Valdanos, crnogorska Vlada je odlu?ila da na tender odu i Velika pla\u017ea, duga 13 kilometara, i Ada, ostrvo od pet hektara na u\u0161?u rijeke Bojane u more. Prakti?no ?itav Ulcinj.<br \/>\nU crnogorskoj Vladi su sve ve? izra?unali: samo u prve tri godine nakon zaklju?enja ugovora o zakupu investitor ?e na Velikoj pla\u017ei morati da realizuje program ulaganja od barem milijardu eura. \u201cNaknadna ulaganja moraju iznositi najmanje tri milijarde eura\u201d, rekao je ministar za ekonomski razvoj Branimir Gvozdenovi? i istakao da je to jedan od najve?ih evropskih projekata.<br \/>\nNo, ovaj agilni ?lan odlaze?eg ?ukanovi?evog kabineta je istovremeno dodao da se od godi\u0161njeg zakupa ?ak 17 miliona metara kvadratnih na Velikoj pla\u017ei i ostrvu Ada na Bojani o?ekuje \u2013 dva miliona eura. Ako se zna da se za godi\u0161nji zakup Valdanosa koji zahvata povr\u0161inu od 3,5 miliona metara kvadratnih, treba izdvojiti ne\u0161to preko pola miliona eura, onda se lako mo\u017ee zaklju?iti da zakup 20 kilometara morske obale u Ulcinju, od ?ega tri ?etvrtine ?ine pje\u0161?ane pla\u017ee, za godinu dana iznosi manje od tri miliona eura.<\/p>\n<p><strong><a href=\"http:\/\/www.visit-ulcinj.com\/blog\/wp-content\/uploads\/2009\/06\/velika-plaza_ulcinj_montenegro_tender.jpg\"><img loading=\"lazy\" class=\"alignleft size-medium wp-image-22529\" title=\"velika-plaza_ulcinj_montenegro_tender\" src=\"http:\/\/www.visit-ulcinj.com\/blog\/wp-content\/uploads\/2009\/06\/velika-plaza_ulcinj_montenegro_tender-300x198.jpg\" alt=\"velika-plaza_ulcinj_montenegro_tender\" width=\"300\" height=\"198\" srcset=\"https:\/\/www.visit-ulcinj.com\/blog\/wp-content\/uploads\/2009\/06\/velika-plaza_ulcinj_montenegro_tender-300x198.jpg 300w, https:\/\/www.visit-ulcinj.com\/blog\/wp-content\/uploads\/2009\/06\/velika-plaza_ulcinj_montenegro_tender.jpg 640w\" sizes=\"(max-width: 300px) 100vw, 300px\" \/><\/a>Ulcinj &#8211; Velika plaza<\/strong><br \/>\nVlada je ispravno procijenila da je crnogorskim gra?anima u razdoblju kada ekonomska i finansijska kriza melje Crnu Goru najva\u017enije ponuditi velike cifre i projekte, koji ?e osigurati rast i razvoj posrnulog \u201ccrnogorskog ekonomskog ?uda\u201d.<br \/>\nUlcinjane se medijskim bombama poku\u0161alo uvjeriti da ?e njihov grad uskoro postati Dubai, Rimini, Nica, Kan, Monako, Monte Karlo. Sve, samo ne Ulcinj.<br \/>\nRezultati nedavnih parlamentarnih izbora pokazuju da im mje\u0161tani te op\u0161tine, ipak, nisu povjerovali.<br \/>\nAlbanci ?ine tri ?etvrtine stanovni\u0161tva Ulcinja, a vlast u tom najju\u017enijem gradu na Crnogorskom primorju dr\u017ei \u201cKoalicija za evropski Ulcinj\u201d, koju ?ine ?ukanovi?eva Demokratska partija socijalista, Demokratska unija Albanaca (DUA) Ferhata Dino\u0161e i Socijaldemokratska partija Ranka Krivokapi?a, te Partija demokratskog prosperiteta Ali Red\u017ee.<br \/>\nGradona?elnik Ulcinja Gzim Hajdinaga, funkcioner DUA, ?lan je tenderskih komisija za turisti?ku valorizaciju Valdanosa, Velike pla\u017ee i Ade.<br \/>\n\u201cAko se o tome ne izjasni crnogorski Parlament, onda to svakako mora da u?ini Skup\u0161tina op\u0161tine Ulcinj\u201d, rekao je predsjednik Demokratskog saveza u Crnoj Gori i poslanik u crnogorskom Parlamentu Mehmet Bardhi.<br \/>\nOn je istakao da upravljenje prostorom je najdjelotvornije sredstvo razvoja i ono mora svakako ostati u rukama lokalne samouprave kako bi se razvoj usmjeravao u korist domicilnog stanovni\u0161tva.<\/p>\n<p><strong>Valdanos<\/strong><a rel=\"attachment wp-att-22530\" href=\"http:\/\/www.visit-ulcinj.com\/blog\/2009\/06\/05\/ulcinj-pod-zakup\/valdanos_ulcinj_montenegro_tender\/\"><img loading=\"lazy\" class=\"alignright size-medium wp-image-22530\" title=\"valdanos_ulcinj_montenegro_tender\" src=\"http:\/\/www.visit-ulcinj.com\/blog\/wp-content\/uploads\/2009\/06\/valdanos_ulcinj_montenegro_tender-300x200.jpg\" alt=\"valdanos_ulcinj_montenegro_tender\" width=\"300\" height=\"200\" srcset=\"https:\/\/www.visit-ulcinj.com\/blog\/wp-content\/uploads\/2009\/06\/valdanos_ulcinj_montenegro_tender-300x200.jpg 300w, https:\/\/www.visit-ulcinj.com\/blog\/wp-content\/uploads\/2009\/06\/valdanos_ulcinj_montenegro_tender.jpg 980w\" sizes=\"(max-width: 300px) 100vw, 300px\" \/><\/a><br \/>\nI njegov kolega u Skup\u0161tini Crne Gore, potpredsjednik Nove demokratske snage \u2013 FORCA, Genc Nimanbegu je rekao da raspisivanje tendera o izdavanju Velike pla\u017ee i Ade na zakup od 90 godina nije dobro procjenjena odluka. \u201cMogu?nost da tim jedinstvenim prostorom mo\u017ee da gazduje jedan privredni subjekat krije u sebi niz opasnosti. Razvoj crnogorskog i ulcinjskog turizma ili bilo koje druge privredne grane ne treba da zavisi od jedne firme ili pojedinca\u201d, naglasio je on i ukazao na slu?aj \u201ccrnogorskog strate\u0161kog partnera, ruskog oligarha Olega Deripaske\u201d.<br \/>\nNimanbegu je uvjeren da je odr\u017eivi razvoj klju?na pretpostavka za ekonomsku budu?nost Ulcinja. \u201cNama treba pet-\u0161est modernih hotela, ali nam, prije toga, trebaju kvalitetni razvojni i prostorni, a ne parcijalni planovi, koji ?e, kao \u0161to je sada slu?aj upravo na tom podru?ju, me?usobno biti u suprotnosti\u201d, kazao je on.<br \/>\nMje\u0161tani Ulcinja, posebno starosjedioci, su veoma osjetljivi kada je u pitanju Valdanos. To je uvijek bio najbolji i najkvalitetniji dio ulcinjske maslinade sa 19 hiljada stoljetnih stabala masline, mjesto za odmor i rekreaciju.<br \/>\n1978. godine taj prostor je konfiskovala tada\u0161nja Jugoslovenska narodna armija da bi u njemu navodno gradila vojnu luku, a napravila je odmarali\u0161te zatvorenog tipa.<br \/>\n\u201cTaj maslinjak se ne obra?uje, zarastao je u makiju i \u017ebunje, odnosno nalazi se u fazi potpunog uni\u0161tenja! Ako se nama vrati tamo ?e ponovo biti prekrasno ure?eni maslinjaci\u201c, ka\u017ee predsjednik Odbora za povra?aj maslinade u Valdanosu Luka ?akonovi?.<br \/>\nPredsjednik Skup\u0161tine Udru\u017eenja maslinara Ulcinja Basrija Dervi\u0161i dodaje da svi oni koji namjeravaju da zakupe Valdanos, najljep\u0161u uvalu na Mediteranu, moraju da znaju da je dio te imovine u sporu.<br \/>\nOn isti?e da je dvadesetak biv\u0161ih vlasnika maslinjaka u toj uvali, ulo\u017eilo tu\u017ebe Evropskom sudu za ljudska prava u Strazburu.<br \/>\nZa Ulcinjane Valdanos ne predstavlja samo pitanje povra?aja prava na otetu imovinu. To je tako?e pitanje tradicije, odnosa prema prirodi i poimanja budu?nosti.<br \/>\nZato se oni nadaju da ?e ?itav posao oko zakupa Valdanosa biti neuspje\u0161an. \u201cNiko u ovom gradu nije protiv investicija i razvoja, ali se, prije toga, mora znati \u0161to Ulcinj i Crna Gora time dobijaju\u201d, ka\u017ee 45-ogodi\u0161nji Jusuf Karamanaga.<br \/>\n\u201cNama treba odr\u017eivi razvoj, a moramo ne\u0161to ostaviti i narednim generacijama. Mi nemamo pravo na gre\u0161ku\u201d, tvrdi Karamanaga.<br \/>\n<strong><br \/>\nMustafa Canka<br \/>\nOsservatorio Balcani <\/strong><\/p>\n<p>[flv width=&#8221;580&#8243; height=&#8221;380&#8243;]http:\/\/www.velikaplaza.info\/gallery\/video\/stream.php?f=Velika_Plaza_movie_Jan_2009.flv[\/flv]<\/p>\n","protected":false},"excerpt":{"rendered":"<p>Nakon raspisivanja tendera za valorizaciju uvale Valdanos, crnogorska Vlada je odlu?ila da na tender odu i Velika pla\u017ea, duga 13 kilometara, i Ada, ostrvo od pet hektara na u\u0161?u rijeke Bojane u more. Prakti?no ?itav Ulcinj. U crnogorskoj Vladi su sve ve? izra?unali: samo u prve tri godine nakon zaklju?enja ugovora o zakupu investitor ?e [&hellip;]<\/p>\n","protected":false},"author":1,"featured_media":0,"comment_status":"open","ping_status":"closed","sticky":false,"template":"","format":"standard","meta":{"spay_email":"","jetpack_publicize_message":"","jetpack_is_tweetstorm":false,"jetpack_publicize_feature_enabled":true},"categories":[8337],"tags":[138,20,11003,1074,2417,11002,11004,10888,5325,19,136,11005,11001],"jetpack_publicize_connections":[],"yoast_head":"<!-- This site is optimized with the Yoast SEO plugin v19.1 - https:\/\/yoast.com\/wordpress\/plugins\/seo\/ -->\n<title>Ulcinj pod zakup - Lajme nga Ulqini<\/title>\n<meta name=\"description\" content=\"Nakon raspisivanja tendera za valorizaciju uvale Valdanos, crnogorska Vlada je odlu?ila da na tender odu i Velika pla\u017ea, duga 13 kilometara, i Ada, ostrvo\" \/>\n<meta name=\"robots\" content=\"index, follow, max-snippet:-1, max-image-preview:large, max-video-preview:-1\" \/>\n<link rel=\"canonical\" href=\"https:\/\/www.visit-ulcinj.com\/blog\/2009\/06\/05\/ulcinj-pod-zakup\/\" \/>\n<meta property=\"og:locale\" content=\"en_US\" \/>\n<meta property=\"og:type\" content=\"article\" \/>\n<meta property=\"og:title\" content=\"Ulcinj pod zakup - Lajme nga Ulqini\" \/>\n<meta property=\"og:description\" content=\"Nakon raspisivanja tendera za valorizaciju uvale Valdanos, crnogorska Vlada je odlu?ila da na tender odu i Velika pla\u017ea, duga 13 kilometara, i Ada, ostrvo\" \/>\n<meta property=\"og:url\" content=\"https:\/\/www.visit-ulcinj.com\/blog\/2009\/06\/05\/ulcinj-pod-zakup\/\" \/>\n<meta property=\"og:site_name\" content=\"Lajme nga Ulqini\" \/>\n<meta property=\"article:published_time\" content=\"2009-06-05T08:14:04+00:00\" \/>\n<meta property=\"article:modified_time\" content=\"2009-06-05T08:14:30+00:00\" \/>\n<meta property=\"og:image\" content=\"http:\/\/www.visit-ulcinj.com\/blog\/wp-content\/uploads\/2009\/06\/ada-bojana_tender.jpg\" \/>\n<meta name=\"twitter:label1\" content=\"Written by\" \/>\n\t<meta name=\"twitter:data1\" content=\"ulqini\" \/>\n\t<meta name=\"twitter:label2\" content=\"Est. reading time\" \/>\n\t<meta name=\"twitter:data2\" content=\"4 minutes\" \/>\n<script type=\"application\/ld+json\" class=\"yoast-schema-graph\">{\"@context\":\"https:\/\/schema.org\",\"@graph\":[{\"@type\":\"WebSite\",\"@id\":\"https:\/\/www.visit-ulcinj.com\/blog\/#website\",\"url\":\"https:\/\/www.visit-ulcinj.com\/blog\/\",\"name\":\"Lajme nga Ulqini\",\"description\":\"Lajme,Vijesti,Ulqini,Ulqin,Crna Gora,Mali i Zi\",\"potentialAction\":[{\"@type\":\"SearchAction\",\"target\":{\"@type\":\"EntryPoint\",\"urlTemplate\":\"https:\/\/www.visit-ulcinj.com\/blog\/?s={search_term_string}\"},\"query-input\":\"required name=search_term_string\"}],\"inLanguage\":\"en-US\"},{\"@type\":\"ImageObject\",\"inLanguage\":\"en-US\",\"@id\":\"https:\/\/www.visit-ulcinj.com\/blog\/2009\/06\/05\/ulcinj-pod-zakup\/#primaryimage\",\"url\":\"https:\/\/www.visit-ulcinj.com\/blog\/wp-content\/uploads\/2009\/06\/ada-bojana_tender.jpg\",\"contentUrl\":\"https:\/\/www.visit-ulcinj.com\/blog\/wp-content\/uploads\/2009\/06\/ada-bojana_tender.jpg\",\"width\":\"1067\",\"height\":\"800\"},{\"@type\":\"WebPage\",\"@id\":\"https:\/\/www.visit-ulcinj.com\/blog\/2009\/06\/05\/ulcinj-pod-zakup\/#webpage\",\"url\":\"https:\/\/www.visit-ulcinj.com\/blog\/2009\/06\/05\/ulcinj-pod-zakup\/\",\"name\":\"Ulcinj pod zakup - Lajme nga Ulqini\",\"isPartOf\":{\"@id\":\"https:\/\/www.visit-ulcinj.com\/blog\/#website\"},\"primaryImageOfPage\":{\"@id\":\"https:\/\/www.visit-ulcinj.com\/blog\/2009\/06\/05\/ulcinj-pod-zakup\/#primaryimage\"},\"datePublished\":\"2009-06-05T08:14:04+00:00\",\"dateModified\":\"2009-06-05T08:14:30+00:00\",\"author\":{\"@id\":\"https:\/\/www.visit-ulcinj.com\/blog\/#\/schema\/person\/dcab619c614d3038751c63bc2aadc06d\"},\"description\":\"Nakon raspisivanja tendera za valorizaciju uvale Valdanos, crnogorska Vlada je odlu?ila da na tender odu i Velika pla\u017ea, duga 13 kilometara, i Ada, ostrvo\",\"breadcrumb\":{\"@id\":\"https:\/\/www.visit-ulcinj.com\/blog\/2009\/06\/05\/ulcinj-pod-zakup\/#breadcrumb\"},\"inLanguage\":\"en-US\",\"potentialAction\":[{\"@type\":\"ReadAction\",\"target\":[\"https:\/\/www.visit-ulcinj.com\/blog\/2009\/06\/05\/ulcinj-pod-zakup\/\"]}]},{\"@type\":\"BreadcrumbList\",\"@id\":\"https:\/\/www.visit-ulcinj.com\/blog\/2009\/06\/05\/ulcinj-pod-zakup\/#breadcrumb\",\"itemListElement\":[{\"@type\":\"ListItem\",\"position\":1,\"name\":\"Ulcinj pod zakup\"}]},{\"@type\":\"Person\",\"@id\":\"https:\/\/www.visit-ulcinj.com\/blog\/#\/schema\/person\/dcab619c614d3038751c63bc2aadc06d\",\"name\":\"ulqini\",\"sameAs\":[\"http:\/\/www.visit-ulcinj.com\"],\"url\":\"https:\/\/www.visit-ulcinj.com\/blog\/author\/admin\/\"}]}<\/script>\n<!-- \/ Yoast SEO plugin. -->","yoast_head_json":{"title":"Ulcinj pod zakup - Lajme nga Ulqini","description":"Nakon raspisivanja tendera za valorizaciju uvale Valdanos, crnogorska Vlada je odlu?ila da na tender odu i Velika pla\u017ea, duga 13 kilometara, i Ada, ostrvo","robots":{"index":"index","follow":"follow","max-snippet":"max-snippet:-1","max-image-preview":"max-image-preview:large","max-video-preview":"max-video-preview:-1"},"canonical":"https:\/\/www.visit-ulcinj.com\/blog\/2009\/06\/05\/ulcinj-pod-zakup\/","og_locale":"en_US","og_type":"article","og_title":"Ulcinj pod zakup - Lajme nga Ulqini","og_description":"Nakon raspisivanja tendera za valorizaciju uvale Valdanos, crnogorska Vlada je odlu?ila da na tender odu i Velika pla\u017ea, duga 13 kilometara, i Ada, ostrvo","og_url":"https:\/\/www.visit-ulcinj.com\/blog\/2009\/06\/05\/ulcinj-pod-zakup\/","og_site_name":"Lajme nga Ulqini","article_published_time":"2009-06-05T08:14:04+00:00","article_modified_time":"2009-06-05T08:14:30+00:00","og_image":[{"url":"http:\/\/www.visit-ulcinj.com\/blog\/wp-content\/uploads\/2009\/06\/ada-bojana_tender.jpg"}],"twitter_misc":{"Written by":"ulqini","Est. reading time":"4 minutes"},"schema":{"@context":"https:\/\/schema.org","@graph":[{"@type":"WebSite","@id":"https:\/\/www.visit-ulcinj.com\/blog\/#website","url":"https:\/\/www.visit-ulcinj.com\/blog\/","name":"Lajme nga Ulqini","description":"Lajme,Vijesti,Ulqini,Ulqin,Crna Gora,Mali i Zi","potentialAction":[{"@type":"SearchAction","target":{"@type":"EntryPoint","urlTemplate":"https:\/\/www.visit-ulcinj.com\/blog\/?s={search_term_string}"},"query-input":"required name=search_term_string"}],"inLanguage":"en-US"},{"@type":"ImageObject","inLanguage":"en-US","@id":"https:\/\/www.visit-ulcinj.com\/blog\/2009\/06\/05\/ulcinj-pod-zakup\/#primaryimage","url":"https:\/\/www.visit-ulcinj.com\/blog\/wp-content\/uploads\/2009\/06\/ada-bojana_tender.jpg","contentUrl":"https:\/\/www.visit-ulcinj.com\/blog\/wp-content\/uploads\/2009\/06\/ada-bojana_tender.jpg","width":"1067","height":"800"},{"@type":"WebPage","@id":"https:\/\/www.visit-ulcinj.com\/blog\/2009\/06\/05\/ulcinj-pod-zakup\/#webpage","url":"https:\/\/www.visit-ulcinj.com\/blog\/2009\/06\/05\/ulcinj-pod-zakup\/","name":"Ulcinj pod zakup - Lajme nga Ulqini","isPartOf":{"@id":"https:\/\/www.visit-ulcinj.com\/blog\/#website"},"primaryImageOfPage":{"@id":"https:\/\/www.visit-ulcinj.com\/blog\/2009\/06\/05\/ulcinj-pod-zakup\/#primaryimage"},"datePublished":"2009-06-05T08:14:04+00:00","dateModified":"2009-06-05T08:14:30+00:00","author":{"@id":"https:\/\/www.visit-ulcinj.com\/blog\/#\/schema\/person\/dcab619c614d3038751c63bc2aadc06d"},"description":"Nakon raspisivanja tendera za valorizaciju uvale Valdanos, crnogorska Vlada je odlu?ila da na tender odu i Velika pla\u017ea, duga 13 kilometara, i Ada, ostrvo","breadcrumb":{"@id":"https:\/\/www.visit-ulcinj.com\/blog\/2009\/06\/05\/ulcinj-pod-zakup\/#breadcrumb"},"inLanguage":"en-US","potentialAction":[{"@type":"ReadAction","target":["https:\/\/www.visit-ulcinj.com\/blog\/2009\/06\/05\/ulcinj-pod-zakup\/"]}]},{"@type":"BreadcrumbList","@id":"https:\/\/www.visit-ulcinj.com\/blog\/2009\/06\/05\/ulcinj-pod-zakup\/#breadcrumb","itemListElement":[{"@type":"ListItem","position":1,"name":"Ulcinj pod zakup"}]},{"@type":"Person","@id":"https:\/\/www.visit-ulcinj.com\/blog\/#\/schema\/person\/dcab619c614d3038751c63bc2aadc06d","name":"ulqini","sameAs":["http:\/\/www.visit-ulcinj.com"],"url":"https:\/\/www.visit-ulcinj.com\/blog\/author\/admin\/"}]}},"jetpack_featured_media_url":"","jetpack_sharing_enabled":true,"jetpack_shortlink":"https:\/\/wp.me\/pe6lTn-5Rl","_links":{"self":[{"href":"https:\/\/www.visit-ulcinj.com\/blog\/wp-json\/wp\/v2\/posts\/22527"}],"collection":[{"href":"https:\/\/www.visit-ulcinj.com\/blog\/wp-json\/wp\/v2\/posts"}],"about":[{"href":"https:\/\/www.visit-ulcinj.com\/blog\/wp-json\/wp\/v2\/types\/post"}],"author":[{"embeddable":true,"href":"https:\/\/www.visit-ulcinj.com\/blog\/wp-json\/wp\/v2\/users\/1"}],"replies":[{"embeddable":true,"href":"https:\/\/www.visit-ulcinj.com\/blog\/wp-json\/wp\/v2\/comments?post=22527"}],"version-history":[{"count":0,"href":"https:\/\/www.visit-ulcinj.com\/blog\/wp-json\/wp\/v2\/posts\/22527\/revisions"}],"wp:attachment":[{"href":"https:\/\/www.visit-ulcinj.com\/blog\/wp-json\/wp\/v2\/media?parent=22527"}],"wp:term":[{"taxonomy":"category","embeddable":true,"href":"https:\/\/www.visit-ulcinj.com\/blog\/wp-json\/wp\/v2\/categories?post=22527"},{"taxonomy":"post_tag","embeddable":true,"href":"https:\/\/www.visit-ulcinj.com\/blog\/wp-json\/wp\/v2\/tags?post=22527"}],"curies":[{"name":"wp","href":"https:\/\/api.w.org\/{rel}","templated":true}]}}