{"id":22546,"date":"2009-06-05T10:53:24","date_gmt":"2009-06-05T08:53:24","guid":{"rendered":"http:\/\/www.visit-ulcinj.com\/blog\/?p=22546"},"modified":"2009-06-07T19:34:39","modified_gmt":"2009-06-07T17:34:39","slug":"ocuvanje-i-razvoj-kulture-albanaca-u-crnoj-gori","status":"publish","type":"post","link":"https:\/\/www.visit-ulcinj.com\/blog\/2009\/06\/05\/ocuvanje-i-razvoj-kulture-albanaca-u-crnoj-gori\/","title":{"rendered":"O?uvanje i razvoj kulture Albanaca u Crnoj Gori"},"content":{"rendered":"<p><strong><img loading=\"lazy\" class=\"alignleft size-full wp-image-22547\" title=\"tahir-tahiri\" src=\"http:\/\/www.visit-ulcinj.com\/blog\/wp-content\/uploads\/2009\/06\/tahir-tahiri-344x353-custom.jpg\" alt=\"tahir-tahiri\" width=\"344\" height=\"353\" \/>Aktivnosti Centra za o?uvanje i razvoj kulture manjina Crne Gore i Nacionalnog savjeta Albanaca<\/strong><\/p>\n<p>Podgorica, 4. juna- Direktor Centra za o?uvanje i razvoj kulture manjina Crne Gore profesor Senad Ga?evi? i predstavnici Nacionalnog savjeta Albanaca u Crnoj Gori, predsjednik Tahir Tahiri sa saradnicima danas su na sastanku razgovarali o djelatnostima, aktivnostima i budu?im planovima Centra vezanim za za\u0161titu i promociju kulture ove manjine u Crnoj Gori. Predstavnici Nacionalnog savjeta Albanaca su upoznali gospodina Ga?evi?a o svojim dosada\u0161anjim aktivnostima i planovima vezanim za kulturu i kulturna de\u0161avanja ove manjine i dostavili dokument u kome su jasno definisani Ciljevi njihovog savjeta. Iz Nacionalnog Savjeta Albanaca ovaj susret smatraju posebno va\u017enim zbog ?injenice da u Crnoj Gori Albanci predstavljaju specifi?nu manjinu, koja pored ?injenice da je i jezi?ka manjina, ba\u0161tini posebnu kulturnu prepoznatljivost. Posebno je nagla\u0161ena va\u017enost pa\u017eljivog koncipiranja zajedni?kih aktivnosti na planu o?uvanja i razvoja kulture Albanaca u Crnoj Gori imaju?i u vidu ?injenicu da ove aktivnosti mogu biti spona od izuzetnog zna?aja za regionalne komunikacije i saradnju.<\/p>\n<p>Direktor Centra Ga?evi? je naglasio da ?e uloga Centra u budu?im aktivnostima za\u0161tite i promocije kulture Albanaca u Crnoj Gori biti partnerska sa svim institucijama i pojedincima koji su anga\u017eovani na ovim poslovima i naglasio kriterijum referentnosti kao klju?ni kriterijum svakog partnerstva.<\/p>\n<p>Predstavnici Nacionalnog Savjeta izrazili su zadovoljstvo po?etkom rada Centra i njegovom inicijativom za komunikaciju i izrazili spremnost za saradnju sa Centrom u cilju op\u0161teg pobolj\u0161anja polo\u017eaja albanske manjine i njene bolje integracije u kulturne i dru\u0161tvene tokove Crne Gore.<br \/>\n<strong><br \/>\nO.U.<br \/>\nPobjeda<\/strong><\/p>\n<p><strong><!--YouTube Error: bad URL entered--><br \/>\n<\/strong><\/p>\n","protected":false},"excerpt":{"rendered":"<p>Aktivnosti Centra za o?uvanje i razvoj kulture manjina Crne Gore i Nacionalnog savjeta Albanaca Podgorica, 4. juna- Direktor Centra za o?uvanje i razvoj kulture manjina Crne Gore profesor Senad Ga?evi? i predstavnici Nacionalnog savjeta Albanaca u Crnoj Gori, predsjednik Tahir Tahiri sa saradnicima danas su na sastanku razgovarali o djelatnostima, aktivnostima i budu?im planovima Centra [&hellip;]<\/p>\n","protected":false},"author":1,"featured_media":0,"comment_status":"open","ping_status":"closed","sticky":false,"template":"","format":"standard","meta":{"spay_email":"","jetpack_publicize_message":"","jetpack_is_tweetstorm":false,"jetpack_publicize_feature_enabled":true},"categories":[8337],"tags":[11009,11008,11010,899,2708],"jetpack_publicize_connections":[],"yoast_head":"<!-- This site is optimized with the Yoast SEO plugin v19.1 - https:\/\/yoast.com\/wordpress\/plugins\/seo\/ -->\n<title>O?uvanje i razvoj kulture Albanaca u Crnoj Gori - Lajme nga Ulqini<\/title>\n<meta name=\"description\" content=\"Aktivnosti Centra za o?uvanje i razvoj kulture manjina Crne Gore i Nacionalnog savjeta Albanaca Podgorica, 4. juna- Direktor Centra za o?uvanje i razvoj\" \/>\n<meta name=\"robots\" content=\"index, follow, max-snippet:-1, max-image-preview:large, max-video-preview:-1\" \/>\n<link rel=\"canonical\" href=\"https:\/\/www.visit-ulcinj.com\/blog\/2009\/06\/05\/ocuvanje-i-razvoj-kulture-albanaca-u-crnoj-gori\/\" \/>\n<meta property=\"og:locale\" content=\"en_US\" \/>\n<meta property=\"og:type\" content=\"article\" \/>\n<meta property=\"og:title\" content=\"O?uvanje i razvoj kulture Albanaca u Crnoj Gori - Lajme nga Ulqini\" \/>\n<meta property=\"og:description\" content=\"Aktivnosti Centra za o?uvanje i razvoj kulture manjina Crne Gore i Nacionalnog savjeta Albanaca Podgorica, 4. juna- Direktor Centra za o?uvanje i razvoj\" \/>\n<meta property=\"og:url\" content=\"https:\/\/www.visit-ulcinj.com\/blog\/2009\/06\/05\/ocuvanje-i-razvoj-kulture-albanaca-u-crnoj-gori\/\" \/>\n<meta property=\"og:site_name\" content=\"Lajme nga Ulqini\" \/>\n<meta property=\"article:published_time\" content=\"2009-06-05T08:53:24+00:00\" \/>\n<meta property=\"article:modified_time\" content=\"2009-06-07T17:34:39+00:00\" \/>\n<meta property=\"og:image\" content=\"http:\/\/www.visit-ulcinj.com\/blog\/wp-content\/uploads\/2009\/06\/tahir-tahiri-344x353-custom.jpg\" \/>\n<meta name=\"twitter:label1\" content=\"Written by\" \/>\n\t<meta name=\"twitter:data1\" content=\"ulqini\" \/>\n\t<meta name=\"twitter:label2\" content=\"Est. reading time\" \/>\n\t<meta name=\"twitter:data2\" content=\"1 minute\" \/>\n<script type=\"application\/ld+json\" class=\"yoast-schema-graph\">{\"@context\":\"https:\/\/schema.org\",\"@graph\":[{\"@type\":\"WebSite\",\"@id\":\"https:\/\/www.visit-ulcinj.com\/blog\/#website\",\"url\":\"https:\/\/www.visit-ulcinj.com\/blog\/\",\"name\":\"Lajme nga Ulqini\",\"description\":\"Lajme,Vijesti,Ulqini,Ulqin,Crna Gora,Mali i Zi\",\"potentialAction\":[{\"@type\":\"SearchAction\",\"target\":{\"@type\":\"EntryPoint\",\"urlTemplate\":\"https:\/\/www.visit-ulcinj.com\/blog\/?s={search_term_string}\"},\"query-input\":\"required name=search_term_string\"}],\"inLanguage\":\"en-US\"},{\"@type\":\"ImageObject\",\"inLanguage\":\"en-US\",\"@id\":\"https:\/\/www.visit-ulcinj.com\/blog\/2009\/06\/05\/ocuvanje-i-razvoj-kulture-albanaca-u-crnoj-gori\/#primaryimage\",\"url\":\"http:\/\/www.visit-ulcinj.com\/blog\/wp-content\/uploads\/2009\/06\/tahir-tahiri-344x353-custom.jpg\",\"contentUrl\":\"http:\/\/www.visit-ulcinj.com\/blog\/wp-content\/uploads\/2009\/06\/tahir-tahiri-344x353-custom.jpg\"},{\"@type\":\"WebPage\",\"@id\":\"https:\/\/www.visit-ulcinj.com\/blog\/2009\/06\/05\/ocuvanje-i-razvoj-kulture-albanaca-u-crnoj-gori\/#webpage\",\"url\":\"https:\/\/www.visit-ulcinj.com\/blog\/2009\/06\/05\/ocuvanje-i-razvoj-kulture-albanaca-u-crnoj-gori\/\",\"name\":\"O?uvanje i razvoj kulture Albanaca u Crnoj Gori - Lajme nga Ulqini\",\"isPartOf\":{\"@id\":\"https:\/\/www.visit-ulcinj.com\/blog\/#website\"},\"primaryImageOfPage\":{\"@id\":\"https:\/\/www.visit-ulcinj.com\/blog\/2009\/06\/05\/ocuvanje-i-razvoj-kulture-albanaca-u-crnoj-gori\/#primaryimage\"},\"datePublished\":\"2009-06-05T08:53:24+00:00\",\"dateModified\":\"2009-06-07T17:34:39+00:00\",\"author\":{\"@id\":\"https:\/\/www.visit-ulcinj.com\/blog\/#\/schema\/person\/dcab619c614d3038751c63bc2aadc06d\"},\"description\":\"Aktivnosti Centra za o?uvanje i razvoj kulture manjina Crne Gore i Nacionalnog savjeta Albanaca Podgorica, 4. juna- Direktor Centra za o?uvanje i razvoj\",\"breadcrumb\":{\"@id\":\"https:\/\/www.visit-ulcinj.com\/blog\/2009\/06\/05\/ocuvanje-i-razvoj-kulture-albanaca-u-crnoj-gori\/#breadcrumb\"},\"inLanguage\":\"en-US\",\"potentialAction\":[{\"@type\":\"ReadAction\",\"target\":[\"https:\/\/www.visit-ulcinj.com\/blog\/2009\/06\/05\/ocuvanje-i-razvoj-kulture-albanaca-u-crnoj-gori\/\"]}]},{\"@type\":\"BreadcrumbList\",\"@id\":\"https:\/\/www.visit-ulcinj.com\/blog\/2009\/06\/05\/ocuvanje-i-razvoj-kulture-albanaca-u-crnoj-gori\/#breadcrumb\",\"itemListElement\":[{\"@type\":\"ListItem\",\"position\":1,\"name\":\"O?uvanje i razvoj kulture Albanaca u Crnoj Gori\"}]},{\"@type\":\"Person\",\"@id\":\"https:\/\/www.visit-ulcinj.com\/blog\/#\/schema\/person\/dcab619c614d3038751c63bc2aadc06d\",\"name\":\"ulqini\",\"sameAs\":[\"http:\/\/www.visit-ulcinj.com\"],\"url\":\"https:\/\/www.visit-ulcinj.com\/blog\/author\/admin\/\"}]}<\/script>\n<!-- \/ Yoast SEO plugin. -->","yoast_head_json":{"title":"O?uvanje i razvoj kulture Albanaca u Crnoj Gori - Lajme nga Ulqini","description":"Aktivnosti Centra za o?uvanje i razvoj kulture manjina Crne Gore i Nacionalnog savjeta Albanaca Podgorica, 4. juna- Direktor Centra za o?uvanje i razvoj","robots":{"index":"index","follow":"follow","max-snippet":"max-snippet:-1","max-image-preview":"max-image-preview:large","max-video-preview":"max-video-preview:-1"},"canonical":"https:\/\/www.visit-ulcinj.com\/blog\/2009\/06\/05\/ocuvanje-i-razvoj-kulture-albanaca-u-crnoj-gori\/","og_locale":"en_US","og_type":"article","og_title":"O?uvanje i razvoj kulture Albanaca u Crnoj Gori - Lajme nga Ulqini","og_description":"Aktivnosti Centra za o?uvanje i razvoj kulture manjina Crne Gore i Nacionalnog savjeta Albanaca Podgorica, 4. juna- Direktor Centra za o?uvanje i razvoj","og_url":"https:\/\/www.visit-ulcinj.com\/blog\/2009\/06\/05\/ocuvanje-i-razvoj-kulture-albanaca-u-crnoj-gori\/","og_site_name":"Lajme nga Ulqini","article_published_time":"2009-06-05T08:53:24+00:00","article_modified_time":"2009-06-07T17:34:39+00:00","og_image":[{"url":"http:\/\/www.visit-ulcinj.com\/blog\/wp-content\/uploads\/2009\/06\/tahir-tahiri-344x353-custom.jpg"}],"twitter_misc":{"Written by":"ulqini","Est. reading time":"1 minute"},"schema":{"@context":"https:\/\/schema.org","@graph":[{"@type":"WebSite","@id":"https:\/\/www.visit-ulcinj.com\/blog\/#website","url":"https:\/\/www.visit-ulcinj.com\/blog\/","name":"Lajme nga Ulqini","description":"Lajme,Vijesti,Ulqini,Ulqin,Crna Gora,Mali i Zi","potentialAction":[{"@type":"SearchAction","target":{"@type":"EntryPoint","urlTemplate":"https:\/\/www.visit-ulcinj.com\/blog\/?s={search_term_string}"},"query-input":"required name=search_term_string"}],"inLanguage":"en-US"},{"@type":"ImageObject","inLanguage":"en-US","@id":"https:\/\/www.visit-ulcinj.com\/blog\/2009\/06\/05\/ocuvanje-i-razvoj-kulture-albanaca-u-crnoj-gori\/#primaryimage","url":"http:\/\/www.visit-ulcinj.com\/blog\/wp-content\/uploads\/2009\/06\/tahir-tahiri-344x353-custom.jpg","contentUrl":"http:\/\/www.visit-ulcinj.com\/blog\/wp-content\/uploads\/2009\/06\/tahir-tahiri-344x353-custom.jpg"},{"@type":"WebPage","@id":"https:\/\/www.visit-ulcinj.com\/blog\/2009\/06\/05\/ocuvanje-i-razvoj-kulture-albanaca-u-crnoj-gori\/#webpage","url":"https:\/\/www.visit-ulcinj.com\/blog\/2009\/06\/05\/ocuvanje-i-razvoj-kulture-albanaca-u-crnoj-gori\/","name":"O?uvanje i razvoj kulture Albanaca u Crnoj Gori - Lajme nga Ulqini","isPartOf":{"@id":"https:\/\/www.visit-ulcinj.com\/blog\/#website"},"primaryImageOfPage":{"@id":"https:\/\/www.visit-ulcinj.com\/blog\/2009\/06\/05\/ocuvanje-i-razvoj-kulture-albanaca-u-crnoj-gori\/#primaryimage"},"datePublished":"2009-06-05T08:53:24+00:00","dateModified":"2009-06-07T17:34:39+00:00","author":{"@id":"https:\/\/www.visit-ulcinj.com\/blog\/#\/schema\/person\/dcab619c614d3038751c63bc2aadc06d"},"description":"Aktivnosti Centra za o?uvanje i razvoj kulture manjina Crne Gore i Nacionalnog savjeta Albanaca Podgorica, 4. juna- Direktor Centra za o?uvanje i razvoj","breadcrumb":{"@id":"https:\/\/www.visit-ulcinj.com\/blog\/2009\/06\/05\/ocuvanje-i-razvoj-kulture-albanaca-u-crnoj-gori\/#breadcrumb"},"inLanguage":"en-US","potentialAction":[{"@type":"ReadAction","target":["https:\/\/www.visit-ulcinj.com\/blog\/2009\/06\/05\/ocuvanje-i-razvoj-kulture-albanaca-u-crnoj-gori\/"]}]},{"@type":"BreadcrumbList","@id":"https:\/\/www.visit-ulcinj.com\/blog\/2009\/06\/05\/ocuvanje-i-razvoj-kulture-albanaca-u-crnoj-gori\/#breadcrumb","itemListElement":[{"@type":"ListItem","position":1,"name":"O?uvanje i razvoj kulture Albanaca u Crnoj Gori"}]},{"@type":"Person","@id":"https:\/\/www.visit-ulcinj.com\/blog\/#\/schema\/person\/dcab619c614d3038751c63bc2aadc06d","name":"ulqini","sameAs":["http:\/\/www.visit-ulcinj.com"],"url":"https:\/\/www.visit-ulcinj.com\/blog\/author\/admin\/"}]}},"jetpack_featured_media_url":"","jetpack_sharing_enabled":true,"jetpack_shortlink":"https:\/\/wp.me\/pe6lTn-5RE","_links":{"self":[{"href":"https:\/\/www.visit-ulcinj.com\/blog\/wp-json\/wp\/v2\/posts\/22546"}],"collection":[{"href":"https:\/\/www.visit-ulcinj.com\/blog\/wp-json\/wp\/v2\/posts"}],"about":[{"href":"https:\/\/www.visit-ulcinj.com\/blog\/wp-json\/wp\/v2\/types\/post"}],"author":[{"embeddable":true,"href":"https:\/\/www.visit-ulcinj.com\/blog\/wp-json\/wp\/v2\/users\/1"}],"replies":[{"embeddable":true,"href":"https:\/\/www.visit-ulcinj.com\/blog\/wp-json\/wp\/v2\/comments?post=22546"}],"version-history":[{"count":0,"href":"https:\/\/www.visit-ulcinj.com\/blog\/wp-json\/wp\/v2\/posts\/22546\/revisions"}],"wp:attachment":[{"href":"https:\/\/www.visit-ulcinj.com\/blog\/wp-json\/wp\/v2\/media?parent=22546"}],"wp:term":[{"taxonomy":"category","embeddable":true,"href":"https:\/\/www.visit-ulcinj.com\/blog\/wp-json\/wp\/v2\/categories?post=22546"},{"taxonomy":"post_tag","embeddable":true,"href":"https:\/\/www.visit-ulcinj.com\/blog\/wp-json\/wp\/v2\/tags?post=22546"}],"curies":[{"name":"wp","href":"https:\/\/api.w.org\/{rel}","templated":true}]}}