{"id":2261,"date":"2008-08-07T11:00:16","date_gmt":"2008-08-07T16:00:16","guid":{"rendered":"http:\/\/www.visit-ulcinj.com\/blog\/?p=2261"},"modified":"2008-08-07T11:49:15","modified_gmt":"2008-08-07T16:49:15","slug":"delegacioni-i-ldmz-takon-ambasadorin-e-shqiperise-ne-mal-te-zi","status":"publish","type":"post","link":"https:\/\/www.visit-ulcinj.com\/blog\/2008\/08\/07\/delegacioni-i-ldmz-takon-ambasadorin-e-shqiperise-ne-mal-te-zi\/","title":{"rendered":"Delegacioni i LDMZ takon ambasadorin e Shqip\u00ebris\u00eb n\u00eb Mal t\u00eb Zi"},"content":{"rendered":"<p><a href=\"http:\/\/www.malesia.org\/lajmet\/foto\/bardhi_beci_camaj_gjonbalaj.jpg\"><img loading=\"lazy\" class=\"alignleft\" title=\"Mehmet Bardhi,Tonin Beci,Nikoll\u00eb Camaj,Tahir Gjonbalaj\" src=\"http:\/\/www.malesia.org\/lajmet\/foto\/bardhi_beci_camaj_gjonbalaj.jpg\" alt=\"Mehmet Bardhi,Tonin Beci,Nikoll\u00eb Camaj,Tahir Gjonbalaj\" width=\"303\" height=\"225\" \/><\/a><\/p>\n<p><strong>Pritje e ngroht\u00eb e v\u00ebllaz\u00ebnore n\u00eb ambasad\u00ebn e Shqip\u00ebris\u00eb n\u00eb Podgoric\u00eb <\/strong><br \/>\nAmbasadori fuqiplot\u00eb i Shqip\u00ebris\u00eb n\u00eb Malin e Zi, ekselenca e tij zot\u00ebri Tonin Beci, n\u00eb Ambasad\u00ebn e Shqip\u00ebris\u00eb n\u00eb Podgoric\u00eb, me ftes\u00eb t\u00eb tij, priti delegacionin e Lidhjes Demokratike n\u00eb Mal t\u00eb Zi: Mehmet Bardhi, Nikoll\u00eb Camaj dhe Tahir Gjonbalaj. N\u00eb pritjen e takimin e p\u00ebrzem\u00ebrt e v\u00ebllaz\u00ebror, udh\u00ebheq\u00ebsit e LD n\u00eb MZ e fal\u00ebnderuan p\u00ebr takimin dhe i uruan pun\u00eb t\u00eb mbar\u00eb Ambasadorit t\u00eb posaem\u00ebruar shqiptar n\u00eb Malin e Zi. N\u00eb t\u00eb nj\u00ebjt\u00ebn koh\u00eb, ishte ky rasti p\u00ebr t\u00eb njoftuar Ambasadorin e ri me situat\u00ebn e shqiptar\u00ebve n\u00eb Mal t\u00eb Zi dhe aktivitetin e Lidhjes Demokratike, duke u p\u00ebrq\u00ebndruar edhe n\u00eb momentin aktual t\u00eb marr\u00ebdh\u00ebnieve nd\u00ebrshtet\u00ebrore si dhe lidhur me situat\u00ebn n\u00eb rajon, me theks t\u00eb ve\u00e7ant n\u00eb drit\u00ebn e realitetit t\u00eb ri pas shpalljes s\u00eb pavar\u00ebsis\u00eb s\u00eb Kosov\u00ebs.<br \/>\nN\u00eb k\u00ebt\u00eb takim poashtu u theksua edhe r\u00ebnd\u00ebsia e marr\u00ebdh\u00ebnjeve t\u00eb mira nd\u00ebrmjet Shqip\u00ebris\u00eb dhe Malit t\u00eb Zi, n\u00eb ve\u00e7anti edhe p\u00ebr faktin se k\u00ebtu n\u00eb n\u00eb trojet e veta shekullore jeton num\u00ebr i konsideruesh\u00ebm i qytetar\u00ebve shqiptar\u00eb t\u00eb cil\u00ebt mir\u00ebpresin p\u00ebrkrahjen nga shteti am\u00eb n\u00eb fushat e ndryshme jet\u00ebsore ku kemi nevoj\u00eb.<br \/>\nKryetari Mehmet Bardhi, e njoftoi nikoqirin me angazhimet e subjektit t\u00eb par\u00eb politik nacional t\u00eb shqiptar\u00ebve n\u00eb Malin e Zi, i cili gjat\u00eb gjith\u00eb koh\u00ebs s\u00eb veprimtaris\u00eb s\u00eb vet, q\u00eb nga themelimi (09.09.1990), \u00ebsht\u00eb angazhuar pa rezerv\u00eb p\u00ebr realizimin e t\u00eb drejtave njer\u00ebzore e nacionale t\u00eb shqiptar\u00ebve n\u00eb MZ. Ndihma n\u00eb sfer\u00ebn e arsimit \u00ebsht\u00eb p\u00ebr t\u2019u p\u00ebrsh\u00ebndetur, po q\u00eb nevoja \u00ebsht\u00eb q\u00eb kjo edhe t\u00eb shtohet, pasi interesimi p\u00ebr t\u00eb studiuar n\u00eb Universitetet e Shqip\u00ebris\u00eb p\u00ebpr \u00e7do dit\u00eb po shtohet. . U vler\u00ebsua edhe puna q\u00eb ka b\u00ebr\u00eb ky subjekt n\u00eb drejtim t\u00eb v\u00ebnies s\u00eb kontakteve t\u00eb shumta me qarqe t\u00eb larta politike t\u00eb shtetit am\u00eb dhe t\u00eb nivelit nd\u00ebrkomb\u00ebtar. Zoti Bardhi ceku nevoj\u00ebn e nj\u00eb mb\u00ebshtetjeje m\u00eb efikase t\u00eb p\u00ebrfaq\u00ebsuesve diplomatik e udh\u00ebheq\u00ebsve t\u00eb tjer\u00eb shqiptar\u00eb n\u00eb drejtim t\u00eb avancimit t\u00eb k\u00ebrkesave tona. Bashk\u00ebrisht u vler\u00ebsua se kjo do t\u00eb ishte m\u00ebnyra m\u00eb e mir\u00eb edhe p\u00ebr vendosjen e marr\u00ebdh\u00ebnieve t\u00eb mira fqinj\u00ebsore nd\u00ebrmjet Malit t\u00eb Zi dhe Shqip\u00ebris\u00eb n\u00eb funksion t\u00eb ruajtjes s\u00eb stabilitetit t\u00eb rajonit dhe t\u00eb integrimeve euroatlantike.<br \/>\nNikoll\u00eb Camaj e njoftoi Asmbasadorin me statusin dhe me problemet e komun\u00ebs urbane t\u00eb Tuzit, t\u00eb cilat nuk jan\u00eb t\u00eb pak\u00ebta. U tha se angazhimi p\u00ebr realizimin e komun\u00ebs plot\u00eb t\u00eb Tuzit dhe realizimi i t\u00eb drejtave t\u00eb shqiptar\u00ebve do t\u00eb jet\u00eb edhe m\u00eb tej angazhimi yn\u00eb. Nd\u00ebrsa Tahir Gjonbalaj u ndal te angazhimet q\u00eb ky subjekt, p\u00ebrve\u00e7 t\u00eb tjerave, ka nd\u00ebrmarr\u00eb n\u00eb rajonin Plav\u00eb-Guci e n\u00eb bashk\u00ebpunim edhe me strukturat lokale shqiptare p\u00ebr t\u00eb themeluar \u201cParkun e Paq\u00ebs\u201d q\u00eb \u00ebsht\u00eb nj\u00eb antipod i parkut nacional \u201cProkletije\u201d t\u00eb posashpallur nga Mali i Zi, si akt q\u00eb pik\u00ebspari rrezikon interesat e shqiptar\u00ebve t\u00eb k\u00ebtij rajoni.<br \/>\nN\u00eb t\u00eb nj\u00ebjt\u00ebn koh\u00eb, Nikoll\u00eb Camaj e njoftoi edhe me vizit\u00ebn q\u00eb k\u00ebt\u00eb jav\u00eb do t\u2019i b\u00ebj\u00eb Mal\u00ebsis\u00eb dhe Komun\u00ebs urbane t\u00eb Tuzit kryebashkiaku i qytetit simot\u00ebr, Rochester Hills, nga SHBA dhe e ftoi Ambasadorin q\u00eb t\u2019i bashj\u00ebngjitet manifestimit t\u00eb rastit dhe q\u00eb t\u00eb takohet me z. Barnett.<br \/>\nP\u00ebrfaq\u00ebsuesit e LD-s\u00eb e njohtuan Ambasadorin Beci edhe me procesin e privatizimit, i cili n\u00eb trojet tona i ka t\u00eb gjitha karakteristikat e nj\u00eb kolonizimi e okupimi, p\u00ebr \u00e7ka disa qarqe politike shqiptare n\u00eb MZ, fatkeq\u00ebsisht, po i mbajn\u00eb ison, mbase edhe po bashk\u00ebpunojn\u00eb p\u00ebr interesa t\u00eb ngushta personale t\u00eb tipit t\u00eb s\u00eb kaluar\u00ebs.<br \/>\n<strong>Burimi \/ Malsia.org<\/strong><\/p>\n","protected":false},"excerpt":{"rendered":"<p><img loading=\"lazy\" title=\"Mehmet Bardhi,Tonin Beci,Nikoll\u00eb Camaj,Tahir Gjonbalaj\" src=\"http:\/\/www.malesia.org\/lajmet\/foto\/bardhi_beci_camaj_gjonbalaj.jpg\" alt=\"Mehmet Bardhi,Tonin Beci,Nikoll\u00eb Camaj,Tahir Gjonbalaj\" width=\"140\" height=\"140\" \/><\/p>\n","protected":false},"author":1,"featured_media":0,"comment_status":"open","ping_status":"closed","sticky":false,"template":"","format":"standard","meta":{"spay_email":"","jetpack_publicize_message":"","jetpack_is_tweetstorm":false,"jetpack_publicize_feature_enabled":true},"categories":[1,12],"tags":[347,189,897,4261],"jetpack_publicize_connections":[],"yoast_head":"<!-- This site is optimized with the Yoast SEO plugin v19.1 - https:\/\/yoast.com\/wordpress\/plugins\/seo\/ -->\n<title>Delegacioni i LDMZ takon ambasadorin e Shqip\u00ebris\u00eb n\u00eb Mal t\u00eb Zi - Lajme nga Ulqini<\/title>\n<meta name=\"robots\" content=\"index, follow, max-snippet:-1, max-image-preview:large, max-video-preview:-1\" \/>\n<link rel=\"canonical\" href=\"https:\/\/www.visit-ulcinj.com\/blog\/2008\/08\/07\/delegacioni-i-ldmz-takon-ambasadorin-e-shqiperise-ne-mal-te-zi\/\" \/>\n<meta property=\"og:locale\" content=\"en_US\" \/>\n<meta property=\"og:type\" content=\"article\" \/>\n<meta property=\"og:title\" content=\"Delegacioni i LDMZ takon ambasadorin e Shqip\u00ebris\u00eb n\u00eb Mal t\u00eb Zi - Lajme nga Ulqini\" \/>\n<meta property=\"og:url\" content=\"https:\/\/www.visit-ulcinj.com\/blog\/2008\/08\/07\/delegacioni-i-ldmz-takon-ambasadorin-e-shqiperise-ne-mal-te-zi\/\" \/>\n<meta property=\"og:site_name\" content=\"Lajme nga Ulqini\" \/>\n<meta property=\"article:published_time\" content=\"2008-08-07T16:00:16+00:00\" \/>\n<meta property=\"article:modified_time\" content=\"2008-08-07T16:49:15+00:00\" \/>\n<meta property=\"og:image\" content=\"http:\/\/www.malesia.org\/lajmet\/foto\/bardhi_beci_camaj_gjonbalaj.jpg\" \/>\n<meta name=\"twitter:label1\" content=\"Written by\" \/>\n\t<meta name=\"twitter:data1\" content=\"ulqini\" \/>\n\t<meta name=\"twitter:label2\" content=\"Est. reading time\" \/>\n\t<meta name=\"twitter:data2\" content=\"3 minutes\" \/>\n<script type=\"application\/ld+json\" class=\"yoast-schema-graph\">{\"@context\":\"https:\/\/schema.org\",\"@graph\":[{\"@type\":\"WebSite\",\"@id\":\"https:\/\/www.visit-ulcinj.com\/blog\/#website\",\"url\":\"https:\/\/www.visit-ulcinj.com\/blog\/\",\"name\":\"Lajme nga Ulqini\",\"description\":\"Lajme,Vijesti,Ulqini,Ulqin,Crna Gora,Mali i Zi\",\"potentialAction\":[{\"@type\":\"SearchAction\",\"target\":{\"@type\":\"EntryPoint\",\"urlTemplate\":\"https:\/\/www.visit-ulcinj.com\/blog\/?s={search_term_string}\"},\"query-input\":\"required name=search_term_string\"}],\"inLanguage\":\"en-US\"},{\"@type\":\"ImageObject\",\"inLanguage\":\"en-US\",\"@id\":\"https:\/\/www.visit-ulcinj.com\/blog\/2008\/08\/07\/delegacioni-i-ldmz-takon-ambasadorin-e-shqiperise-ne-mal-te-zi\/#primaryimage\",\"url\":\"http:\/\/www.malesia.org\/lajmet\/foto\/bardhi_beci_camaj_gjonbalaj.jpg\",\"contentUrl\":\"http:\/\/www.malesia.org\/lajmet\/foto\/bardhi_beci_camaj_gjonbalaj.jpg\"},{\"@type\":\"WebPage\",\"@id\":\"https:\/\/www.visit-ulcinj.com\/blog\/2008\/08\/07\/delegacioni-i-ldmz-takon-ambasadorin-e-shqiperise-ne-mal-te-zi\/#webpage\",\"url\":\"https:\/\/www.visit-ulcinj.com\/blog\/2008\/08\/07\/delegacioni-i-ldmz-takon-ambasadorin-e-shqiperise-ne-mal-te-zi\/\",\"name\":\"Delegacioni i LDMZ takon ambasadorin e Shqip\u00ebris\u00eb n\u00eb Mal t\u00eb Zi - Lajme nga Ulqini\",\"isPartOf\":{\"@id\":\"https:\/\/www.visit-ulcinj.com\/blog\/#website\"},\"primaryImageOfPage\":{\"@id\":\"https:\/\/www.visit-ulcinj.com\/blog\/2008\/08\/07\/delegacioni-i-ldmz-takon-ambasadorin-e-shqiperise-ne-mal-te-zi\/#primaryimage\"},\"datePublished\":\"2008-08-07T16:00:16+00:00\",\"dateModified\":\"2008-08-07T16:49:15+00:00\",\"author\":{\"@id\":\"https:\/\/www.visit-ulcinj.com\/blog\/#\/schema\/person\/dcab619c614d3038751c63bc2aadc06d\"},\"breadcrumb\":{\"@id\":\"https:\/\/www.visit-ulcinj.com\/blog\/2008\/08\/07\/delegacioni-i-ldmz-takon-ambasadorin-e-shqiperise-ne-mal-te-zi\/#breadcrumb\"},\"inLanguage\":\"en-US\",\"potentialAction\":[{\"@type\":\"ReadAction\",\"target\":[\"https:\/\/www.visit-ulcinj.com\/blog\/2008\/08\/07\/delegacioni-i-ldmz-takon-ambasadorin-e-shqiperise-ne-mal-te-zi\/\"]}]},{\"@type\":\"BreadcrumbList\",\"@id\":\"https:\/\/www.visit-ulcinj.com\/blog\/2008\/08\/07\/delegacioni-i-ldmz-takon-ambasadorin-e-shqiperise-ne-mal-te-zi\/#breadcrumb\",\"itemListElement\":[{\"@type\":\"ListItem\",\"position\":1,\"name\":\"Delegacioni i LDMZ takon ambasadorin e Shqip\u00ebris\u00eb n\u00eb Mal t\u00eb Zi\"}]},{\"@type\":\"Person\",\"@id\":\"https:\/\/www.visit-ulcinj.com\/blog\/#\/schema\/person\/dcab619c614d3038751c63bc2aadc06d\",\"name\":\"ulqini\",\"sameAs\":[\"http:\/\/www.visit-ulcinj.com\"],\"url\":\"https:\/\/www.visit-ulcinj.com\/blog\/author\/admin\/\"}]}<\/script>\n<!-- \/ Yoast SEO plugin. -->","yoast_head_json":{"title":"Delegacioni i LDMZ takon ambasadorin e Shqip\u00ebris\u00eb n\u00eb Mal t\u00eb Zi - Lajme nga Ulqini","robots":{"index":"index","follow":"follow","max-snippet":"max-snippet:-1","max-image-preview":"max-image-preview:large","max-video-preview":"max-video-preview:-1"},"canonical":"https:\/\/www.visit-ulcinj.com\/blog\/2008\/08\/07\/delegacioni-i-ldmz-takon-ambasadorin-e-shqiperise-ne-mal-te-zi\/","og_locale":"en_US","og_type":"article","og_title":"Delegacioni i LDMZ takon ambasadorin e Shqip\u00ebris\u00eb n\u00eb Mal t\u00eb Zi - Lajme nga Ulqini","og_url":"https:\/\/www.visit-ulcinj.com\/blog\/2008\/08\/07\/delegacioni-i-ldmz-takon-ambasadorin-e-shqiperise-ne-mal-te-zi\/","og_site_name":"Lajme nga Ulqini","article_published_time":"2008-08-07T16:00:16+00:00","article_modified_time":"2008-08-07T16:49:15+00:00","og_image":[{"url":"http:\/\/www.malesia.org\/lajmet\/foto\/bardhi_beci_camaj_gjonbalaj.jpg"}],"twitter_misc":{"Written by":"ulqini","Est. reading time":"3 minutes"},"schema":{"@context":"https:\/\/schema.org","@graph":[{"@type":"WebSite","@id":"https:\/\/www.visit-ulcinj.com\/blog\/#website","url":"https:\/\/www.visit-ulcinj.com\/blog\/","name":"Lajme nga Ulqini","description":"Lajme,Vijesti,Ulqini,Ulqin,Crna Gora,Mali i Zi","potentialAction":[{"@type":"SearchAction","target":{"@type":"EntryPoint","urlTemplate":"https:\/\/www.visit-ulcinj.com\/blog\/?s={search_term_string}"},"query-input":"required name=search_term_string"}],"inLanguage":"en-US"},{"@type":"ImageObject","inLanguage":"en-US","@id":"https:\/\/www.visit-ulcinj.com\/blog\/2008\/08\/07\/delegacioni-i-ldmz-takon-ambasadorin-e-shqiperise-ne-mal-te-zi\/#primaryimage","url":"http:\/\/www.malesia.org\/lajmet\/foto\/bardhi_beci_camaj_gjonbalaj.jpg","contentUrl":"http:\/\/www.malesia.org\/lajmet\/foto\/bardhi_beci_camaj_gjonbalaj.jpg"},{"@type":"WebPage","@id":"https:\/\/www.visit-ulcinj.com\/blog\/2008\/08\/07\/delegacioni-i-ldmz-takon-ambasadorin-e-shqiperise-ne-mal-te-zi\/#webpage","url":"https:\/\/www.visit-ulcinj.com\/blog\/2008\/08\/07\/delegacioni-i-ldmz-takon-ambasadorin-e-shqiperise-ne-mal-te-zi\/","name":"Delegacioni i LDMZ takon ambasadorin e Shqip\u00ebris\u00eb n\u00eb Mal t\u00eb Zi - Lajme nga Ulqini","isPartOf":{"@id":"https:\/\/www.visit-ulcinj.com\/blog\/#website"},"primaryImageOfPage":{"@id":"https:\/\/www.visit-ulcinj.com\/blog\/2008\/08\/07\/delegacioni-i-ldmz-takon-ambasadorin-e-shqiperise-ne-mal-te-zi\/#primaryimage"},"datePublished":"2008-08-07T16:00:16+00:00","dateModified":"2008-08-07T16:49:15+00:00","author":{"@id":"https:\/\/www.visit-ulcinj.com\/blog\/#\/schema\/person\/dcab619c614d3038751c63bc2aadc06d"},"breadcrumb":{"@id":"https:\/\/www.visit-ulcinj.com\/blog\/2008\/08\/07\/delegacioni-i-ldmz-takon-ambasadorin-e-shqiperise-ne-mal-te-zi\/#breadcrumb"},"inLanguage":"en-US","potentialAction":[{"@type":"ReadAction","target":["https:\/\/www.visit-ulcinj.com\/blog\/2008\/08\/07\/delegacioni-i-ldmz-takon-ambasadorin-e-shqiperise-ne-mal-te-zi\/"]}]},{"@type":"BreadcrumbList","@id":"https:\/\/www.visit-ulcinj.com\/blog\/2008\/08\/07\/delegacioni-i-ldmz-takon-ambasadorin-e-shqiperise-ne-mal-te-zi\/#breadcrumb","itemListElement":[{"@type":"ListItem","position":1,"name":"Delegacioni i LDMZ takon ambasadorin e Shqip\u00ebris\u00eb n\u00eb Mal t\u00eb Zi"}]},{"@type":"Person","@id":"https:\/\/www.visit-ulcinj.com\/blog\/#\/schema\/person\/dcab619c614d3038751c63bc2aadc06d","name":"ulqini","sameAs":["http:\/\/www.visit-ulcinj.com"],"url":"https:\/\/www.visit-ulcinj.com\/blog\/author\/admin\/"}]}},"jetpack_featured_media_url":"","jetpack_sharing_enabled":true,"jetpack_shortlink":"https:\/\/wp.me\/pe6lTn-At","_links":{"self":[{"href":"https:\/\/www.visit-ulcinj.com\/blog\/wp-json\/wp\/v2\/posts\/2261"}],"collection":[{"href":"https:\/\/www.visit-ulcinj.com\/blog\/wp-json\/wp\/v2\/posts"}],"about":[{"href":"https:\/\/www.visit-ulcinj.com\/blog\/wp-json\/wp\/v2\/types\/post"}],"author":[{"embeddable":true,"href":"https:\/\/www.visit-ulcinj.com\/blog\/wp-json\/wp\/v2\/users\/1"}],"replies":[{"embeddable":true,"href":"https:\/\/www.visit-ulcinj.com\/blog\/wp-json\/wp\/v2\/comments?post=2261"}],"version-history":[{"count":0,"href":"https:\/\/www.visit-ulcinj.com\/blog\/wp-json\/wp\/v2\/posts\/2261\/revisions"}],"wp:attachment":[{"href":"https:\/\/www.visit-ulcinj.com\/blog\/wp-json\/wp\/v2\/media?parent=2261"}],"wp:term":[{"taxonomy":"category","embeddable":true,"href":"https:\/\/www.visit-ulcinj.com\/blog\/wp-json\/wp\/v2\/categories?post=2261"},{"taxonomy":"post_tag","embeddable":true,"href":"https:\/\/www.visit-ulcinj.com\/blog\/wp-json\/wp\/v2\/tags?post=2261"}],"curies":[{"name":"wp","href":"https:\/\/api.w.org\/{rel}","templated":true}]}}