{"id":22623,"date":"2009-06-06T18:03:50","date_gmt":"2009-06-06T16:03:50","guid":{"rendered":"http:\/\/www.visit-ulcinj.com\/blog\/?p=22623"},"modified":"2009-06-28T08:52:02","modified_gmt":"2009-06-28T06:52:02","slug":"kosovaret-pa-pasaporta-ne-mal-te-zigjat-sezonit-turistik","status":"publish","type":"post","link":"https:\/\/www.visit-ulcinj.com\/blog\/2009\/06\/06\/kosovaret-pa-pasaporta-ne-mal-te-zigjat-sezonit-turistik\/","title":{"rendered":"Kosovaret pa pasaporta ne Mal te Zi,gjat sezonit turistik"},"content":{"rendered":"<p><strong><a href=\"http:\/\/www.visit-ulcinj.com\/blog\/wp-content\/uploads\/2009\/06\/delegacion-i-zyrtareve-te-larte-te-policise-se-malit-te-zi-ne-kosove.jpg\"><img loading=\"lazy\" class=\"alignleft size-full wp-image-22624\" title=\"delegacion-i-zyrtareve-te-larte-te-policise-se-malit-te-zi-ne-kosove\" src=\"http:\/\/www.visit-ulcinj.com\/blog\/wp-content\/uploads\/2009\/06\/delegacion-i-zyrtareve-te-larte-te-policise-se-malit-te-zi-ne-kosove.jpg\" alt=\"delegacion-i-zyrtareve-te-larte-te-policise-se-malit-te-zi-ne-kosove\" width=\"590\" height=\"400\" \/><\/a>Ahmeti: Shqiptar\u00ebt t\u00eb sigurt n\u00eb Mal t\u00eb Zi<\/strong><\/p>\n<p><strong> <\/strong><\/p>\n<p><strong>N\u00eb Kosov\u00eb qysh dje (04.06.09) jan\u00eb duke q\u00ebndruar nj\u00eb delegacion i zyrtar\u00ebve t\u00eb lart\u00eb t\u00eb Policis\u00eb s\u00eb Malit t\u00eb Zi.<\/strong><\/p>\n<p>N\u00eb kuad\u00ebr t\u00eb k\u00ebtij delegacioni marrin pjes\u00eb\u00a0 Milan Tomic \u2013 Departamenti i hetimeve kriminale ,\u00a0 Rajko Malovic\u00a0 shef i sektorit kund\u00ebr krimit t\u00eb organizuar dhe\u00a0 Alexandar Labovic\u00a0 inspektor i lart\u00eb p\u00ebr luftimin e kriminalitetit t\u00eb p\u00ebrgjithsh\u00ebm.<\/p>\n<p>Vizita e tyre sot filloi me takimin n\u00eb zyr\u00ebn e drejtorit t\u00eb p\u00ebrgjithsh\u00ebm t\u00eb PK-s\u00eb ku u diskutua p\u00ebr bashk\u00ebpunimin e nd\u00ebrsjell\u00eb n\u00eb mes dy policive:<\/p>\n<p>\u201cEdhe takimi i fundit q\u00eb ne kemi pasur n\u00eb Republik\u00ebn e Malit t\u00eb Zi ishte shum\u00eb i frytsh\u00ebm ku u diskutuan shum\u00eb \u00e7\u00ebshtje t\u00eb r\u00ebnd\u00ebsishme t\u00eb bashk\u00ebpunimit t\u00eb nd\u00ebrsjellt\u00eb p\u00ebr luftimin e kriminalitetit e sidomos atij t\u00eb organizuar dhe kontraband\u00ebs s\u00eb mallrave sidomos n\u00eb pjes\u00ebn e kufirit t\u00eb Kull\u00ebs\u201d \u2013 theksoi z. Sheremet Ahmeti duke theksuar se kemi marr\u00eb garanca nga policia e Malit t\u00eb Zi se qytetar\u00ebt e Republik\u00ebs s\u00eb Kosov\u00ebs do t\u00eb jen\u00eb t\u00eb sigurt gjat\u00eb q\u00ebndrimit t\u00eb tyre k\u00ebt\u00eb sezon\u00eb verore n\u00eb Republik\u00ebn e Malit t\u00eb Zi.<\/p>\n<p>Pas k\u00ebsaj delegacioni vazhdoi takimin sipas agjend\u00ebs n\u00eb nd\u00ebrtes\u00ebn e administrat\u00ebs s\u00eb PK-s\u00eb me homolog\u00ebt e tyre nga policia e PK-s\u00eb nga shtylla e hetimeve dhe at\u00eb me Ndihm\u00ebs drejtorin e p\u00ebrgjithsh\u00ebm nga shtylla e hetimeve z.Kadri Arifi dhe zyrtar\u00eb t\u00eb tjer\u00eb nga PK-ja.<\/p>\n<p>Ndihm\u00ebs drejtori i p\u00ebrgjithsh\u00ebm p\u00ebr shtyll\u00ebn e hetimeve z.Kadri Arifi duke marr\u00eb si shembull t\u00eb bashk\u00ebpunimit t\u00eb mir\u00eb rastin e jav\u00ebs s\u00eb kaluar t\u00eb rr\u00ebmbimit ceku para mediave se \u201cPK-ja ka nj\u00eb bashk\u00ebpunim t\u00eb mir\u00ebfillt\u00eb me policin\u00eb e malit t\u00eb Zi e q\u00eb ky bashk\u00ebpunim do t\u00eb avancohet edhe m\u00eb shum\u00eb n\u00eb t\u00eb ardhmen e af\u00ebrt.<\/p>\n<p>I mendimit t\u00eb nj\u00ebjt\u00eb ishte edhe homologu i tij nga Mali i Zi z. Milan Tomic:<\/p>\n<p>\u201cKjo sot \u00ebsht\u00eb vazhdim\u00ebsi e bashk\u00ebpunimit n\u00eb mes t\u00eb dy policive\u201d \u2013 theksoi ai duke shtuar se gjat\u00eb takimit do t\u00eb diskutohet edhe p\u00ebr shk\u00ebmbimin e informatave dhe t\u00eb dh\u00ebnave p\u00ebr luftimin e krimit t\u00eb organizuar dhe kontraband\u00ebs.<\/p>\n<p>Q\u00ebllimi i k\u00ebtij takimi \u00ebsht\u00eb vendosja e kontakteve direkte n\u00eb luftimin e krimit, shk\u00ebmbimi i informatave si dhe bashk\u00ebpunimi n\u00eb nivele operative t\u00eb drejtp\u00ebrdrejt t\u00eb dy shtyllave n\u00eb kuad\u00ebr t\u00eb Policis\u00eb s\u00eb Kosov\u00ebs dhe asaj t\u00eb Malit t\u00eb Zi.<\/p>\n<h1><span style=\"font-weight: normal;\" lang=\"AF\"> <\/span><\/h1>\n<h1 style=\"text-align: left; line-height: 150%;\"><span style=\"font-size: 8pt; line-height: 150%;\" lang=\"AF\"><strong>Zyra p\u00ebr informim dhe marr\u00ebdh\u00ebnie me\u00a0 publikun\u00a0 e PK-s\u00eb<\/strong><strong>&#8230;..POLICIA E KOSOV\u00cbS<\/strong><\/p>\n<p><strong> <\/strong><\/p>\n<p>[flv width=&#8221;580&#8243; height=&#8221;380&#8243;]http:\/\/video.kosovapress.com\/repository\/videos\/policia%20e%20kosoves%20me%20policet%20e%20malit%20te%20zi.flv[\/flv]<\/p>\n<p><\/span><\/h1>\n<p><strong> <\/strong><\/p>\n","protected":false},"excerpt":{"rendered":"<p>Ahmeti: Shqiptar\u00ebt t\u00eb sigurt n\u00eb Mal t\u00eb Zi N\u00eb Kosov\u00eb qysh dje (04.06.09) jan\u00eb duke q\u00ebndruar nj\u00eb delegacion i zyrtar\u00ebve t\u00eb lart\u00eb t\u00eb Policis\u00eb s\u00eb Malit t\u00eb Zi. N\u00eb kuad\u00ebr t\u00eb k\u00ebtij delegacioni marrin pjes\u00eb\u00a0 Milan Tomic \u2013 Departamenti i hetimeve kriminale ,\u00a0 Rajko Malovic\u00a0 shef i sektorit kund\u00ebr krimit t\u00eb organizuar dhe\u00a0 Alexandar Labovic\u00a0 [&hellip;]<\/p>\n","protected":false},"author":1,"featured_media":0,"comment_status":"open","ping_status":"closed","sticky":false,"template":"","format":"standard","meta":{"spay_email":"","jetpack_publicize_message":"","jetpack_is_tweetstorm":false,"jetpack_publicize_feature_enabled":true},"categories":[15],"tags":[11062,325,11060,2805,11061,11059,11058],"jetpack_publicize_connections":[],"yoast_head":"<!-- This site is optimized with the Yoast SEO plugin v19.1 - https:\/\/yoast.com\/wordpress\/plugins\/seo\/ -->\n<title>Kosovaret pa pasaporta ne Mal te Zi,gjat sezonit turistik - Lajme nga Ulqini<\/title>\n<meta name=\"description\" content=\"Ahmeti: Shqiptar\u00ebt t\u00eb sigurt n\u00eb Mal t\u00eb Zi N\u00eb Kosov\u00eb qysh dje (04.06.09) jan\u00eb duke q\u00ebndruar nj\u00eb delegacion i zyrtar\u00ebve t\u00eb lart\u00eb t\u00eb Policis\u00eb s\u00eb Malit t\u00eb Zi.\" \/>\n<meta name=\"robots\" content=\"index, follow, max-snippet:-1, max-image-preview:large, max-video-preview:-1\" \/>\n<link rel=\"canonical\" href=\"https:\/\/www.visit-ulcinj.com\/blog\/2009\/06\/06\/kosovaret-pa-pasaporta-ne-mal-te-zigjat-sezonit-turistik\/\" \/>\n<meta property=\"og:locale\" content=\"en_US\" \/>\n<meta property=\"og:type\" content=\"article\" \/>\n<meta property=\"og:title\" content=\"Kosovaret pa pasaporta ne Mal te Zi,gjat sezonit turistik - Lajme nga Ulqini\" \/>\n<meta property=\"og:description\" content=\"Ahmeti: Shqiptar\u00ebt t\u00eb sigurt n\u00eb Mal t\u00eb Zi N\u00eb Kosov\u00eb qysh dje (04.06.09) jan\u00eb duke q\u00ebndruar nj\u00eb delegacion i zyrtar\u00ebve t\u00eb lart\u00eb t\u00eb Policis\u00eb s\u00eb Malit t\u00eb Zi.\" \/>\n<meta property=\"og:url\" content=\"https:\/\/www.visit-ulcinj.com\/blog\/2009\/06\/06\/kosovaret-pa-pasaporta-ne-mal-te-zigjat-sezonit-turistik\/\" \/>\n<meta property=\"og:site_name\" content=\"Lajme nga Ulqini\" \/>\n<meta property=\"article:published_time\" content=\"2009-06-06T16:03:50+00:00\" \/>\n<meta property=\"article:modified_time\" content=\"2009-06-28T06:52:02+00:00\" \/>\n<meta property=\"og:image\" content=\"http:\/\/www.visit-ulcinj.com\/blog\/wp-content\/uploads\/2009\/06\/delegacion-i-zyrtareve-te-larte-te-policise-se-malit-te-zi-ne-kosove.jpg\" \/>\n<meta name=\"twitter:label1\" content=\"Written by\" \/>\n\t<meta name=\"twitter:data1\" content=\"ulqini\" \/>\n\t<meta name=\"twitter:label2\" content=\"Est. reading time\" \/>\n\t<meta name=\"twitter:data2\" content=\"2 minutes\" \/>\n<script type=\"application\/ld+json\" class=\"yoast-schema-graph\">{\"@context\":\"https:\/\/schema.org\",\"@graph\":[{\"@type\":\"WebSite\",\"@id\":\"https:\/\/www.visit-ulcinj.com\/blog\/#website\",\"url\":\"https:\/\/www.visit-ulcinj.com\/blog\/\",\"name\":\"Lajme nga Ulqini\",\"description\":\"Lajme,Vijesti,Ulqini,Ulqin,Crna Gora,Mali i Zi\",\"potentialAction\":[{\"@type\":\"SearchAction\",\"target\":{\"@type\":\"EntryPoint\",\"urlTemplate\":\"https:\/\/www.visit-ulcinj.com\/blog\/?s={search_term_string}\"},\"query-input\":\"required name=search_term_string\"}],\"inLanguage\":\"en-US\"},{\"@type\":\"ImageObject\",\"inLanguage\":\"en-US\",\"@id\":\"https:\/\/www.visit-ulcinj.com\/blog\/2009\/06\/06\/kosovaret-pa-pasaporta-ne-mal-te-zigjat-sezonit-turistik\/#primaryimage\",\"url\":\"https:\/\/www.visit-ulcinj.com\/blog\/wp-content\/uploads\/2009\/06\/delegacion-i-zyrtareve-te-larte-te-policise-se-malit-te-zi-ne-kosove.jpg\",\"contentUrl\":\"https:\/\/www.visit-ulcinj.com\/blog\/wp-content\/uploads\/2009\/06\/delegacion-i-zyrtareve-te-larte-te-policise-se-malit-te-zi-ne-kosove.jpg\",\"width\":\"723\",\"height\":\"484\"},{\"@type\":\"WebPage\",\"@id\":\"https:\/\/www.visit-ulcinj.com\/blog\/2009\/06\/06\/kosovaret-pa-pasaporta-ne-mal-te-zigjat-sezonit-turistik\/#webpage\",\"url\":\"https:\/\/www.visit-ulcinj.com\/blog\/2009\/06\/06\/kosovaret-pa-pasaporta-ne-mal-te-zigjat-sezonit-turistik\/\",\"name\":\"Kosovaret pa pasaporta ne Mal te Zi,gjat sezonit turistik - Lajme nga Ulqini\",\"isPartOf\":{\"@id\":\"https:\/\/www.visit-ulcinj.com\/blog\/#website\"},\"primaryImageOfPage\":{\"@id\":\"https:\/\/www.visit-ulcinj.com\/blog\/2009\/06\/06\/kosovaret-pa-pasaporta-ne-mal-te-zigjat-sezonit-turistik\/#primaryimage\"},\"datePublished\":\"2009-06-06T16:03:50+00:00\",\"dateModified\":\"2009-06-28T06:52:02+00:00\",\"author\":{\"@id\":\"https:\/\/www.visit-ulcinj.com\/blog\/#\/schema\/person\/dcab619c614d3038751c63bc2aadc06d\"},\"description\":\"Ahmeti: Shqiptar\u00ebt t\u00eb sigurt n\u00eb Mal t\u00eb Zi N\u00eb Kosov\u00eb qysh dje (04.06.09) jan\u00eb duke q\u00ebndruar nj\u00eb delegacion i zyrtar\u00ebve t\u00eb lart\u00eb t\u00eb Policis\u00eb s\u00eb Malit t\u00eb Zi.\",\"breadcrumb\":{\"@id\":\"https:\/\/www.visit-ulcinj.com\/blog\/2009\/06\/06\/kosovaret-pa-pasaporta-ne-mal-te-zigjat-sezonit-turistik\/#breadcrumb\"},\"inLanguage\":\"en-US\",\"potentialAction\":[{\"@type\":\"ReadAction\",\"target\":[\"https:\/\/www.visit-ulcinj.com\/blog\/2009\/06\/06\/kosovaret-pa-pasaporta-ne-mal-te-zigjat-sezonit-turistik\/\"]}]},{\"@type\":\"BreadcrumbList\",\"@id\":\"https:\/\/www.visit-ulcinj.com\/blog\/2009\/06\/06\/kosovaret-pa-pasaporta-ne-mal-te-zigjat-sezonit-turistik\/#breadcrumb\",\"itemListElement\":[{\"@type\":\"ListItem\",\"position\":1,\"name\":\"Kosovaret pa pasaporta ne Mal te Zi,gjat sezonit turistik\"}]},{\"@type\":\"Person\",\"@id\":\"https:\/\/www.visit-ulcinj.com\/blog\/#\/schema\/person\/dcab619c614d3038751c63bc2aadc06d\",\"name\":\"ulqini\",\"sameAs\":[\"http:\/\/www.visit-ulcinj.com\"],\"url\":\"https:\/\/www.visit-ulcinj.com\/blog\/author\/admin\/\"}]}<\/script>\n<!-- \/ Yoast SEO plugin. -->","yoast_head_json":{"title":"Kosovaret pa pasaporta ne Mal te Zi,gjat sezonit turistik - Lajme nga Ulqini","description":"Ahmeti: Shqiptar\u00ebt t\u00eb sigurt n\u00eb Mal t\u00eb Zi N\u00eb Kosov\u00eb qysh dje (04.06.09) jan\u00eb duke q\u00ebndruar nj\u00eb delegacion i zyrtar\u00ebve t\u00eb lart\u00eb t\u00eb Policis\u00eb s\u00eb Malit t\u00eb Zi.","robots":{"index":"index","follow":"follow","max-snippet":"max-snippet:-1","max-image-preview":"max-image-preview:large","max-video-preview":"max-video-preview:-1"},"canonical":"https:\/\/www.visit-ulcinj.com\/blog\/2009\/06\/06\/kosovaret-pa-pasaporta-ne-mal-te-zigjat-sezonit-turistik\/","og_locale":"en_US","og_type":"article","og_title":"Kosovaret pa pasaporta ne Mal te Zi,gjat sezonit turistik - Lajme nga Ulqini","og_description":"Ahmeti: Shqiptar\u00ebt t\u00eb sigurt n\u00eb Mal t\u00eb Zi N\u00eb Kosov\u00eb qysh dje (04.06.09) jan\u00eb duke q\u00ebndruar nj\u00eb delegacion i zyrtar\u00ebve t\u00eb lart\u00eb t\u00eb Policis\u00eb s\u00eb Malit t\u00eb Zi.","og_url":"https:\/\/www.visit-ulcinj.com\/blog\/2009\/06\/06\/kosovaret-pa-pasaporta-ne-mal-te-zigjat-sezonit-turistik\/","og_site_name":"Lajme nga Ulqini","article_published_time":"2009-06-06T16:03:50+00:00","article_modified_time":"2009-06-28T06:52:02+00:00","og_image":[{"url":"http:\/\/www.visit-ulcinj.com\/blog\/wp-content\/uploads\/2009\/06\/delegacion-i-zyrtareve-te-larte-te-policise-se-malit-te-zi-ne-kosove.jpg"}],"twitter_misc":{"Written by":"ulqini","Est. reading time":"2 minutes"},"schema":{"@context":"https:\/\/schema.org","@graph":[{"@type":"WebSite","@id":"https:\/\/www.visit-ulcinj.com\/blog\/#website","url":"https:\/\/www.visit-ulcinj.com\/blog\/","name":"Lajme nga Ulqini","description":"Lajme,Vijesti,Ulqini,Ulqin,Crna Gora,Mali i Zi","potentialAction":[{"@type":"SearchAction","target":{"@type":"EntryPoint","urlTemplate":"https:\/\/www.visit-ulcinj.com\/blog\/?s={search_term_string}"},"query-input":"required name=search_term_string"}],"inLanguage":"en-US"},{"@type":"ImageObject","inLanguage":"en-US","@id":"https:\/\/www.visit-ulcinj.com\/blog\/2009\/06\/06\/kosovaret-pa-pasaporta-ne-mal-te-zigjat-sezonit-turistik\/#primaryimage","url":"https:\/\/www.visit-ulcinj.com\/blog\/wp-content\/uploads\/2009\/06\/delegacion-i-zyrtareve-te-larte-te-policise-se-malit-te-zi-ne-kosove.jpg","contentUrl":"https:\/\/www.visit-ulcinj.com\/blog\/wp-content\/uploads\/2009\/06\/delegacion-i-zyrtareve-te-larte-te-policise-se-malit-te-zi-ne-kosove.jpg","width":"723","height":"484"},{"@type":"WebPage","@id":"https:\/\/www.visit-ulcinj.com\/blog\/2009\/06\/06\/kosovaret-pa-pasaporta-ne-mal-te-zigjat-sezonit-turistik\/#webpage","url":"https:\/\/www.visit-ulcinj.com\/blog\/2009\/06\/06\/kosovaret-pa-pasaporta-ne-mal-te-zigjat-sezonit-turistik\/","name":"Kosovaret pa pasaporta ne Mal te Zi,gjat sezonit turistik - Lajme nga Ulqini","isPartOf":{"@id":"https:\/\/www.visit-ulcinj.com\/blog\/#website"},"primaryImageOfPage":{"@id":"https:\/\/www.visit-ulcinj.com\/blog\/2009\/06\/06\/kosovaret-pa-pasaporta-ne-mal-te-zigjat-sezonit-turistik\/#primaryimage"},"datePublished":"2009-06-06T16:03:50+00:00","dateModified":"2009-06-28T06:52:02+00:00","author":{"@id":"https:\/\/www.visit-ulcinj.com\/blog\/#\/schema\/person\/dcab619c614d3038751c63bc2aadc06d"},"description":"Ahmeti: Shqiptar\u00ebt t\u00eb sigurt n\u00eb Mal t\u00eb Zi N\u00eb Kosov\u00eb qysh dje (04.06.09) jan\u00eb duke q\u00ebndruar nj\u00eb delegacion i zyrtar\u00ebve t\u00eb lart\u00eb t\u00eb Policis\u00eb s\u00eb Malit t\u00eb Zi.","breadcrumb":{"@id":"https:\/\/www.visit-ulcinj.com\/blog\/2009\/06\/06\/kosovaret-pa-pasaporta-ne-mal-te-zigjat-sezonit-turistik\/#breadcrumb"},"inLanguage":"en-US","potentialAction":[{"@type":"ReadAction","target":["https:\/\/www.visit-ulcinj.com\/blog\/2009\/06\/06\/kosovaret-pa-pasaporta-ne-mal-te-zigjat-sezonit-turistik\/"]}]},{"@type":"BreadcrumbList","@id":"https:\/\/www.visit-ulcinj.com\/blog\/2009\/06\/06\/kosovaret-pa-pasaporta-ne-mal-te-zigjat-sezonit-turistik\/#breadcrumb","itemListElement":[{"@type":"ListItem","position":1,"name":"Kosovaret pa pasaporta ne Mal te Zi,gjat sezonit turistik"}]},{"@type":"Person","@id":"https:\/\/www.visit-ulcinj.com\/blog\/#\/schema\/person\/dcab619c614d3038751c63bc2aadc06d","name":"ulqini","sameAs":["http:\/\/www.visit-ulcinj.com"],"url":"https:\/\/www.visit-ulcinj.com\/blog\/author\/admin\/"}]}},"jetpack_featured_media_url":"","jetpack_sharing_enabled":true,"jetpack_shortlink":"https:\/\/wp.me\/pe6lTn-5ST","_links":{"self":[{"href":"https:\/\/www.visit-ulcinj.com\/blog\/wp-json\/wp\/v2\/posts\/22623"}],"collection":[{"href":"https:\/\/www.visit-ulcinj.com\/blog\/wp-json\/wp\/v2\/posts"}],"about":[{"href":"https:\/\/www.visit-ulcinj.com\/blog\/wp-json\/wp\/v2\/types\/post"}],"author":[{"embeddable":true,"href":"https:\/\/www.visit-ulcinj.com\/blog\/wp-json\/wp\/v2\/users\/1"}],"replies":[{"embeddable":true,"href":"https:\/\/www.visit-ulcinj.com\/blog\/wp-json\/wp\/v2\/comments?post=22623"}],"version-history":[{"count":0,"href":"https:\/\/www.visit-ulcinj.com\/blog\/wp-json\/wp\/v2\/posts\/22623\/revisions"}],"wp:attachment":[{"href":"https:\/\/www.visit-ulcinj.com\/blog\/wp-json\/wp\/v2\/media?parent=22623"}],"wp:term":[{"taxonomy":"category","embeddable":true,"href":"https:\/\/www.visit-ulcinj.com\/blog\/wp-json\/wp\/v2\/categories?post=22623"},{"taxonomy":"post_tag","embeddable":true,"href":"https:\/\/www.visit-ulcinj.com\/blog\/wp-json\/wp\/v2\/tags?post=22623"}],"curies":[{"name":"wp","href":"https:\/\/api.w.org\/{rel}","templated":true}]}}