{"id":2263,"date":"2008-08-07T11:10:12","date_gmt":"2008-08-07T16:10:12","guid":{"rendered":"http:\/\/www.visit-ulcinj.com\/blog\/?p=2263"},"modified":"2008-08-07T11:48:28","modified_gmt":"2008-08-07T16:48:28","slug":"amandmani-ne-mogu-bez-predlagaca","status":"publish","type":"post","link":"https:\/\/www.visit-ulcinj.com\/blog\/2008\/08\/07\/amandmani-ne-mogu-bez-predlagaca\/","title":{"rendered":"Amandmani ne mogu bez predlaga?a"},"content":{"rendered":"<p><a href=\"http:\/\/www.visit-ulcinj.com\/blog\/wp-content\/uploads\/2008\/08\/vasel-sinishtaj.jpg\"><img loading=\"lazy\" class=\"size-medium wp-image-2264 alignleft\" title=\"vasel-sinishtaj\" src=\"http:\/\/www.visit-ulcinj.com\/blog\/wp-content\/uploads\/2008\/08\/vasel-sinishtaj.jpg\" alt=\"Vaselj Sini\u0161taj\" width=\"290\" height=\"190\" \/><\/a><\/p>\n<p><span lang=\"DE\"><strong>U skup\u0161tini se spremaju da unaprijede proceduru<\/strong><\/span><br \/>\nSlu\u017eba crnogorske skup\u0161tine po?ela je sa obavje\u0161tavanjem poslanika o obavezi da kao podnosioci amandmana prisustvuju sjednicama odbora na kojima ?e se razmatrati, ina?e se prema upravnom postupku predlozi ogla\u0161avaju neva\u017ee?im, potvrdio je &#8220;Danu&#8221; lider Albanske alternative Vaselj Sini\u0161taj.<br \/>\nNajavu zna?ajno rigidnijeg prilaza radu parlamentarnih odbora dao je na samom kraju redovnog zasjedanja \u0161ef tijela za ustavna pitanja i zakonodavstvo Miodrag Ili?kovi?, iz Socijaldemokratske partije, koji je saop\u0161tio da ?e zalo\u017eiti da se amandmani ne razmatraju dok poslanik koji ih predla\u017ee, ne bude prisutan.<br \/>\nSini\u0161ataj ka\u017ee da je inicijativa iz Skup\u0161tine vi\u0161e nego dobrodo\u0161la, ocjenjuju?i da je do sada bilo mnogo problema u radu parlamenta zbog odsustva predlaga?a.<br \/>\n&#8211; Ljudi mnogo toga predlo\u017ee i onda jednostavno zaborave da se pojave na sastanku mati?nog radnog tijela koje ?e to razmatrati. \u0160to se mene ti?e, uspio sam da prisustvujem u posljednje vrijeme bar na 30 do 40 odsto sjednica na kojima su se analizirali moji amandmani, ali primje?ujem da je odustvo veliki problem za predsjedavaju?e u odborima &#8211; kazao nam je Sini\u0161taj.<br \/>\nPrema sada\u0161njim informacijama, istakao je, rukovodilac posla u Skup\u0161tini vodi dovoljno ra?una da na vrijeme obavijesti poslanika o terminu odr\u017eavanja sjednice na kojoj ?e se raspravljati o amandmanima.<br \/>\n&#8211; Nije jednostavno da se sve zavr\u0161i jer bi i u normalnim uslovima bilo veoma te\u0161ko da postupa kako nala\u017ee procedura, ali kada vidimo \u0161ta se de\u0161avalo posljednjih nedjelja sa radom plenuma i bojkotom opozicije zbog ukidanja TV prenosa, onda se dobija utisak da ve?inu u Skup\u0161tini tada nije zanimalo ni\u0161ta drugo osim da samo zavr\u0161e posao koji su naumili &#8211; istakao je Sini\u0161taj.<br \/>\nLider AA ka\u017ee da bi se, ukoliko nala\u017ee procjena da se tako mo\u017ee do?i do opozicionog jedinstva, moglo razmisliti da svi opozicioni poslanici bojkotuju rad u odborima.<br \/>\n&#8211; To \u0161to je kriza u parlamentu ipak nema mnogo veze sa procedurom rada odbora, dakle, jednog dana ?e se ta kriza zavr\u0161iti i onda ?e se opozicija vratiti u Skup\u0161tinu, i ?eka?e nas posao u odborima. Tada ?e se morati po\u0161tovati neki red &#8211; smatra Sini\u0161taj.<br \/>\nNajpoznatiji podnosilac amandmana je predsjednik Demokratskog saveza Mehmed Bardhi koji ih \u0161alje faksom iz Ulcinja i vrlo rijetko uspije da do?e na sjednice odbora kada se razmatraju.<br \/>\nPosljednje dvije nedjelje rada Skup\u0161tine prije ljetnje pauze, vladaju?a koalicija odbila je vi\u0161e stotina amandmana opozcije na niz zakonskih predloga od kojih ve?ina, na odborima, nije ni razmatrana u prisustvu predlaga?a.<br \/>\n<strong>M.V.<br \/>\nIzvor \/ Dan<\/strong><\/p>\n","protected":false},"excerpt":{"rendered":"<p><img loading=\"lazy\" class=\"size-medium wp-image-2264\" title=\"vasel-sinishtaj\" src=\"http:\/\/www.visit-ulcinj.com\/blog\/wp-content\/uploads\/2008\/08\/vasel-sinishtaj.jpg\" alt=\"Vaselj Sini\u0161taj\" width=\"140\" height=\"140\" \/><\/p>\n","protected":false},"author":1,"featured_media":0,"comment_status":"open","ping_status":"closed","sticky":false,"template":"","format":"standard","meta":{"spay_email":"","jetpack_publicize_message":"","jetpack_is_tweetstorm":false,"jetpack_publicize_feature_enabled":true},"categories":[1,6,12],"tags":[2458],"jetpack_publicize_connections":[],"yoast_head":"<!-- This site is optimized with the Yoast SEO plugin v19.1 - https:\/\/yoast.com\/wordpress\/plugins\/seo\/ -->\n<title>Amandmani ne mogu bez predlaga?a - Lajme nga Ulqini<\/title>\n<meta name=\"robots\" content=\"index, follow, max-snippet:-1, max-image-preview:large, max-video-preview:-1\" \/>\n<link rel=\"canonical\" href=\"https:\/\/www.visit-ulcinj.com\/blog\/2008\/08\/07\/amandmani-ne-mogu-bez-predlagaca\/\" \/>\n<meta property=\"og:locale\" content=\"en_US\" \/>\n<meta property=\"og:type\" content=\"article\" \/>\n<meta property=\"og:title\" content=\"Amandmani ne mogu bez predlaga?a - Lajme nga Ulqini\" \/>\n<meta property=\"og:url\" content=\"https:\/\/www.visit-ulcinj.com\/blog\/2008\/08\/07\/amandmani-ne-mogu-bez-predlagaca\/\" \/>\n<meta property=\"og:site_name\" content=\"Lajme nga Ulqini\" \/>\n<meta property=\"article:published_time\" content=\"2008-08-07T16:10:12+00:00\" \/>\n<meta property=\"article:modified_time\" content=\"2008-08-07T16:48:28+00:00\" \/>\n<meta property=\"og:image\" content=\"http:\/\/www.visit-ulcinj.com\/blog\/wp-content\/uploads\/2008\/08\/vasel-sinishtaj.jpg\" \/>\n<meta name=\"twitter:label1\" content=\"Written by\" \/>\n\t<meta name=\"twitter:data1\" content=\"ulqini\" \/>\n\t<meta name=\"twitter:label2\" content=\"Est. reading time\" \/>\n\t<meta name=\"twitter:data2\" content=\"2 minutes\" \/>\n<script type=\"application\/ld+json\" class=\"yoast-schema-graph\">{\"@context\":\"https:\/\/schema.org\",\"@graph\":[{\"@type\":\"WebSite\",\"@id\":\"https:\/\/www.visit-ulcinj.com\/blog\/#website\",\"url\":\"https:\/\/www.visit-ulcinj.com\/blog\/\",\"name\":\"Lajme nga Ulqini\",\"description\":\"Lajme,Vijesti,Ulqini,Ulqin,Crna Gora,Mali i Zi\",\"potentialAction\":[{\"@type\":\"SearchAction\",\"target\":{\"@type\":\"EntryPoint\",\"urlTemplate\":\"https:\/\/www.visit-ulcinj.com\/blog\/?s={search_term_string}\"},\"query-input\":\"required name=search_term_string\"}],\"inLanguage\":\"en-US\"},{\"@type\":\"ImageObject\",\"inLanguage\":\"en-US\",\"@id\":\"https:\/\/www.visit-ulcinj.com\/blog\/2008\/08\/07\/amandmani-ne-mogu-bez-predlagaca\/#primaryimage\",\"url\":\"http:\/\/www.visit-ulcinj.com\/blog\/wp-content\/uploads\/2008\/08\/vasel-sinishtaj.jpg\",\"contentUrl\":\"http:\/\/www.visit-ulcinj.com\/blog\/wp-content\/uploads\/2008\/08\/vasel-sinishtaj.jpg\"},{\"@type\":\"WebPage\",\"@id\":\"https:\/\/www.visit-ulcinj.com\/blog\/2008\/08\/07\/amandmani-ne-mogu-bez-predlagaca\/#webpage\",\"url\":\"https:\/\/www.visit-ulcinj.com\/blog\/2008\/08\/07\/amandmani-ne-mogu-bez-predlagaca\/\",\"name\":\"Amandmani ne mogu bez predlaga?a - Lajme nga Ulqini\",\"isPartOf\":{\"@id\":\"https:\/\/www.visit-ulcinj.com\/blog\/#website\"},\"primaryImageOfPage\":{\"@id\":\"https:\/\/www.visit-ulcinj.com\/blog\/2008\/08\/07\/amandmani-ne-mogu-bez-predlagaca\/#primaryimage\"},\"datePublished\":\"2008-08-07T16:10:12+00:00\",\"dateModified\":\"2008-08-07T16:48:28+00:00\",\"author\":{\"@id\":\"https:\/\/www.visit-ulcinj.com\/blog\/#\/schema\/person\/dcab619c614d3038751c63bc2aadc06d\"},\"breadcrumb\":{\"@id\":\"https:\/\/www.visit-ulcinj.com\/blog\/2008\/08\/07\/amandmani-ne-mogu-bez-predlagaca\/#breadcrumb\"},\"inLanguage\":\"en-US\",\"potentialAction\":[{\"@type\":\"ReadAction\",\"target\":[\"https:\/\/www.visit-ulcinj.com\/blog\/2008\/08\/07\/amandmani-ne-mogu-bez-predlagaca\/\"]}]},{\"@type\":\"BreadcrumbList\",\"@id\":\"https:\/\/www.visit-ulcinj.com\/blog\/2008\/08\/07\/amandmani-ne-mogu-bez-predlagaca\/#breadcrumb\",\"itemListElement\":[{\"@type\":\"ListItem\",\"position\":1,\"name\":\"Amandmani ne mogu bez predlaga?a\"}]},{\"@type\":\"Person\",\"@id\":\"https:\/\/www.visit-ulcinj.com\/blog\/#\/schema\/person\/dcab619c614d3038751c63bc2aadc06d\",\"name\":\"ulqini\",\"sameAs\":[\"http:\/\/www.visit-ulcinj.com\"],\"url\":\"https:\/\/www.visit-ulcinj.com\/blog\/author\/admin\/\"}]}<\/script>\n<!-- \/ Yoast SEO plugin. -->","yoast_head_json":{"title":"Amandmani ne mogu bez predlaga?a - Lajme nga Ulqini","robots":{"index":"index","follow":"follow","max-snippet":"max-snippet:-1","max-image-preview":"max-image-preview:large","max-video-preview":"max-video-preview:-1"},"canonical":"https:\/\/www.visit-ulcinj.com\/blog\/2008\/08\/07\/amandmani-ne-mogu-bez-predlagaca\/","og_locale":"en_US","og_type":"article","og_title":"Amandmani ne mogu bez predlaga?a - Lajme nga Ulqini","og_url":"https:\/\/www.visit-ulcinj.com\/blog\/2008\/08\/07\/amandmani-ne-mogu-bez-predlagaca\/","og_site_name":"Lajme nga Ulqini","article_published_time":"2008-08-07T16:10:12+00:00","article_modified_time":"2008-08-07T16:48:28+00:00","og_image":[{"url":"http:\/\/www.visit-ulcinj.com\/blog\/wp-content\/uploads\/2008\/08\/vasel-sinishtaj.jpg"}],"twitter_misc":{"Written by":"ulqini","Est. reading time":"2 minutes"},"schema":{"@context":"https:\/\/schema.org","@graph":[{"@type":"WebSite","@id":"https:\/\/www.visit-ulcinj.com\/blog\/#website","url":"https:\/\/www.visit-ulcinj.com\/blog\/","name":"Lajme nga Ulqini","description":"Lajme,Vijesti,Ulqini,Ulqin,Crna Gora,Mali i Zi","potentialAction":[{"@type":"SearchAction","target":{"@type":"EntryPoint","urlTemplate":"https:\/\/www.visit-ulcinj.com\/blog\/?s={search_term_string}"},"query-input":"required name=search_term_string"}],"inLanguage":"en-US"},{"@type":"ImageObject","inLanguage":"en-US","@id":"https:\/\/www.visit-ulcinj.com\/blog\/2008\/08\/07\/amandmani-ne-mogu-bez-predlagaca\/#primaryimage","url":"http:\/\/www.visit-ulcinj.com\/blog\/wp-content\/uploads\/2008\/08\/vasel-sinishtaj.jpg","contentUrl":"http:\/\/www.visit-ulcinj.com\/blog\/wp-content\/uploads\/2008\/08\/vasel-sinishtaj.jpg"},{"@type":"WebPage","@id":"https:\/\/www.visit-ulcinj.com\/blog\/2008\/08\/07\/amandmani-ne-mogu-bez-predlagaca\/#webpage","url":"https:\/\/www.visit-ulcinj.com\/blog\/2008\/08\/07\/amandmani-ne-mogu-bez-predlagaca\/","name":"Amandmani ne mogu bez predlaga?a - Lajme nga Ulqini","isPartOf":{"@id":"https:\/\/www.visit-ulcinj.com\/blog\/#website"},"primaryImageOfPage":{"@id":"https:\/\/www.visit-ulcinj.com\/blog\/2008\/08\/07\/amandmani-ne-mogu-bez-predlagaca\/#primaryimage"},"datePublished":"2008-08-07T16:10:12+00:00","dateModified":"2008-08-07T16:48:28+00:00","author":{"@id":"https:\/\/www.visit-ulcinj.com\/blog\/#\/schema\/person\/dcab619c614d3038751c63bc2aadc06d"},"breadcrumb":{"@id":"https:\/\/www.visit-ulcinj.com\/blog\/2008\/08\/07\/amandmani-ne-mogu-bez-predlagaca\/#breadcrumb"},"inLanguage":"en-US","potentialAction":[{"@type":"ReadAction","target":["https:\/\/www.visit-ulcinj.com\/blog\/2008\/08\/07\/amandmani-ne-mogu-bez-predlagaca\/"]}]},{"@type":"BreadcrumbList","@id":"https:\/\/www.visit-ulcinj.com\/blog\/2008\/08\/07\/amandmani-ne-mogu-bez-predlagaca\/#breadcrumb","itemListElement":[{"@type":"ListItem","position":1,"name":"Amandmani ne mogu bez predlaga?a"}]},{"@type":"Person","@id":"https:\/\/www.visit-ulcinj.com\/blog\/#\/schema\/person\/dcab619c614d3038751c63bc2aadc06d","name":"ulqini","sameAs":["http:\/\/www.visit-ulcinj.com"],"url":"https:\/\/www.visit-ulcinj.com\/blog\/author\/admin\/"}]}},"jetpack_featured_media_url":"","jetpack_sharing_enabled":true,"jetpack_shortlink":"https:\/\/wp.me\/pe6lTn-Av","_links":{"self":[{"href":"https:\/\/www.visit-ulcinj.com\/blog\/wp-json\/wp\/v2\/posts\/2263"}],"collection":[{"href":"https:\/\/www.visit-ulcinj.com\/blog\/wp-json\/wp\/v2\/posts"}],"about":[{"href":"https:\/\/www.visit-ulcinj.com\/blog\/wp-json\/wp\/v2\/types\/post"}],"author":[{"embeddable":true,"href":"https:\/\/www.visit-ulcinj.com\/blog\/wp-json\/wp\/v2\/users\/1"}],"replies":[{"embeddable":true,"href":"https:\/\/www.visit-ulcinj.com\/blog\/wp-json\/wp\/v2\/comments?post=2263"}],"version-history":[{"count":0,"href":"https:\/\/www.visit-ulcinj.com\/blog\/wp-json\/wp\/v2\/posts\/2263\/revisions"}],"wp:attachment":[{"href":"https:\/\/www.visit-ulcinj.com\/blog\/wp-json\/wp\/v2\/media?parent=2263"}],"wp:term":[{"taxonomy":"category","embeddable":true,"href":"https:\/\/www.visit-ulcinj.com\/blog\/wp-json\/wp\/v2\/categories?post=2263"},{"taxonomy":"post_tag","embeddable":true,"href":"https:\/\/www.visit-ulcinj.com\/blog\/wp-json\/wp\/v2\/tags?post=2263"}],"curies":[{"name":"wp","href":"https:\/\/api.w.org\/{rel}","templated":true}]}}