{"id":22634,"date":"2009-06-06T19:51:32","date_gmt":"2009-06-06T17:51:32","guid":{"rendered":"http:\/\/www.visit-ulcinj.com\/blog\/?p=22634"},"modified":"2009-06-06T19:54:27","modified_gmt":"2009-06-06T17:54:27","slug":"fuqite-e-medha-kerkojne-serish-dorezimin-e-ulqinit","status":"publish","type":"post","link":"https:\/\/www.visit-ulcinj.com\/blog\/2009\/06\/06\/fuqite-e-medha-kerkojne-serish-dorezimin-e-ulqinit\/","title":{"rendered":"Fuqit\u00eb e M\u00ebdha k\u00ebrkojn\u00eb s\u00ebrish dor\u00ebzimin e Ulqinit"},"content":{"rendered":"<p><a href=\"http:\/\/www.visit-ulcinj.com\/blog\/wp-content\/uploads\/2009\/06\/lidhja-e-prizrenit.jpg\"><img loading=\"lazy\" class=\"alignleft size-full wp-image-22635\" title=\"lidhja-e-prizrenit\" src=\"http:\/\/www.visit-ulcinj.com\/blog\/wp-content\/uploads\/2009\/06\/lidhja-e-prizrenit.jpg\" alt=\"lidhja-e-prizrenit\" width=\"580\" height=\"400\" \/><\/a>ULQINI N\u00cb VITET E LIDHJES SHQIPTARE T\u00cb PRIZRENIT 1878-1881 (22)<\/p>\n<p>Ministri turk Abedin Pash\u00eb Dinoja theksonte se dor\u00ebzimi i rajonit t\u00eb ri paraqiste v\u00ebshtir\u00ebsi m\u00eb t\u00eb m\u00ebdha sesa dor\u00ebzimi i trev\u00ebs s\u00eb Tuzit, mbasi shqiptar\u00ebt nuk do ta l\u00ebshonin kurrsesi qytetin e Ulqinit. Konkretisht, Abedin pash\u00eb Dinoja propozonte q\u00eb Mali i Zi t\u00eb k\u00ebnaqej me nj\u00eb rregullim t\u00eb ri, duke i dh\u00ebn\u00eb pjes\u00ebn m\u00eb t\u00eb madhe t\u00eb territorit q\u00eb parashihej n\u00eb Protokollin e 18 prillit 1880 dhe nj\u00eb pjes\u00eb t\u00eb mir\u00eb t\u00eb territorit q\u00eb p\u00ebrmbante nota e 26 qershorit 1880, por n\u00eb asnj\u00eb m\u00ebnyr\u00eb qytetin e Ulqinit, sepse ky banohej vet\u00ebm nga shqiptar\u00ebt.<\/p>\n<p>P\u00ebr t\u2019iu bashkuar flot\u00ebs s\u00eb bashkuar nd\u00ebrkomb\u00ebtare p\u00eblqim dha edhe Rusia. Kabineti rus priste me mir\u00ebsi \u00e7do propozim q\u00eb i ndihmonte Malit t\u00eb Zi p\u00ebr t\u00eb v\u00ebn\u00eb n\u00ebn sundim territoret e premtuara n\u00eb Kongresin e Berlinit. Zoti Giers theksonte se demonstrimi i flot\u00ebs mund t\u00eb premtonte suksese, nd\u00ebrsa n\u00eb Stamboll do t\u00eb shkaktonte frik\u00eb.<\/p>\n<p>P\u00eblqimin p\u00ebr t\u2019iu bashkuar flot\u00ebs s\u00eb bashkuar nd\u00ebrkomb\u00ebtare e dha edhe Italia.<\/p>\n<p>M\u00eb 12 korrik 1880 qeveria gjermane e pranoi propozimin p\u00ebr d\u00ebrgimin e nj\u00eb flote para Ulqinit, por me kusht q\u00eb t\u00eb b\u00ebhet nj\u00eb demonstrim me karakter paq\u00ebsor. K\u00ebt\u00eb propozim e aprovoi edhe Franca.<\/p>\n<p>Ministri i Pun\u00ebve t\u00eb Jashtme i Malit t\u00eb Zi, Stanko Radonjiq, i d\u00ebrgoi nj\u00eb let\u00ebr sekrete Durandit, t\u00eb ngarkuarit me pun\u00eb nga Italia n\u00eb Cetin\u00eb, lidhur me pjes\u00ebmarrjen e flot\u00ebs s\u00eb bashkuar nd\u00ebrkomb\u00ebtare paralel me l\u00ebvizjen e forcave malazeze drejt Ulqinit. Sipas tij, si e till\u00eb nuk do t\u00eb ishte ndihm\u00eb e madhe, ve\u00e7an\u00ebrisht n\u00ebse malazez\u00ebt do t\u00eb detyroheshin t\u00eb p\u00ebrdornin forc\u00ebn e arm\u00ebve. Ky aksion do t\u00eb thoshte nj\u00eb sulm gjat\u00eb t\u00ebr\u00eb vij\u00ebs kufitare me Shqip\u00ebrin\u00eb. Ai d\u00ebshironte ta dinte q\u00ebndrimin e Fuqive t\u00eb M\u00ebdha, se a do ta ndihmonin aksionin edhe me forma t\u00eb tjera, sepse, po qe se jo, do t\u00eb ishte nj\u00eb rrezikim i madh. Mali i Zi, p\u00ebr t\u00eb treguar se p\u00ebrgjegj\u00ebsin\u00eb e kufijve t\u00eb rinj me Mal t\u00eb Zi ua linte Fuqive t\u00eb M\u00ebdha, iu drejtua atyre me nj\u00eb not\u00eb verbale. N\u00eb not\u00eb ai theksonte se gjendja n\u00eb Shqip\u00ebri \u00ebsht\u00eb mjaft delikate. Thuhej gjithashtu se atje organizoheshin \u00e7eta shqiptar\u00ebsh q\u00eb d\u00ebrgoheshin n\u00eb Ulqin, se ishin grumbulluar rreth 2 500 veta t\u00eb armatosur dhe se s\u00eb shpejti do t\u00eb kishte edhe 6000 vet\u00eb. Situata ishte m\u00eb e r\u00ebnd\u00eb se m\u00eb par\u00eb. Mali i Zi k\u00ebrkonte mb\u00ebshtetje te Fuqit\u00eb e M\u00ebdha.<\/p>\n<p>M\u00eb 15 korrik 1880, Porta e Lart\u00eb i dha p\u00ebrgjigje not\u00ebs q\u00eb Fuqit\u00eb e M\u00ebdha ia kishin d\u00ebrguar asaj m\u00eb 26 qershor 1880, me t\u00eb cilin e vinin n\u00eb dijeni se kishin vendosur q\u00eb Mali i Zi t\u00eb merrte Ulqinin me rrethinat e tij n\u00eb vend t\u00eb Hotit dhe Grud\u00ebs. N\u00eb t\u00eb nj\u00ebjt\u00ebn koh\u00eb i sugjeronin q\u00eb t\u2019u jepte shqiptar\u00ebve t\u00eb Vilajetit t\u00eb Shkodr\u00ebs disa \u201crregullime\u201d administrative. N\u00eb p\u00ebrgjigjen e vet, Abedin pash\u00eb Dinoja njoftonte se nuk kishte nevoj\u00eb q\u00eb Hotin dhe Grud\u00ebn ta z\u00ebvend\u00ebsonte me Ulqinin dhe rrethinat e tij, sepse Porta e Lart\u00eb kishte vendosur q\u00eb ta zbatonte Protokollin e 18 prillit 1880 dhe ishte gati t\u2019i ripushtonte viset rreth e rrotull Tuzit, t\u00eb cilat tani ndodheshin n\u00ebn kontrollin e shqiptar\u00ebve dhe t\u2019ua dor\u00ebzonte malazez\u00ebve. Ministri turk theksonte se dor\u00ebzimi i rajonit t\u00eb ri paraqiste v\u00ebshtir\u00ebsi m\u00eb t\u00eb m\u00ebdha sesa dor\u00ebzimi i trev\u00ebs s\u00eb Tuzit, mbasi shqiptar\u00ebt nuk do ta l\u00ebshonin kurrsesi qytetin e Ulqinit. Konkretisht, Abedin pash\u00eb Dinoja propozonte q\u00eb Mali i Zi t\u00eb k\u00ebnaqej me nj\u00eb rregullim t\u00eb ri, duke i dh\u00ebn\u00eb pjes\u00ebn m\u00eb t\u00eb madhe t\u00eb territorit q\u00eb parashihej n\u00eb Protokollin e 18 prillit 1880 dhe nj\u00eb pjes\u00eb t\u00eb mir\u00eb t\u00eb territorit q\u00eb p\u00ebrmbante nota e 26 qershorit 1880, por n\u00eb asnj\u00eb m\u00ebnyr\u00eb qytetin e Ulqinit, sepse ky banohej vet\u00ebm nga shqiptar\u00ebt.<\/p>\n<p>\u00c7\u00ebshtjen e autonomis\u00eb administrative t\u00eb Vilajetit t\u00eb Shkodr\u00ebs, ministri Abedin Pash\u00eb Dinoja e hidhte krejt\u00ebsisht posht\u00eb. Ai shtonte se, popullsit\u00eb e Vilajetit t\u00eb Shkodr\u00ebs kan\u00eb qen\u00eb gjithnj\u00eb t\u00eb k\u00ebnaqura nga gjendja e tyre dhe kurr\u00eb nuk u ka shkuar mendja t\u2019i k\u00ebrkojn\u00eb Port\u00ebs s\u00eb Lart\u00eb privilegje t\u00eb tjera p\u00ebrve\u00e7 atyre q\u00eb g\u00ebzojn\u00eb sot. Megjithat\u00eb, ai njoftonte se qeveria e Port\u00ebs s\u00eb Lart\u00eb ishte duke studiuar n\u00eb baz\u00eb t\u00eb dispozitave t\u00eb nenit 23 t\u00eb Traktatit t\u00eb Berlinit nj\u00eb rregullore q\u00eb do t\u00eb zbatohej n\u00eb t\u00eb gjitha provincat e Turqis\u00eb Evropiane, nga e cila do t\u00eb p\u00ebrfitonte edhe Shqip\u00ebria.<\/p>\n<p>P\u00ebrgjigjja e Port\u00ebs s\u00eb Lart\u00eb nuk u mor parasysh nga Fuqit\u00eb e M\u00ebdha. Ato e refuzuan kategorikisht propozimin, mbasi e konsideronin si nj\u00eb manov\u00ebr t\u00eb Port\u00ebs s\u00eb Lart\u00eb p\u00ebr ta zvarritur m\u00eb tej \u00e7\u00ebshtjen e p\u00ebrfitimeve territoriale t\u00eb Malit t\u00eb Zi. Sipas tyre, ishte nj\u00eb propozim tep\u00ebr i paqart\u00eb, i pacaktuar dhe mund t\u00eb ishte baz\u00eb e p\u00ebrshtatshme p\u00ebr nj\u00eb k\u00ebshillim t\u00eb ri. P\u00ebrvoja i kishte m\u00ebsuar Fuqit\u00eb e M\u00ebdha se \u00e7do projekt i ri n\u00eb k\u00ebt\u00eb faz\u00eb vet\u00ebm e nd\u00ebrlikonte dhe e b\u00ebnte situat\u00ebn edhe m\u00eb serioze.<\/p>\n<p>N\u00ebn rrethana t\u00eb k\u00ebtilla, Fuqit\u00eb e M\u00ebdha ia p\u00ebrs\u00ebrit\u00ebn Port\u00ebs thirrjen q\u00eb t\u00eb zbatonte vendimin e 18 prillit dhe Malit t\u00eb Zi t\u2019ia l\u00ebshonte territorin e bregdetit t\u00eb Ulqinit.<\/p>\n<p><strong>Mr. Riza Rexha<br \/>\nKoha Javore<\/strong><\/p>\n<p><strong><!--YouTube Error: bad URL entered--><br \/>\n<\/strong><\/p>\n","protected":false},"excerpt":{"rendered":"<p>ULQINI N\u00cb VITET E LIDHJES SHQIPTARE T\u00cb PRIZRENIT 1878-1881 (22) Ministri turk Abedin Pash\u00eb Dinoja theksonte se dor\u00ebzimi i rajonit t\u00eb ri paraqiste v\u00ebshtir\u00ebsi m\u00eb t\u00eb m\u00ebdha sesa dor\u00ebzimi i trev\u00ebs s\u00eb Tuzit, mbasi shqiptar\u00ebt nuk do ta l\u00ebshonin kurrsesi qytetin e Ulqinit. Konkretisht, Abedin pash\u00eb Dinoja propozonte q\u00eb Mali i Zi t\u00eb k\u00ebnaqej me [&hellip;]<\/p>\n","protected":false},"author":1,"featured_media":0,"comment_status":"open","ping_status":"closed","sticky":false,"template":"","format":"standard","meta":{"spay_email":"","jetpack_publicize_message":"","jetpack_is_tweetstorm":false,"jetpack_publicize_feature_enabled":true},"categories":[4],"tags":[11070,11069,95,18],"jetpack_publicize_connections":[],"yoast_head":"<!-- This site is optimized with the Yoast SEO plugin v19.1 - https:\/\/yoast.com\/wordpress\/plugins\/seo\/ -->\n<title>Fuqit\u00eb e M\u00ebdha k\u00ebrkojn\u00eb s\u00ebrish dor\u00ebzimin e Ulqinit - Lajme nga Ulqini<\/title>\n<meta name=\"description\" content=\"ULQINI N\u00cb VITET E LIDHJES SHQIPTARE T\u00cb PRIZRENIT 1878-1881 (22) Ministri turk Abedin Pash\u00eb Dinoja theksonte se dor\u00ebzimi i rajonit t\u00eb ri paraqiste\" \/>\n<meta name=\"robots\" content=\"index, follow, max-snippet:-1, max-image-preview:large, max-video-preview:-1\" \/>\n<link rel=\"canonical\" href=\"https:\/\/www.visit-ulcinj.com\/blog\/2009\/06\/06\/fuqite-e-medha-kerkojne-serish-dorezimin-e-ulqinit\/\" \/>\n<meta property=\"og:locale\" content=\"en_US\" \/>\n<meta property=\"og:type\" content=\"article\" \/>\n<meta property=\"og:title\" content=\"Fuqit\u00eb e M\u00ebdha k\u00ebrkojn\u00eb s\u00ebrish dor\u00ebzimin e Ulqinit - Lajme nga Ulqini\" \/>\n<meta property=\"og:description\" content=\"ULQINI N\u00cb VITET E LIDHJES SHQIPTARE T\u00cb PRIZRENIT 1878-1881 (22) Ministri turk Abedin Pash\u00eb Dinoja theksonte se dor\u00ebzimi i rajonit t\u00eb ri paraqiste\" \/>\n<meta property=\"og:url\" content=\"https:\/\/www.visit-ulcinj.com\/blog\/2009\/06\/06\/fuqite-e-medha-kerkojne-serish-dorezimin-e-ulqinit\/\" \/>\n<meta property=\"og:site_name\" content=\"Lajme nga Ulqini\" \/>\n<meta property=\"article:published_time\" content=\"2009-06-06T17:51:32+00:00\" \/>\n<meta property=\"article:modified_time\" content=\"2009-06-06T17:54:27+00:00\" \/>\n<meta property=\"og:image\" content=\"http:\/\/www.visit-ulcinj.com\/blog\/wp-content\/uploads\/2009\/06\/lidhja-e-prizrenit.jpg\" \/>\n<meta name=\"twitter:label1\" content=\"Written by\" \/>\n\t<meta name=\"twitter:data1\" content=\"ulqini\" \/>\n\t<meta name=\"twitter:label2\" content=\"Est. reading time\" \/>\n\t<meta name=\"twitter:data2\" content=\"5 minutes\" \/>\n<script type=\"application\/ld+json\" class=\"yoast-schema-graph\">{\"@context\":\"https:\/\/schema.org\",\"@graph\":[{\"@type\":\"WebSite\",\"@id\":\"https:\/\/www.visit-ulcinj.com\/blog\/#website\",\"url\":\"https:\/\/www.visit-ulcinj.com\/blog\/\",\"name\":\"Lajme nga Ulqini\",\"description\":\"Lajme,Vijesti,Ulqini,Ulqin,Crna Gora,Mali i Zi\",\"potentialAction\":[{\"@type\":\"SearchAction\",\"target\":{\"@type\":\"EntryPoint\",\"urlTemplate\":\"https:\/\/www.visit-ulcinj.com\/blog\/?s={search_term_string}\"},\"query-input\":\"required name=search_term_string\"}],\"inLanguage\":\"en-US\"},{\"@type\":\"ImageObject\",\"inLanguage\":\"en-US\",\"@id\":\"https:\/\/www.visit-ulcinj.com\/blog\/2009\/06\/06\/fuqite-e-medha-kerkojne-serish-dorezimin-e-ulqinit\/#primaryimage\",\"url\":\"https:\/\/www.visit-ulcinj.com\/blog\/wp-content\/uploads\/2009\/06\/lidhja-e-prizrenit.jpg\",\"contentUrl\":\"https:\/\/www.visit-ulcinj.com\/blog\/wp-content\/uploads\/2009\/06\/lidhja-e-prizrenit.jpg\",\"width\":\"525\",\"height\":\"419\"},{\"@type\":\"WebPage\",\"@id\":\"https:\/\/www.visit-ulcinj.com\/blog\/2009\/06\/06\/fuqite-e-medha-kerkojne-serish-dorezimin-e-ulqinit\/#webpage\",\"url\":\"https:\/\/www.visit-ulcinj.com\/blog\/2009\/06\/06\/fuqite-e-medha-kerkojne-serish-dorezimin-e-ulqinit\/\",\"name\":\"Fuqit\u00eb e M\u00ebdha k\u00ebrkojn\u00eb s\u00ebrish dor\u00ebzimin e Ulqinit - Lajme nga Ulqini\",\"isPartOf\":{\"@id\":\"https:\/\/www.visit-ulcinj.com\/blog\/#website\"},\"primaryImageOfPage\":{\"@id\":\"https:\/\/www.visit-ulcinj.com\/blog\/2009\/06\/06\/fuqite-e-medha-kerkojne-serish-dorezimin-e-ulqinit\/#primaryimage\"},\"datePublished\":\"2009-06-06T17:51:32+00:00\",\"dateModified\":\"2009-06-06T17:54:27+00:00\",\"author\":{\"@id\":\"https:\/\/www.visit-ulcinj.com\/blog\/#\/schema\/person\/dcab619c614d3038751c63bc2aadc06d\"},\"description\":\"ULQINI N\u00cb VITET E LIDHJES SHQIPTARE T\u00cb PRIZRENIT 1878-1881 (22) Ministri turk Abedin Pash\u00eb Dinoja theksonte se dor\u00ebzimi i rajonit t\u00eb ri paraqiste\",\"breadcrumb\":{\"@id\":\"https:\/\/www.visit-ulcinj.com\/blog\/2009\/06\/06\/fuqite-e-medha-kerkojne-serish-dorezimin-e-ulqinit\/#breadcrumb\"},\"inLanguage\":\"en-US\",\"potentialAction\":[{\"@type\":\"ReadAction\",\"target\":[\"https:\/\/www.visit-ulcinj.com\/blog\/2009\/06\/06\/fuqite-e-medha-kerkojne-serish-dorezimin-e-ulqinit\/\"]}]},{\"@type\":\"BreadcrumbList\",\"@id\":\"https:\/\/www.visit-ulcinj.com\/blog\/2009\/06\/06\/fuqite-e-medha-kerkojne-serish-dorezimin-e-ulqinit\/#breadcrumb\",\"itemListElement\":[{\"@type\":\"ListItem\",\"position\":1,\"name\":\"Fuqit\u00eb e M\u00ebdha k\u00ebrkojn\u00eb s\u00ebrish dor\u00ebzimin e Ulqinit\"}]},{\"@type\":\"Person\",\"@id\":\"https:\/\/www.visit-ulcinj.com\/blog\/#\/schema\/person\/dcab619c614d3038751c63bc2aadc06d\",\"name\":\"ulqini\",\"sameAs\":[\"http:\/\/www.visit-ulcinj.com\"],\"url\":\"https:\/\/www.visit-ulcinj.com\/blog\/author\/admin\/\"}]}<\/script>\n<!-- \/ Yoast SEO plugin. -->","yoast_head_json":{"title":"Fuqit\u00eb e M\u00ebdha k\u00ebrkojn\u00eb s\u00ebrish dor\u00ebzimin e Ulqinit - Lajme nga Ulqini","description":"ULQINI N\u00cb VITET E LIDHJES SHQIPTARE T\u00cb PRIZRENIT 1878-1881 (22) Ministri turk Abedin Pash\u00eb Dinoja theksonte se dor\u00ebzimi i rajonit t\u00eb ri paraqiste","robots":{"index":"index","follow":"follow","max-snippet":"max-snippet:-1","max-image-preview":"max-image-preview:large","max-video-preview":"max-video-preview:-1"},"canonical":"https:\/\/www.visit-ulcinj.com\/blog\/2009\/06\/06\/fuqite-e-medha-kerkojne-serish-dorezimin-e-ulqinit\/","og_locale":"en_US","og_type":"article","og_title":"Fuqit\u00eb e M\u00ebdha k\u00ebrkojn\u00eb s\u00ebrish dor\u00ebzimin e Ulqinit - Lajme nga Ulqini","og_description":"ULQINI N\u00cb VITET E LIDHJES SHQIPTARE T\u00cb PRIZRENIT 1878-1881 (22) Ministri turk Abedin Pash\u00eb Dinoja theksonte se dor\u00ebzimi i rajonit t\u00eb ri paraqiste","og_url":"https:\/\/www.visit-ulcinj.com\/blog\/2009\/06\/06\/fuqite-e-medha-kerkojne-serish-dorezimin-e-ulqinit\/","og_site_name":"Lajme nga Ulqini","article_published_time":"2009-06-06T17:51:32+00:00","article_modified_time":"2009-06-06T17:54:27+00:00","og_image":[{"url":"http:\/\/www.visit-ulcinj.com\/blog\/wp-content\/uploads\/2009\/06\/lidhja-e-prizrenit.jpg"}],"twitter_misc":{"Written by":"ulqini","Est. reading time":"5 minutes"},"schema":{"@context":"https:\/\/schema.org","@graph":[{"@type":"WebSite","@id":"https:\/\/www.visit-ulcinj.com\/blog\/#website","url":"https:\/\/www.visit-ulcinj.com\/blog\/","name":"Lajme nga Ulqini","description":"Lajme,Vijesti,Ulqini,Ulqin,Crna Gora,Mali i Zi","potentialAction":[{"@type":"SearchAction","target":{"@type":"EntryPoint","urlTemplate":"https:\/\/www.visit-ulcinj.com\/blog\/?s={search_term_string}"},"query-input":"required name=search_term_string"}],"inLanguage":"en-US"},{"@type":"ImageObject","inLanguage":"en-US","@id":"https:\/\/www.visit-ulcinj.com\/blog\/2009\/06\/06\/fuqite-e-medha-kerkojne-serish-dorezimin-e-ulqinit\/#primaryimage","url":"https:\/\/www.visit-ulcinj.com\/blog\/wp-content\/uploads\/2009\/06\/lidhja-e-prizrenit.jpg","contentUrl":"https:\/\/www.visit-ulcinj.com\/blog\/wp-content\/uploads\/2009\/06\/lidhja-e-prizrenit.jpg","width":"525","height":"419"},{"@type":"WebPage","@id":"https:\/\/www.visit-ulcinj.com\/blog\/2009\/06\/06\/fuqite-e-medha-kerkojne-serish-dorezimin-e-ulqinit\/#webpage","url":"https:\/\/www.visit-ulcinj.com\/blog\/2009\/06\/06\/fuqite-e-medha-kerkojne-serish-dorezimin-e-ulqinit\/","name":"Fuqit\u00eb e M\u00ebdha k\u00ebrkojn\u00eb s\u00ebrish dor\u00ebzimin e Ulqinit - Lajme nga Ulqini","isPartOf":{"@id":"https:\/\/www.visit-ulcinj.com\/blog\/#website"},"primaryImageOfPage":{"@id":"https:\/\/www.visit-ulcinj.com\/blog\/2009\/06\/06\/fuqite-e-medha-kerkojne-serish-dorezimin-e-ulqinit\/#primaryimage"},"datePublished":"2009-06-06T17:51:32+00:00","dateModified":"2009-06-06T17:54:27+00:00","author":{"@id":"https:\/\/www.visit-ulcinj.com\/blog\/#\/schema\/person\/dcab619c614d3038751c63bc2aadc06d"},"description":"ULQINI N\u00cb VITET E LIDHJES SHQIPTARE T\u00cb PRIZRENIT 1878-1881 (22) Ministri turk Abedin Pash\u00eb Dinoja theksonte se dor\u00ebzimi i rajonit t\u00eb ri paraqiste","breadcrumb":{"@id":"https:\/\/www.visit-ulcinj.com\/blog\/2009\/06\/06\/fuqite-e-medha-kerkojne-serish-dorezimin-e-ulqinit\/#breadcrumb"},"inLanguage":"en-US","potentialAction":[{"@type":"ReadAction","target":["https:\/\/www.visit-ulcinj.com\/blog\/2009\/06\/06\/fuqite-e-medha-kerkojne-serish-dorezimin-e-ulqinit\/"]}]},{"@type":"BreadcrumbList","@id":"https:\/\/www.visit-ulcinj.com\/blog\/2009\/06\/06\/fuqite-e-medha-kerkojne-serish-dorezimin-e-ulqinit\/#breadcrumb","itemListElement":[{"@type":"ListItem","position":1,"name":"Fuqit\u00eb e M\u00ebdha k\u00ebrkojn\u00eb s\u00ebrish dor\u00ebzimin e Ulqinit"}]},{"@type":"Person","@id":"https:\/\/www.visit-ulcinj.com\/blog\/#\/schema\/person\/dcab619c614d3038751c63bc2aadc06d","name":"ulqini","sameAs":["http:\/\/www.visit-ulcinj.com"],"url":"https:\/\/www.visit-ulcinj.com\/blog\/author\/admin\/"}]}},"jetpack_featured_media_url":"","jetpack_sharing_enabled":true,"jetpack_shortlink":"https:\/\/wp.me\/pe6lTn-5T4","_links":{"self":[{"href":"https:\/\/www.visit-ulcinj.com\/blog\/wp-json\/wp\/v2\/posts\/22634"}],"collection":[{"href":"https:\/\/www.visit-ulcinj.com\/blog\/wp-json\/wp\/v2\/posts"}],"about":[{"href":"https:\/\/www.visit-ulcinj.com\/blog\/wp-json\/wp\/v2\/types\/post"}],"author":[{"embeddable":true,"href":"https:\/\/www.visit-ulcinj.com\/blog\/wp-json\/wp\/v2\/users\/1"}],"replies":[{"embeddable":true,"href":"https:\/\/www.visit-ulcinj.com\/blog\/wp-json\/wp\/v2\/comments?post=22634"}],"version-history":[{"count":0,"href":"https:\/\/www.visit-ulcinj.com\/blog\/wp-json\/wp\/v2\/posts\/22634\/revisions"}],"wp:attachment":[{"href":"https:\/\/www.visit-ulcinj.com\/blog\/wp-json\/wp\/v2\/media?parent=22634"}],"wp:term":[{"taxonomy":"category","embeddable":true,"href":"https:\/\/www.visit-ulcinj.com\/blog\/wp-json\/wp\/v2\/categories?post=22634"},{"taxonomy":"post_tag","embeddable":true,"href":"https:\/\/www.visit-ulcinj.com\/blog\/wp-json\/wp\/v2\/tags?post=22634"}],"curies":[{"name":"wp","href":"https:\/\/api.w.org\/{rel}","templated":true}]}}