{"id":22639,"date":"2009-06-06T20:20:47","date_gmt":"2009-06-06T18:20:47","guid":{"rendered":"http:\/\/www.visit-ulcinj.com\/blog\/?p=22639"},"modified":"2009-06-06T20:20:47","modified_gmt":"2009-06-06T18:20:47","slug":"ismet-karamanaga-me-webfaqe-personale","status":"publish","type":"post","link":"https:\/\/www.visit-ulcinj.com\/blog\/2009\/06\/06\/ismet-karamanaga-me-webfaqe-personale\/","title":{"rendered":"Ismet Karamanaga me webfaqe personale"},"content":{"rendered":"<p><a href=\"http:\/\/www.visit-ulcinj.com\/blog\/wp-content\/uploads\/2009\/06\/ismet-karamanaga.jpg\"><img loading=\"lazy\" class=\"alignleft size-full wp-image-22640\" title=\"ismet-karamanaga\" src=\"http:\/\/www.visit-ulcinj.com\/blog\/wp-content\/uploads\/2009\/06\/ismet-karamanaga.jpg\" alt=\"ismet-karamanaga\" width=\"580\" height=\"353\" \/><\/a>Jeton dhe vepron n\u00eb Ulqin-Mali i Zi. Ka studijuar\u00a0 gjermanistik\u00ebn n\u00eb Beograd. Mbi 20 vjet\u00eb ka punuar si m\u00ebsimdh\u00ebn\u00ebs i gjuh\u00ebs gjermane n\u00eb Qendr\u00ebn shkollore\u00a0 n\u00eb Ulqin. N\u00eb koh\u00ebt e arta t\u00eb turizmit\u00a0 n\u00eb k\u00ebta hapsira, gjat\u00eb sezonit turistik ka punuar si p\u00ebrfaq\u00ebsues i agjensive t\u00eb ndryeshme nga vendi dhe nga bota. Yugotours \u2013Zurich dhe Amsterdam, Tjaerebourg dhe Neckermann nga Gjermanija. N\u00eb vitin 1984 b\u00ebhet shefi i agjensis\u00eb m\u00eb t\u00eb madhe turistike Kompas \u2013Yugoslavija nga Ljubljana, ku punon me sukses deri te vitet e 90.Akomodimi privat i musafir\u00ebve nga vendi dhe nga bota, ADAC dhe Terra Reisen, organizimi i ekskursion\u00ebve nep\u00ebr Mal t\u00eb Zi, Shqip\u00ebri, n\u00eb Dubrovnik ka qen\u00eb veprimtarija kryesore e pun\u00ebs e Ismet Karamanag\u00ebs.Sot, nj\u00eb nd\u00ebr shoq\u00ebruesit m\u00eb t\u00eb mir\u00eb n\u00eb Mal t\u00eb Zi, me licenc\u00ebn e Republik\u00ebs t\u00eb Malit t\u00eb Zi ende shoq\u00ebron grupe t\u00eb ndryeshme musafir\u00ebsh nga vendi dhe nga bota n\u00eb gjuh\u00ebn gjermane , ruse .malazeze-serbe dhe ate shqipe. P\u00ebrs\u00ebri punon p\u00ebr Terra- Reisen n\u00eb bashk\u00ebpunim me TUI, nga Austria, p\u00ebr akomodimin privat n\u00eb Ulqin.Njoh\u00ebs i mir\u00eb i turizmit, historis\u00eb dhe kultur\u00ebs n\u00eb p\u00ebrgjith\u00ebsi. Shkruan p\u00ebr histori, turiz\u00ebm dhe kultur n\u00eb revista t\u00eb ndryeshme. Gjithashtu permanent \u00ebsht\u00eb prezent n\u00eb medijat masovike nga Mali i Zi , Shqip\u00ebrija dhe Kosova. N\u00eb televizione t\u00eb ndryesh\u00ebm flet p\u00ebr bukurit dhe vlerat kulturore t\u00eb qytetit t\u00eb Ulqinit, posa\u00e7\u00ebrisht\u00eb p\u00ebr Kalan\u00eb 2500 vje\u00e7are e k\u00ebtij qyteti, e k\u00ebsaj perle t\u00eb Adriatikut.Si shoq\u00ebrues profesional Ismet Karamanaga ka shoq\u00ebruar personazhe t\u00eb fam\u00ebsh\u00ebm nga politika , kultura dhe arti, nga vendi dhe nga bota. N\u00eb k\u00ebt\u00eb galeri mund\u00a0 t\u00eb shihni disa nga fotografit\u00eb e vizit\u00ebs e kryetarit t\u00eb Malit t\u00eb Zi, Filip Vujanoviq\u00a0\u00a0 n\u00eb\u00a0 kremtimin e Dit\u00ebs s\u00eb Ulqinit .<\/p>\n<p><strong>Ja pra edhe adresa e websajtit:<\/strong><br \/>\n<strong><a href=\"http:\/\/www.ismetkaramanaga.users.cg\" target=\"_blank\">http:\/\/www.ismetkaramanaga.users.cg<\/a><\/strong><\/p>\n\n\t\t<style type=\"text\/css\">\n\t\t\t#gallery-1 {\n\t\t\t\tmargin: auto;\n\t\t\t}\n\t\t\t#gallery-1 .gallery-item {\n\t\t\t\tfloat: left;\n\t\t\t\tmargin-top: 10px;\n\t\t\t\ttext-align: center;\n\t\t\t\twidth: 33%;\n\t\t\t}\n\t\t\t#gallery-1 img {\n\t\t\t\tborder: 2px solid #cfcfcf;\n\t\t\t}\n\t\t\t#gallery-1 .gallery-caption {\n\t\t\t\tmargin-left: 0;\n\t\t\t}\n\t\t\t\/* see gallery_shortcode() in wp-includes\/media.php *\/\n\t\t<\/style>\n\t\t<div id='gallery-1' class='gallery galleryid-22639 gallery-columns-3 gallery-size-thumbnail'><dl class='gallery-item'>\n\t\t\t<dt class='gallery-icon landscape'>\n\t\t\t\t<a href='https:\/\/www.visit-ulcinj.com\/blog\/wp-content\/uploads\/2009\/06\/ismet-karamanaga.jpg'><img width=\"150\" height=\"150\" src=\"https:\/\/www.visit-ulcinj.com\/blog\/wp-content\/uploads\/2009\/06\/ismet-karamanaga-150x150.jpg\" class=\"attachment-thumbnail size-thumbnail\" alt=\"\" loading=\"lazy\" \/><\/a>\n\t\t\t<\/dt><\/dl><dl class='gallery-item'>\n\t\t\t<dt class='gallery-icon landscape'>\n\t\t\t\t<a href='https:\/\/www.visit-ulcinj.com\/blog\/wp-content\/uploads\/2009\/06\/ismet-karamanaga_filip-vujanovic3.jpg'><img width=\"150\" height=\"150\" src=\"https:\/\/www.visit-ulcinj.com\/blog\/wp-content\/uploads\/2009\/06\/ismet-karamanaga_filip-vujanovic3-150x150.jpg\" class=\"attachment-thumbnail size-thumbnail\" alt=\"\" loading=\"lazy\" \/><\/a>\n\t\t\t<\/dt><\/dl><dl class='gallery-item'>\n\t\t\t<dt class='gallery-icon landscape'>\n\t\t\t\t<a href='https:\/\/www.visit-ulcinj.com\/blog\/wp-content\/uploads\/2009\/06\/ismet-karamanaga_filip-vujanovic4.jpg'><img width=\"150\" height=\"150\" src=\"https:\/\/www.visit-ulcinj.com\/blog\/wp-content\/uploads\/2009\/06\/ismet-karamanaga_filip-vujanovic4-150x150.jpg\" class=\"attachment-thumbnail size-thumbnail\" alt=\"\" loading=\"lazy\" \/><\/a>\n\t\t\t<\/dt><\/dl><br style=\"clear: both\" \/><dl class='gallery-item'>\n\t\t\t<dt class='gallery-icon landscape'>\n\t\t\t\t<a href='https:\/\/www.visit-ulcinj.com\/blog\/wp-content\/uploads\/2009\/06\/ismet-karamanaga_filip-vujanovic5.jpg'><img width=\"150\" height=\"150\" src=\"https:\/\/www.visit-ulcinj.com\/blog\/wp-content\/uploads\/2009\/06\/ismet-karamanaga_filip-vujanovic5-150x150.jpg\" class=\"attachment-thumbnail size-thumbnail\" alt=\"\" loading=\"lazy\" \/><\/a>\n\t\t\t<\/dt><\/dl><dl class='gallery-item'>\n\t\t\t<dt class='gallery-icon landscape'>\n\t\t\t\t<a href='https:\/\/www.visit-ulcinj.com\/blog\/wp-content\/uploads\/2009\/06\/ismet-karamanaga_filip-vujanovic6.jpg'><img width=\"150\" height=\"150\" src=\"https:\/\/www.visit-ulcinj.com\/blog\/wp-content\/uploads\/2009\/06\/ismet-karamanaga_filip-vujanovic6-150x150.jpg\" class=\"attachment-thumbnail size-thumbnail\" alt=\"\" loading=\"lazy\" \/><\/a>\n\t\t\t<\/dt><\/dl><dl class='gallery-item'>\n\t\t\t<dt class='gallery-icon landscape'>\n\t\t\t\t<a href='https:\/\/www.visit-ulcinj.com\/blog\/wp-content\/uploads\/2009\/06\/ismet-karamanaga_filip-vujanovic7.jpg'><img width=\"150\" height=\"150\" src=\"https:\/\/www.visit-ulcinj.com\/blog\/wp-content\/uploads\/2009\/06\/ismet-karamanaga_filip-vujanovic7-150x150.jpg\" class=\"attachment-thumbnail size-thumbnail\" alt=\"\" loading=\"lazy\" \/><\/a>\n\t\t\t<\/dt><\/dl><br style=\"clear: both\" \/>\n\t\t<\/div>\n\n<!--YouTube Error: bad URL entered-->\n","protected":false},"excerpt":{"rendered":"<p>Jeton dhe vepron n\u00eb Ulqin-Mali i Zi. Ka studijuar\u00a0 gjermanistik\u00ebn n\u00eb Beograd. Mbi 20 vjet\u00eb ka punuar si m\u00ebsimdh\u00ebn\u00ebs i gjuh\u00ebs gjermane n\u00eb Qendr\u00ebn shkollore\u00a0 n\u00eb Ulqin. N\u00eb koh\u00ebt e arta t\u00eb turizmit\u00a0 n\u00eb k\u00ebta hapsira, gjat\u00eb sezonit turistik ka punuar si p\u00ebrfaq\u00ebsues i agjensive t\u00eb ndryeshme nga vendi dhe nga bota. Yugotours \u2013Zurich dhe [&hellip;]<\/p>\n","protected":false},"author":1,"featured_media":0,"comment_status":"open","ping_status":"closed","sticky":false,"template":"","format":"standard","meta":{"spay_email":"","jetpack_publicize_message":"","jetpack_is_tweetstorm":false,"jetpack_publicize_feature_enabled":true},"categories":[1],"tags":[306,310,200,18],"jetpack_publicize_connections":[],"yoast_head":"<!-- This site is optimized with the Yoast SEO plugin v19.1 - https:\/\/yoast.com\/wordpress\/plugins\/seo\/ -->\n<title>Ismet Karamanaga me webfaqe personale - Lajme nga Ulqini<\/title>\n<meta name=\"description\" content=\"Jeton dhe vepron n\u00eb Ulqin-Mali i Zi. Ka studijuar\u00a0 gjermanistik\u00ebn n\u00eb Beograd. Mbi 20 vjet\u00eb ka punuar si m\u00ebsimdh\u00ebn\u00ebs i gjuh\u00ebs gjermane n\u00eb Qendr\u00ebn\" \/>\n<meta name=\"robots\" content=\"index, follow, max-snippet:-1, max-image-preview:large, max-video-preview:-1\" \/>\n<link rel=\"canonical\" href=\"https:\/\/www.visit-ulcinj.com\/blog\/2009\/06\/06\/ismet-karamanaga-me-webfaqe-personale\/\" \/>\n<meta property=\"og:locale\" content=\"en_US\" \/>\n<meta property=\"og:type\" content=\"article\" \/>\n<meta property=\"og:title\" content=\"Ismet Karamanaga me webfaqe personale - Lajme nga Ulqini\" \/>\n<meta property=\"og:description\" content=\"Jeton dhe vepron n\u00eb Ulqin-Mali i Zi. Ka studijuar\u00a0 gjermanistik\u00ebn n\u00eb Beograd. Mbi 20 vjet\u00eb ka punuar si m\u00ebsimdh\u00ebn\u00ebs i gjuh\u00ebs gjermane n\u00eb Qendr\u00ebn\" \/>\n<meta property=\"og:url\" content=\"https:\/\/www.visit-ulcinj.com\/blog\/2009\/06\/06\/ismet-karamanaga-me-webfaqe-personale\/\" \/>\n<meta property=\"og:site_name\" content=\"Lajme nga Ulqini\" \/>\n<meta property=\"article:published_time\" content=\"2009-06-06T18:20:47+00:00\" \/>\n<meta property=\"og:image\" content=\"https:\/\/www.visit-ulcinj.com\/blog\/wp-content\/uploads\/2009\/06\/ismet-karamanaga-150x150.jpg\" \/>\n<meta name=\"twitter:label1\" content=\"Written by\" \/>\n\t<meta name=\"twitter:data1\" content=\"ulqini\" \/>\n\t<meta name=\"twitter:label2\" content=\"Est. reading time\" \/>\n\t<meta name=\"twitter:data2\" content=\"2 minutes\" \/>\n<script type=\"application\/ld+json\" class=\"yoast-schema-graph\">{\"@context\":\"https:\/\/schema.org\",\"@graph\":[{\"@type\":\"WebSite\",\"@id\":\"https:\/\/www.visit-ulcinj.com\/blog\/#website\",\"url\":\"https:\/\/www.visit-ulcinj.com\/blog\/\",\"name\":\"Lajme nga Ulqini\",\"description\":\"Lajme,Vijesti,Ulqini,Ulqin,Crna Gora,Mali i Zi\",\"potentialAction\":[{\"@type\":\"SearchAction\",\"target\":{\"@type\":\"EntryPoint\",\"urlTemplate\":\"https:\/\/www.visit-ulcinj.com\/blog\/?s={search_term_string}\"},\"query-input\":\"required name=search_term_string\"}],\"inLanguage\":\"en-US\"},{\"@type\":\"ImageObject\",\"inLanguage\":\"en-US\",\"@id\":\"https:\/\/www.visit-ulcinj.com\/blog\/2009\/06\/06\/ismet-karamanaga-me-webfaqe-personale\/#primaryimage\",\"url\":\"https:\/\/www.visit-ulcinj.com\/blog\/wp-content\/uploads\/2009\/06\/ismet-karamanaga.jpg\",\"contentUrl\":\"https:\/\/www.visit-ulcinj.com\/blog\/wp-content\/uploads\/2009\/06\/ismet-karamanaga.jpg\",\"width\":\"692\",\"height\":\"353\"},{\"@type\":\"WebPage\",\"@id\":\"https:\/\/www.visit-ulcinj.com\/blog\/2009\/06\/06\/ismet-karamanaga-me-webfaqe-personale\/#webpage\",\"url\":\"https:\/\/www.visit-ulcinj.com\/blog\/2009\/06\/06\/ismet-karamanaga-me-webfaqe-personale\/\",\"name\":\"Ismet Karamanaga me webfaqe personale - Lajme nga Ulqini\",\"isPartOf\":{\"@id\":\"https:\/\/www.visit-ulcinj.com\/blog\/#website\"},\"primaryImageOfPage\":{\"@id\":\"https:\/\/www.visit-ulcinj.com\/blog\/2009\/06\/06\/ismet-karamanaga-me-webfaqe-personale\/#primaryimage\"},\"datePublished\":\"2009-06-06T18:20:47+00:00\",\"dateModified\":\"2009-06-06T18:20:47+00:00\",\"author\":{\"@id\":\"https:\/\/www.visit-ulcinj.com\/blog\/#\/schema\/person\/dcab619c614d3038751c63bc2aadc06d\"},\"description\":\"Jeton dhe vepron n\u00eb Ulqin-Mali i Zi. Ka studijuar\u00a0 gjermanistik\u00ebn n\u00eb Beograd. Mbi 20 vjet\u00eb ka punuar si m\u00ebsimdh\u00ebn\u00ebs i gjuh\u00ebs gjermane n\u00eb Qendr\u00ebn\",\"breadcrumb\":{\"@id\":\"https:\/\/www.visit-ulcinj.com\/blog\/2009\/06\/06\/ismet-karamanaga-me-webfaqe-personale\/#breadcrumb\"},\"inLanguage\":\"en-US\",\"potentialAction\":[{\"@type\":\"ReadAction\",\"target\":[\"https:\/\/www.visit-ulcinj.com\/blog\/2009\/06\/06\/ismet-karamanaga-me-webfaqe-personale\/\"]}]},{\"@type\":\"BreadcrumbList\",\"@id\":\"https:\/\/www.visit-ulcinj.com\/blog\/2009\/06\/06\/ismet-karamanaga-me-webfaqe-personale\/#breadcrumb\",\"itemListElement\":[{\"@type\":\"ListItem\",\"position\":1,\"name\":\"Ismet Karamanaga me webfaqe personale\"}]},{\"@type\":\"Person\",\"@id\":\"https:\/\/www.visit-ulcinj.com\/blog\/#\/schema\/person\/dcab619c614d3038751c63bc2aadc06d\",\"name\":\"ulqini\",\"sameAs\":[\"http:\/\/www.visit-ulcinj.com\"],\"url\":\"https:\/\/www.visit-ulcinj.com\/blog\/author\/admin\/\"}]}<\/script>\n<!-- \/ Yoast SEO plugin. -->","yoast_head_json":{"title":"Ismet Karamanaga me webfaqe personale - Lajme nga Ulqini","description":"Jeton dhe vepron n\u00eb Ulqin-Mali i Zi. Ka studijuar\u00a0 gjermanistik\u00ebn n\u00eb Beograd. Mbi 20 vjet\u00eb ka punuar si m\u00ebsimdh\u00ebn\u00ebs i gjuh\u00ebs gjermane n\u00eb Qendr\u00ebn","robots":{"index":"index","follow":"follow","max-snippet":"max-snippet:-1","max-image-preview":"max-image-preview:large","max-video-preview":"max-video-preview:-1"},"canonical":"https:\/\/www.visit-ulcinj.com\/blog\/2009\/06\/06\/ismet-karamanaga-me-webfaqe-personale\/","og_locale":"en_US","og_type":"article","og_title":"Ismet Karamanaga me webfaqe personale - Lajme nga Ulqini","og_description":"Jeton dhe vepron n\u00eb Ulqin-Mali i Zi. Ka studijuar\u00a0 gjermanistik\u00ebn n\u00eb Beograd. Mbi 20 vjet\u00eb ka punuar si m\u00ebsimdh\u00ebn\u00ebs i gjuh\u00ebs gjermane n\u00eb Qendr\u00ebn","og_url":"https:\/\/www.visit-ulcinj.com\/blog\/2009\/06\/06\/ismet-karamanaga-me-webfaqe-personale\/","og_site_name":"Lajme nga Ulqini","article_published_time":"2009-06-06T18:20:47+00:00","og_image":[{"url":"https:\/\/www.visit-ulcinj.com\/blog\/wp-content\/uploads\/2009\/06\/ismet-karamanaga-150x150.jpg"}],"twitter_misc":{"Written by":"ulqini","Est. reading time":"2 minutes"},"schema":{"@context":"https:\/\/schema.org","@graph":[{"@type":"WebSite","@id":"https:\/\/www.visit-ulcinj.com\/blog\/#website","url":"https:\/\/www.visit-ulcinj.com\/blog\/","name":"Lajme nga Ulqini","description":"Lajme,Vijesti,Ulqini,Ulqin,Crna Gora,Mali i Zi","potentialAction":[{"@type":"SearchAction","target":{"@type":"EntryPoint","urlTemplate":"https:\/\/www.visit-ulcinj.com\/blog\/?s={search_term_string}"},"query-input":"required name=search_term_string"}],"inLanguage":"en-US"},{"@type":"ImageObject","inLanguage":"en-US","@id":"https:\/\/www.visit-ulcinj.com\/blog\/2009\/06\/06\/ismet-karamanaga-me-webfaqe-personale\/#primaryimage","url":"https:\/\/www.visit-ulcinj.com\/blog\/wp-content\/uploads\/2009\/06\/ismet-karamanaga.jpg","contentUrl":"https:\/\/www.visit-ulcinj.com\/blog\/wp-content\/uploads\/2009\/06\/ismet-karamanaga.jpg","width":"692","height":"353"},{"@type":"WebPage","@id":"https:\/\/www.visit-ulcinj.com\/blog\/2009\/06\/06\/ismet-karamanaga-me-webfaqe-personale\/#webpage","url":"https:\/\/www.visit-ulcinj.com\/blog\/2009\/06\/06\/ismet-karamanaga-me-webfaqe-personale\/","name":"Ismet Karamanaga me webfaqe personale - Lajme nga Ulqini","isPartOf":{"@id":"https:\/\/www.visit-ulcinj.com\/blog\/#website"},"primaryImageOfPage":{"@id":"https:\/\/www.visit-ulcinj.com\/blog\/2009\/06\/06\/ismet-karamanaga-me-webfaqe-personale\/#primaryimage"},"datePublished":"2009-06-06T18:20:47+00:00","dateModified":"2009-06-06T18:20:47+00:00","author":{"@id":"https:\/\/www.visit-ulcinj.com\/blog\/#\/schema\/person\/dcab619c614d3038751c63bc2aadc06d"},"description":"Jeton dhe vepron n\u00eb Ulqin-Mali i Zi. Ka studijuar\u00a0 gjermanistik\u00ebn n\u00eb Beograd. Mbi 20 vjet\u00eb ka punuar si m\u00ebsimdh\u00ebn\u00ebs i gjuh\u00ebs gjermane n\u00eb Qendr\u00ebn","breadcrumb":{"@id":"https:\/\/www.visit-ulcinj.com\/blog\/2009\/06\/06\/ismet-karamanaga-me-webfaqe-personale\/#breadcrumb"},"inLanguage":"en-US","potentialAction":[{"@type":"ReadAction","target":["https:\/\/www.visit-ulcinj.com\/blog\/2009\/06\/06\/ismet-karamanaga-me-webfaqe-personale\/"]}]},{"@type":"BreadcrumbList","@id":"https:\/\/www.visit-ulcinj.com\/blog\/2009\/06\/06\/ismet-karamanaga-me-webfaqe-personale\/#breadcrumb","itemListElement":[{"@type":"ListItem","position":1,"name":"Ismet Karamanaga me webfaqe personale"}]},{"@type":"Person","@id":"https:\/\/www.visit-ulcinj.com\/blog\/#\/schema\/person\/dcab619c614d3038751c63bc2aadc06d","name":"ulqini","sameAs":["http:\/\/www.visit-ulcinj.com"],"url":"https:\/\/www.visit-ulcinj.com\/blog\/author\/admin\/"}]}},"jetpack_featured_media_url":"","jetpack_sharing_enabled":true,"jetpack_shortlink":"https:\/\/wp.me\/pe6lTn-5T9","_links":{"self":[{"href":"https:\/\/www.visit-ulcinj.com\/blog\/wp-json\/wp\/v2\/posts\/22639"}],"collection":[{"href":"https:\/\/www.visit-ulcinj.com\/blog\/wp-json\/wp\/v2\/posts"}],"about":[{"href":"https:\/\/www.visit-ulcinj.com\/blog\/wp-json\/wp\/v2\/types\/post"}],"author":[{"embeddable":true,"href":"https:\/\/www.visit-ulcinj.com\/blog\/wp-json\/wp\/v2\/users\/1"}],"replies":[{"embeddable":true,"href":"https:\/\/www.visit-ulcinj.com\/blog\/wp-json\/wp\/v2\/comments?post=22639"}],"version-history":[{"count":0,"href":"https:\/\/www.visit-ulcinj.com\/blog\/wp-json\/wp\/v2\/posts\/22639\/revisions"}],"wp:attachment":[{"href":"https:\/\/www.visit-ulcinj.com\/blog\/wp-json\/wp\/v2\/media?parent=22639"}],"wp:term":[{"taxonomy":"category","embeddable":true,"href":"https:\/\/www.visit-ulcinj.com\/blog\/wp-json\/wp\/v2\/categories?post=22639"},{"taxonomy":"post_tag","embeddable":true,"href":"https:\/\/www.visit-ulcinj.com\/blog\/wp-json\/wp\/v2\/tags?post=22639"}],"curies":[{"name":"wp","href":"https:\/\/api.w.org\/{rel}","templated":true}]}}