{"id":22648,"date":"2009-06-07T18:22:32","date_gmt":"2009-06-07T16:22:32","guid":{"rendered":"http:\/\/www.visit-ulcinj.com\/blog\/?p=22648"},"modified":"2009-06-07T18:30:18","modified_gmt":"2009-06-07T16:30:18","slug":"interviste-me-kryetarin-e-komunes-se-ulqinit-gezim-hajdinagen","status":"publish","type":"post","link":"https:\/\/www.visit-ulcinj.com\/blog\/2009\/06\/07\/interviste-me-kryetarin-e-komunes-se-ulqinit-gezim-hajdinagen\/","title":{"rendered":"Intervist\u00eb me kryetarin e komun\u00ebs s\u00eb Ulqinit Gezim Hajdinagen"},"content":{"rendered":"<p><strong><a href=\"http:\/\/www.visit-ulcinj.com\/blog\/wp-content\/uploads\/2009\/06\/interviste-me-kryetarin-e-komunes-se-ulqinit-gezim-hajdinagen.jpg\"><img loading=\"lazy\" class=\"alignleft size-full wp-image-22649\" title=\"interviste-me-kryetarin-e-komunes-se-ulqinit-gezim-hajdinagen\" src=\"http:\/\/www.visit-ulcinj.com\/blog\/wp-content\/uploads\/2009\/06\/interviste-me-kryetarin-e-komunes-se-ulqinit-gezim-hajdinagen.jpg\" alt=\"interviste-me-kryetarin-e-komunes-se-ulqinit-gezim-hajdinagen\" width=\"580\" height=\"380\" \/><\/a>T\u00eb ulen \u00e7mimet, t\u00eb pasurohet oferta e\u00a0 Ulqinit<\/strong><\/p>\n<p>Zhvillimi i Panairit n\u00eb gjith\u00eb rajonin e Evropes prendimore ishte nje sukses i plote i promovimit te resurseve turistike te Ulqinit nga kryetari iGezim Hajdinaga..<\/p>\n<p>Ky sukses u arrit permes shperndarjes se rreth 6000 materialeve te ndryshem promovues (broshura, fletepalosje, kartolina, postera, DVD filmike me oferten turistike te Ulqini dhe te Malit te Zi). Nje interesim i vecante per Komune te Ulqinit u vu re edhe nga mediat e ndryshme prendimore, te cilat e vizituan shpesh keto Ekspozitura sikurse ne Berlin,Vjen,Bjellorusi,Rusi,Kosov\u00eb,Maqedoni,Bosne,Vojvodin\u00eb,Shqiperi,Hungari,Budve e shum panaire te turizmit ku ne kemi marr\u00eb pjes ne shtandet nga Mali i Zi. Ky interesim u materializua ne intervistat qe i dha Drejtori i Turizmit malazias dhe intervista q\u00eb\u00a0 jan realizuar dhe me kryetarin e Ulqinit G\u00ebzim Hajdinagen.<\/p>\n<p>Gjithashtu gazetat prendimore, qe jan gazeta me tirazhin me te madh ne Austri,Gjermani,Bjellorusi,Bosne,Kosov\u00eb,Maqedoni,Shqiperi, i dedikoi nje rubrike te vecante promovimit te turizmit t\u00eb Ulqinit,duke perdorur material te marre nga broshurat dhe fletepalosjet e Malit t\u00eb Zi dhe Ulqinit te shoqeruara me nje interviste te Drejtorit te Turizmit malazias.<\/p>\n<p>Kto Ceremoni u transmetuan nga te gjitha mediat vizive te shteteve prendimore.<\/p>\n<p>Duke qene qe tregu turistik prendimor eshte dhe do te jete per nje kohe te gjate burimi kryesor per zhvillimin e turizmit jo vetem per ulqinak por atij malazias ne pergjithesi, promovimi i resurseve turistike te Ulqinit ne prendim sikurse Austri,Gjermani,Bjellorusi,Bosne,Kosov\u00eb,Maqedoni,Shqiperi,\u00a0 do te kete nje rendesi te vecante ne veprimtarine e Drejtorise se Turizmit te Malit te Zi e sidomos per Ulqinin q\u00eb ket vit e presim me shum t\u00eb p\u00ebrgaditur.<\/p>\n<!--YouTube Error: bad URL entered-->\n","protected":false},"excerpt":{"rendered":"<p>T\u00eb ulen \u00e7mimet, t\u00eb pasurohet oferta e\u00a0 Ulqinit Zhvillimi i Panairit n\u00eb gjith\u00eb rajonin e Evropes prendimore ishte nje sukses i plote i promovimit te resurseve turistike te Ulqinit nga kryetari iGezim Hajdinaga.. Ky sukses u arrit permes shperndarjes se rreth 6000 materialeve te ndryshem promovues (broshura, fletepalosje, kartolina, postera, DVD filmike me oferten turistike [&hellip;]<\/p>\n","protected":false},"author":1,"featured_media":0,"comment_status":"open","ping_status":"closed","sticky":false,"template":"","format":"standard","meta":{"spay_email":"","jetpack_publicize_message":"","jetpack_is_tweetstorm":false,"jetpack_publicize_feature_enabled":true},"categories":[1],"tags":[138,11075,11076,518,222,9613,23,49,325,2515,11074,95,3945,538,11071,11073,3946,50,3498,11072,200,18,2210,561],"jetpack_publicize_connections":[],"yoast_head":"<!-- This site is optimized with the Yoast SEO plugin v19.1 - https:\/\/yoast.com\/wordpress\/plugins\/seo\/ -->\n<title>Intervist\u00eb me kryetarin e komun\u00ebs s\u00eb Ulqinit Gezim Hajdinagen - Lajme nga Ulqini<\/title>\n<meta name=\"description\" content=\"T\u00eb ulen \u00e7mimet, t\u00eb pasurohet oferta e\u00a0 Ulqinit Zhvillimi i Panairit n\u00eb gjith\u00eb rajonin e Evropes prendimore ishte nje sukses i plote i promovimit te\" \/>\n<meta name=\"robots\" content=\"index, follow, max-snippet:-1, max-image-preview:large, max-video-preview:-1\" \/>\n<link rel=\"canonical\" href=\"https:\/\/www.visit-ulcinj.com\/blog\/2009\/06\/07\/interviste-me-kryetarin-e-komunes-se-ulqinit-gezim-hajdinagen\/\" \/>\n<meta property=\"og:locale\" content=\"en_US\" \/>\n<meta property=\"og:type\" content=\"article\" \/>\n<meta property=\"og:title\" content=\"Intervist\u00eb me kryetarin e komun\u00ebs s\u00eb Ulqinit Gezim Hajdinagen - Lajme nga Ulqini\" \/>\n<meta property=\"og:description\" content=\"T\u00eb ulen \u00e7mimet, t\u00eb pasurohet oferta e\u00a0 Ulqinit Zhvillimi i Panairit n\u00eb gjith\u00eb rajonin e Evropes prendimore ishte nje sukses i plote i promovimit te\" \/>\n<meta property=\"og:url\" content=\"https:\/\/www.visit-ulcinj.com\/blog\/2009\/06\/07\/interviste-me-kryetarin-e-komunes-se-ulqinit-gezim-hajdinagen\/\" \/>\n<meta property=\"og:site_name\" content=\"Lajme nga Ulqini\" \/>\n<meta property=\"article:published_time\" content=\"2009-06-07T16:22:32+00:00\" \/>\n<meta property=\"article:modified_time\" content=\"2009-06-07T16:30:18+00:00\" \/>\n<meta property=\"og:image\" content=\"http:\/\/www.visit-ulcinj.com\/blog\/wp-content\/uploads\/2009\/06\/interviste-me-kryetarin-e-komunes-se-ulqinit-gezim-hajdinagen.jpg\" \/>\n<meta name=\"twitter:label1\" content=\"Written by\" \/>\n\t<meta name=\"twitter:data1\" content=\"ulqini\" \/>\n\t<meta name=\"twitter:label2\" content=\"Est. reading time\" \/>\n\t<meta name=\"twitter:data2\" content=\"1 minute\" \/>\n<script type=\"application\/ld+json\" class=\"yoast-schema-graph\">{\"@context\":\"https:\/\/schema.org\",\"@graph\":[{\"@type\":\"WebSite\",\"@id\":\"https:\/\/www.visit-ulcinj.com\/blog\/#website\",\"url\":\"https:\/\/www.visit-ulcinj.com\/blog\/\",\"name\":\"Lajme nga Ulqini\",\"description\":\"Lajme,Vijesti,Ulqini,Ulqin,Crna Gora,Mali i Zi\",\"potentialAction\":[{\"@type\":\"SearchAction\",\"target\":{\"@type\":\"EntryPoint\",\"urlTemplate\":\"https:\/\/www.visit-ulcinj.com\/blog\/?s={search_term_string}\"},\"query-input\":\"required name=search_term_string\"}],\"inLanguage\":\"en-US\"},{\"@type\":\"ImageObject\",\"inLanguage\":\"en-US\",\"@id\":\"https:\/\/www.visit-ulcinj.com\/blog\/2009\/06\/07\/interviste-me-kryetarin-e-komunes-se-ulqinit-gezim-hajdinagen\/#primaryimage\",\"url\":\"https:\/\/www.visit-ulcinj.com\/blog\/wp-content\/uploads\/2009\/06\/interviste-me-kryetarin-e-komunes-se-ulqinit-gezim-hajdinagen.jpg\",\"contentUrl\":\"https:\/\/www.visit-ulcinj.com\/blog\/wp-content\/uploads\/2009\/06\/interviste-me-kryetarin-e-komunes-se-ulqinit-gezim-hajdinagen.jpg\",\"width\":\"479\",\"height\":\"350\"},{\"@type\":\"WebPage\",\"@id\":\"https:\/\/www.visit-ulcinj.com\/blog\/2009\/06\/07\/interviste-me-kryetarin-e-komunes-se-ulqinit-gezim-hajdinagen\/#webpage\",\"url\":\"https:\/\/www.visit-ulcinj.com\/blog\/2009\/06\/07\/interviste-me-kryetarin-e-komunes-se-ulqinit-gezim-hajdinagen\/\",\"name\":\"Intervist\u00eb me kryetarin e komun\u00ebs s\u00eb Ulqinit Gezim Hajdinagen - Lajme nga Ulqini\",\"isPartOf\":{\"@id\":\"https:\/\/www.visit-ulcinj.com\/blog\/#website\"},\"primaryImageOfPage\":{\"@id\":\"https:\/\/www.visit-ulcinj.com\/blog\/2009\/06\/07\/interviste-me-kryetarin-e-komunes-se-ulqinit-gezim-hajdinagen\/#primaryimage\"},\"datePublished\":\"2009-06-07T16:22:32+00:00\",\"dateModified\":\"2009-06-07T16:30:18+00:00\",\"author\":{\"@id\":\"https:\/\/www.visit-ulcinj.com\/blog\/#\/schema\/person\/dcab619c614d3038751c63bc2aadc06d\"},\"description\":\"T\u00eb ulen \u00e7mimet, t\u00eb pasurohet oferta e\u00a0 Ulqinit Zhvillimi i Panairit n\u00eb gjith\u00eb rajonin e Evropes prendimore ishte nje sukses i plote i promovimit te\",\"breadcrumb\":{\"@id\":\"https:\/\/www.visit-ulcinj.com\/blog\/2009\/06\/07\/interviste-me-kryetarin-e-komunes-se-ulqinit-gezim-hajdinagen\/#breadcrumb\"},\"inLanguage\":\"en-US\",\"potentialAction\":[{\"@type\":\"ReadAction\",\"target\":[\"https:\/\/www.visit-ulcinj.com\/blog\/2009\/06\/07\/interviste-me-kryetarin-e-komunes-se-ulqinit-gezim-hajdinagen\/\"]}]},{\"@type\":\"BreadcrumbList\",\"@id\":\"https:\/\/www.visit-ulcinj.com\/blog\/2009\/06\/07\/interviste-me-kryetarin-e-komunes-se-ulqinit-gezim-hajdinagen\/#breadcrumb\",\"itemListElement\":[{\"@type\":\"ListItem\",\"position\":1,\"name\":\"Intervist\u00eb me kryetarin e komun\u00ebs s\u00eb Ulqinit Gezim Hajdinagen\"}]},{\"@type\":\"Person\",\"@id\":\"https:\/\/www.visit-ulcinj.com\/blog\/#\/schema\/person\/dcab619c614d3038751c63bc2aadc06d\",\"name\":\"ulqini\",\"sameAs\":[\"http:\/\/www.visit-ulcinj.com\"],\"url\":\"https:\/\/www.visit-ulcinj.com\/blog\/author\/admin\/\"}]}<\/script>\n<!-- \/ Yoast SEO plugin. -->","yoast_head_json":{"title":"Intervist\u00eb me kryetarin e komun\u00ebs s\u00eb Ulqinit Gezim Hajdinagen - Lajme nga Ulqini","description":"T\u00eb ulen \u00e7mimet, t\u00eb pasurohet oferta e\u00a0 Ulqinit Zhvillimi i Panairit n\u00eb gjith\u00eb rajonin e Evropes prendimore ishte nje sukses i plote i promovimit te","robots":{"index":"index","follow":"follow","max-snippet":"max-snippet:-1","max-image-preview":"max-image-preview:large","max-video-preview":"max-video-preview:-1"},"canonical":"https:\/\/www.visit-ulcinj.com\/blog\/2009\/06\/07\/interviste-me-kryetarin-e-komunes-se-ulqinit-gezim-hajdinagen\/","og_locale":"en_US","og_type":"article","og_title":"Intervist\u00eb me kryetarin e komun\u00ebs s\u00eb Ulqinit Gezim Hajdinagen - Lajme nga Ulqini","og_description":"T\u00eb ulen \u00e7mimet, t\u00eb pasurohet oferta e\u00a0 Ulqinit Zhvillimi i Panairit n\u00eb gjith\u00eb rajonin e Evropes prendimore ishte nje sukses i plote i promovimit te","og_url":"https:\/\/www.visit-ulcinj.com\/blog\/2009\/06\/07\/interviste-me-kryetarin-e-komunes-se-ulqinit-gezim-hajdinagen\/","og_site_name":"Lajme nga Ulqini","article_published_time":"2009-06-07T16:22:32+00:00","article_modified_time":"2009-06-07T16:30:18+00:00","og_image":[{"url":"http:\/\/www.visit-ulcinj.com\/blog\/wp-content\/uploads\/2009\/06\/interviste-me-kryetarin-e-komunes-se-ulqinit-gezim-hajdinagen.jpg"}],"twitter_misc":{"Written by":"ulqini","Est. reading time":"1 minute"},"schema":{"@context":"https:\/\/schema.org","@graph":[{"@type":"WebSite","@id":"https:\/\/www.visit-ulcinj.com\/blog\/#website","url":"https:\/\/www.visit-ulcinj.com\/blog\/","name":"Lajme nga Ulqini","description":"Lajme,Vijesti,Ulqini,Ulqin,Crna Gora,Mali i Zi","potentialAction":[{"@type":"SearchAction","target":{"@type":"EntryPoint","urlTemplate":"https:\/\/www.visit-ulcinj.com\/blog\/?s={search_term_string}"},"query-input":"required name=search_term_string"}],"inLanguage":"en-US"},{"@type":"ImageObject","inLanguage":"en-US","@id":"https:\/\/www.visit-ulcinj.com\/blog\/2009\/06\/07\/interviste-me-kryetarin-e-komunes-se-ulqinit-gezim-hajdinagen\/#primaryimage","url":"https:\/\/www.visit-ulcinj.com\/blog\/wp-content\/uploads\/2009\/06\/interviste-me-kryetarin-e-komunes-se-ulqinit-gezim-hajdinagen.jpg","contentUrl":"https:\/\/www.visit-ulcinj.com\/blog\/wp-content\/uploads\/2009\/06\/interviste-me-kryetarin-e-komunes-se-ulqinit-gezim-hajdinagen.jpg","width":"479","height":"350"},{"@type":"WebPage","@id":"https:\/\/www.visit-ulcinj.com\/blog\/2009\/06\/07\/interviste-me-kryetarin-e-komunes-se-ulqinit-gezim-hajdinagen\/#webpage","url":"https:\/\/www.visit-ulcinj.com\/blog\/2009\/06\/07\/interviste-me-kryetarin-e-komunes-se-ulqinit-gezim-hajdinagen\/","name":"Intervist\u00eb me kryetarin e komun\u00ebs s\u00eb Ulqinit Gezim Hajdinagen - Lajme nga Ulqini","isPartOf":{"@id":"https:\/\/www.visit-ulcinj.com\/blog\/#website"},"primaryImageOfPage":{"@id":"https:\/\/www.visit-ulcinj.com\/blog\/2009\/06\/07\/interviste-me-kryetarin-e-komunes-se-ulqinit-gezim-hajdinagen\/#primaryimage"},"datePublished":"2009-06-07T16:22:32+00:00","dateModified":"2009-06-07T16:30:18+00:00","author":{"@id":"https:\/\/www.visit-ulcinj.com\/blog\/#\/schema\/person\/dcab619c614d3038751c63bc2aadc06d"},"description":"T\u00eb ulen \u00e7mimet, t\u00eb pasurohet oferta e\u00a0 Ulqinit Zhvillimi i Panairit n\u00eb gjith\u00eb rajonin e Evropes prendimore ishte nje sukses i plote i promovimit te","breadcrumb":{"@id":"https:\/\/www.visit-ulcinj.com\/blog\/2009\/06\/07\/interviste-me-kryetarin-e-komunes-se-ulqinit-gezim-hajdinagen\/#breadcrumb"},"inLanguage":"en-US","potentialAction":[{"@type":"ReadAction","target":["https:\/\/www.visit-ulcinj.com\/blog\/2009\/06\/07\/interviste-me-kryetarin-e-komunes-se-ulqinit-gezim-hajdinagen\/"]}]},{"@type":"BreadcrumbList","@id":"https:\/\/www.visit-ulcinj.com\/blog\/2009\/06\/07\/interviste-me-kryetarin-e-komunes-se-ulqinit-gezim-hajdinagen\/#breadcrumb","itemListElement":[{"@type":"ListItem","position":1,"name":"Intervist\u00eb me kryetarin e komun\u00ebs s\u00eb Ulqinit Gezim Hajdinagen"}]},{"@type":"Person","@id":"https:\/\/www.visit-ulcinj.com\/blog\/#\/schema\/person\/dcab619c614d3038751c63bc2aadc06d","name":"ulqini","sameAs":["http:\/\/www.visit-ulcinj.com"],"url":"https:\/\/www.visit-ulcinj.com\/blog\/author\/admin\/"}]}},"jetpack_featured_media_url":"","jetpack_sharing_enabled":true,"jetpack_shortlink":"https:\/\/wp.me\/pe6lTn-5Ti","_links":{"self":[{"href":"https:\/\/www.visit-ulcinj.com\/blog\/wp-json\/wp\/v2\/posts\/22648"}],"collection":[{"href":"https:\/\/www.visit-ulcinj.com\/blog\/wp-json\/wp\/v2\/posts"}],"about":[{"href":"https:\/\/www.visit-ulcinj.com\/blog\/wp-json\/wp\/v2\/types\/post"}],"author":[{"embeddable":true,"href":"https:\/\/www.visit-ulcinj.com\/blog\/wp-json\/wp\/v2\/users\/1"}],"replies":[{"embeddable":true,"href":"https:\/\/www.visit-ulcinj.com\/blog\/wp-json\/wp\/v2\/comments?post=22648"}],"version-history":[{"count":0,"href":"https:\/\/www.visit-ulcinj.com\/blog\/wp-json\/wp\/v2\/posts\/22648\/revisions"}],"wp:attachment":[{"href":"https:\/\/www.visit-ulcinj.com\/blog\/wp-json\/wp\/v2\/media?parent=22648"}],"wp:term":[{"taxonomy":"category","embeddable":true,"href":"https:\/\/www.visit-ulcinj.com\/blog\/wp-json\/wp\/v2\/categories?post=22648"},{"taxonomy":"post_tag","embeddable":true,"href":"https:\/\/www.visit-ulcinj.com\/blog\/wp-json\/wp\/v2\/tags?post=22648"}],"curies":[{"name":"wp","href":"https:\/\/api.w.org\/{rel}","templated":true}]}}