{"id":2266,"date":"2008-08-07T11:42:28","date_gmt":"2008-08-07T16:42:28","guid":{"rendered":"http:\/\/www.visit-ulcinj.com\/blog\/?p=2266"},"modified":"2008-08-07T11:46:52","modified_gmt":"2008-08-07T16:46:52","slug":"ne-ulqin-u-mbajt-manifestimi-tradicional-%e2%80%9ckalimera-poetike-2008%e2%80%9d-ne-anije-ne-det","status":"publish","type":"post","link":"https:\/\/www.visit-ulcinj.com\/blog\/2008\/08\/07\/ne-ulqin-u-mbajt-manifestimi-tradicional-%e2%80%9ckalimera-poetike-2008%e2%80%9d-ne-anije-ne-det\/","title":{"rendered":"N\u00eb Ulqin u mbajt manifestimi tradicional \u201cKalimera poetike 2008\u201d n\u00eb anije n\u00eb det"},"content":{"rendered":"<p><a href=\"http:\/\/letersia.zemrashqiptare.net\/images\/articles\/2007_06\/2275\/u1_Ridvan-dibra.jpg\"><img loading=\"lazy\" class=\"alignleft\" title=\"Ridvan Dibra\" src=\"http:\/\/letersia.zemrashqiptare.net\/images\/articles\/2007_06\/2275\/u1_Ridvan-dibra.jpg\" alt=\"I ftuar nderi n\u00eb \u201cKalimera Poetike 2008\u201d Ridvan Dibra\" width=\"204\" height=\"267\" \/><\/a><strong><span><span style=\"font-size: x-small; font-family: Arial,Helvetica,Sans Serif;\"><span style=\"font-size: x-small; font-family: Verdana;\">N\u00eb kuad\u00ebr t\u00eb Festivalit &#8220;Skena Verore &#8211; Ulqini 2008&#8221;,u mbajt manifestimi tradicional \u201cKalimera poetike 2008\u201d, i cili organizohet nga SHAI &#8220;Art Club&#8221;.<\/span><\/span><\/span><\/strong><br \/>\nEdicioni i sivjetm\u00eb i 16-ti me radh\u00eb i takimeve letrare tradicionale nd\u00ebrkomb\u00ebtare, \u201cKalimera poetike\u201d q\u00eb p\u00ebrfundoi t\u00eb h\u00ebn\u00ebn, sivjet u mbajt n\u00eb nj\u00eb ambient t\u00eb jasht\u00ebzakonsh\u00ebm, n\u00eb nj\u00eb anije 4-5 milje larg Ulqinit, n\u00eb det.<br \/>\nKrijimtaris\u00eb s\u00eb Ridvan Dibr\u00ebs i kushtohet nj\u00eb dit\u00eb nga \u201cKalimera poetike\u201d n\u00eb Ulqin Shkod\u00ebr- N\u00eb edicionin e sivjetsh\u00ebm t\u00eb aktivitetit tradicional letrar mbar\u00ebkomb\u00ebtar \u201cKalimera Poetike\u201d q\u00eb zhvillohet n\u00eb Ulqin t\u00eb Malit t\u00eb Zi, i ftuar nderi t\u00eb cilit do ti kushtohet nj\u00eb mbr\u00ebmje e ve\u00e7ant\u00eb, \u00ebsht\u00eb shkrimtari shkodran Ridvan Dibra. Aktiviteti letrar q\u00eb zhvillohet \u00e7do vit n\u00eb stin\u00ebn e ver\u00ebs, n\u00eb nj\u00eb qytet turistik si Ulqini ku n\u00eb k\u00ebt\u00eb muaj ka nj\u00eb num\u00ebr t\u00eb madh pushuesish, synon promovimin e vlerave n\u00eb fush\u00ebn e letrave n\u00eb gjith\u00eb trojet shqipfol\u00ebse. Dita e par\u00eb e \u201cKalimera Poetike 2008\u201d i kushtohet poetit arb\u00ebresh nga Si\u00e7ilia Xhuzepe Skiro di Maxho, p\u00ebr t\u00eb cilin, sipas organizatorit t\u00eb k\u00ebtij aktiviteti Haxhi Shabani, do t\u00eb referoj\u00eb Prof..dr. Nasho Jorgaqi. N\u00eb dit\u00ebn e dyt\u00eb promovohet \u201cAutobiografia\u201d, nj\u00eb vep\u00ebr ku jan\u00eb p\u00ebrshrir\u00eb krijime t\u00eb pjes\u00ebmarr\u00ebsve n\u00eb k\u00ebt\u00eb aktivitet.<br \/>\nGjat\u00eb k\u00ebsaj dite referojn\u00eb prof. dr. Basri \u00c7apriqi, Haxhi Shabani dhe shkrimtari Ibrahim Berjashi, p\u00ebr t\u00eb vazhduar me \u201cOr\u00ebn e madhe letrare\u201d ku poet\u00ebt e shkrimtar\u00ebt e ftuar lexojn\u00eb krijime t\u00eb tyre. Dita e tret\u00eb dhe e fundit i kushtohet nj\u00eb figure t\u00eb njohur t\u00eb letrave shqipe dhe q\u00eb p\u00ebr k\u00ebt\u00eb edicion \u00ebsht\u00eb zgjedhur t\u00eb jet\u00eb shkrimtari Ridvan Dibra. Lidhur e krijimtrin\u00eb letrare t\u00eb Dibr\u00ebs referon studiuesi Gjovalin \u00c7uni, drejtor i bibliotek\u00ebs \u201cMartin Barleti\u201d n\u00eb Shkod\u00ebr.<a href=\"http:\/\/www.kohajavore.cg.yu\/slike\/1123956152.jpg\"><img loading=\"lazy\" class=\"alignright\" title=\"Basri \u00c7apriqi\" src=\"http:\/\/www.kohajavore.cg.yu\/slike\/1123956152.jpg\" alt=\"\" width=\"240\" height=\"139\" \/><\/a><br \/>\nAktiviteti zhvillohet n\u00eb mjediset e kalas\u00eb s\u00eb Ulqinit dhe n\u00eb t\u00eb marrin pjes\u00eb krijues t\u00eb njohur nga Shqip\u00ebria, Kosova, Mali i Zi, Maqedonia, nga Diaspora etj. Sipas Ridvan Dibr\u00ebs, shkrimtarit t\u00eb cilit do i kushtohet mbr\u00ebmja e ve\u00e7ant\u00eb e \u201cKalimer\u00ebs poetike\u201d, p\u00ebrve\u00e7 paraqitjes s\u00eb krijimeve letrare, nj\u00eb vend t\u00eb ve\u00e7ant\u00eb do t\u00eb z\u00ebr\u00eb dhe diskutimi p\u00ebr realitetet e problematik\u00ebn e let\u00ebrsis\u00eb bashk\u00ebkohore shqiptare. Debatet e diskutimet do t\u00eb shoq\u00ebrojn\u00eb gjith\u00eb aktivitetin ku t\u00eb ftuar jan\u00eb edhe krijues malazez\u00eb.<br \/>\nP\u00ebr Ridvan Dibr\u00ebn, me r\u00ebnd\u00ebsi n\u00eb diskutimin p\u00ebr let\u00ebrsin\u00eb bashk\u00ebkohore shqiptare \u00ebsht\u00eb fakti aspak pozitiv q\u00eb kritika letrare aktuale b\u00ebhet me metoda e kritere t\u00eb vjet\u00ebruara, biografike si dhe problemet e analiz\u00ebs s\u00eb vepr\u00ebs letrare duke e par\u00eb at\u00eb n\u00eb planin tekstual, si tekst. \u201cShqip\u00ebria \u00ebsht\u00eb i vetmi vend ku nuk botohet asnj\u00eb organ letrar, gazet\u00eb apo revist\u00eb,madje dhe nj\u00eb q\u00eb ka qen\u00eb deri tani von\u00eb, po mbyllet se nuk ka fonde, nd\u00ebrsa shitja nuk siguron t\u00eb ardhurat e mjaftueshme p\u00ebr t\u00eb vazhduar botimin\u201d, thot\u00eb Ridvan Dibra.<br \/>\n<strong>Autor \/ <span><span class=\"content\">A.Dushi<\/span><\/span><br \/>\nBurimi \/ Shekulli <\/strong><\/p>\n","protected":false},"excerpt":{"rendered":"<p><img loading=\"lazy\" title=\"Ridvan Dibra\" src=\"http:\/\/letersia.zemrashqiptare.net\/images\/articles\/2007_06\/2275\/u1_Ridvan-dibra.jpg\" alt=\"I ftuar nderi n\u00eb \u201cKalimera Poetike 2008\u201d Ridvan Dibra\" width=\"140\" height=\"140\" \/><\/p>\n","protected":false},"author":1,"featured_media":0,"comment_status":"open","ping_status":"closed","sticky":false,"template":"","format":"standard","meta":{"spay_email":"","jetpack_publicize_message":"","jetpack_is_tweetstorm":false,"jetpack_publicize_feature_enabled":true},"categories":[4,3],"tags":[951,4262,4263],"jetpack_publicize_connections":[],"yoast_head":"<!-- This site is optimized with the Yoast SEO plugin v19.1 - https:\/\/yoast.com\/wordpress\/plugins\/seo\/ -->\n<title>N\u00eb Ulqin u mbajt manifestimi tradicional \u201cKalimera poetike 2008\u201d n\u00eb anije n\u00eb det - Lajme nga Ulqini<\/title>\n<meta name=\"robots\" content=\"index, follow, max-snippet:-1, max-image-preview:large, max-video-preview:-1\" \/>\n<link rel=\"canonical\" href=\"https:\/\/www.visit-ulcinj.com\/blog\/2008\/08\/07\/ne-ulqin-u-mbajt-manifestimi-tradicional-\u201ckalimera-poetike-2008\u201d-ne-anije-ne-det\/\" \/>\n<meta property=\"og:locale\" content=\"en_US\" \/>\n<meta property=\"og:type\" content=\"article\" \/>\n<meta property=\"og:title\" content=\"N\u00eb Ulqin u mbajt manifestimi tradicional \u201cKalimera poetike 2008\u201d n\u00eb anije n\u00eb det - Lajme nga Ulqini\" \/>\n<meta property=\"og:url\" content=\"https:\/\/www.visit-ulcinj.com\/blog\/2008\/08\/07\/ne-ulqin-u-mbajt-manifestimi-tradicional-\u201ckalimera-poetike-2008\u201d-ne-anije-ne-det\/\" \/>\n<meta property=\"og:site_name\" content=\"Lajme nga Ulqini\" \/>\n<meta property=\"article:published_time\" content=\"2008-08-07T16:42:28+00:00\" \/>\n<meta property=\"article:modified_time\" content=\"2008-08-07T16:46:52+00:00\" \/>\n<meta property=\"og:image\" content=\"http:\/\/letersia.zemrashqiptare.net\/images\/articles\/2007_06\/2275\/u1_Ridvan-dibra.jpg\" \/>\n<meta name=\"twitter:label1\" content=\"Written by\" \/>\n\t<meta name=\"twitter:data1\" content=\"ulqini\" \/>\n\t<meta name=\"twitter:label2\" content=\"Est. reading time\" \/>\n\t<meta name=\"twitter:data2\" content=\"3 minutes\" \/>\n<script type=\"application\/ld+json\" class=\"yoast-schema-graph\">{\"@context\":\"https:\/\/schema.org\",\"@graph\":[{\"@type\":\"WebSite\",\"@id\":\"https:\/\/www.visit-ulcinj.com\/blog\/#website\",\"url\":\"https:\/\/www.visit-ulcinj.com\/blog\/\",\"name\":\"Lajme nga Ulqini\",\"description\":\"Lajme,Vijesti,Ulqini,Ulqin,Crna Gora,Mali i Zi\",\"potentialAction\":[{\"@type\":\"SearchAction\",\"target\":{\"@type\":\"EntryPoint\",\"urlTemplate\":\"https:\/\/www.visit-ulcinj.com\/blog\/?s={search_term_string}\"},\"query-input\":\"required name=search_term_string\"}],\"inLanguage\":\"en-US\"},{\"@type\":\"ImageObject\",\"inLanguage\":\"en-US\",\"@id\":\"https:\/\/www.visit-ulcinj.com\/blog\/2008\/08\/07\/ne-ulqin-u-mbajt-manifestimi-tradicional-%e2%80%9ckalimera-poetike-2008%e2%80%9d-ne-anije-ne-det\/#primaryimage\",\"url\":\"http:\/\/letersia.zemrashqiptare.net\/images\/articles\/2007_06\/2275\/u1_Ridvan-dibra.jpg\",\"contentUrl\":\"http:\/\/letersia.zemrashqiptare.net\/images\/articles\/2007_06\/2275\/u1_Ridvan-dibra.jpg\"},{\"@type\":\"WebPage\",\"@id\":\"https:\/\/www.visit-ulcinj.com\/blog\/2008\/08\/07\/ne-ulqin-u-mbajt-manifestimi-tradicional-%e2%80%9ckalimera-poetike-2008%e2%80%9d-ne-anije-ne-det\/#webpage\",\"url\":\"https:\/\/www.visit-ulcinj.com\/blog\/2008\/08\/07\/ne-ulqin-u-mbajt-manifestimi-tradicional-%e2%80%9ckalimera-poetike-2008%e2%80%9d-ne-anije-ne-det\/\",\"name\":\"N\u00eb Ulqin u mbajt manifestimi tradicional \u201cKalimera poetike 2008\u201d n\u00eb anije n\u00eb det - Lajme nga Ulqini\",\"isPartOf\":{\"@id\":\"https:\/\/www.visit-ulcinj.com\/blog\/#website\"},\"primaryImageOfPage\":{\"@id\":\"https:\/\/www.visit-ulcinj.com\/blog\/2008\/08\/07\/ne-ulqin-u-mbajt-manifestimi-tradicional-%e2%80%9ckalimera-poetike-2008%e2%80%9d-ne-anije-ne-det\/#primaryimage\"},\"datePublished\":\"2008-08-07T16:42:28+00:00\",\"dateModified\":\"2008-08-07T16:46:52+00:00\",\"author\":{\"@id\":\"https:\/\/www.visit-ulcinj.com\/blog\/#\/schema\/person\/dcab619c614d3038751c63bc2aadc06d\"},\"breadcrumb\":{\"@id\":\"https:\/\/www.visit-ulcinj.com\/blog\/2008\/08\/07\/ne-ulqin-u-mbajt-manifestimi-tradicional-%e2%80%9ckalimera-poetike-2008%e2%80%9d-ne-anije-ne-det\/#breadcrumb\"},\"inLanguage\":\"en-US\",\"potentialAction\":[{\"@type\":\"ReadAction\",\"target\":[\"https:\/\/www.visit-ulcinj.com\/blog\/2008\/08\/07\/ne-ulqin-u-mbajt-manifestimi-tradicional-%e2%80%9ckalimera-poetike-2008%e2%80%9d-ne-anije-ne-det\/\"]}]},{\"@type\":\"BreadcrumbList\",\"@id\":\"https:\/\/www.visit-ulcinj.com\/blog\/2008\/08\/07\/ne-ulqin-u-mbajt-manifestimi-tradicional-%e2%80%9ckalimera-poetike-2008%e2%80%9d-ne-anije-ne-det\/#breadcrumb\",\"itemListElement\":[{\"@type\":\"ListItem\",\"position\":1,\"name\":\"N\u00eb Ulqin u mbajt manifestimi tradicional \u201cKalimera poetike 2008\u201d n\u00eb anije n\u00eb det\"}]},{\"@type\":\"Person\",\"@id\":\"https:\/\/www.visit-ulcinj.com\/blog\/#\/schema\/person\/dcab619c614d3038751c63bc2aadc06d\",\"name\":\"ulqini\",\"sameAs\":[\"http:\/\/www.visit-ulcinj.com\"],\"url\":\"https:\/\/www.visit-ulcinj.com\/blog\/author\/admin\/\"}]}<\/script>\n<!-- \/ Yoast SEO plugin. -->","yoast_head_json":{"title":"N\u00eb Ulqin u mbajt manifestimi tradicional \u201cKalimera poetike 2008\u201d n\u00eb anije n\u00eb det - Lajme nga Ulqini","robots":{"index":"index","follow":"follow","max-snippet":"max-snippet:-1","max-image-preview":"max-image-preview:large","max-video-preview":"max-video-preview:-1"},"canonical":"https:\/\/www.visit-ulcinj.com\/blog\/2008\/08\/07\/ne-ulqin-u-mbajt-manifestimi-tradicional-\u201ckalimera-poetike-2008\u201d-ne-anije-ne-det\/","og_locale":"en_US","og_type":"article","og_title":"N\u00eb Ulqin u mbajt manifestimi tradicional \u201cKalimera poetike 2008\u201d n\u00eb anije n\u00eb det - Lajme nga Ulqini","og_url":"https:\/\/www.visit-ulcinj.com\/blog\/2008\/08\/07\/ne-ulqin-u-mbajt-manifestimi-tradicional-\u201ckalimera-poetike-2008\u201d-ne-anije-ne-det\/","og_site_name":"Lajme nga Ulqini","article_published_time":"2008-08-07T16:42:28+00:00","article_modified_time":"2008-08-07T16:46:52+00:00","og_image":[{"url":"http:\/\/letersia.zemrashqiptare.net\/images\/articles\/2007_06\/2275\/u1_Ridvan-dibra.jpg"}],"twitter_misc":{"Written by":"ulqini","Est. reading time":"3 minutes"},"schema":{"@context":"https:\/\/schema.org","@graph":[{"@type":"WebSite","@id":"https:\/\/www.visit-ulcinj.com\/blog\/#website","url":"https:\/\/www.visit-ulcinj.com\/blog\/","name":"Lajme nga Ulqini","description":"Lajme,Vijesti,Ulqini,Ulqin,Crna Gora,Mali i Zi","potentialAction":[{"@type":"SearchAction","target":{"@type":"EntryPoint","urlTemplate":"https:\/\/www.visit-ulcinj.com\/blog\/?s={search_term_string}"},"query-input":"required name=search_term_string"}],"inLanguage":"en-US"},{"@type":"ImageObject","inLanguage":"en-US","@id":"https:\/\/www.visit-ulcinj.com\/blog\/2008\/08\/07\/ne-ulqin-u-mbajt-manifestimi-tradicional-%e2%80%9ckalimera-poetike-2008%e2%80%9d-ne-anije-ne-det\/#primaryimage","url":"http:\/\/letersia.zemrashqiptare.net\/images\/articles\/2007_06\/2275\/u1_Ridvan-dibra.jpg","contentUrl":"http:\/\/letersia.zemrashqiptare.net\/images\/articles\/2007_06\/2275\/u1_Ridvan-dibra.jpg"},{"@type":"WebPage","@id":"https:\/\/www.visit-ulcinj.com\/blog\/2008\/08\/07\/ne-ulqin-u-mbajt-manifestimi-tradicional-%e2%80%9ckalimera-poetike-2008%e2%80%9d-ne-anije-ne-det\/#webpage","url":"https:\/\/www.visit-ulcinj.com\/blog\/2008\/08\/07\/ne-ulqin-u-mbajt-manifestimi-tradicional-%e2%80%9ckalimera-poetike-2008%e2%80%9d-ne-anije-ne-det\/","name":"N\u00eb Ulqin u mbajt manifestimi tradicional \u201cKalimera poetike 2008\u201d n\u00eb anije n\u00eb det - Lajme nga Ulqini","isPartOf":{"@id":"https:\/\/www.visit-ulcinj.com\/blog\/#website"},"primaryImageOfPage":{"@id":"https:\/\/www.visit-ulcinj.com\/blog\/2008\/08\/07\/ne-ulqin-u-mbajt-manifestimi-tradicional-%e2%80%9ckalimera-poetike-2008%e2%80%9d-ne-anije-ne-det\/#primaryimage"},"datePublished":"2008-08-07T16:42:28+00:00","dateModified":"2008-08-07T16:46:52+00:00","author":{"@id":"https:\/\/www.visit-ulcinj.com\/blog\/#\/schema\/person\/dcab619c614d3038751c63bc2aadc06d"},"breadcrumb":{"@id":"https:\/\/www.visit-ulcinj.com\/blog\/2008\/08\/07\/ne-ulqin-u-mbajt-manifestimi-tradicional-%e2%80%9ckalimera-poetike-2008%e2%80%9d-ne-anije-ne-det\/#breadcrumb"},"inLanguage":"en-US","potentialAction":[{"@type":"ReadAction","target":["https:\/\/www.visit-ulcinj.com\/blog\/2008\/08\/07\/ne-ulqin-u-mbajt-manifestimi-tradicional-%e2%80%9ckalimera-poetike-2008%e2%80%9d-ne-anije-ne-det\/"]}]},{"@type":"BreadcrumbList","@id":"https:\/\/www.visit-ulcinj.com\/blog\/2008\/08\/07\/ne-ulqin-u-mbajt-manifestimi-tradicional-%e2%80%9ckalimera-poetike-2008%e2%80%9d-ne-anije-ne-det\/#breadcrumb","itemListElement":[{"@type":"ListItem","position":1,"name":"N\u00eb Ulqin u mbajt manifestimi tradicional \u201cKalimera poetike 2008\u201d n\u00eb anije n\u00eb det"}]},{"@type":"Person","@id":"https:\/\/www.visit-ulcinj.com\/blog\/#\/schema\/person\/dcab619c614d3038751c63bc2aadc06d","name":"ulqini","sameAs":["http:\/\/www.visit-ulcinj.com"],"url":"https:\/\/www.visit-ulcinj.com\/blog\/author\/admin\/"}]}},"jetpack_featured_media_url":"","jetpack_sharing_enabled":true,"jetpack_shortlink":"https:\/\/wp.me\/pe6lTn-Ay","_links":{"self":[{"href":"https:\/\/www.visit-ulcinj.com\/blog\/wp-json\/wp\/v2\/posts\/2266"}],"collection":[{"href":"https:\/\/www.visit-ulcinj.com\/blog\/wp-json\/wp\/v2\/posts"}],"about":[{"href":"https:\/\/www.visit-ulcinj.com\/blog\/wp-json\/wp\/v2\/types\/post"}],"author":[{"embeddable":true,"href":"https:\/\/www.visit-ulcinj.com\/blog\/wp-json\/wp\/v2\/users\/1"}],"replies":[{"embeddable":true,"href":"https:\/\/www.visit-ulcinj.com\/blog\/wp-json\/wp\/v2\/comments?post=2266"}],"version-history":[{"count":0,"href":"https:\/\/www.visit-ulcinj.com\/blog\/wp-json\/wp\/v2\/posts\/2266\/revisions"}],"wp:attachment":[{"href":"https:\/\/www.visit-ulcinj.com\/blog\/wp-json\/wp\/v2\/media?parent=2266"}],"wp:term":[{"taxonomy":"category","embeddable":true,"href":"https:\/\/www.visit-ulcinj.com\/blog\/wp-json\/wp\/v2\/categories?post=2266"},{"taxonomy":"post_tag","embeddable":true,"href":"https:\/\/www.visit-ulcinj.com\/blog\/wp-json\/wp\/v2\/tags?post=2266"}],"curies":[{"name":"wp","href":"https:\/\/api.w.org\/{rel}","templated":true}]}}