{"id":22673,"date":"2009-06-08T17:37:05","date_gmt":"2009-06-08T15:37:05","guid":{"rendered":"http:\/\/www.visit-ulcinj.com\/blog\/?p=22673"},"modified":"2009-06-08T17:44:49","modified_gmt":"2009-06-08T15:44:49","slug":"ada-bojana-nakon-dvije-godine-ponovo-stizu-turisti","status":"publish","type":"post","link":"https:\/\/www.visit-ulcinj.com\/blog\/2009\/06\/08\/ada-bojana-nakon-dvije-godine-ponovo-stizu-turisti\/","title":{"rendered":"Ada Bojana: Nakon dvije godine ponovo sti\u017eu turisti"},"content":{"rendered":"<p><a href=\"http:\/\/www.visit-ulcinj.com\/blog\/wp-content\/uploads\/2009\/06\/ada-bojana_ulcinj_montenegro.jpg\"><img loading=\"lazy\" class=\"alignleft size-full wp-image-22674\" title=\"ada-bojana_ulcinj_montenegro\" src=\"http:\/\/www.visit-ulcinj.com\/blog\/wp-content\/uploads\/2009\/06\/ada-bojana_ulcinj_montenegro.jpg\" alt=\"ada-bojana_ulcinj_montenegro\" width=\"580\" height=\"400\" \/><\/a>ULCINJ &#8211; Renoviranje ku?ica na najajtraktivnijem nudisti?kom naselju u Crnoj Gori, ulcinjskoj Adi Bojani, uskoro ?e biti zavr\u0161eno i u njih ?e, nakon dvije godine pauze, useliti strani turisti.<br \/>\nDirektor naselja, Luigi Noc Martini, kazao je da ?e, nakon godina propadanja, stare ku?ice na Adi uskoro dobiti novi sjaj i biti spremne da prime najavljene goste iz Njema?ke.<br \/>\n&#8211; Ku?ice su izgra?ene 1973. godine i dugo su bile za\u0161titni znak Ade Bojane. Prvi gosti u njima bili su Nijemci, a kad za desetak dana zavr\u0161imo njihovo renoviranje, opet ?e otvoriti na\u0161i stalni gosti iz Njema?ke, rekao je Noc Martini beogradskoj Politici.<br \/>\nOn je kazao da ?e svih 48 ku?ica od drveta, sa 86 kreveta, biti kao nove, sa svim sadr\u017eajima za udoban boravak.<br \/>\n&#8211; One su uvijek bile atraktivne zbog terase, okrenute suncu, u prizemlju, i spava?e sobe na spratu. U na\u0161im objektima, ?iji je nivo podignut za jednu zvjezdicu i sada ih imaju tri, gostima je na raspolaganju oko 600 kreveta, dodao je Noc Martini.<br \/>\nAda na Bojani je, kako pi\u0161e Politika, u sre?no vrijeme zaista bila ostrvo, raj za nudiste koji su bili odvojeni od ostalog svijeta.<\/p>\n<p><strong>Izvor \/ Mina-business<br \/>\n<strong><!--YouTube Error: bad URL entered--><\/strong><\/p>\n<p><a title=\"Privatni smjestaj,rezervacija smjestaja,apartmani,sobe,kuce,odmor,sobe za odmor ulcinj,Pretrazivanje privatnog smjestaja,zelite rezervirati privatni smjestaj,Smjestaj ulcinj,godisnji odmor u ulcinj,odmor u ulcinj,Kuca za odmor,kuda na odmor,ljetovanje u ulcinj,slobodne sobe,kuca uz more,turisticka ponuda,odmor i zabava,povolne cene,sobe,usluge,Mjesto za Vas odmor ,Odmor portal,putovanaja,Iznajmljivanje soba ulcinj,odmor ulcinj info,Vase mjesto za odmor ulcinj,nudisticka plaza ada bojana,smjestaj ponuda ulcinj,crna gora,\" href=\"http:\/\/www.visit-ulcinj.com\/\" target=\"_blank\"><img loading=\"lazy\" class=\"alignnone\" title=\"Privatni smjestaj,rezervacija smjestaja,apartmani,sobe,kuce,odmor,sobe za odmor ulcinj,Pretrazivanje privatnog smjestaja,zelite rezervirati privatni smjestaj,Smjestaj ulcinj,godisnji odmor u ulcinj,odmor u ulcinj,Kuca za odmor,kuda na odmor,ljetovanje u ulcinj,slobodne sobe,kuca uz more,turisticka ponuda,odmor i zabava,povolne cene,sobe,usluge,Mjesto za Vas odmor ,Odmor portal,putovanaja,Iznajmljivanje soba ulcinj,odmor ulcinj info,Vase mjesto za odmor ulcinj,nudisticka plaza ada bojana,smjestaj ponuda ulcinj,crna gora,\" src=\"http:\/\/visit-ulcinj.com\/wp-content\/themes\/lifestyle_10\/images\/ulcinj-info.png\" alt=\"\" width=\"580\" height=\"125\" \/><\/a><\/p>\n","protected":false},"excerpt":{"rendered":"<p>ULCINJ &#8211; Renoviranje ku?ica na najajtraktivnijem nudisti?kom naselju u Crnoj Gori, ulcinjskoj Adi Bojani, uskoro ?e biti zavr\u0161eno i u njih ?e, nakon dvije godine pauze, useliti strani turisti. Direktor naselja, Luigi Noc Martini, kazao je da ?e, nakon godina propadanja, stare ku?ice na Adi uskoro dobiti novi sjaj i biti spremne da prime najavljene [&hellip;]<\/p>\n","protected":false},"author":1,"featured_media":0,"comment_status":"open","ping_status":"closed","sticky":false,"template":"","format":"standard","meta":{"spay_email":"","jetpack_publicize_message":"","jetpack_is_tweetstorm":false,"jetpack_publicize_feature_enabled":true},"categories":[8337],"tags":[138,11082,20,2118,11080,79,11081,11079,19],"jetpack_publicize_connections":[],"yoast_head":"<!-- This site is optimized with the Yoast SEO plugin v19.1 - https:\/\/yoast.com\/wordpress\/plugins\/seo\/ -->\n<title>Ada Bojana: Nakon dvije godine ponovo sti\u017eu turisti - Lajme nga Ulqini<\/title>\n<meta name=\"description\" content=\"ULCINJ - Renoviranje ku?ica na najajtraktivnijem nudisti?kom naselju u Crnoj Gori, ulcinjskoj Adi Bojani, uskoro ?e biti zavr\u0161eno i u njih ?e, nakon dvije\" \/>\n<meta name=\"robots\" content=\"index, follow, max-snippet:-1, max-image-preview:large, max-video-preview:-1\" \/>\n<link rel=\"canonical\" href=\"https:\/\/www.visit-ulcinj.com\/blog\/2009\/06\/08\/ada-bojana-nakon-dvije-godine-ponovo-stizu-turisti\/\" \/>\n<meta property=\"og:locale\" content=\"en_US\" \/>\n<meta property=\"og:type\" content=\"article\" \/>\n<meta property=\"og:title\" content=\"Ada Bojana: Nakon dvije godine ponovo sti\u017eu turisti - Lajme nga Ulqini\" \/>\n<meta property=\"og:description\" content=\"ULCINJ - Renoviranje ku?ica na najajtraktivnijem nudisti?kom naselju u Crnoj Gori, ulcinjskoj Adi Bojani, uskoro ?e biti zavr\u0161eno i u njih ?e, nakon dvije\" \/>\n<meta property=\"og:url\" content=\"https:\/\/www.visit-ulcinj.com\/blog\/2009\/06\/08\/ada-bojana-nakon-dvije-godine-ponovo-stizu-turisti\/\" \/>\n<meta property=\"og:site_name\" content=\"Lajme nga Ulqini\" \/>\n<meta property=\"article:published_time\" content=\"2009-06-08T15:37:05+00:00\" \/>\n<meta property=\"article:modified_time\" content=\"2009-06-08T15:44:49+00:00\" \/>\n<meta property=\"og:image\" content=\"http:\/\/www.visit-ulcinj.com\/blog\/wp-content\/uploads\/2009\/06\/ada-bojana_ulcinj_montenegro.jpg\" \/>\n<meta name=\"twitter:label1\" content=\"Written by\" \/>\n\t<meta name=\"twitter:data1\" content=\"ulqini\" \/>\n\t<meta name=\"twitter:label2\" content=\"Est. reading time\" \/>\n\t<meta name=\"twitter:data2\" content=\"1 minute\" \/>\n<script type=\"application\/ld+json\" class=\"yoast-schema-graph\">{\"@context\":\"https:\/\/schema.org\",\"@graph\":[{\"@type\":\"WebSite\",\"@id\":\"https:\/\/www.visit-ulcinj.com\/blog\/#website\",\"url\":\"https:\/\/www.visit-ulcinj.com\/blog\/\",\"name\":\"Lajme nga Ulqini\",\"description\":\"Lajme,Vijesti,Ulqini,Ulqin,Crna Gora,Mali i Zi\",\"potentialAction\":[{\"@type\":\"SearchAction\",\"target\":{\"@type\":\"EntryPoint\",\"urlTemplate\":\"https:\/\/www.visit-ulcinj.com\/blog\/?s={search_term_string}\"},\"query-input\":\"required name=search_term_string\"}],\"inLanguage\":\"en-US\"},{\"@type\":\"ImageObject\",\"inLanguage\":\"en-US\",\"@id\":\"https:\/\/www.visit-ulcinj.com\/blog\/2009\/06\/08\/ada-bojana-nakon-dvije-godine-ponovo-stizu-turisti\/#primaryimage\",\"url\":\"https:\/\/www.visit-ulcinj.com\/blog\/wp-content\/uploads\/2009\/06\/ada-bojana_ulcinj_montenegro.jpg\",\"contentUrl\":\"https:\/\/www.visit-ulcinj.com\/blog\/wp-content\/uploads\/2009\/06\/ada-bojana_ulcinj_montenegro.jpg\",\"width\":\"800\",\"height\":\"522\"},{\"@type\":\"WebPage\",\"@id\":\"https:\/\/www.visit-ulcinj.com\/blog\/2009\/06\/08\/ada-bojana-nakon-dvije-godine-ponovo-stizu-turisti\/#webpage\",\"url\":\"https:\/\/www.visit-ulcinj.com\/blog\/2009\/06\/08\/ada-bojana-nakon-dvije-godine-ponovo-stizu-turisti\/\",\"name\":\"Ada Bojana: Nakon dvije godine ponovo sti\u017eu turisti - Lajme nga Ulqini\",\"isPartOf\":{\"@id\":\"https:\/\/www.visit-ulcinj.com\/blog\/#website\"},\"primaryImageOfPage\":{\"@id\":\"https:\/\/www.visit-ulcinj.com\/blog\/2009\/06\/08\/ada-bojana-nakon-dvije-godine-ponovo-stizu-turisti\/#primaryimage\"},\"datePublished\":\"2009-06-08T15:37:05+00:00\",\"dateModified\":\"2009-06-08T15:44:49+00:00\",\"author\":{\"@id\":\"https:\/\/www.visit-ulcinj.com\/blog\/#\/schema\/person\/dcab619c614d3038751c63bc2aadc06d\"},\"description\":\"ULCINJ - Renoviranje ku?ica na najajtraktivnijem nudisti?kom naselju u Crnoj Gori, ulcinjskoj Adi Bojani, uskoro ?e biti zavr\u0161eno i u njih ?e, nakon dvije\",\"breadcrumb\":{\"@id\":\"https:\/\/www.visit-ulcinj.com\/blog\/2009\/06\/08\/ada-bojana-nakon-dvije-godine-ponovo-stizu-turisti\/#breadcrumb\"},\"inLanguage\":\"en-US\",\"potentialAction\":[{\"@type\":\"ReadAction\",\"target\":[\"https:\/\/www.visit-ulcinj.com\/blog\/2009\/06\/08\/ada-bojana-nakon-dvije-godine-ponovo-stizu-turisti\/\"]}]},{\"@type\":\"BreadcrumbList\",\"@id\":\"https:\/\/www.visit-ulcinj.com\/blog\/2009\/06\/08\/ada-bojana-nakon-dvije-godine-ponovo-stizu-turisti\/#breadcrumb\",\"itemListElement\":[{\"@type\":\"ListItem\",\"position\":1,\"name\":\"Ada Bojana: Nakon dvije godine ponovo sti\u017eu turisti\"}]},{\"@type\":\"Person\",\"@id\":\"https:\/\/www.visit-ulcinj.com\/blog\/#\/schema\/person\/dcab619c614d3038751c63bc2aadc06d\",\"name\":\"ulqini\",\"sameAs\":[\"http:\/\/www.visit-ulcinj.com\"],\"url\":\"https:\/\/www.visit-ulcinj.com\/blog\/author\/admin\/\"}]}<\/script>\n<!-- \/ Yoast SEO plugin. -->","yoast_head_json":{"title":"Ada Bojana: Nakon dvije godine ponovo sti\u017eu turisti - Lajme nga Ulqini","description":"ULCINJ - Renoviranje ku?ica na najajtraktivnijem nudisti?kom naselju u Crnoj Gori, ulcinjskoj Adi Bojani, uskoro ?e biti zavr\u0161eno i u njih ?e, nakon dvije","robots":{"index":"index","follow":"follow","max-snippet":"max-snippet:-1","max-image-preview":"max-image-preview:large","max-video-preview":"max-video-preview:-1"},"canonical":"https:\/\/www.visit-ulcinj.com\/blog\/2009\/06\/08\/ada-bojana-nakon-dvije-godine-ponovo-stizu-turisti\/","og_locale":"en_US","og_type":"article","og_title":"Ada Bojana: Nakon dvije godine ponovo sti\u017eu turisti - Lajme nga Ulqini","og_description":"ULCINJ - Renoviranje ku?ica na najajtraktivnijem nudisti?kom naselju u Crnoj Gori, ulcinjskoj Adi Bojani, uskoro ?e biti zavr\u0161eno i u njih ?e, nakon dvije","og_url":"https:\/\/www.visit-ulcinj.com\/blog\/2009\/06\/08\/ada-bojana-nakon-dvije-godine-ponovo-stizu-turisti\/","og_site_name":"Lajme nga Ulqini","article_published_time":"2009-06-08T15:37:05+00:00","article_modified_time":"2009-06-08T15:44:49+00:00","og_image":[{"url":"http:\/\/www.visit-ulcinj.com\/blog\/wp-content\/uploads\/2009\/06\/ada-bojana_ulcinj_montenegro.jpg"}],"twitter_misc":{"Written by":"ulqini","Est. reading time":"1 minute"},"schema":{"@context":"https:\/\/schema.org","@graph":[{"@type":"WebSite","@id":"https:\/\/www.visit-ulcinj.com\/blog\/#website","url":"https:\/\/www.visit-ulcinj.com\/blog\/","name":"Lajme nga Ulqini","description":"Lajme,Vijesti,Ulqini,Ulqin,Crna Gora,Mali i Zi","potentialAction":[{"@type":"SearchAction","target":{"@type":"EntryPoint","urlTemplate":"https:\/\/www.visit-ulcinj.com\/blog\/?s={search_term_string}"},"query-input":"required name=search_term_string"}],"inLanguage":"en-US"},{"@type":"ImageObject","inLanguage":"en-US","@id":"https:\/\/www.visit-ulcinj.com\/blog\/2009\/06\/08\/ada-bojana-nakon-dvije-godine-ponovo-stizu-turisti\/#primaryimage","url":"https:\/\/www.visit-ulcinj.com\/blog\/wp-content\/uploads\/2009\/06\/ada-bojana_ulcinj_montenegro.jpg","contentUrl":"https:\/\/www.visit-ulcinj.com\/blog\/wp-content\/uploads\/2009\/06\/ada-bojana_ulcinj_montenegro.jpg","width":"800","height":"522"},{"@type":"WebPage","@id":"https:\/\/www.visit-ulcinj.com\/blog\/2009\/06\/08\/ada-bojana-nakon-dvije-godine-ponovo-stizu-turisti\/#webpage","url":"https:\/\/www.visit-ulcinj.com\/blog\/2009\/06\/08\/ada-bojana-nakon-dvije-godine-ponovo-stizu-turisti\/","name":"Ada Bojana: Nakon dvije godine ponovo sti\u017eu turisti - Lajme nga Ulqini","isPartOf":{"@id":"https:\/\/www.visit-ulcinj.com\/blog\/#website"},"primaryImageOfPage":{"@id":"https:\/\/www.visit-ulcinj.com\/blog\/2009\/06\/08\/ada-bojana-nakon-dvije-godine-ponovo-stizu-turisti\/#primaryimage"},"datePublished":"2009-06-08T15:37:05+00:00","dateModified":"2009-06-08T15:44:49+00:00","author":{"@id":"https:\/\/www.visit-ulcinj.com\/blog\/#\/schema\/person\/dcab619c614d3038751c63bc2aadc06d"},"description":"ULCINJ - Renoviranje ku?ica na najajtraktivnijem nudisti?kom naselju u Crnoj Gori, ulcinjskoj Adi Bojani, uskoro ?e biti zavr\u0161eno i u njih ?e, nakon dvije","breadcrumb":{"@id":"https:\/\/www.visit-ulcinj.com\/blog\/2009\/06\/08\/ada-bojana-nakon-dvije-godine-ponovo-stizu-turisti\/#breadcrumb"},"inLanguage":"en-US","potentialAction":[{"@type":"ReadAction","target":["https:\/\/www.visit-ulcinj.com\/blog\/2009\/06\/08\/ada-bojana-nakon-dvije-godine-ponovo-stizu-turisti\/"]}]},{"@type":"BreadcrumbList","@id":"https:\/\/www.visit-ulcinj.com\/blog\/2009\/06\/08\/ada-bojana-nakon-dvije-godine-ponovo-stizu-turisti\/#breadcrumb","itemListElement":[{"@type":"ListItem","position":1,"name":"Ada Bojana: Nakon dvije godine ponovo sti\u017eu turisti"}]},{"@type":"Person","@id":"https:\/\/www.visit-ulcinj.com\/blog\/#\/schema\/person\/dcab619c614d3038751c63bc2aadc06d","name":"ulqini","sameAs":["http:\/\/www.visit-ulcinj.com"],"url":"https:\/\/www.visit-ulcinj.com\/blog\/author\/admin\/"}]}},"jetpack_featured_media_url":"","jetpack_sharing_enabled":true,"jetpack_shortlink":"https:\/\/wp.me\/pe6lTn-5TH","_links":{"self":[{"href":"https:\/\/www.visit-ulcinj.com\/blog\/wp-json\/wp\/v2\/posts\/22673"}],"collection":[{"href":"https:\/\/www.visit-ulcinj.com\/blog\/wp-json\/wp\/v2\/posts"}],"about":[{"href":"https:\/\/www.visit-ulcinj.com\/blog\/wp-json\/wp\/v2\/types\/post"}],"author":[{"embeddable":true,"href":"https:\/\/www.visit-ulcinj.com\/blog\/wp-json\/wp\/v2\/users\/1"}],"replies":[{"embeddable":true,"href":"https:\/\/www.visit-ulcinj.com\/blog\/wp-json\/wp\/v2\/comments?post=22673"}],"version-history":[{"count":0,"href":"https:\/\/www.visit-ulcinj.com\/blog\/wp-json\/wp\/v2\/posts\/22673\/revisions"}],"wp:attachment":[{"href":"https:\/\/www.visit-ulcinj.com\/blog\/wp-json\/wp\/v2\/media?parent=22673"}],"wp:term":[{"taxonomy":"category","embeddable":true,"href":"https:\/\/www.visit-ulcinj.com\/blog\/wp-json\/wp\/v2\/categories?post=22673"},{"taxonomy":"post_tag","embeddable":true,"href":"https:\/\/www.visit-ulcinj.com\/blog\/wp-json\/wp\/v2\/tags?post=22673"}],"curies":[{"name":"wp","href":"https:\/\/api.w.org\/{rel}","templated":true}]}}