{"id":22689,"date":"2009-06-08T18:58:52","date_gmt":"2009-06-08T16:58:52","guid":{"rendered":"http:\/\/www.visit-ulcinj.com\/blog\/?p=22689"},"modified":"2009-06-08T18:58:52","modified_gmt":"2009-06-08T16:58:52","slug":"geo-objavio-tekst-o-ljepotama-crne-gore","status":"publish","type":"post","link":"https:\/\/www.visit-ulcinj.com\/blog\/2009\/06\/08\/geo-objavio-tekst-o-ljepotama-crne-gore\/","title":{"rendered":"GEO objavio tekst o ljepotama Crne Gore"},"content":{"rendered":"<p><a href=\"http:\/\/www.visit-ulcinj.com\/blog\/wp-content\/uploads\/2009\/06\/geo-magazinefr.jpg\"><img loading=\"lazy\" class=\"alignleft size-full wp-image-22690\" title=\"geo-magazinefr\" src=\"http:\/\/www.visit-ulcinj.com\/blog\/wp-content\/uploads\/2009\/06\/geo-magazinefr.jpg\" alt=\"geo-magazinefr\" width=\"344\" height=\"455\" \/><\/a>PODGORICA &#8211; Poznati francuski magazin GEO je, za 30. ro?endan, u jubilarnom izdanju objavio ?lanak o Crnoj Gori na \u0161est stranica, gdje opisuje njene prirodne ljepote ali i investicije.<br \/>\nIz Nacionalne turisti?ke organizacije saop\u0161teno je da je naslovna strana jubilarnog izdanja magazina tako?e posve?ena Crnoj Gori.<br \/>\n&#8211; U uvodnom dijelu, pisac ?lanka govori o Skadarskom jezeru, malom turisti?kom mjestu Virpazaru, ribolovcima, kao i o manastirima i starim selima koji se nalaze na obodu jezera, navodi se u saop\u0161tenju.<br \/>\nNezavisna od 2006, mala Crna Gora otkriva svoju kulturu i istoriju svijetu, pi\u0161e magazin.<br \/>\n&#8220;Bila je pod uticajem raznih osvaja?a, kultura, religija, politike izme?u Rima i Vizantije, Mle?ana, Otomanske imperije i Austro-Ugarske, tako da ovdje mo\u017eete jo\u0161 na?i ostatke tih kultura i naroda, navodi se u tekstu.<br \/>\nPisac opisuje Kotor, koji sa kamenim zidinama i mleta?kom ljepotom gaji i razvija kulturni turizam i uvr\u0161ten je u svjetsku kulturnu ba\u0161tinu pod za\u0161titom Organizacije Ujedinjenih nacija za obrazovanje, nauku i kulturu (UNESCO). Opisani su i Budva, grad u kojem je odr\u017ean Madonnin koncert i koji postaje mjesto gdje se grade luksuzni hoteli, ali i Ulcinj, koji je bio luka pirata.<\/p>\n<p><strong>Izvor \/ Mina-business <\/strong><\/p>\n<p><strong>[flv width=&#8221;580&#8243; height=&#8221;380&#8243;]http:\/\/www.videooglasi.net\/video-file-280.m4v[\/flv]<br \/>\n<\/strong><\/p>\n","protected":false},"excerpt":{"rendered":"<p>PODGORICA &#8211; Poznati francuski magazin GEO je, za 30. ro?endan, u jubilarnom izdanju objavio ?lanak o Crnoj Gori na \u0161est stranica, gdje opisuje njene prirodne ljepote ali i investicije. Iz Nacionalne turisti?ke organizacije saop\u0161teno je da je naslovna strana jubilarnog izdanja magazina tako?e posve?ena Crnoj Gori. &#8211; U uvodnom dijelu, pisac ?lanka govori o Skadarskom [&hellip;]<\/p>\n","protected":false},"author":1,"featured_media":0,"comment_status":"open","ping_status":"closed","sticky":false,"template":"","format":"standard","meta":{"spay_email":"","jetpack_publicize_message":"","jetpack_is_tweetstorm":false,"jetpack_publicize_feature_enabled":true},"categories":[7],"tags":[4032,748,3520,10353,10349,21,10342,10355,1789,11087,3967,10351,10348,1924,2440,10350,10343,11086,3523,79,10352,10345,3527,10347,10346,9581,1334,3696,19,1923,10344],"jetpack_publicize_connections":[],"yoast_head":"<!-- This site is optimized with the Yoast SEO plugin v19.1 - https:\/\/yoast.com\/wordpress\/plugins\/seo\/ -->\n<title>GEO objavio tekst o ljepotama Crne Gore - Lajme nga Ulqini<\/title>\n<meta name=\"description\" content=\"PODGORICA - Poznati francuski magazin GEO je, za 30. ro?endan, u jubilarnom izdanju objavio ?lanak o Crnoj Gori na \u0161est stranica, gdje opisuje njene\" \/>\n<meta name=\"robots\" content=\"index, follow, max-snippet:-1, max-image-preview:large, max-video-preview:-1\" \/>\n<link rel=\"canonical\" href=\"https:\/\/www.visit-ulcinj.com\/blog\/2009\/06\/08\/geo-objavio-tekst-o-ljepotama-crne-gore\/\" \/>\n<meta property=\"og:locale\" content=\"en_US\" \/>\n<meta property=\"og:type\" content=\"article\" \/>\n<meta property=\"og:title\" content=\"GEO objavio tekst o ljepotama Crne Gore - Lajme nga Ulqini\" \/>\n<meta property=\"og:description\" content=\"PODGORICA - Poznati francuski magazin GEO je, za 30. ro?endan, u jubilarnom izdanju objavio ?lanak o Crnoj Gori na \u0161est stranica, gdje opisuje njene\" \/>\n<meta property=\"og:url\" content=\"https:\/\/www.visit-ulcinj.com\/blog\/2009\/06\/08\/geo-objavio-tekst-o-ljepotama-crne-gore\/\" \/>\n<meta property=\"og:site_name\" content=\"Lajme nga Ulqini\" \/>\n<meta property=\"article:published_time\" content=\"2009-06-08T16:58:52+00:00\" \/>\n<meta property=\"og:image\" content=\"http:\/\/www.visit-ulcinj.com\/blog\/wp-content\/uploads\/2009\/06\/geo-magazinefr.jpg\" \/>\n<meta name=\"twitter:label1\" content=\"Written by\" \/>\n\t<meta name=\"twitter:data1\" content=\"ulqini\" \/>\n\t<meta name=\"twitter:label2\" content=\"Est. reading time\" \/>\n\t<meta name=\"twitter:data2\" content=\"1 minute\" \/>\n<script type=\"application\/ld+json\" class=\"yoast-schema-graph\">{\"@context\":\"https:\/\/schema.org\",\"@graph\":[{\"@type\":\"WebSite\",\"@id\":\"https:\/\/www.visit-ulcinj.com\/blog\/#website\",\"url\":\"https:\/\/www.visit-ulcinj.com\/blog\/\",\"name\":\"Lajme nga Ulqini\",\"description\":\"Lajme,Vijesti,Ulqini,Ulqin,Crna Gora,Mali i Zi\",\"potentialAction\":[{\"@type\":\"SearchAction\",\"target\":{\"@type\":\"EntryPoint\",\"urlTemplate\":\"https:\/\/www.visit-ulcinj.com\/blog\/?s={search_term_string}\"},\"query-input\":\"required name=search_term_string\"}],\"inLanguage\":\"en-US\"},{\"@type\":\"ImageObject\",\"inLanguage\":\"en-US\",\"@id\":\"https:\/\/www.visit-ulcinj.com\/blog\/2009\/06\/08\/geo-objavio-tekst-o-ljepotama-crne-gore\/#primaryimage\",\"url\":\"http:\/\/www.visit-ulcinj.com\/blog\/wp-content\/uploads\/2009\/06\/geo-magazinefr.jpg\",\"contentUrl\":\"http:\/\/www.visit-ulcinj.com\/blog\/wp-content\/uploads\/2009\/06\/geo-magazinefr.jpg\"},{\"@type\":\"WebPage\",\"@id\":\"https:\/\/www.visit-ulcinj.com\/blog\/2009\/06\/08\/geo-objavio-tekst-o-ljepotama-crne-gore\/#webpage\",\"url\":\"https:\/\/www.visit-ulcinj.com\/blog\/2009\/06\/08\/geo-objavio-tekst-o-ljepotama-crne-gore\/\",\"name\":\"GEO objavio tekst o ljepotama Crne Gore - Lajme nga Ulqini\",\"isPartOf\":{\"@id\":\"https:\/\/www.visit-ulcinj.com\/blog\/#website\"},\"primaryImageOfPage\":{\"@id\":\"https:\/\/www.visit-ulcinj.com\/blog\/2009\/06\/08\/geo-objavio-tekst-o-ljepotama-crne-gore\/#primaryimage\"},\"datePublished\":\"2009-06-08T16:58:52+00:00\",\"dateModified\":\"2009-06-08T16:58:52+00:00\",\"author\":{\"@id\":\"https:\/\/www.visit-ulcinj.com\/blog\/#\/schema\/person\/dcab619c614d3038751c63bc2aadc06d\"},\"description\":\"PODGORICA - Poznati francuski magazin GEO je, za 30. ro?endan, u jubilarnom izdanju objavio ?lanak o Crnoj Gori na \u0161est stranica, gdje opisuje njene\",\"breadcrumb\":{\"@id\":\"https:\/\/www.visit-ulcinj.com\/blog\/2009\/06\/08\/geo-objavio-tekst-o-ljepotama-crne-gore\/#breadcrumb\"},\"inLanguage\":\"en-US\",\"potentialAction\":[{\"@type\":\"ReadAction\",\"target\":[\"https:\/\/www.visit-ulcinj.com\/blog\/2009\/06\/08\/geo-objavio-tekst-o-ljepotama-crne-gore\/\"]}]},{\"@type\":\"BreadcrumbList\",\"@id\":\"https:\/\/www.visit-ulcinj.com\/blog\/2009\/06\/08\/geo-objavio-tekst-o-ljepotama-crne-gore\/#breadcrumb\",\"itemListElement\":[{\"@type\":\"ListItem\",\"position\":1,\"name\":\"GEO objavio tekst o ljepotama Crne Gore\"}]},{\"@type\":\"Person\",\"@id\":\"https:\/\/www.visit-ulcinj.com\/blog\/#\/schema\/person\/dcab619c614d3038751c63bc2aadc06d\",\"name\":\"ulqini\",\"sameAs\":[\"http:\/\/www.visit-ulcinj.com\"],\"url\":\"https:\/\/www.visit-ulcinj.com\/blog\/author\/admin\/\"}]}<\/script>\n<!-- \/ Yoast SEO plugin. -->","yoast_head_json":{"title":"GEO objavio tekst o ljepotama Crne Gore - Lajme nga Ulqini","description":"PODGORICA - Poznati francuski magazin GEO je, za 30. ro?endan, u jubilarnom izdanju objavio ?lanak o Crnoj Gori na \u0161est stranica, gdje opisuje njene","robots":{"index":"index","follow":"follow","max-snippet":"max-snippet:-1","max-image-preview":"max-image-preview:large","max-video-preview":"max-video-preview:-1"},"canonical":"https:\/\/www.visit-ulcinj.com\/blog\/2009\/06\/08\/geo-objavio-tekst-o-ljepotama-crne-gore\/","og_locale":"en_US","og_type":"article","og_title":"GEO objavio tekst o ljepotama Crne Gore - Lajme nga Ulqini","og_description":"PODGORICA - Poznati francuski magazin GEO je, za 30. ro?endan, u jubilarnom izdanju objavio ?lanak o Crnoj Gori na \u0161est stranica, gdje opisuje njene","og_url":"https:\/\/www.visit-ulcinj.com\/blog\/2009\/06\/08\/geo-objavio-tekst-o-ljepotama-crne-gore\/","og_site_name":"Lajme nga Ulqini","article_published_time":"2009-06-08T16:58:52+00:00","og_image":[{"url":"http:\/\/www.visit-ulcinj.com\/blog\/wp-content\/uploads\/2009\/06\/geo-magazinefr.jpg"}],"twitter_misc":{"Written by":"ulqini","Est. reading time":"1 minute"},"schema":{"@context":"https:\/\/schema.org","@graph":[{"@type":"WebSite","@id":"https:\/\/www.visit-ulcinj.com\/blog\/#website","url":"https:\/\/www.visit-ulcinj.com\/blog\/","name":"Lajme nga Ulqini","description":"Lajme,Vijesti,Ulqini,Ulqin,Crna Gora,Mali i Zi","potentialAction":[{"@type":"SearchAction","target":{"@type":"EntryPoint","urlTemplate":"https:\/\/www.visit-ulcinj.com\/blog\/?s={search_term_string}"},"query-input":"required name=search_term_string"}],"inLanguage":"en-US"},{"@type":"ImageObject","inLanguage":"en-US","@id":"https:\/\/www.visit-ulcinj.com\/blog\/2009\/06\/08\/geo-objavio-tekst-o-ljepotama-crne-gore\/#primaryimage","url":"http:\/\/www.visit-ulcinj.com\/blog\/wp-content\/uploads\/2009\/06\/geo-magazinefr.jpg","contentUrl":"http:\/\/www.visit-ulcinj.com\/blog\/wp-content\/uploads\/2009\/06\/geo-magazinefr.jpg"},{"@type":"WebPage","@id":"https:\/\/www.visit-ulcinj.com\/blog\/2009\/06\/08\/geo-objavio-tekst-o-ljepotama-crne-gore\/#webpage","url":"https:\/\/www.visit-ulcinj.com\/blog\/2009\/06\/08\/geo-objavio-tekst-o-ljepotama-crne-gore\/","name":"GEO objavio tekst o ljepotama Crne Gore - Lajme nga Ulqini","isPartOf":{"@id":"https:\/\/www.visit-ulcinj.com\/blog\/#website"},"primaryImageOfPage":{"@id":"https:\/\/www.visit-ulcinj.com\/blog\/2009\/06\/08\/geo-objavio-tekst-o-ljepotama-crne-gore\/#primaryimage"},"datePublished":"2009-06-08T16:58:52+00:00","dateModified":"2009-06-08T16:58:52+00:00","author":{"@id":"https:\/\/www.visit-ulcinj.com\/blog\/#\/schema\/person\/dcab619c614d3038751c63bc2aadc06d"},"description":"PODGORICA - Poznati francuski magazin GEO je, za 30. ro?endan, u jubilarnom izdanju objavio ?lanak o Crnoj Gori na \u0161est stranica, gdje opisuje njene","breadcrumb":{"@id":"https:\/\/www.visit-ulcinj.com\/blog\/2009\/06\/08\/geo-objavio-tekst-o-ljepotama-crne-gore\/#breadcrumb"},"inLanguage":"en-US","potentialAction":[{"@type":"ReadAction","target":["https:\/\/www.visit-ulcinj.com\/blog\/2009\/06\/08\/geo-objavio-tekst-o-ljepotama-crne-gore\/"]}]},{"@type":"BreadcrumbList","@id":"https:\/\/www.visit-ulcinj.com\/blog\/2009\/06\/08\/geo-objavio-tekst-o-ljepotama-crne-gore\/#breadcrumb","itemListElement":[{"@type":"ListItem","position":1,"name":"GEO objavio tekst o ljepotama Crne Gore"}]},{"@type":"Person","@id":"https:\/\/www.visit-ulcinj.com\/blog\/#\/schema\/person\/dcab619c614d3038751c63bc2aadc06d","name":"ulqini","sameAs":["http:\/\/www.visit-ulcinj.com"],"url":"https:\/\/www.visit-ulcinj.com\/blog\/author\/admin\/"}]}},"jetpack_featured_media_url":"","jetpack_sharing_enabled":true,"jetpack_shortlink":"https:\/\/wp.me\/pe6lTn-5TX","_links":{"self":[{"href":"https:\/\/www.visit-ulcinj.com\/blog\/wp-json\/wp\/v2\/posts\/22689"}],"collection":[{"href":"https:\/\/www.visit-ulcinj.com\/blog\/wp-json\/wp\/v2\/posts"}],"about":[{"href":"https:\/\/www.visit-ulcinj.com\/blog\/wp-json\/wp\/v2\/types\/post"}],"author":[{"embeddable":true,"href":"https:\/\/www.visit-ulcinj.com\/blog\/wp-json\/wp\/v2\/users\/1"}],"replies":[{"embeddable":true,"href":"https:\/\/www.visit-ulcinj.com\/blog\/wp-json\/wp\/v2\/comments?post=22689"}],"version-history":[{"count":0,"href":"https:\/\/www.visit-ulcinj.com\/blog\/wp-json\/wp\/v2\/posts\/22689\/revisions"}],"wp:attachment":[{"href":"https:\/\/www.visit-ulcinj.com\/blog\/wp-json\/wp\/v2\/media?parent=22689"}],"wp:term":[{"taxonomy":"category","embeddable":true,"href":"https:\/\/www.visit-ulcinj.com\/blog\/wp-json\/wp\/v2\/categories?post=22689"},{"taxonomy":"post_tag","embeddable":true,"href":"https:\/\/www.visit-ulcinj.com\/blog\/wp-json\/wp\/v2\/tags?post=22689"}],"curies":[{"name":"wp","href":"https:\/\/api.w.org\/{rel}","templated":true}]}}