{"id":22693,"date":"2009-06-08T19:30:19","date_gmt":"2009-06-08T17:30:19","guid":{"rendered":"http:\/\/www.visit-ulcinj.com\/blog\/?p=22693"},"modified":"2009-06-08T19:33:20","modified_gmt":"2009-06-08T17:33:20","slug":"turizam-u-prva-cetiri-mjeseca-157-manje-turista","status":"publish","type":"post","link":"https:\/\/www.visit-ulcinj.com\/blog\/2009\/06\/08\/turizam-u-prva-cetiri-mjeseca-157-manje-turista\/","title":{"rendered":"Turizam: U prva ?etiri mjeseca 15,7% manje turista"},"content":{"rendered":"<p><a href=\"http:\/\/www.visit-ulcinj.com\/blog\/wp-content\/uploads\/2009\/06\/velika-plaza_ulcinj_montenegro.jpg\"><img loading=\"lazy\" class=\"alignleft size-full wp-image-22694\" title=\"velika-plaza_ulcinj_montenegro\" src=\"http:\/\/www.visit-ulcinj.com\/blog\/wp-content\/uploads\/2009\/06\/velika-plaza_ulcinj_montenegro.jpg\" alt=\"velika-plaza_ulcinj_montenegro\" width=\"580\" height=\"400\" \/><\/a>PODGORICA &#8211; Crnu Goru je u prva ?etiri mjeseca ove godine, prema podacima Monstata, posjetilo oko 86,4 hiljade turista, 15,7 odsto manje nego u istom pro\u0161logodi\u0161njem periodu.<br \/>\nCrnogorski statisti?ari tvrde da je broj stranaca koji je Crnu Goru posjetio u prva ?etiri mjeseca ove godine bio skoro 15 odsto ni\u017ei nego pro\u0161le i iznosio je 63,3 hiljade. Turisti su u prva ?etiri ovogodi\u0161nja mjeseca ostvarili 380,2 hiljade no?enja, 23 odsto manje nego u istom periodu pro\u0161le. Na strance se odnosilo 75,7 odsto ukupnog broja no?enja.<br \/>\nNajve?i broj no?enja, 79,2 hiljade, ostvarili su gosti iz Bosne i Hercegovine, a slijede ih Srbi i Makednoci, sa 57,7 hiljada, odnosno 22,5 hiljada. Na ?etvrtom mjestu su Rusi sa 21,3 hiljade, a petom Albanci, koji su ostvarili 13,9 hiljada no?enja.<br \/>\nItalijani su ostvarili oko 9,9 hiljada no?enja, Hrvati 8,4 hiljade, a Francuzi 6,9 hiljada. Najvi\u0161e no?enja registrovano je u Herceg Novom, 118,5 hiljada.<\/p>\n<p><strong>Izvor \/ Mina-business <\/strong><\/p>\n<div><object width=\"580\" height=\"405\"><param name=\"movie\" value=\"http:\/\/www.dailymotion.com\/swf\/x1yc78_copacabana-ulqiniulcinj_ads&#038;autoPlay=1&#038;related=1\"><\/param><param name=\"allowFullScreen\" value=\"true\"><\/param><param name=\"allowScriptAccess\" value=\"always\"><\/param><\/object><br \/><b><a href=\"http:\/\/www.dailymotion.com\/video\/x1yc78_copacabana-ulqiniulcinj_ads\"><\/p>\n","protected":false},"excerpt":{"rendered":"<p>PODGORICA &#8211; Crnu Goru je u prva ?etiri mjeseca ove godine, prema podacima Monstata, posjetilo oko 86,4 hiljade turista, 15,7 odsto manje nego u istom pro\u0161logodi\u0161njem periodu. Crnogorski statisti?ari tvrde da je broj stranaca koji je Crnu Goru posjetio u prva ?etiri mjeseca ove godine bio skoro 15 odsto ni\u017ei nego pro\u0161le i iznosio je [&hellip;]<\/p>\n","protected":false},"author":1,"featured_media":0,"comment_status":"open","ping_status":"closed","sticky":false,"template":"","format":"standard","meta":{"spay_email":"","jetpack_publicize_message":"","jetpack_is_tweetstorm":false,"jetpack_publicize_feature_enabled":true},"categories":[7],"tags":[11088,11089,1520,21,20,11093,11092,11090,11091,9882,2785,19],"jetpack_publicize_connections":[],"yoast_head":"<!-- This site is optimized with the Yoast SEO plugin v19.1 - https:\/\/yoast.com\/wordpress\/plugins\/seo\/ -->\n<title>Turizam: U prva ?etiri mjeseca 15,7% manje turista - Lajme nga Ulqini<\/title>\n<meta name=\"description\" content=\"PODGORICA - Crnu Goru je u prva ?etiri mjeseca ove godine, prema podacima Monstata, posjetilo oko 86,4 hiljade turista, 15,7 odsto manje nego u istom\" \/>\n<meta name=\"robots\" content=\"index, follow, max-snippet:-1, max-image-preview:large, max-video-preview:-1\" \/>\n<link rel=\"canonical\" href=\"https:\/\/www.visit-ulcinj.com\/blog\/2009\/06\/08\/turizam-u-prva-cetiri-mjeseca-157-manje-turista\/\" \/>\n<meta property=\"og:locale\" content=\"en_US\" \/>\n<meta property=\"og:type\" content=\"article\" \/>\n<meta property=\"og:title\" content=\"Turizam: U prva ?etiri mjeseca 15,7% manje turista - Lajme nga Ulqini\" \/>\n<meta property=\"og:description\" content=\"PODGORICA - Crnu Goru je u prva ?etiri mjeseca ove godine, prema podacima Monstata, posjetilo oko 86,4 hiljade turista, 15,7 odsto manje nego u istom\" \/>\n<meta property=\"og:url\" content=\"https:\/\/www.visit-ulcinj.com\/blog\/2009\/06\/08\/turizam-u-prva-cetiri-mjeseca-157-manje-turista\/\" \/>\n<meta property=\"og:site_name\" content=\"Lajme nga Ulqini\" \/>\n<meta property=\"article:published_time\" content=\"2009-06-08T17:30:19+00:00\" \/>\n<meta property=\"article:modified_time\" content=\"2009-06-08T17:33:20+00:00\" \/>\n<meta property=\"og:image\" content=\"http:\/\/www.visit-ulcinj.com\/blog\/wp-content\/uploads\/2009\/06\/velika-plaza_ulcinj_montenegro.jpg\" \/>\n<meta name=\"twitter:label1\" content=\"Written by\" \/>\n\t<meta name=\"twitter:data1\" content=\"ulqini\" \/>\n\t<meta name=\"twitter:label2\" content=\"Est. reading time\" \/>\n\t<meta name=\"twitter:data2\" content=\"1 minute\" \/>\n<script type=\"application\/ld+json\" class=\"yoast-schema-graph\">{\"@context\":\"https:\/\/schema.org\",\"@graph\":[{\"@type\":\"WebSite\",\"@id\":\"https:\/\/www.visit-ulcinj.com\/blog\/#website\",\"url\":\"https:\/\/www.visit-ulcinj.com\/blog\/\",\"name\":\"Lajme nga Ulqini\",\"description\":\"Lajme,Vijesti,Ulqini,Ulqin,Crna Gora,Mali i Zi\",\"potentialAction\":[{\"@type\":\"SearchAction\",\"target\":{\"@type\":\"EntryPoint\",\"urlTemplate\":\"https:\/\/www.visit-ulcinj.com\/blog\/?s={search_term_string}\"},\"query-input\":\"required name=search_term_string\"}],\"inLanguage\":\"en-US\"},{\"@type\":\"ImageObject\",\"inLanguage\":\"en-US\",\"@id\":\"https:\/\/www.visit-ulcinj.com\/blog\/2009\/06\/08\/turizam-u-prva-cetiri-mjeseca-157-manje-turista\/#primaryimage\",\"url\":\"https:\/\/www.visit-ulcinj.com\/blog\/wp-content\/uploads\/2009\/06\/velika-plaza_ulcinj_montenegro.jpg\",\"contentUrl\":\"https:\/\/www.visit-ulcinj.com\/blog\/wp-content\/uploads\/2009\/06\/velika-plaza_ulcinj_montenegro.jpg\",\"width\":\"640\",\"height\":\"480\"},{\"@type\":\"WebPage\",\"@id\":\"https:\/\/www.visit-ulcinj.com\/blog\/2009\/06\/08\/turizam-u-prva-cetiri-mjeseca-157-manje-turista\/#webpage\",\"url\":\"https:\/\/www.visit-ulcinj.com\/blog\/2009\/06\/08\/turizam-u-prva-cetiri-mjeseca-157-manje-turista\/\",\"name\":\"Turizam: U prva ?etiri mjeseca 15,7% manje turista - Lajme nga Ulqini\",\"isPartOf\":{\"@id\":\"https:\/\/www.visit-ulcinj.com\/blog\/#website\"},\"primaryImageOfPage\":{\"@id\":\"https:\/\/www.visit-ulcinj.com\/blog\/2009\/06\/08\/turizam-u-prva-cetiri-mjeseca-157-manje-turista\/#primaryimage\"},\"datePublished\":\"2009-06-08T17:30:19+00:00\",\"dateModified\":\"2009-06-08T17:33:20+00:00\",\"author\":{\"@id\":\"https:\/\/www.visit-ulcinj.com\/blog\/#\/schema\/person\/dcab619c614d3038751c63bc2aadc06d\"},\"description\":\"PODGORICA - Crnu Goru je u prva ?etiri mjeseca ove godine, prema podacima Monstata, posjetilo oko 86,4 hiljade turista, 15,7 odsto manje nego u istom\",\"breadcrumb\":{\"@id\":\"https:\/\/www.visit-ulcinj.com\/blog\/2009\/06\/08\/turizam-u-prva-cetiri-mjeseca-157-manje-turista\/#breadcrumb\"},\"inLanguage\":\"en-US\",\"potentialAction\":[{\"@type\":\"ReadAction\",\"target\":[\"https:\/\/www.visit-ulcinj.com\/blog\/2009\/06\/08\/turizam-u-prva-cetiri-mjeseca-157-manje-turista\/\"]}]},{\"@type\":\"BreadcrumbList\",\"@id\":\"https:\/\/www.visit-ulcinj.com\/blog\/2009\/06\/08\/turizam-u-prva-cetiri-mjeseca-157-manje-turista\/#breadcrumb\",\"itemListElement\":[{\"@type\":\"ListItem\",\"position\":1,\"name\":\"Turizam: U prva ?etiri mjeseca 15,7% manje turista\"}]},{\"@type\":\"Person\",\"@id\":\"https:\/\/www.visit-ulcinj.com\/blog\/#\/schema\/person\/dcab619c614d3038751c63bc2aadc06d\",\"name\":\"ulqini\",\"sameAs\":[\"http:\/\/www.visit-ulcinj.com\"],\"url\":\"https:\/\/www.visit-ulcinj.com\/blog\/author\/admin\/\"}]}<\/script>\n<!-- \/ Yoast SEO plugin. -->","yoast_head_json":{"title":"Turizam: U prva ?etiri mjeseca 15,7% manje turista - Lajme nga Ulqini","description":"PODGORICA - Crnu Goru je u prva ?etiri mjeseca ove godine, prema podacima Monstata, posjetilo oko 86,4 hiljade turista, 15,7 odsto manje nego u istom","robots":{"index":"index","follow":"follow","max-snippet":"max-snippet:-1","max-image-preview":"max-image-preview:large","max-video-preview":"max-video-preview:-1"},"canonical":"https:\/\/www.visit-ulcinj.com\/blog\/2009\/06\/08\/turizam-u-prva-cetiri-mjeseca-157-manje-turista\/","og_locale":"en_US","og_type":"article","og_title":"Turizam: U prva ?etiri mjeseca 15,7% manje turista - Lajme nga Ulqini","og_description":"PODGORICA - Crnu Goru je u prva ?etiri mjeseca ove godine, prema podacima Monstata, posjetilo oko 86,4 hiljade turista, 15,7 odsto manje nego u istom","og_url":"https:\/\/www.visit-ulcinj.com\/blog\/2009\/06\/08\/turizam-u-prva-cetiri-mjeseca-157-manje-turista\/","og_site_name":"Lajme nga Ulqini","article_published_time":"2009-06-08T17:30:19+00:00","article_modified_time":"2009-06-08T17:33:20+00:00","og_image":[{"url":"http:\/\/www.visit-ulcinj.com\/blog\/wp-content\/uploads\/2009\/06\/velika-plaza_ulcinj_montenegro.jpg"}],"twitter_misc":{"Written by":"ulqini","Est. reading time":"1 minute"},"schema":{"@context":"https:\/\/schema.org","@graph":[{"@type":"WebSite","@id":"https:\/\/www.visit-ulcinj.com\/blog\/#website","url":"https:\/\/www.visit-ulcinj.com\/blog\/","name":"Lajme nga Ulqini","description":"Lajme,Vijesti,Ulqini,Ulqin,Crna Gora,Mali i Zi","potentialAction":[{"@type":"SearchAction","target":{"@type":"EntryPoint","urlTemplate":"https:\/\/www.visit-ulcinj.com\/blog\/?s={search_term_string}"},"query-input":"required name=search_term_string"}],"inLanguage":"en-US"},{"@type":"ImageObject","inLanguage":"en-US","@id":"https:\/\/www.visit-ulcinj.com\/blog\/2009\/06\/08\/turizam-u-prva-cetiri-mjeseca-157-manje-turista\/#primaryimage","url":"https:\/\/www.visit-ulcinj.com\/blog\/wp-content\/uploads\/2009\/06\/velika-plaza_ulcinj_montenegro.jpg","contentUrl":"https:\/\/www.visit-ulcinj.com\/blog\/wp-content\/uploads\/2009\/06\/velika-plaza_ulcinj_montenegro.jpg","width":"640","height":"480"},{"@type":"WebPage","@id":"https:\/\/www.visit-ulcinj.com\/blog\/2009\/06\/08\/turizam-u-prva-cetiri-mjeseca-157-manje-turista\/#webpage","url":"https:\/\/www.visit-ulcinj.com\/blog\/2009\/06\/08\/turizam-u-prva-cetiri-mjeseca-157-manje-turista\/","name":"Turizam: U prva ?etiri mjeseca 15,7% manje turista - Lajme nga Ulqini","isPartOf":{"@id":"https:\/\/www.visit-ulcinj.com\/blog\/#website"},"primaryImageOfPage":{"@id":"https:\/\/www.visit-ulcinj.com\/blog\/2009\/06\/08\/turizam-u-prva-cetiri-mjeseca-157-manje-turista\/#primaryimage"},"datePublished":"2009-06-08T17:30:19+00:00","dateModified":"2009-06-08T17:33:20+00:00","author":{"@id":"https:\/\/www.visit-ulcinj.com\/blog\/#\/schema\/person\/dcab619c614d3038751c63bc2aadc06d"},"description":"PODGORICA - Crnu Goru je u prva ?etiri mjeseca ove godine, prema podacima Monstata, posjetilo oko 86,4 hiljade turista, 15,7 odsto manje nego u istom","breadcrumb":{"@id":"https:\/\/www.visit-ulcinj.com\/blog\/2009\/06\/08\/turizam-u-prva-cetiri-mjeseca-157-manje-turista\/#breadcrumb"},"inLanguage":"en-US","potentialAction":[{"@type":"ReadAction","target":["https:\/\/www.visit-ulcinj.com\/blog\/2009\/06\/08\/turizam-u-prva-cetiri-mjeseca-157-manje-turista\/"]}]},{"@type":"BreadcrumbList","@id":"https:\/\/www.visit-ulcinj.com\/blog\/2009\/06\/08\/turizam-u-prva-cetiri-mjeseca-157-manje-turista\/#breadcrumb","itemListElement":[{"@type":"ListItem","position":1,"name":"Turizam: U prva ?etiri mjeseca 15,7% manje turista"}]},{"@type":"Person","@id":"https:\/\/www.visit-ulcinj.com\/blog\/#\/schema\/person\/dcab619c614d3038751c63bc2aadc06d","name":"ulqini","sameAs":["http:\/\/www.visit-ulcinj.com"],"url":"https:\/\/www.visit-ulcinj.com\/blog\/author\/admin\/"}]}},"jetpack_featured_media_url":"","jetpack_sharing_enabled":true,"jetpack_shortlink":"https:\/\/wp.me\/pe6lTn-5U1","_links":{"self":[{"href":"https:\/\/www.visit-ulcinj.com\/blog\/wp-json\/wp\/v2\/posts\/22693"}],"collection":[{"href":"https:\/\/www.visit-ulcinj.com\/blog\/wp-json\/wp\/v2\/posts"}],"about":[{"href":"https:\/\/www.visit-ulcinj.com\/blog\/wp-json\/wp\/v2\/types\/post"}],"author":[{"embeddable":true,"href":"https:\/\/www.visit-ulcinj.com\/blog\/wp-json\/wp\/v2\/users\/1"}],"replies":[{"embeddable":true,"href":"https:\/\/www.visit-ulcinj.com\/blog\/wp-json\/wp\/v2\/comments?post=22693"}],"version-history":[{"count":0,"href":"https:\/\/www.visit-ulcinj.com\/blog\/wp-json\/wp\/v2\/posts\/22693\/revisions"}],"wp:attachment":[{"href":"https:\/\/www.visit-ulcinj.com\/blog\/wp-json\/wp\/v2\/media?parent=22693"}],"wp:term":[{"taxonomy":"category","embeddable":true,"href":"https:\/\/www.visit-ulcinj.com\/blog\/wp-json\/wp\/v2\/categories?post=22693"},{"taxonomy":"post_tag","embeddable":true,"href":"https:\/\/www.visit-ulcinj.com\/blog\/wp-json\/wp\/v2\/tags?post=22693"}],"curies":[{"name":"wp","href":"https:\/\/api.w.org\/{rel}","templated":true}]}}