{"id":22698,"date":"2009-06-08T20:09:17","date_gmt":"2009-06-08T18:09:17","guid":{"rendered":"http:\/\/www.visit-ulcinj.com\/blog\/?p=22698"},"modified":"2009-06-08T20:09:17","modified_gmt":"2009-06-08T18:09:17","slug":"ulcinj-opstine-taksama-guse-biznis","status":"publish","type":"post","link":"https:\/\/www.visit-ulcinj.com\/blog\/2009\/06\/08\/ulcinj-opstine-taksama-guse-biznis\/","title":{"rendered":"Ulcinj: Op\u0161tine taksama gu\u0161e biznis"},"content":{"rendered":"<p><a href=\"http:\/\/www.visit-ulcinj.com\/blog\/wp-content\/uploads\/2009\/06\/ulcinjske-biznis-asocijacije.jpg\"><img loading=\"lazy\" class=\"alignleft size-full wp-image-22699\" title=\"ulcinjske-biznis-asocijacije\" src=\"http:\/\/www.visit-ulcinj.com\/blog\/wp-content\/uploads\/2009\/06\/ulcinjske-biznis-asocijacije.jpg\" alt=\"ulcinjske-biznis-asocijacije\" width=\"580\" height=\"400\" \/><\/a>Od kada je kriza zahvatila i Crnu Goru poslovni ambijent u crnogorskim op\u0161tinama se pogor\u0161ava. Pove?avaju se postoje?e lokalne komunalne takse i porezi na firme i uvode novi. Dr\u017eava i op\u0161tine su u raskoraku.<br \/>\nDok centrala ?ini sve da se elemini\u0161u biznis barijere, formiranje i savjet za njihovo eliminisanje&#8230; pojedine op\u0161tine takse su pove?ale i do 300 odsto. Prva je reagovala Montenegro biznis alijansa upozoriv\u0161i dr\u017eavu na ovaj problem i tra\u017ee?i da obuzdaju apetite op\u0161tinskih mo?nika.<br \/>\nBiznis barijere na lokalnom nivou, umjesto da se smanjuju, pove?avaju se. Rastu lokalne komunalne takse tako da imamo primjera da su one u nekim op\u0161tinama uve?ane preko tri puta. Ne po\u0161tuje se Zakon o lokalnim komunalnim taksama koji je precizno definisao pod kojim uslovima je dozvoljeno pove?anje. To direktno poga?a biznis posebno u vrijeme ekonomske krize, upozorili su iz MBA.<a href=\"http:\/\/www.visit-ulcinj.com\/blog\/wp-content\/uploads\/2009\/06\/uba_ulcinj.jpg\"><img loading=\"lazy\" class=\"alignleft size-medium wp-image-22700\" title=\"uba_ulcinj\" src=\"http:\/\/www.visit-ulcinj.com\/blog\/wp-content\/uploads\/2009\/06\/uba_ulcinj-205x300.jpg\" alt=\"uba_ulcinj\" width=\"205\" height=\"300\" srcset=\"https:\/\/www.visit-ulcinj.com\/blog\/wp-content\/uploads\/2009\/06\/uba_ulcinj-205x300.jpg 205w, https:\/\/www.visit-ulcinj.com\/blog\/wp-content\/uploads\/2009\/06\/uba_ulcinj.jpg 280w\" sizes=\"(max-width: 205px) 100vw, 205px\" \/><\/a><br \/>\nU Ulicinjskoj biznis alijansi sa ovim problemom su se ve? uhvatili u ko\u0161tac.<br \/>\nIzvr\u0161ni direktor UBE &#8211; Ulcinjske biznis asocijacije Valdet Ad\u017eemovi? ka\u017ee da su poslodavci natjerali lokalnu vlast da koriguje pojedine takse i poreze \u0161to nije bilo nimalo lako. Fatmir ?eka, sekretar za privredu op\u0161tine Ulcinj, na kraju je popustio pa su lokalne takse u martu ove godine ipak korigovane.<br \/>\nNema, me?utim, sumnje da je poslovni ambijent u Crnoj Gori u posljednjih nekoliko godina zna?ajno pobolj\u0161an.<br \/>\n\u201c?im se formira nova vlada vidje?emo \u0161ta je mogu?e u?initi, odnosno na koji na?in obuzdati op\u0161tine da ne pove?avaju optere?enje na biznis\u201d, ka\u017ee direktor Direkcije za razvoj malih i srednjih preduze?a Zoran Vuk?evi?.<br \/>\nNa nivou dr\u017eave se ula\u017eu veliki napori da se smanje biznis barijere &#8211; na lokalnom se, na\u017ealost, one pove?avaju.<br \/>\n\u201cPove?avaju se postoje?e takse i uvode nove. Razlog je vjerovatno to \u0161to op\u0161tine nemaju dovoljno senzibiliteta prema biznisu, a smanjeni su im izvorni prihodi. To \u0161to nijesu ostvarili u planiranom iznosu sada \u017eele da nadoknade kroz pove?anje iznosa lokalnih taksa. To nije dobro\u201d, ka\u017ee Vuk?evi?.<\/p>\n<p><a href=\"http:\/\/209.85.129.132\/search?q=cache:5NCpRZyqGasJ:www.pobjeda.co.me\/citanje.php%3Fdatum%3D2009-06-07%26id%3D165364+Valdet+Ad%C5%BEemovi%C4%87&amp;cd=2&amp;hl=fr&amp;ct=clnk&amp;client=firefox-a\" target=\"_blank\"><strong>Izvor \/ Pobjeda<\/strong><\/a><\/p>\n<!--YouTube Error: bad URL entered-->\n","protected":false},"excerpt":{"rendered":"<p>Od kada je kriza zahvatila i Crnu Goru poslovni ambijent u crnogorskim op\u0161tinama se pogor\u0161ava. Pove?avaju se postoje?e lokalne komunalne takse i porezi na firme i uvode novi. Dr\u017eava i op\u0161tine su u raskoraku. Dok centrala ?ini sve da se elemini\u0161u biznis barijere, formiranje i savjet za njihovo eliminisanje&#8230; pojedine op\u0161tine takse su pove?ale i [&hellip;]<\/p>\n","protected":false},"author":1,"featured_media":0,"comment_status":"open","ping_status":"closed","sticky":false,"template":"","format":"standard","meta":{"spay_email":"","jetpack_publicize_message":"","jetpack_is_tweetstorm":false,"jetpack_publicize_feature_enabled":true},"categories":[10],"tags":[20,4608,11094,4224,19,4390],"jetpack_publicize_connections":[],"yoast_head":"<!-- This site is optimized with the Yoast SEO plugin v19.1 - https:\/\/yoast.com\/wordpress\/plugins\/seo\/ -->\n<title>Ulcinj: Op\u0161tine taksama gu\u0161e biznis - Lajme nga Ulqini<\/title>\n<meta name=\"description\" content=\"Od kada je kriza zahvatila i Crnu Goru poslovni ambijent u crnogorskim op\u0161tinama se pogor\u0161ava. Pove?avaju se postoje?e lokalne komunalne takse i porezi na\" \/>\n<meta name=\"robots\" content=\"index, follow, max-snippet:-1, max-image-preview:large, max-video-preview:-1\" \/>\n<link rel=\"canonical\" href=\"https:\/\/www.visit-ulcinj.com\/blog\/2009\/06\/08\/ulcinj-opstine-taksama-guse-biznis\/\" \/>\n<meta property=\"og:locale\" content=\"en_US\" \/>\n<meta property=\"og:type\" content=\"article\" \/>\n<meta property=\"og:title\" content=\"Ulcinj: Op\u0161tine taksama gu\u0161e biznis - Lajme nga Ulqini\" \/>\n<meta property=\"og:description\" content=\"Od kada je kriza zahvatila i Crnu Goru poslovni ambijent u crnogorskim op\u0161tinama se pogor\u0161ava. Pove?avaju se postoje?e lokalne komunalne takse i porezi na\" \/>\n<meta property=\"og:url\" content=\"https:\/\/www.visit-ulcinj.com\/blog\/2009\/06\/08\/ulcinj-opstine-taksama-guse-biznis\/\" \/>\n<meta property=\"og:site_name\" content=\"Lajme nga Ulqini\" \/>\n<meta property=\"article:published_time\" content=\"2009-06-08T18:09:17+00:00\" \/>\n<meta property=\"og:image\" content=\"http:\/\/www.visit-ulcinj.com\/blog\/wp-content\/uploads\/2009\/06\/ulcinjske-biznis-asocijacije.jpg\" \/>\n<meta name=\"twitter:label1\" content=\"Written by\" \/>\n\t<meta name=\"twitter:data1\" content=\"ulqini\" \/>\n\t<meta name=\"twitter:label2\" content=\"Est. reading time\" \/>\n\t<meta name=\"twitter:data2\" content=\"2 minutes\" \/>\n<script type=\"application\/ld+json\" class=\"yoast-schema-graph\">{\"@context\":\"https:\/\/schema.org\",\"@graph\":[{\"@type\":\"WebSite\",\"@id\":\"https:\/\/www.visit-ulcinj.com\/blog\/#website\",\"url\":\"https:\/\/www.visit-ulcinj.com\/blog\/\",\"name\":\"Lajme nga Ulqini\",\"description\":\"Lajme,Vijesti,Ulqini,Ulqin,Crna Gora,Mali i Zi\",\"potentialAction\":[{\"@type\":\"SearchAction\",\"target\":{\"@type\":\"EntryPoint\",\"urlTemplate\":\"https:\/\/www.visit-ulcinj.com\/blog\/?s={search_term_string}\"},\"query-input\":\"required name=search_term_string\"}],\"inLanguage\":\"en-US\"},{\"@type\":\"ImageObject\",\"inLanguage\":\"en-US\",\"@id\":\"https:\/\/www.visit-ulcinj.com\/blog\/2009\/06\/08\/ulcinj-opstine-taksama-guse-biznis\/#primaryimage\",\"url\":\"https:\/\/www.visit-ulcinj.com\/blog\/wp-content\/uploads\/2009\/06\/ulcinjske-biznis-asocijacije.jpg\",\"contentUrl\":\"https:\/\/www.visit-ulcinj.com\/blog\/wp-content\/uploads\/2009\/06\/ulcinjske-biznis-asocijacije.jpg\",\"width\":\"640\",\"height\":\"480\"},{\"@type\":\"WebPage\",\"@id\":\"https:\/\/www.visit-ulcinj.com\/blog\/2009\/06\/08\/ulcinj-opstine-taksama-guse-biznis\/#webpage\",\"url\":\"https:\/\/www.visit-ulcinj.com\/blog\/2009\/06\/08\/ulcinj-opstine-taksama-guse-biznis\/\",\"name\":\"Ulcinj: Op\u0161tine taksama gu\u0161e biznis - Lajme nga Ulqini\",\"isPartOf\":{\"@id\":\"https:\/\/www.visit-ulcinj.com\/blog\/#website\"},\"primaryImageOfPage\":{\"@id\":\"https:\/\/www.visit-ulcinj.com\/blog\/2009\/06\/08\/ulcinj-opstine-taksama-guse-biznis\/#primaryimage\"},\"datePublished\":\"2009-06-08T18:09:17+00:00\",\"dateModified\":\"2009-06-08T18:09:17+00:00\",\"author\":{\"@id\":\"https:\/\/www.visit-ulcinj.com\/blog\/#\/schema\/person\/dcab619c614d3038751c63bc2aadc06d\"},\"description\":\"Od kada je kriza zahvatila i Crnu Goru poslovni ambijent u crnogorskim op\u0161tinama se pogor\u0161ava. Pove?avaju se postoje?e lokalne komunalne takse i porezi na\",\"breadcrumb\":{\"@id\":\"https:\/\/www.visit-ulcinj.com\/blog\/2009\/06\/08\/ulcinj-opstine-taksama-guse-biznis\/#breadcrumb\"},\"inLanguage\":\"en-US\",\"potentialAction\":[{\"@type\":\"ReadAction\",\"target\":[\"https:\/\/www.visit-ulcinj.com\/blog\/2009\/06\/08\/ulcinj-opstine-taksama-guse-biznis\/\"]}]},{\"@type\":\"BreadcrumbList\",\"@id\":\"https:\/\/www.visit-ulcinj.com\/blog\/2009\/06\/08\/ulcinj-opstine-taksama-guse-biznis\/#breadcrumb\",\"itemListElement\":[{\"@type\":\"ListItem\",\"position\":1,\"name\":\"Ulcinj: Op\u0161tine taksama gu\u0161e biznis\"}]},{\"@type\":\"Person\",\"@id\":\"https:\/\/www.visit-ulcinj.com\/blog\/#\/schema\/person\/dcab619c614d3038751c63bc2aadc06d\",\"name\":\"ulqini\",\"sameAs\":[\"http:\/\/www.visit-ulcinj.com\"],\"url\":\"https:\/\/www.visit-ulcinj.com\/blog\/author\/admin\/\"}]}<\/script>\n<!-- \/ Yoast SEO plugin. -->","yoast_head_json":{"title":"Ulcinj: Op\u0161tine taksama gu\u0161e biznis - Lajme nga Ulqini","description":"Od kada je kriza zahvatila i Crnu Goru poslovni ambijent u crnogorskim op\u0161tinama se pogor\u0161ava. Pove?avaju se postoje?e lokalne komunalne takse i porezi na","robots":{"index":"index","follow":"follow","max-snippet":"max-snippet:-1","max-image-preview":"max-image-preview:large","max-video-preview":"max-video-preview:-1"},"canonical":"https:\/\/www.visit-ulcinj.com\/blog\/2009\/06\/08\/ulcinj-opstine-taksama-guse-biznis\/","og_locale":"en_US","og_type":"article","og_title":"Ulcinj: Op\u0161tine taksama gu\u0161e biznis - Lajme nga Ulqini","og_description":"Od kada je kriza zahvatila i Crnu Goru poslovni ambijent u crnogorskim op\u0161tinama se pogor\u0161ava. Pove?avaju se postoje?e lokalne komunalne takse i porezi na","og_url":"https:\/\/www.visit-ulcinj.com\/blog\/2009\/06\/08\/ulcinj-opstine-taksama-guse-biznis\/","og_site_name":"Lajme nga Ulqini","article_published_time":"2009-06-08T18:09:17+00:00","og_image":[{"url":"http:\/\/www.visit-ulcinj.com\/blog\/wp-content\/uploads\/2009\/06\/ulcinjske-biznis-asocijacije.jpg"}],"twitter_misc":{"Written by":"ulqini","Est. reading time":"2 minutes"},"schema":{"@context":"https:\/\/schema.org","@graph":[{"@type":"WebSite","@id":"https:\/\/www.visit-ulcinj.com\/blog\/#website","url":"https:\/\/www.visit-ulcinj.com\/blog\/","name":"Lajme nga Ulqini","description":"Lajme,Vijesti,Ulqini,Ulqin,Crna Gora,Mali i Zi","potentialAction":[{"@type":"SearchAction","target":{"@type":"EntryPoint","urlTemplate":"https:\/\/www.visit-ulcinj.com\/blog\/?s={search_term_string}"},"query-input":"required name=search_term_string"}],"inLanguage":"en-US"},{"@type":"ImageObject","inLanguage":"en-US","@id":"https:\/\/www.visit-ulcinj.com\/blog\/2009\/06\/08\/ulcinj-opstine-taksama-guse-biznis\/#primaryimage","url":"https:\/\/www.visit-ulcinj.com\/blog\/wp-content\/uploads\/2009\/06\/ulcinjske-biznis-asocijacije.jpg","contentUrl":"https:\/\/www.visit-ulcinj.com\/blog\/wp-content\/uploads\/2009\/06\/ulcinjske-biznis-asocijacije.jpg","width":"640","height":"480"},{"@type":"WebPage","@id":"https:\/\/www.visit-ulcinj.com\/blog\/2009\/06\/08\/ulcinj-opstine-taksama-guse-biznis\/#webpage","url":"https:\/\/www.visit-ulcinj.com\/blog\/2009\/06\/08\/ulcinj-opstine-taksama-guse-biznis\/","name":"Ulcinj: Op\u0161tine taksama gu\u0161e biznis - Lajme nga Ulqini","isPartOf":{"@id":"https:\/\/www.visit-ulcinj.com\/blog\/#website"},"primaryImageOfPage":{"@id":"https:\/\/www.visit-ulcinj.com\/blog\/2009\/06\/08\/ulcinj-opstine-taksama-guse-biznis\/#primaryimage"},"datePublished":"2009-06-08T18:09:17+00:00","dateModified":"2009-06-08T18:09:17+00:00","author":{"@id":"https:\/\/www.visit-ulcinj.com\/blog\/#\/schema\/person\/dcab619c614d3038751c63bc2aadc06d"},"description":"Od kada je kriza zahvatila i Crnu Goru poslovni ambijent u crnogorskim op\u0161tinama se pogor\u0161ava. Pove?avaju se postoje?e lokalne komunalne takse i porezi na","breadcrumb":{"@id":"https:\/\/www.visit-ulcinj.com\/blog\/2009\/06\/08\/ulcinj-opstine-taksama-guse-biznis\/#breadcrumb"},"inLanguage":"en-US","potentialAction":[{"@type":"ReadAction","target":["https:\/\/www.visit-ulcinj.com\/blog\/2009\/06\/08\/ulcinj-opstine-taksama-guse-biznis\/"]}]},{"@type":"BreadcrumbList","@id":"https:\/\/www.visit-ulcinj.com\/blog\/2009\/06\/08\/ulcinj-opstine-taksama-guse-biznis\/#breadcrumb","itemListElement":[{"@type":"ListItem","position":1,"name":"Ulcinj: Op\u0161tine taksama gu\u0161e biznis"}]},{"@type":"Person","@id":"https:\/\/www.visit-ulcinj.com\/blog\/#\/schema\/person\/dcab619c614d3038751c63bc2aadc06d","name":"ulqini","sameAs":["http:\/\/www.visit-ulcinj.com"],"url":"https:\/\/www.visit-ulcinj.com\/blog\/author\/admin\/"}]}},"jetpack_featured_media_url":"","jetpack_sharing_enabled":true,"jetpack_shortlink":"https:\/\/wp.me\/pe6lTn-5U6","_links":{"self":[{"href":"https:\/\/www.visit-ulcinj.com\/blog\/wp-json\/wp\/v2\/posts\/22698"}],"collection":[{"href":"https:\/\/www.visit-ulcinj.com\/blog\/wp-json\/wp\/v2\/posts"}],"about":[{"href":"https:\/\/www.visit-ulcinj.com\/blog\/wp-json\/wp\/v2\/types\/post"}],"author":[{"embeddable":true,"href":"https:\/\/www.visit-ulcinj.com\/blog\/wp-json\/wp\/v2\/users\/1"}],"replies":[{"embeddable":true,"href":"https:\/\/www.visit-ulcinj.com\/blog\/wp-json\/wp\/v2\/comments?post=22698"}],"version-history":[{"count":0,"href":"https:\/\/www.visit-ulcinj.com\/blog\/wp-json\/wp\/v2\/posts\/22698\/revisions"}],"wp:attachment":[{"href":"https:\/\/www.visit-ulcinj.com\/blog\/wp-json\/wp\/v2\/media?parent=22698"}],"wp:term":[{"taxonomy":"category","embeddable":true,"href":"https:\/\/www.visit-ulcinj.com\/blog\/wp-json\/wp\/v2\/categories?post=22698"},{"taxonomy":"post_tag","embeddable":true,"href":"https:\/\/www.visit-ulcinj.com\/blog\/wp-json\/wp\/v2\/tags?post=22698"}],"curies":[{"name":"wp","href":"https:\/\/api.w.org\/{rel}","templated":true}]}}