{"id":227,"date":"2008-01-21T13:31:25","date_gmt":"2008-01-21T18:31:25","guid":{"rendered":"http:\/\/www.visit-ulcinj.com\/blog\/2008\/01\/21\/bisede-me-trajnerin-e-klubit\/"},"modified":"2008-02-12T19:08:55","modified_gmt":"2008-02-13T00:08:55","slug":"bisede-me-trajnerin-e-klubit","status":"publish","type":"post","link":"https:\/\/www.visit-ulcinj.com\/blog\/2008\/01\/21\/bisede-me-trajnerin-e-klubit\/","title":{"rendered":"Bised\u00eb me trajnerin e klubit"},"content":{"rendered":"<p><span style=\"font-size: 12pt; font-family: 'Times New Roman'\"><\/span><span><font face=\"Verdana\" size=\"2\"><img loading=\"lazy\" src=\"http:\/\/www.kohajavore.cg.yu\/slike\/1200903218.jpg\" align=\"left\" border=\"1\" height=\"191\" width=\"162\" \/><strong>Problemet financiare pengojn\u00eb arritjen e sukseseve m\u00eb t\u00eb m\u00ebdha<\/strong><\/font><\/span><\/p>\n<p><span><font face=\"Verdana\" size=\"2\">Koha javore: Z. Ujkashi, si e vler\u00ebsoni zgjedhjen Tuaj si  trajneri m\u00eb i mir\u00eb n\u00eb Ulqin p\u00ebr vitin 2007?<br \/>\nA. Ujkashi: Zgjedhja ime si  trajneri m\u00eb i mir\u00eb n\u00eb vitin 2007 ishte nj\u00eb kompliment shum\u00eb i madh, por q\u00eb  nj\u00ebkoh\u00ebsisht k\u00ebrkon nj\u00eb angazhim edhe m\u00eb t\u00eb madh n\u00eb t\u00eb ardhmen. Sa i p\u00ebrket  vitit 2007 un\u00eb si trajner kam arritur t\u00eb ruaj\u00eb kontinuitetin e rezultateve t\u00eb  Klubit &#8220;Albulena&#8221; vite me radh\u00eb. N\u00eb k\u00ebt\u00eb aspekt dua tzju kujtoj se zgjedhja e  sportistit m\u00eb t\u00eb mir\u00eb t\u00eb Ulqinit u b\u00eb n\u00eb vitin 2003, ku sportisti m\u00eb i mir\u00eb p\u00ebr  k\u00ebt\u00eb vit u shpall Anel Beganoviq i Klubit &#8220;Albulena&#8221; dhe pun\u00ebtori m\u00eb i mir\u00eb i  sportit u zgjodha un\u00eb.<\/font><\/span><!--more--><span><font face=\"Verdana\" size=\"2\">N\u00eb vitin 2004 sportisti m\u00eb i mir\u00eb u zgjodh Jasmin Hoti  po nga &#8220;Albulena&#8221;.<br \/>\nN\u00eb vitin 2006 nuk \u00ebsht\u00eb mbajtur zgjedhja e sportist\u00ebve m\u00eb  t\u00eb mir\u00eb, por edhe at\u00eb vit un\u00eb besoj q\u00eb rezultatin m\u00eb t\u00eb mir\u00eb e ka pasur Shkelzen  Bisha, kampion i dyfisht\u00eb i Ballkanit. Nd\u00ebrsa n\u00eb vitin 2007 sportisti m\u00eb i mir\u00eb  u zgjodh Anel Beganoviq, sportistja m\u00eb e mir\u00eb Xheneta Vu\u00e7iq dhe trajneri m\u00eb i  mir\u00eb un\u00eb, t\u00eb gjith\u00eb nga &#8220;Albulena&#8221;.<br \/>\nN\u00eb vitin 2007 nga &#8220;Albulena&#8221; kemi pasur  tet\u00eb p\u00ebrfaq\u00ebsues shtet\u00ebror\u00eb. Shum\u00eb medalje t\u00eb niveleve shtet\u00ebrore, disa medalje  nd\u00ebrkomb\u00ebtare t\u00eb turneve dhe kupave t\u00eb ndryshme, nd\u00ebrsa nga kampionatet e  rregullta tri medalje t\u00eb arta, dy t\u00eb argjendta dhe tri t\u00eb bronzta. Medaljet e  arta i fituan Anel Beganoviq, kampion i Mediteranit, dhe Xheneta Vu\u00e7iqi dhe  Shkelzen Bisha kampion\u00eb t\u00eb Ballkanit.<\/font><\/span><\/p>\n<p><font face=\"Verdana\" size=\"2\">Koha javore: Si e vler\u00ebsoni sportin  shqiptar n\u00eb Mal t\u00eb Zi gjat\u00eb vitit 2007?<br \/>\nA. Ujkashi: Sportin shqiptar n\u00eb Mal  t\u00eb Zi e vler\u00ebsoj si nj\u00eb kultur\u00eb me perspektiv\u00eb shum\u00eb t\u00eb madhe p\u00ebr ne shqiptar\u00ebt.  Ka me t\u00eb v\u00ebrtet\u00eb rezultate shume t\u00eb m\u00ebdha. K\u00ebtu mund t\u00eb n\u00ebnvizoi sportet  luftarake t\u00eb cilat me t\u00eb v\u00ebrtet\u00eb kan\u00eb arritje t\u00eb shumta.Mir\u00ebpo, mungesa  financiare e klubeve pengon arritjen e sukseseve m\u00eb t\u00eb m\u00ebdha. Mendimi im \u00ebsht\u00eb  se t\u00eb gjitha institucionet kompetente n\u00eb Mal t\u00eb Zi duhet t\u00eb kontribuojn\u00eb n\u00eb  avancimin e sportit sepse sporti \u00ebsht\u00eb edukimi m\u00eb i mir\u00eb p\u00ebr brezat e  ardhsh\u00ebm.<\/font><\/p>\n<p><font face=\"Verdana\" size=\"2\">Koha javore: Po rezultatet e klubeve nga Ulqini?<br \/>\nA. Ujkashi:  Mund t\u00eb ceki rezultatet e tre klubeve t\u00eb karates\u00eb n\u00eb Ulqin, t\u00eb Klubit t\u00eb  juijitsu-s\u00eb, sukseset e klubeve t\u00eb taekwondos\u00eb, si t\u00eb klubit &#8220;Besa&#8221; nga Tuzi,  ashtu edhe t\u00eb klubit t\u00eb ri t\u00eb taekwondo-s\u00eb &#8220;Ulqini&#8221; t\u00eb cil\u00ebt kan\u00eb arritur  rezultate shum\u00eb t\u00eb mira. Gjithashtu t\u00eb k\u00ebnaqshme jan\u00eb edhe rezultatet e  basketbollit dhe t\u00eb futbollit.<\/font><\/p>\n<p><font face=\"Verdana\" size=\"2\">Koha javore: Cilat jan\u00eb planet p\u00ebr vitin e  ardhsh\u00ebm?<br \/>\nA. Ujkashi: Planet p\u00ebr vitin e ardhsh\u00ebm jan\u00eb q\u00eb t\u00eb vazhdohet  kontinuiteti i sukseseve dhe pjes\u00ebmarrjet e shumta n\u00eb gara t\u00eb niveleve  nd\u00ebrkomb\u00ebtare. K\u00ebt\u00eb vit kemi n\u00eb plan q\u00eb p\u00ebr her\u00eb t\u00eb par\u00eb t\u00eb startojm\u00eb me  pjes\u00ebmarrje n\u00eb gara me Klubin e Kick Box-it &#8220;Albulena&#8221;, pjes\u00ebmarrjen n\u00eb turneun  nd\u00ebrkomb\u00ebtar t\u00eb rangut bot\u00ebror &#8220;Croatia Open 2008&#8221; n\u00eb Zagreb nga ku shpresoj se  do t\u00eb kthehemi me medalje.<\/font><\/p>\n<p><span>           <\/span><\/p>\n<p align=\"right\"><span><strong><font face=\"Verdana\" size=\"2\">Bisedoi: Rr. Dushaj<\/font><\/strong><\/span><\/p>\n","protected":false},"excerpt":{"rendered":"<p><img loading=\"lazy\" src=\"http:\/\/www.kohajavore.cg.yu\/slike\/1200903218.jpg\" height=\"140\" width=\"140\" \/><\/p>\n","protected":false},"author":1,"featured_media":0,"comment_status":"open","ping_status":"closed","sticky":false,"template":"","format":"standard","meta":{"spay_email":"","jetpack_publicize_message":"","jetpack_is_tweetstorm":false,"jetpack_publicize_feature_enabled":true},"categories":[3],"tags":[],"jetpack_publicize_connections":[],"yoast_head":"<!-- This site is optimized with the Yoast SEO plugin v19.1 - https:\/\/yoast.com\/wordpress\/plugins\/seo\/ -->\n<title>Bised\u00eb me trajnerin e klubit - Lajme nga Ulqini<\/title>\n<meta name=\"robots\" content=\"index, follow, max-snippet:-1, max-image-preview:large, max-video-preview:-1\" \/>\n<link rel=\"canonical\" href=\"https:\/\/www.visit-ulcinj.com\/blog\/2008\/01\/21\/bisede-me-trajnerin-e-klubit\/\" \/>\n<meta property=\"og:locale\" content=\"en_US\" \/>\n<meta property=\"og:type\" content=\"article\" \/>\n<meta property=\"og:title\" content=\"Bised\u00eb me trajnerin e klubit - Lajme nga Ulqini\" \/>\n<meta property=\"og:url\" content=\"https:\/\/www.visit-ulcinj.com\/blog\/2008\/01\/21\/bisede-me-trajnerin-e-klubit\/\" \/>\n<meta property=\"og:site_name\" content=\"Lajme nga Ulqini\" \/>\n<meta property=\"article:published_time\" content=\"2008-01-21T18:31:25+00:00\" \/>\n<meta property=\"article:modified_time\" content=\"2008-02-13T00:08:55+00:00\" \/>\n<meta property=\"og:image\" content=\"http:\/\/www.kohajavore.cg.yu\/slike\/1200903218.jpg\" \/>\n<meta name=\"twitter:label1\" content=\"Written by\" \/>\n\t<meta name=\"twitter:data1\" content=\"ulqini\" \/>\n\t<meta name=\"twitter:label2\" content=\"Est. reading time\" \/>\n\t<meta name=\"twitter:data2\" content=\"3 minutes\" \/>\n<script type=\"application\/ld+json\" class=\"yoast-schema-graph\">{\"@context\":\"https:\/\/schema.org\",\"@graph\":[{\"@type\":\"WebSite\",\"@id\":\"https:\/\/www.visit-ulcinj.com\/blog\/#website\",\"url\":\"https:\/\/www.visit-ulcinj.com\/blog\/\",\"name\":\"Lajme nga Ulqini\",\"description\":\"Lajme,Vijesti,Ulqini,Ulqin,Crna Gora,Mali i Zi\",\"potentialAction\":[{\"@type\":\"SearchAction\",\"target\":{\"@type\":\"EntryPoint\",\"urlTemplate\":\"https:\/\/www.visit-ulcinj.com\/blog\/?s={search_term_string}\"},\"query-input\":\"required name=search_term_string\"}],\"inLanguage\":\"en-US\"},{\"@type\":\"ImageObject\",\"inLanguage\":\"en-US\",\"@id\":\"https:\/\/www.visit-ulcinj.com\/blog\/2008\/01\/21\/bisede-me-trajnerin-e-klubit\/#primaryimage\",\"url\":\"http:\/\/www.kohajavore.cg.yu\/slike\/1200903218.jpg\",\"contentUrl\":\"http:\/\/www.kohajavore.cg.yu\/slike\/1200903218.jpg\"},{\"@type\":\"WebPage\",\"@id\":\"https:\/\/www.visit-ulcinj.com\/blog\/2008\/01\/21\/bisede-me-trajnerin-e-klubit\/#webpage\",\"url\":\"https:\/\/www.visit-ulcinj.com\/blog\/2008\/01\/21\/bisede-me-trajnerin-e-klubit\/\",\"name\":\"Bised\u00eb me trajnerin e klubit - Lajme nga Ulqini\",\"isPartOf\":{\"@id\":\"https:\/\/www.visit-ulcinj.com\/blog\/#website\"},\"primaryImageOfPage\":{\"@id\":\"https:\/\/www.visit-ulcinj.com\/blog\/2008\/01\/21\/bisede-me-trajnerin-e-klubit\/#primaryimage\"},\"datePublished\":\"2008-01-21T18:31:25+00:00\",\"dateModified\":\"2008-02-13T00:08:55+00:00\",\"author\":{\"@id\":\"https:\/\/www.visit-ulcinj.com\/blog\/#\/schema\/person\/dcab619c614d3038751c63bc2aadc06d\"},\"breadcrumb\":{\"@id\":\"https:\/\/www.visit-ulcinj.com\/blog\/2008\/01\/21\/bisede-me-trajnerin-e-klubit\/#breadcrumb\"},\"inLanguage\":\"en-US\",\"potentialAction\":[{\"@type\":\"ReadAction\",\"target\":[\"https:\/\/www.visit-ulcinj.com\/blog\/2008\/01\/21\/bisede-me-trajnerin-e-klubit\/\"]}]},{\"@type\":\"BreadcrumbList\",\"@id\":\"https:\/\/www.visit-ulcinj.com\/blog\/2008\/01\/21\/bisede-me-trajnerin-e-klubit\/#breadcrumb\",\"itemListElement\":[{\"@type\":\"ListItem\",\"position\":1,\"name\":\"Bised\u00eb me trajnerin e klubit\"}]},{\"@type\":\"Person\",\"@id\":\"https:\/\/www.visit-ulcinj.com\/blog\/#\/schema\/person\/dcab619c614d3038751c63bc2aadc06d\",\"name\":\"ulqini\",\"sameAs\":[\"http:\/\/www.visit-ulcinj.com\"],\"url\":\"https:\/\/www.visit-ulcinj.com\/blog\/author\/admin\/\"}]}<\/script>\n<!-- \/ Yoast SEO plugin. -->","yoast_head_json":{"title":"Bised\u00eb me trajnerin e klubit - Lajme nga Ulqini","robots":{"index":"index","follow":"follow","max-snippet":"max-snippet:-1","max-image-preview":"max-image-preview:large","max-video-preview":"max-video-preview:-1"},"canonical":"https:\/\/www.visit-ulcinj.com\/blog\/2008\/01\/21\/bisede-me-trajnerin-e-klubit\/","og_locale":"en_US","og_type":"article","og_title":"Bised\u00eb me trajnerin e klubit - Lajme nga Ulqini","og_url":"https:\/\/www.visit-ulcinj.com\/blog\/2008\/01\/21\/bisede-me-trajnerin-e-klubit\/","og_site_name":"Lajme nga Ulqini","article_published_time":"2008-01-21T18:31:25+00:00","article_modified_time":"2008-02-13T00:08:55+00:00","og_image":[{"url":"http:\/\/www.kohajavore.cg.yu\/slike\/1200903218.jpg"}],"twitter_misc":{"Written by":"ulqini","Est. reading time":"3 minutes"},"schema":{"@context":"https:\/\/schema.org","@graph":[{"@type":"WebSite","@id":"https:\/\/www.visit-ulcinj.com\/blog\/#website","url":"https:\/\/www.visit-ulcinj.com\/blog\/","name":"Lajme nga Ulqini","description":"Lajme,Vijesti,Ulqini,Ulqin,Crna Gora,Mali i Zi","potentialAction":[{"@type":"SearchAction","target":{"@type":"EntryPoint","urlTemplate":"https:\/\/www.visit-ulcinj.com\/blog\/?s={search_term_string}"},"query-input":"required name=search_term_string"}],"inLanguage":"en-US"},{"@type":"ImageObject","inLanguage":"en-US","@id":"https:\/\/www.visit-ulcinj.com\/blog\/2008\/01\/21\/bisede-me-trajnerin-e-klubit\/#primaryimage","url":"http:\/\/www.kohajavore.cg.yu\/slike\/1200903218.jpg","contentUrl":"http:\/\/www.kohajavore.cg.yu\/slike\/1200903218.jpg"},{"@type":"WebPage","@id":"https:\/\/www.visit-ulcinj.com\/blog\/2008\/01\/21\/bisede-me-trajnerin-e-klubit\/#webpage","url":"https:\/\/www.visit-ulcinj.com\/blog\/2008\/01\/21\/bisede-me-trajnerin-e-klubit\/","name":"Bised\u00eb me trajnerin e klubit - Lajme nga Ulqini","isPartOf":{"@id":"https:\/\/www.visit-ulcinj.com\/blog\/#website"},"primaryImageOfPage":{"@id":"https:\/\/www.visit-ulcinj.com\/blog\/2008\/01\/21\/bisede-me-trajnerin-e-klubit\/#primaryimage"},"datePublished":"2008-01-21T18:31:25+00:00","dateModified":"2008-02-13T00:08:55+00:00","author":{"@id":"https:\/\/www.visit-ulcinj.com\/blog\/#\/schema\/person\/dcab619c614d3038751c63bc2aadc06d"},"breadcrumb":{"@id":"https:\/\/www.visit-ulcinj.com\/blog\/2008\/01\/21\/bisede-me-trajnerin-e-klubit\/#breadcrumb"},"inLanguage":"en-US","potentialAction":[{"@type":"ReadAction","target":["https:\/\/www.visit-ulcinj.com\/blog\/2008\/01\/21\/bisede-me-trajnerin-e-klubit\/"]}]},{"@type":"BreadcrumbList","@id":"https:\/\/www.visit-ulcinj.com\/blog\/2008\/01\/21\/bisede-me-trajnerin-e-klubit\/#breadcrumb","itemListElement":[{"@type":"ListItem","position":1,"name":"Bised\u00eb me trajnerin e klubit"}]},{"@type":"Person","@id":"https:\/\/www.visit-ulcinj.com\/blog\/#\/schema\/person\/dcab619c614d3038751c63bc2aadc06d","name":"ulqini","sameAs":["http:\/\/www.visit-ulcinj.com"],"url":"https:\/\/www.visit-ulcinj.com\/blog\/author\/admin\/"}]}},"jetpack_featured_media_url":"","jetpack_sharing_enabled":true,"jetpack_shortlink":"https:\/\/wp.me\/pe6lTn-3F","_links":{"self":[{"href":"https:\/\/www.visit-ulcinj.com\/blog\/wp-json\/wp\/v2\/posts\/227"}],"collection":[{"href":"https:\/\/www.visit-ulcinj.com\/blog\/wp-json\/wp\/v2\/posts"}],"about":[{"href":"https:\/\/www.visit-ulcinj.com\/blog\/wp-json\/wp\/v2\/types\/post"}],"author":[{"embeddable":true,"href":"https:\/\/www.visit-ulcinj.com\/blog\/wp-json\/wp\/v2\/users\/1"}],"replies":[{"embeddable":true,"href":"https:\/\/www.visit-ulcinj.com\/blog\/wp-json\/wp\/v2\/comments?post=227"}],"version-history":[{"count":0,"href":"https:\/\/www.visit-ulcinj.com\/blog\/wp-json\/wp\/v2\/posts\/227\/revisions"}],"wp:attachment":[{"href":"https:\/\/www.visit-ulcinj.com\/blog\/wp-json\/wp\/v2\/media?parent=227"}],"wp:term":[{"taxonomy":"category","embeddable":true,"href":"https:\/\/www.visit-ulcinj.com\/blog\/wp-json\/wp\/v2\/categories?post=227"},{"taxonomy":"post_tag","embeddable":true,"href":"https:\/\/www.visit-ulcinj.com\/blog\/wp-json\/wp\/v2\/tags?post=227"}],"curies":[{"name":"wp","href":"https:\/\/api.w.org\/{rel}","templated":true}]}}