{"id":22722,"date":"2009-06-08T23:10:07","date_gmt":"2009-06-08T21:10:07","guid":{"rendered":"http:\/\/www.visit-ulcinj.com\/blog\/?p=22722"},"modified":"2009-06-08T23:10:07","modified_gmt":"2009-06-08T21:10:07","slug":"te-identifikohen-problemet-e-pakicave","status":"publish","type":"post","link":"https:\/\/www.visit-ulcinj.com\/blog\/2009\/06\/08\/te-identifikohen-problemet-e-pakicave\/","title":{"rendered":"T\u00eb identifikohen problemet e pakicave"},"content":{"rendered":"<p><a href=\"http:\/\/www.visit-ulcinj.com\/blog\/wp-content\/uploads\/2009\/06\/nansen-dialogue-centre-montenegro.jpg\"><img loading=\"lazy\" class=\"alignleft size-full wp-image-22723\" title=\"nansen-dialogue-centre-montenegro\" src=\"http:\/\/www.visit-ulcinj.com\/blog\/wp-content\/uploads\/2009\/06\/nansen-dialogue-centre-montenegro.jpg\" alt=\"nansen-dialogue-centre-montenegro\" width=\"580\" height=\"400\" \/><\/a>Qendra Nansen Dialog organizoi n\u00eb tuz seminarin me tem\u00eb \u201cintegrimi i pakicave n\u00eb shoq\u00ebrin\u00eb malazeze &#8211; legjislacioni nd\u00ebrkomb\u00ebtar dhe nacional\u201d<br \/>\nTuz &#8211; Qendra Nansen Dialog organizoi t\u00eb m\u00ebrkur\u00ebn e kaluar n\u00eb Tuz seminarin nj\u00ebditor me tem\u00eb \u201cIntegrimi i pakicave n\u00eb shoq\u00ebrin\u00eb malazeze &#8211; legjislacioni nd\u00ebrkomb\u00ebtar dhe nacional\u201d.<br \/>\nKjo ishte pun\u00ebtoria e tret\u00eb e cila organizohet n\u00eb kuad\u00ebr t\u00eb k\u00ebtij projekti, nd\u00ebrkoh\u00eb q\u00eb dy pun\u00ebtorit\u00eb e m\u00ebparshme jan\u00eb mbajtur n\u00eb Ulqin dhe Tivar.<br \/>\nSipas koordinatorit t\u00eb projektit, Leon Gjokaj, \u201cprojekti ka p\u00ebr q\u00ebllim t\u00eb identifikoj\u00eb problemet me t\u00eb cilat ballafaqohen pjes\u00ebtar\u00ebt e popujve pakic\u00eb, n\u00eb nivelin lokal dhe nacional, e nj\u00ebheri t\u00eb njoftoj\u00eb pjes\u00ebmarr\u00ebsit me mund\u00ebsit\u00eb q\u00eb ofrojn\u00eb aktet nd\u00ebrkomb\u00ebtare dhe legjislacioni nacional, Kushtetuta, Ligji p\u00ebr t\u00eb drejtat e pakicave dhe n\u00eb ve\u00e7anti Strategjia e politik\u00ebs s\u00eb qeveris\u00eb ndaj pakicave\u201d.<br \/>\nN\u00eb seminar kan\u00eb marr\u00eb pjes\u00eb p\u00ebrfaq\u00ebsues t\u00eb qeverisjes lokale, partive politike, k\u00ebshillave nacionale, sektorit civil, alumnist\u00eb t\u00eb Qendr\u00ebs Nansen Dialog nga komuna e Tuzit, nd\u00ebrsa ai \u00ebsht\u00eb moderuar nga Neda Sindik, koordinatore p\u00ebr \u00e7\u00ebshtjet e pakicave n\u00eb Organizat\u00ebn Joqeveritare ASK-Libertask.<br \/>\nKoordinatori i projektit Leon Gjokaj thot\u00eb se gjat\u00eb muajit qershor dhe korrik do t\u00eb mbahen pun\u00ebtori t\u00eb ngjashme edhe n\u00eb Bijello Pol\u00eb, Plav\u00eb dhe Kotorr apo Tivat, kurse n\u00eb fund t\u00eb projektit \u00ebsht\u00eb parashikuar mbajtja e nj\u00eb seminari follow-up me pjes\u00ebmarr\u00ebsit nga komunat e p\u00ebrmendura.<br \/>\nProjekti realizohet me mb\u00ebshtetjen e Fondacionit Instituti p\u00ebr Shoq\u00ebri t\u00eb Hapur &#8211; p\u00ebrfaq\u00ebsia n\u00eb Mal t\u00eb Zi.<\/p>\n<p><strong>M. Gjokaj<br \/>\nKoha Javore<\/strong><\/p>\n<!--YouTube Error: bad URL entered-->\n","protected":false},"excerpt":{"rendered":"<p>Qendra Nansen Dialog organizoi n\u00eb tuz seminarin me tem\u00eb \u201cintegrimi i pakicave n\u00eb shoq\u00ebrin\u00eb malazeze &#8211; legjislacioni nd\u00ebrkomb\u00ebtar dhe nacional\u201d Tuz &#8211; Qendra Nansen Dialog organizoi t\u00eb m\u00ebrkur\u00ebn e kaluar n\u00eb Tuz seminarin nj\u00ebditor me tem\u00eb \u201cIntegrimi i pakicave n\u00eb shoq\u00ebrin\u00eb malazeze &#8211; legjislacioni nd\u00ebrkomb\u00ebtar dhe nacional\u201d. Kjo ishte pun\u00ebtoria e tret\u00eb e cila organizohet [&hellip;]<\/p>\n","protected":false},"author":1,"featured_media":0,"comment_status":"open","ping_status":"closed","sticky":false,"template":"","format":"standard","meta":{"spay_email":"","jetpack_publicize_message":"","jetpack_is_tweetstorm":false,"jetpack_publicize_feature_enabled":true},"categories":[11],"tags":[3199,11102,3213,1645],"jetpack_publicize_connections":[],"yoast_head":"<!-- This site is optimized with the Yoast SEO plugin v19.1 - https:\/\/yoast.com\/wordpress\/plugins\/seo\/ -->\n<title>T\u00eb identifikohen problemet e pakicave - Lajme nga Ulqini<\/title>\n<meta name=\"description\" content=\"Qendra Nansen Dialog organizoi n\u00eb tuz seminarin me tem\u00eb \u201cintegrimi i pakicave n\u00eb shoq\u00ebrin\u00eb malazeze - legjislacioni nd\u00ebrkomb\u00ebtar dhe nacional\u201d Tuz -\" \/>\n<meta name=\"robots\" content=\"index, follow, max-snippet:-1, max-image-preview:large, max-video-preview:-1\" \/>\n<link rel=\"canonical\" href=\"https:\/\/www.visit-ulcinj.com\/blog\/2009\/06\/08\/te-identifikohen-problemet-e-pakicave\/\" \/>\n<meta property=\"og:locale\" content=\"en_US\" \/>\n<meta property=\"og:type\" content=\"article\" \/>\n<meta property=\"og:title\" content=\"T\u00eb identifikohen problemet e pakicave - Lajme nga Ulqini\" \/>\n<meta property=\"og:description\" content=\"Qendra Nansen Dialog organizoi n\u00eb tuz seminarin me tem\u00eb \u201cintegrimi i pakicave n\u00eb shoq\u00ebrin\u00eb malazeze - legjislacioni nd\u00ebrkomb\u00ebtar dhe nacional\u201d Tuz -\" \/>\n<meta property=\"og:url\" content=\"https:\/\/www.visit-ulcinj.com\/blog\/2009\/06\/08\/te-identifikohen-problemet-e-pakicave\/\" \/>\n<meta property=\"og:site_name\" content=\"Lajme nga Ulqini\" \/>\n<meta property=\"article:published_time\" content=\"2009-06-08T21:10:07+00:00\" \/>\n<meta property=\"og:image\" content=\"http:\/\/www.visit-ulcinj.com\/blog\/wp-content\/uploads\/2009\/06\/nansen-dialogue-centre-montenegro.jpg\" \/>\n<meta name=\"twitter:label1\" content=\"Written by\" \/>\n\t<meta name=\"twitter:data1\" content=\"ulqini\" \/>\n\t<meta name=\"twitter:label2\" content=\"Est. reading time\" \/>\n\t<meta name=\"twitter:data2\" content=\"1 minute\" \/>\n<script type=\"application\/ld+json\" class=\"yoast-schema-graph\">{\"@context\":\"https:\/\/schema.org\",\"@graph\":[{\"@type\":\"WebSite\",\"@id\":\"https:\/\/www.visit-ulcinj.com\/blog\/#website\",\"url\":\"https:\/\/www.visit-ulcinj.com\/blog\/\",\"name\":\"Lajme nga Ulqini\",\"description\":\"Lajme,Vijesti,Ulqini,Ulqin,Crna Gora,Mali i Zi\",\"potentialAction\":[{\"@type\":\"SearchAction\",\"target\":{\"@type\":\"EntryPoint\",\"urlTemplate\":\"https:\/\/www.visit-ulcinj.com\/blog\/?s={search_term_string}\"},\"query-input\":\"required name=search_term_string\"}],\"inLanguage\":\"en-US\"},{\"@type\":\"ImageObject\",\"inLanguage\":\"en-US\",\"@id\":\"https:\/\/www.visit-ulcinj.com\/blog\/2009\/06\/08\/te-identifikohen-problemet-e-pakicave\/#primaryimage\",\"url\":\"https:\/\/www.visit-ulcinj.com\/blog\/wp-content\/uploads\/2009\/06\/nansen-dialogue-centre-montenegro.jpg\",\"contentUrl\":\"https:\/\/www.visit-ulcinj.com\/blog\/wp-content\/uploads\/2009\/06\/nansen-dialogue-centre-montenegro.jpg\",\"width\":\"600\",\"height\":\"400\"},{\"@type\":\"WebPage\",\"@id\":\"https:\/\/www.visit-ulcinj.com\/blog\/2009\/06\/08\/te-identifikohen-problemet-e-pakicave\/#webpage\",\"url\":\"https:\/\/www.visit-ulcinj.com\/blog\/2009\/06\/08\/te-identifikohen-problemet-e-pakicave\/\",\"name\":\"T\u00eb identifikohen problemet e pakicave - Lajme nga Ulqini\",\"isPartOf\":{\"@id\":\"https:\/\/www.visit-ulcinj.com\/blog\/#website\"},\"primaryImageOfPage\":{\"@id\":\"https:\/\/www.visit-ulcinj.com\/blog\/2009\/06\/08\/te-identifikohen-problemet-e-pakicave\/#primaryimage\"},\"datePublished\":\"2009-06-08T21:10:07+00:00\",\"dateModified\":\"2009-06-08T21:10:07+00:00\",\"author\":{\"@id\":\"https:\/\/www.visit-ulcinj.com\/blog\/#\/schema\/person\/dcab619c614d3038751c63bc2aadc06d\"},\"description\":\"Qendra Nansen Dialog organizoi n\u00eb tuz seminarin me tem\u00eb \u201cintegrimi i pakicave n\u00eb shoq\u00ebrin\u00eb malazeze - legjislacioni nd\u00ebrkomb\u00ebtar dhe nacional\u201d Tuz -\",\"breadcrumb\":{\"@id\":\"https:\/\/www.visit-ulcinj.com\/blog\/2009\/06\/08\/te-identifikohen-problemet-e-pakicave\/#breadcrumb\"},\"inLanguage\":\"en-US\",\"potentialAction\":[{\"@type\":\"ReadAction\",\"target\":[\"https:\/\/www.visit-ulcinj.com\/blog\/2009\/06\/08\/te-identifikohen-problemet-e-pakicave\/\"]}]},{\"@type\":\"BreadcrumbList\",\"@id\":\"https:\/\/www.visit-ulcinj.com\/blog\/2009\/06\/08\/te-identifikohen-problemet-e-pakicave\/#breadcrumb\",\"itemListElement\":[{\"@type\":\"ListItem\",\"position\":1,\"name\":\"T\u00eb identifikohen problemet e pakicave\"}]},{\"@type\":\"Person\",\"@id\":\"https:\/\/www.visit-ulcinj.com\/blog\/#\/schema\/person\/dcab619c614d3038751c63bc2aadc06d\",\"name\":\"ulqini\",\"sameAs\":[\"http:\/\/www.visit-ulcinj.com\"],\"url\":\"https:\/\/www.visit-ulcinj.com\/blog\/author\/admin\/\"}]}<\/script>\n<!-- \/ Yoast SEO plugin. -->","yoast_head_json":{"title":"T\u00eb identifikohen problemet e pakicave - Lajme nga Ulqini","description":"Qendra Nansen Dialog organizoi n\u00eb tuz seminarin me tem\u00eb \u201cintegrimi i pakicave n\u00eb shoq\u00ebrin\u00eb malazeze - legjislacioni nd\u00ebrkomb\u00ebtar dhe nacional\u201d Tuz -","robots":{"index":"index","follow":"follow","max-snippet":"max-snippet:-1","max-image-preview":"max-image-preview:large","max-video-preview":"max-video-preview:-1"},"canonical":"https:\/\/www.visit-ulcinj.com\/blog\/2009\/06\/08\/te-identifikohen-problemet-e-pakicave\/","og_locale":"en_US","og_type":"article","og_title":"T\u00eb identifikohen problemet e pakicave - Lajme nga Ulqini","og_description":"Qendra Nansen Dialog organizoi n\u00eb tuz seminarin me tem\u00eb \u201cintegrimi i pakicave n\u00eb shoq\u00ebrin\u00eb malazeze - legjislacioni nd\u00ebrkomb\u00ebtar dhe nacional\u201d Tuz -","og_url":"https:\/\/www.visit-ulcinj.com\/blog\/2009\/06\/08\/te-identifikohen-problemet-e-pakicave\/","og_site_name":"Lajme nga Ulqini","article_published_time":"2009-06-08T21:10:07+00:00","og_image":[{"url":"http:\/\/www.visit-ulcinj.com\/blog\/wp-content\/uploads\/2009\/06\/nansen-dialogue-centre-montenegro.jpg"}],"twitter_misc":{"Written by":"ulqini","Est. reading time":"1 minute"},"schema":{"@context":"https:\/\/schema.org","@graph":[{"@type":"WebSite","@id":"https:\/\/www.visit-ulcinj.com\/blog\/#website","url":"https:\/\/www.visit-ulcinj.com\/blog\/","name":"Lajme nga Ulqini","description":"Lajme,Vijesti,Ulqini,Ulqin,Crna Gora,Mali i Zi","potentialAction":[{"@type":"SearchAction","target":{"@type":"EntryPoint","urlTemplate":"https:\/\/www.visit-ulcinj.com\/blog\/?s={search_term_string}"},"query-input":"required name=search_term_string"}],"inLanguage":"en-US"},{"@type":"ImageObject","inLanguage":"en-US","@id":"https:\/\/www.visit-ulcinj.com\/blog\/2009\/06\/08\/te-identifikohen-problemet-e-pakicave\/#primaryimage","url":"https:\/\/www.visit-ulcinj.com\/blog\/wp-content\/uploads\/2009\/06\/nansen-dialogue-centre-montenegro.jpg","contentUrl":"https:\/\/www.visit-ulcinj.com\/blog\/wp-content\/uploads\/2009\/06\/nansen-dialogue-centre-montenegro.jpg","width":"600","height":"400"},{"@type":"WebPage","@id":"https:\/\/www.visit-ulcinj.com\/blog\/2009\/06\/08\/te-identifikohen-problemet-e-pakicave\/#webpage","url":"https:\/\/www.visit-ulcinj.com\/blog\/2009\/06\/08\/te-identifikohen-problemet-e-pakicave\/","name":"T\u00eb identifikohen problemet e pakicave - Lajme nga Ulqini","isPartOf":{"@id":"https:\/\/www.visit-ulcinj.com\/blog\/#website"},"primaryImageOfPage":{"@id":"https:\/\/www.visit-ulcinj.com\/blog\/2009\/06\/08\/te-identifikohen-problemet-e-pakicave\/#primaryimage"},"datePublished":"2009-06-08T21:10:07+00:00","dateModified":"2009-06-08T21:10:07+00:00","author":{"@id":"https:\/\/www.visit-ulcinj.com\/blog\/#\/schema\/person\/dcab619c614d3038751c63bc2aadc06d"},"description":"Qendra Nansen Dialog organizoi n\u00eb tuz seminarin me tem\u00eb \u201cintegrimi i pakicave n\u00eb shoq\u00ebrin\u00eb malazeze - legjislacioni nd\u00ebrkomb\u00ebtar dhe nacional\u201d Tuz -","breadcrumb":{"@id":"https:\/\/www.visit-ulcinj.com\/blog\/2009\/06\/08\/te-identifikohen-problemet-e-pakicave\/#breadcrumb"},"inLanguage":"en-US","potentialAction":[{"@type":"ReadAction","target":["https:\/\/www.visit-ulcinj.com\/blog\/2009\/06\/08\/te-identifikohen-problemet-e-pakicave\/"]}]},{"@type":"BreadcrumbList","@id":"https:\/\/www.visit-ulcinj.com\/blog\/2009\/06\/08\/te-identifikohen-problemet-e-pakicave\/#breadcrumb","itemListElement":[{"@type":"ListItem","position":1,"name":"T\u00eb identifikohen problemet e pakicave"}]},{"@type":"Person","@id":"https:\/\/www.visit-ulcinj.com\/blog\/#\/schema\/person\/dcab619c614d3038751c63bc2aadc06d","name":"ulqini","sameAs":["http:\/\/www.visit-ulcinj.com"],"url":"https:\/\/www.visit-ulcinj.com\/blog\/author\/admin\/"}]}},"jetpack_featured_media_url":"","jetpack_sharing_enabled":true,"jetpack_shortlink":"https:\/\/wp.me\/pe6lTn-5Uu","_links":{"self":[{"href":"https:\/\/www.visit-ulcinj.com\/blog\/wp-json\/wp\/v2\/posts\/22722"}],"collection":[{"href":"https:\/\/www.visit-ulcinj.com\/blog\/wp-json\/wp\/v2\/posts"}],"about":[{"href":"https:\/\/www.visit-ulcinj.com\/blog\/wp-json\/wp\/v2\/types\/post"}],"author":[{"embeddable":true,"href":"https:\/\/www.visit-ulcinj.com\/blog\/wp-json\/wp\/v2\/users\/1"}],"replies":[{"embeddable":true,"href":"https:\/\/www.visit-ulcinj.com\/blog\/wp-json\/wp\/v2\/comments?post=22722"}],"version-history":[{"count":0,"href":"https:\/\/www.visit-ulcinj.com\/blog\/wp-json\/wp\/v2\/posts\/22722\/revisions"}],"wp:attachment":[{"href":"https:\/\/www.visit-ulcinj.com\/blog\/wp-json\/wp\/v2\/media?parent=22722"}],"wp:term":[{"taxonomy":"category","embeddable":true,"href":"https:\/\/www.visit-ulcinj.com\/blog\/wp-json\/wp\/v2\/categories?post=22722"},{"taxonomy":"post_tag","embeddable":true,"href":"https:\/\/www.visit-ulcinj.com\/blog\/wp-json\/wp\/v2\/tags?post=22722"}],"curies":[{"name":"wp","href":"https:\/\/api.w.org\/{rel}","templated":true}]}}