{"id":22726,"date":"2009-06-08T23:21:33","date_gmt":"2009-06-08T21:21:33","guid":{"rendered":"http:\/\/www.visit-ulcinj.com\/blog\/?p=22726"},"modified":"2009-06-08T23:23:13","modified_gmt":"2009-06-08T21:23:13","slug":"roderik-mur-dergoni-dike-ne-prishtine","status":"publish","type":"post","link":"https:\/\/www.visit-ulcinj.com\/blog\/2009\/06\/08\/roderik-mur-dergoni-dike-ne-prishtine\/","title":{"rendered":"Roderik Mur: D\u00ebrgoni dik\u00eb n\u00eb Prishtin\u00eb"},"content":{"rendered":"<p><a href=\"http:\/\/www.visit-ulcinj.com\/blog\/wp-content\/uploads\/2009\/06\/ambasadori-amerikan-roderik-mur_millo-gjukanovic.jpg\"><img loading=\"lazy\" class=\"alignleft size-full wp-image-22727\" title=\"ambasadori-amerikan-roderik-mur_millo-gjukanovic\" src=\"http:\/\/www.visit-ulcinj.com\/blog\/wp-content\/uploads\/2009\/06\/ambasadori-amerikan-roderik-mur_millo-gjukanovic.jpg\" alt=\"ambasadori-amerikan-roderik-mur_millo-gjukanovic\" width=\"580\" height=\"400\" \/><\/a><strong>Ambasadori amerikan Roderik Mur i d\u00ebrgoi mesazh t\u00eb t\u00ebrthort\u00eb qeveris\u00eb malazeze<\/strong><br \/>\nPodgoric\u00eb &#8211; Marr\u00ebdh\u00ebniet midis Malit t\u00eb Zi dhe Serbis\u00eb nuk do t\u00eb duhej t\u00eb \u00e7rregulloheshin nga shk\u00ebmbimi eventual i ambasador\u00ebve nd\u00ebrmjet Podgoric\u00ebs dhe Prishtin\u00ebs, vler\u00ebsoi ambasadori amerikan n\u00eb Mal t\u00eb Zi roderik Mur.<\/p>\n<p>\u201cMendoj se \u00ebsht\u00eb krejt\u00ebsisht e natyrshme q\u00eb dy vende fqinje, q\u00eb njihen nga nj\u00ebra tjetra, si\u00e7 jan\u00eb Mali i Zi dhe Kosova, t\u00eb shk\u00ebmbejn\u00eb ambasador\u00eb\u201d, tha Mur, gj\u00eb q\u00eb provokoi reagimin e Partis\u00eb Popullore Socialiste dhe t\u00eb Demokracis\u00eb s\u00eb Re Serbe.<\/p>\n<p>Ambasadori Mur i deklaroi Televizionit t\u00eb Budv\u00ebs se Shtetet e Bashkuara t\u00eb Amerik\u00ebs angazhohen q\u00eb Podgorica dhe Beogradi t\u00eb ken\u00eb marr\u00ebdh\u00ebnie sa m\u00eb t\u00eb mira.<\/p>\n<p>Sipas vler\u00ebsimit t\u00eb tij, n\u00eb rrafshin diplomatik ekziston nj\u00eb doz\u00eb e acarimit nd\u00ebrmjet Malit t\u00eb Zi dhe Serbis\u00eb, mir\u00ebpo marr\u00ebdh\u00ebniet n\u00ebn k\u00ebt\u00eb nivel jan\u00eb relativisht t\u00eb mira.<\/p>\n<p>\u201cMendoj q\u00eb gj\u00ebrat jan\u00eb duke ecur p\u00ebrpara dhe un\u00eb jam optimist, sidomos pas takimit t\u00eb president\u00ebve Tadiq dhe Vujanoviq m\u00eb 18 maj n\u00eb Beograd.<\/p>\n<p>Shpresoj q\u00eb s\u00eb shpejti do t\u00eb arrihet normalizimi i plot\u00eb i marr\u00ebdh\u00ebnieve midis dy vendeve\u201d, tha Mur.<\/p>\n<p>P\u00ebrfaq\u00ebsuesit e Partis\u00eb Popullore Socialiste dhe t\u00eb Demokracis\u00eb s\u00eb Re Serbe paralajm\u00ebruan pushtetin se vendosja e mar\u00ebdh\u00ebnieve diplomatike me Kosov\u00ebn do t\u2019i p\u00ebrkeq\u00ebsoj\u00eb akoma m\u00eb shum\u00eb marr\u00ebdh\u00ebniet me Serbin\u00eb.<\/p>\n","protected":false},"excerpt":{"rendered":"<p>Ambasadori amerikan Roderik Mur i d\u00ebrgoi mesazh t\u00eb t\u00ebrthort\u00eb qeveris\u00eb malazeze Podgoric\u00eb &#8211; Marr\u00ebdh\u00ebniet midis Malit t\u00eb Zi dhe Serbis\u00eb nuk do t\u00eb duhej t\u00eb \u00e7rregulloheshin nga shk\u00ebmbimi eventual i ambasador\u00ebve nd\u00ebrmjet Podgoric\u00ebs dhe Prishtin\u00ebs, vler\u00ebsoi ambasadori amerikan n\u00eb Mal t\u00eb Zi roderik Mur. \u201cMendoj se \u00ebsht\u00eb krejt\u00ebsisht e natyrshme q\u00eb dy vende fqinje, q\u00eb [&hellip;]<\/p>\n","protected":false},"author":1,"featured_media":0,"comment_status":"open","ping_status":"closed","sticky":false,"template":"","format":"standard","meta":{"spay_email":"","jetpack_publicize_message":"","jetpack_is_tweetstorm":false,"jetpack_publicize_feature_enabled":true},"categories":[6],"tags":[11103,11106,4132,49,2805,11105,11104,10960,11107],"jetpack_publicize_connections":[],"yoast_head":"<!-- This site is optimized with the Yoast SEO plugin v19.1 - https:\/\/yoast.com\/wordpress\/plugins\/seo\/ -->\n<title>Roderik Mur: D\u00ebrgoni dik\u00eb n\u00eb Prishtin\u00eb - Lajme nga Ulqini<\/title>\n<meta name=\"description\" content=\"Ambasadori amerikan Roderik Mur i d\u00ebrgoi mesazh t\u00eb t\u00ebrthort\u00eb qeveris\u00eb malazeze Podgoric\u00eb - Marr\u00ebdh\u00ebniet midis Malit t\u00eb Zi dhe Serbis\u00eb nuk do t\u00eb duhej t\u00eb\" \/>\n<meta name=\"robots\" content=\"index, follow, max-snippet:-1, max-image-preview:large, max-video-preview:-1\" \/>\n<link rel=\"canonical\" href=\"https:\/\/www.visit-ulcinj.com\/blog\/2009\/06\/08\/roderik-mur-dergoni-dike-ne-prishtine\/\" \/>\n<meta property=\"og:locale\" content=\"en_US\" \/>\n<meta property=\"og:type\" content=\"article\" \/>\n<meta property=\"og:title\" content=\"Roderik Mur: D\u00ebrgoni dik\u00eb n\u00eb Prishtin\u00eb - Lajme nga Ulqini\" \/>\n<meta property=\"og:description\" content=\"Ambasadori amerikan Roderik Mur i d\u00ebrgoi mesazh t\u00eb t\u00ebrthort\u00eb qeveris\u00eb malazeze Podgoric\u00eb - Marr\u00ebdh\u00ebniet midis Malit t\u00eb Zi dhe Serbis\u00eb nuk do t\u00eb duhej t\u00eb\" \/>\n<meta property=\"og:url\" content=\"https:\/\/www.visit-ulcinj.com\/blog\/2009\/06\/08\/roderik-mur-dergoni-dike-ne-prishtine\/\" \/>\n<meta property=\"og:site_name\" content=\"Lajme nga Ulqini\" \/>\n<meta property=\"article:published_time\" content=\"2009-06-08T21:21:33+00:00\" \/>\n<meta property=\"article:modified_time\" content=\"2009-06-08T21:23:13+00:00\" \/>\n<meta property=\"og:image\" content=\"http:\/\/www.visit-ulcinj.com\/blog\/wp-content\/uploads\/2009\/06\/ambasadori-amerikan-roderik-mur_millo-gjukanovic.jpg\" \/>\n<meta name=\"twitter:label1\" content=\"Written by\" \/>\n\t<meta name=\"twitter:data1\" content=\"ulqini\" \/>\n\t<meta name=\"twitter:label2\" content=\"Est. reading time\" \/>\n\t<meta name=\"twitter:data2\" content=\"1 minute\" \/>\n<script type=\"application\/ld+json\" class=\"yoast-schema-graph\">{\"@context\":\"https:\/\/schema.org\",\"@graph\":[{\"@type\":\"WebSite\",\"@id\":\"https:\/\/www.visit-ulcinj.com\/blog\/#website\",\"url\":\"https:\/\/www.visit-ulcinj.com\/blog\/\",\"name\":\"Lajme nga Ulqini\",\"description\":\"Lajme,Vijesti,Ulqini,Ulqin,Crna Gora,Mali i Zi\",\"potentialAction\":[{\"@type\":\"SearchAction\",\"target\":{\"@type\":\"EntryPoint\",\"urlTemplate\":\"https:\/\/www.visit-ulcinj.com\/blog\/?s={search_term_string}\"},\"query-input\":\"required name=search_term_string\"}],\"inLanguage\":\"en-US\"},{\"@type\":\"ImageObject\",\"inLanguage\":\"en-US\",\"@id\":\"https:\/\/www.visit-ulcinj.com\/blog\/2009\/06\/08\/roderik-mur-dergoni-dike-ne-prishtine\/#primaryimage\",\"url\":\"https:\/\/www.visit-ulcinj.com\/blog\/wp-content\/uploads\/2009\/06\/ambasadori-amerikan-roderik-mur_millo-gjukanovic.jpg\",\"contentUrl\":\"https:\/\/www.visit-ulcinj.com\/blog\/wp-content\/uploads\/2009\/06\/ambasadori-amerikan-roderik-mur_millo-gjukanovic.jpg\",\"width\":\"640\",\"height\":\"480\"},{\"@type\":\"WebPage\",\"@id\":\"https:\/\/www.visit-ulcinj.com\/blog\/2009\/06\/08\/roderik-mur-dergoni-dike-ne-prishtine\/#webpage\",\"url\":\"https:\/\/www.visit-ulcinj.com\/blog\/2009\/06\/08\/roderik-mur-dergoni-dike-ne-prishtine\/\",\"name\":\"Roderik Mur: D\u00ebrgoni dik\u00eb n\u00eb Prishtin\u00eb - Lajme nga Ulqini\",\"isPartOf\":{\"@id\":\"https:\/\/www.visit-ulcinj.com\/blog\/#website\"},\"primaryImageOfPage\":{\"@id\":\"https:\/\/www.visit-ulcinj.com\/blog\/2009\/06\/08\/roderik-mur-dergoni-dike-ne-prishtine\/#primaryimage\"},\"datePublished\":\"2009-06-08T21:21:33+00:00\",\"dateModified\":\"2009-06-08T21:23:13+00:00\",\"author\":{\"@id\":\"https:\/\/www.visit-ulcinj.com\/blog\/#\/schema\/person\/dcab619c614d3038751c63bc2aadc06d\"},\"description\":\"Ambasadori amerikan Roderik Mur i d\u00ebrgoi mesazh t\u00eb t\u00ebrthort\u00eb qeveris\u00eb malazeze Podgoric\u00eb - Marr\u00ebdh\u00ebniet midis Malit t\u00eb Zi dhe Serbis\u00eb nuk do t\u00eb duhej t\u00eb\",\"breadcrumb\":{\"@id\":\"https:\/\/www.visit-ulcinj.com\/blog\/2009\/06\/08\/roderik-mur-dergoni-dike-ne-prishtine\/#breadcrumb\"},\"inLanguage\":\"en-US\",\"potentialAction\":[{\"@type\":\"ReadAction\",\"target\":[\"https:\/\/www.visit-ulcinj.com\/blog\/2009\/06\/08\/roderik-mur-dergoni-dike-ne-prishtine\/\"]}]},{\"@type\":\"BreadcrumbList\",\"@id\":\"https:\/\/www.visit-ulcinj.com\/blog\/2009\/06\/08\/roderik-mur-dergoni-dike-ne-prishtine\/#breadcrumb\",\"itemListElement\":[{\"@type\":\"ListItem\",\"position\":1,\"name\":\"Roderik Mur: D\u00ebrgoni dik\u00eb n\u00eb Prishtin\u00eb\"}]},{\"@type\":\"Person\",\"@id\":\"https:\/\/www.visit-ulcinj.com\/blog\/#\/schema\/person\/dcab619c614d3038751c63bc2aadc06d\",\"name\":\"ulqini\",\"sameAs\":[\"http:\/\/www.visit-ulcinj.com\"],\"url\":\"https:\/\/www.visit-ulcinj.com\/blog\/author\/admin\/\"}]}<\/script>\n<!-- \/ Yoast SEO plugin. -->","yoast_head_json":{"title":"Roderik Mur: D\u00ebrgoni dik\u00eb n\u00eb Prishtin\u00eb - Lajme nga Ulqini","description":"Ambasadori amerikan Roderik Mur i d\u00ebrgoi mesazh t\u00eb t\u00ebrthort\u00eb qeveris\u00eb malazeze Podgoric\u00eb - Marr\u00ebdh\u00ebniet midis Malit t\u00eb Zi dhe Serbis\u00eb nuk do t\u00eb duhej t\u00eb","robots":{"index":"index","follow":"follow","max-snippet":"max-snippet:-1","max-image-preview":"max-image-preview:large","max-video-preview":"max-video-preview:-1"},"canonical":"https:\/\/www.visit-ulcinj.com\/blog\/2009\/06\/08\/roderik-mur-dergoni-dike-ne-prishtine\/","og_locale":"en_US","og_type":"article","og_title":"Roderik Mur: D\u00ebrgoni dik\u00eb n\u00eb Prishtin\u00eb - Lajme nga Ulqini","og_description":"Ambasadori amerikan Roderik Mur i d\u00ebrgoi mesazh t\u00eb t\u00ebrthort\u00eb qeveris\u00eb malazeze Podgoric\u00eb - Marr\u00ebdh\u00ebniet midis Malit t\u00eb Zi dhe Serbis\u00eb nuk do t\u00eb duhej t\u00eb","og_url":"https:\/\/www.visit-ulcinj.com\/blog\/2009\/06\/08\/roderik-mur-dergoni-dike-ne-prishtine\/","og_site_name":"Lajme nga Ulqini","article_published_time":"2009-06-08T21:21:33+00:00","article_modified_time":"2009-06-08T21:23:13+00:00","og_image":[{"url":"http:\/\/www.visit-ulcinj.com\/blog\/wp-content\/uploads\/2009\/06\/ambasadori-amerikan-roderik-mur_millo-gjukanovic.jpg"}],"twitter_misc":{"Written by":"ulqini","Est. reading time":"1 minute"},"schema":{"@context":"https:\/\/schema.org","@graph":[{"@type":"WebSite","@id":"https:\/\/www.visit-ulcinj.com\/blog\/#website","url":"https:\/\/www.visit-ulcinj.com\/blog\/","name":"Lajme nga Ulqini","description":"Lajme,Vijesti,Ulqini,Ulqin,Crna Gora,Mali i Zi","potentialAction":[{"@type":"SearchAction","target":{"@type":"EntryPoint","urlTemplate":"https:\/\/www.visit-ulcinj.com\/blog\/?s={search_term_string}"},"query-input":"required name=search_term_string"}],"inLanguage":"en-US"},{"@type":"ImageObject","inLanguage":"en-US","@id":"https:\/\/www.visit-ulcinj.com\/blog\/2009\/06\/08\/roderik-mur-dergoni-dike-ne-prishtine\/#primaryimage","url":"https:\/\/www.visit-ulcinj.com\/blog\/wp-content\/uploads\/2009\/06\/ambasadori-amerikan-roderik-mur_millo-gjukanovic.jpg","contentUrl":"https:\/\/www.visit-ulcinj.com\/blog\/wp-content\/uploads\/2009\/06\/ambasadori-amerikan-roderik-mur_millo-gjukanovic.jpg","width":"640","height":"480"},{"@type":"WebPage","@id":"https:\/\/www.visit-ulcinj.com\/blog\/2009\/06\/08\/roderik-mur-dergoni-dike-ne-prishtine\/#webpage","url":"https:\/\/www.visit-ulcinj.com\/blog\/2009\/06\/08\/roderik-mur-dergoni-dike-ne-prishtine\/","name":"Roderik Mur: D\u00ebrgoni dik\u00eb n\u00eb Prishtin\u00eb - Lajme nga Ulqini","isPartOf":{"@id":"https:\/\/www.visit-ulcinj.com\/blog\/#website"},"primaryImageOfPage":{"@id":"https:\/\/www.visit-ulcinj.com\/blog\/2009\/06\/08\/roderik-mur-dergoni-dike-ne-prishtine\/#primaryimage"},"datePublished":"2009-06-08T21:21:33+00:00","dateModified":"2009-06-08T21:23:13+00:00","author":{"@id":"https:\/\/www.visit-ulcinj.com\/blog\/#\/schema\/person\/dcab619c614d3038751c63bc2aadc06d"},"description":"Ambasadori amerikan Roderik Mur i d\u00ebrgoi mesazh t\u00eb t\u00ebrthort\u00eb qeveris\u00eb malazeze Podgoric\u00eb - Marr\u00ebdh\u00ebniet midis Malit t\u00eb Zi dhe Serbis\u00eb nuk do t\u00eb duhej t\u00eb","breadcrumb":{"@id":"https:\/\/www.visit-ulcinj.com\/blog\/2009\/06\/08\/roderik-mur-dergoni-dike-ne-prishtine\/#breadcrumb"},"inLanguage":"en-US","potentialAction":[{"@type":"ReadAction","target":["https:\/\/www.visit-ulcinj.com\/blog\/2009\/06\/08\/roderik-mur-dergoni-dike-ne-prishtine\/"]}]},{"@type":"BreadcrumbList","@id":"https:\/\/www.visit-ulcinj.com\/blog\/2009\/06\/08\/roderik-mur-dergoni-dike-ne-prishtine\/#breadcrumb","itemListElement":[{"@type":"ListItem","position":1,"name":"Roderik Mur: D\u00ebrgoni dik\u00eb n\u00eb Prishtin\u00eb"}]},{"@type":"Person","@id":"https:\/\/www.visit-ulcinj.com\/blog\/#\/schema\/person\/dcab619c614d3038751c63bc2aadc06d","name":"ulqini","sameAs":["http:\/\/www.visit-ulcinj.com"],"url":"https:\/\/www.visit-ulcinj.com\/blog\/author\/admin\/"}]}},"jetpack_featured_media_url":"","jetpack_sharing_enabled":true,"jetpack_shortlink":"https:\/\/wp.me\/pe6lTn-5Uy","_links":{"self":[{"href":"https:\/\/www.visit-ulcinj.com\/blog\/wp-json\/wp\/v2\/posts\/22726"}],"collection":[{"href":"https:\/\/www.visit-ulcinj.com\/blog\/wp-json\/wp\/v2\/posts"}],"about":[{"href":"https:\/\/www.visit-ulcinj.com\/blog\/wp-json\/wp\/v2\/types\/post"}],"author":[{"embeddable":true,"href":"https:\/\/www.visit-ulcinj.com\/blog\/wp-json\/wp\/v2\/users\/1"}],"replies":[{"embeddable":true,"href":"https:\/\/www.visit-ulcinj.com\/blog\/wp-json\/wp\/v2\/comments?post=22726"}],"version-history":[{"count":0,"href":"https:\/\/www.visit-ulcinj.com\/blog\/wp-json\/wp\/v2\/posts\/22726\/revisions"}],"wp:attachment":[{"href":"https:\/\/www.visit-ulcinj.com\/blog\/wp-json\/wp\/v2\/media?parent=22726"}],"wp:term":[{"taxonomy":"category","embeddable":true,"href":"https:\/\/www.visit-ulcinj.com\/blog\/wp-json\/wp\/v2\/categories?post=22726"},{"taxonomy":"post_tag","embeddable":true,"href":"https:\/\/www.visit-ulcinj.com\/blog\/wp-json\/wp\/v2\/tags?post=22726"}],"curies":[{"name":"wp","href":"https:\/\/api.w.org\/{rel}","templated":true}]}}