{"id":22731,"date":"2009-06-08T23:39:11","date_gmt":"2009-06-08T21:39:11","guid":{"rendered":"http:\/\/www.visit-ulcinj.com\/blog\/?p=22731"},"modified":"2009-06-08T23:40:14","modified_gmt":"2009-06-08T21:40:14","slug":"filloi-sezoni-i-turizmit","status":"publish","type":"post","link":"https:\/\/www.visit-ulcinj.com\/blog\/2009\/06\/08\/filloi-sezoni-i-turizmit\/","title":{"rendered":"Filloi sezoni i turizmit"},"content":{"rendered":"<p><a href=\"http:\/\/www.visit-ulcinj.com\/blog\/wp-content\/uploads\/2009\/06\/filloi-sezoni-turistik-ne-ulqin.jpg\"><img loading=\"lazy\" class=\"alignleft size-full wp-image-22732\" title=\"filloi-sezoni-turistik-ne-ulqin\" src=\"http:\/\/www.visit-ulcinj.com\/blog\/wp-content\/uploads\/2009\/06\/filloi-sezoni-turistik-ne-ulqin.jpg\" alt=\"filloi-sezoni-turistik-ne-ulqin\" width=\"580\" height=\"352\" \/><\/a>Sezoni veror ka nisur t\u00eb trokas\u00eb edhe n\u00eb qytetin e Ulqinit. Kjo tashm\u00eb \u00ebsht\u00eb evidente dhe ndihet kudo, n\u00eb qytet, n\u00eb plazhet e shumta q\u00eb kemi, gj\u00eb q\u00eb na jep shpres\u00eb e na b\u00ebn t\u00eb besojm\u00eb se edhe p\u00ebrkund\u00ebr kriz\u00ebs ekonomike ky vit do jet\u00eb vit i turizmit.<br \/>\nUlqini, nj\u00eb qytet i lasht\u00eb e me tradit\u00eb turistike ka \u00e7far\u00eb t\u2019u ofroj\u00eb pushuesve, qofshin ata vendas apo t\u00eb jasht\u00ebm. Nga pik\u00ebpamja e potencialeve natyrore po edhe objekteve t\u00eb shumta q\u00eb disponon ky qytet, shihet me \u201czili\u201d nga vendet e tjera turistike p\u00ebr faktin se ata nuk disponojn\u00eb at\u00eb \u00e7far\u00eb ofron Ulqini. Kjo ka b\u00ebr\u00eb q\u00eb jo nj\u00ebher\u00eb t\u00eb dalin shkrime dashakeqe e me antipropagand\u00eb p\u00ebr zhvillim t\u00eb k\u00ebsaj dege ekonomike nga persona q\u00eb nuk ia duan t\u00eb mir\u00ebn k\u00ebtij vendi.T\u00eb kota jan\u00eb shkrimet e atyre q\u00eb k\u00ebtu na vijn\u00eb si mysafir\u00eb t\u00eb ftuar e pastaj pritjen ton\u00eb e kthejn\u00eb n\u00eb mosp\u00ebrfillje t\u00eb miq\u00ebsis\u00eb, si\u00e7 \u00ebsht\u00eb shkrimi i z. Ben Andoni, n\u00eb revist\u00ebn \u201cMapo\u201d. Megjithat\u00eb, ne nuk jemi larg nga rezultati sepse tashm\u00eb kemi krijuar nje tradit\u00eb n\u00eb k\u00ebt\u00eb fush\u00eb fal\u00eb pun\u00ebs s\u00eb atyre q\u00eb merren me k\u00ebt\u00eb veprimtari dhe fal\u00eb potencialeve tona t\u00eb mrekullueshme natyrore. Prezantimi i ofert\u00ebs turistike q\u00eb u zhvillua n\u00eb disa qendra t\u00eb njohura, banor\u00ebt e t\u00eb cilave shprehin interesim p\u00ebr t\u00eb kaluar pushimet k\u00ebtu kan\u00eb pasur mund\u00ebsin\u00eb m\u00eb t\u00eb mir\u00eb p\u00ebr t\u2019u njohur me plazhet, hotelet, restorantet e pjes\u00ebt tjera t\u00eb infrastruktur\u00ebs turistike. Kjo \u00ebsht\u00eb ajo q\u00eb i mund\u00ebson turistit t\u00eb sot\u00ebm (jo thjesht atij \u201cpatriotik\u201d) pushim disaditor p\u00ebr t\u00eb p\u00ebrjetuar arg\u00ebtim t\u00eb plot\u00eb. E gjitha kjo mund t\u00eb arrihet n\u00eb nj\u00eb kooperim t\u00eb plot\u00eb t\u00eb t\u00eb gjith\u00eb aktor\u00ebve t\u00eb p\u00ebrfshir\u00eb n\u00eb mbar\u00ebvajtjen e rrjedhave turistike. Kjo n\u00eb nj\u00eb mas\u00eb \u00ebsht\u00eb realizuar, p\u00ebr \u00e7ka nuk mungon strategjia e zhvillimit t\u00eb turizmit gj\u00eb q\u00eb e b\u00ebn Ulqinin me t\u00ebrheq\u00ebs, si nga turist\u00ebt vendas ashtu edhe nga ata t\u00eb jasht\u00ebm.<br \/>\nSi i till\u00eb ai ka plazhin m\u00eb t\u00eb gjat\u00eb n\u00eb vendet mesdhetare, me nj\u00eb gjat\u00ebsi prej 14 km. si\u00e7 \u00ebsht\u00eb Plazhi i Madh, plazhin e vog\u00ebl, plazhin e Valdanosit si dhe vendin m\u00eb atraktiv si\u00e7 \u00ebsht\u00eb plazhi nudistik n\u00eb Ad\u00eb. N\u00eb k\u00ebto lokalitete jan\u00eb edhe numri m\u00eb i madh i hoteleve, restoranteve, disko, loj\u00ebra p\u00ebr f\u00ebmij\u00eb dhe sporte uji. Rritjen e numrit t\u00eb pushuesve e kan\u00eb ndihmuar edhe investimet e shumta t\u00eb b\u00ebra n\u00eb vitet e fundit nga sektori privat.E gjith\u00eb kjo ka b\u00ebr\u00eb q\u00eb sivjet t\u00eb ket\u00eb nivel t\u00eb lart\u00eb t\u00eb past\u00ebrtis\u00eb e higjien\u00ebs n\u00eb t\u00eb gjitha plazhet tona, p\u00ebr \u00e7ka kujdes\u00ebn pronar\u00ebt, ndaj \u00e7do gj\u00eb funksionon si nj\u00eb sistem i t\u00ebr\u00eb i destinuar t\u00eb lul\u00ebzoj\u00eb sikur n\u00eb t\u00eb gjitha vendet e tjera me nj\u00eb ekonomi turistike m\u00eb t\u00eb zhvilluar se ne. Kjo b\u00ebn q\u00eb shum\u00eb nga pushuesit t\u00eb ken\u00eb mund\u00ebsi pushimi, po edhe kalim t\u00eb koh\u00ebs s\u00eb lir\u00eb p\u00ebr t\u00eb vizituar Kalan\u00eb e Ulqinit, n\u00eb kuad\u00ebr t\u00eb t\u00eb cilit ndodhet edhe Muzeu arkeologjik, qytetin e vjet\u00ebr t\u00eb Shasit apo duke ndjekur muzik\u00eb \u201clive\u201d nga k\u00ebng\u00ebtar\u00ebt m\u00eb t\u00eb mir\u00eb nga Kosova e Shqip\u00ebria. Nj\u00eb arsye m\u00eb tep\u00ebr p\u00ebr t\u00eb besuar jan\u00eb edhe \u00e7mimet e pranushme q\u00eb ofrojn\u00eb qiradh\u00ebn\u00ebsit privat, si edhe ata n\u00eb sektorin shoq\u00ebror. Q\u00ebndron fakti se p\u00ebr k\u00ebt\u00eb sezon turistik \u00e7mimet jan\u00eb m\u00eb t\u00eb ulta p\u00ebr 10-20 %, n\u00eb kahasim me \u00e7mimet e vitit t\u00eb kaluar.<br \/>\nP\u00ebr problemet e mundshme q\u00eb mund t\u00eb paraqiten gjat\u00eb rrjedhave t\u00eb sezonit turistik ka nevoj\u00eb t\u00eb kemi nj\u00eb rrjet t\u00eb konsoliduar t\u00eb profesionalizmit p\u00ebr mikpritjen dhe akomodimin, nj\u00eb ide me figura t\u00eb reja profesionale n\u00eb agjenci turistike e cila n\u00eb m\u00ebnyr\u00eb direkte do t\u00eb ndihmonte p\u00ebrfshirjen e nj\u00ebrit apo sektorit tjet\u00ebr. Kjo p\u00ebr faktin se nj\u00eb aktivitet i till\u00eb turistik, n\u00eb t\u00eb gjitha nivelet, jep efektin m\u00eb t\u00eb lart\u00eb ekonomik n\u00eb kuad\u00ebr t\u00eb komun\u00ebs, po edhe te vet\u00eb qiradh\u00ebn\u00ebsit duke e kthyer n\u00eb pjes\u00eb ekonomike edhe tradit\u00ebn, kultur\u00ebn q\u00eb e kemi aq t\u00eb pasur. Duke pasur parasysh se ne n\u00eb k\u00ebto momente disponojm\u00eb nj\u00eb infrastruktur\u00eb t\u00eb mjaftueshme, si drita, uj\u00eb e t\u00eb tjera si k\u00ebta, kemi arsye t\u00eb besojm\u00eb se k\u00ebtu roli i shtetit me iniciativ\u00ebn private \u00ebsht\u00eb kombinuar duksh\u00ebm n\u00eb krahasim me vitet tjera. Pra, strategjia e zhvillimit turistik ekziston, investimet jan\u00eb b\u00ebr\u00eb dhe kjo b\u00ebn t\u00eb mundsh\u00ebm krijimin e nj\u00eb imazhi pozitiv p\u00ebr Ulqinin, nga i cili varet e ardhmja e k\u00ebtij vendi. Natyrisht se jo \u00e7do gj\u00eb funksionon si duhet, kjo nuk ndodh vet\u00ebm te ne, sepse n\u00eb k\u00ebto koh\u00eb ka mjaft probleme si\u00e7 \u00ebsht\u00eb mungesa e donator\u00ebve, investitor\u00ebve, por mbetet t\u00eb besohet se tani \u00ebsht\u00eb kuptuar nga t\u00eb gjith\u00eb ata q\u00eb merren me k\u00ebt\u00eb veprimtari se \u00e7do gj\u00eb paguhet sipas cil\u00ebsis\u00eb e asesi sipas momentit p\u00ebr t\u00eb fituar vet\u00ebm n\u00eb nj\u00eb sezon\u00eb \u00e7ka do t\u00eb b\u00ebnte t\u00eb na \u00e7ojn\u00eb n\u00eb humbje n\u00eb t\u00eb ardhmen. P\u00ebr eliminimin e t\u00eb metave tona kemi p\u00ebrvoj\u00eb fal\u00eb hapjes n\u00eb tregun nd\u00ebkomb\u00ebtar, nga ku e gjitha kjo mund t\u00eb rregullohet n\u00ebp\u00ebrmjet nj\u00eb marketingu efikas e n\u00eb bashk\u00ebpunim me agjencit\u00eb p\u00ebrkat\u00ebse n\u00eb vendet nga vijn\u00eb mysafir\u00ebt. P\u00ebr k\u00ebt\u00eb Ulqini tashm\u00eb ka b\u00ebr\u00eb em\u00ebr dhe mund t\u00eb thith\u00eb t\u00eb gjitha kategorit\u00eb turistike me potencialet qe ka edhe pse mbetet shum\u00eb pun\u00eb p\u00ebr t\u00eb b\u00ebr\u00eb sidomos n\u00eb hartimin e katalog\u00ebve t\u00eb mir\u00ebfillt\u00eb turistik\u00eb. Idet\u00eb dhe personat e nevojsh\u00ebm ekzistojn\u00eb, kontributi i tyre nuk do t\u00eb mungojn\u00eb dhe atyre u mbetet ta mbushin \u201ck\u00ebt\u00eb boshll\u00ebk\u201d q\u00eb propagandojn\u00eb negativisht (pa arsye) disa me shkrimet e tyre, por p\u00ebr fat ata jan\u00eb t\u00eb pakt\u00eb dhe nuk mund te rrezikojn\u00eb fam\u00ebn, imazhin e Ulqinit si nj\u00eb vend i destinuar turistik.<\/p>\n<p><strong><br \/>\nShaban Peraj<br \/>\nKoha Javore<\/strong><\/p>\n<div><object width=\"580\" height=\"405\"><param name=\"movie\" value=\"http:\/\/www.dailymotion.com\/swf\/x1wdaf_safari-beach-ulqini-ulcinj-monteneg_ads&#038;autoPlay=1&#038;related=1\"><\/param><param name=\"allowFullScreen\" value=\"true\"><\/param><param name=\"allowScriptAccess\" value=\"always\"><\/param><\/object><br \/><b><a href=\"http:\/\/www.dailymotion.com\/video\/x1wdaf_safari-beach-ulqini-ulcinj-monteneg_ads\"><\/p>\n","protected":false},"excerpt":{"rendered":"<p>Sezoni veror ka nisur t\u00eb trokas\u00eb edhe n\u00eb qytetin e Ulqinit. Kjo tashm\u00eb \u00ebsht\u00eb evidente dhe ndihet kudo, n\u00eb qytet, n\u00eb plazhet e shumta q\u00eb kemi, gj\u00eb q\u00eb na jep shpres\u00eb e na b\u00ebn t\u00eb besojm\u00eb se edhe p\u00ebrkund\u00ebr kriz\u00ebs ekonomike ky vit do jet\u00eb vit i turizmit. Ulqini, nj\u00eb qytet i lasht\u00eb e me [&hellip;]<\/p>\n","protected":false},"author":1,"featured_media":0,"comment_status":"open","ping_status":"closed","sticky":false,"template":"","format":"standard","meta":{"spay_email":"","jetpack_publicize_message":"","jetpack_is_tweetstorm":false,"jetpack_publicize_feature_enabled":true},"categories":[15],"tags":[95,4198,200,18],"jetpack_publicize_connections":[],"yoast_head":"<!-- This site is optimized with the Yoast SEO plugin v19.1 - https:\/\/yoast.com\/wordpress\/plugins\/seo\/ -->\n<title>Filloi sezoni i turizmit - Lajme nga Ulqini<\/title>\n<meta name=\"description\" content=\"Sezoni veror ka nisur t\u00eb trokas\u00eb edhe n\u00eb qytetin e Ulqinit. Kjo tashm\u00eb \u00ebsht\u00eb evidente dhe ndihet kudo, n\u00eb qytet, n\u00eb plazhet e shumta q\u00eb kemi, gj\u00eb q\u00eb na\" \/>\n<meta name=\"robots\" content=\"index, follow, max-snippet:-1, max-image-preview:large, max-video-preview:-1\" \/>\n<link rel=\"canonical\" href=\"https:\/\/www.visit-ulcinj.com\/blog\/2009\/06\/08\/filloi-sezoni-i-turizmit\/\" \/>\n<meta property=\"og:locale\" content=\"en_US\" \/>\n<meta property=\"og:type\" content=\"article\" \/>\n<meta property=\"og:title\" content=\"Filloi sezoni i turizmit - Lajme nga Ulqini\" \/>\n<meta property=\"og:description\" content=\"Sezoni veror ka nisur t\u00eb trokas\u00eb edhe n\u00eb qytetin e Ulqinit. Kjo tashm\u00eb \u00ebsht\u00eb evidente dhe ndihet kudo, n\u00eb qytet, n\u00eb plazhet e shumta q\u00eb kemi, gj\u00eb q\u00eb na\" \/>\n<meta property=\"og:url\" content=\"https:\/\/www.visit-ulcinj.com\/blog\/2009\/06\/08\/filloi-sezoni-i-turizmit\/\" \/>\n<meta property=\"og:site_name\" content=\"Lajme nga Ulqini\" \/>\n<meta property=\"article:published_time\" content=\"2009-06-08T21:39:11+00:00\" \/>\n<meta property=\"article:modified_time\" content=\"2009-06-08T21:40:14+00:00\" \/>\n<meta property=\"og:image\" content=\"http:\/\/www.visit-ulcinj.com\/blog\/wp-content\/uploads\/2009\/06\/filloi-sezoni-turistik-ne-ulqin.jpg\" \/>\n<meta name=\"twitter:label1\" content=\"Written by\" \/>\n\t<meta name=\"twitter:data1\" content=\"ulqini\" \/>\n\t<meta name=\"twitter:label2\" content=\"Est. reading time\" \/>\n\t<meta name=\"twitter:data2\" content=\"5 minutes\" \/>\n<script type=\"application\/ld+json\" class=\"yoast-schema-graph\">{\"@context\":\"https:\/\/schema.org\",\"@graph\":[{\"@type\":\"WebSite\",\"@id\":\"https:\/\/www.visit-ulcinj.com\/blog\/#website\",\"url\":\"https:\/\/www.visit-ulcinj.com\/blog\/\",\"name\":\"Lajme nga Ulqini\",\"description\":\"Lajme,Vijesti,Ulqini,Ulqin,Crna Gora,Mali i Zi\",\"potentialAction\":[{\"@type\":\"SearchAction\",\"target\":{\"@type\":\"EntryPoint\",\"urlTemplate\":\"https:\/\/www.visit-ulcinj.com\/blog\/?s={search_term_string}\"},\"query-input\":\"required name=search_term_string\"}],\"inLanguage\":\"en-US\"},{\"@type\":\"ImageObject\",\"inLanguage\":\"en-US\",\"@id\":\"https:\/\/www.visit-ulcinj.com\/blog\/2009\/06\/08\/filloi-sezoni-i-turizmit\/#primaryimage\",\"url\":\"https:\/\/www.visit-ulcinj.com\/blog\/wp-content\/uploads\/2009\/06\/filloi-sezoni-turistik-ne-ulqin.jpg\",\"contentUrl\":\"https:\/\/www.visit-ulcinj.com\/blog\/wp-content\/uploads\/2009\/06\/filloi-sezoni-turistik-ne-ulqin.jpg\",\"width\":\"480\",\"height\":\"352\"},{\"@type\":\"WebPage\",\"@id\":\"https:\/\/www.visit-ulcinj.com\/blog\/2009\/06\/08\/filloi-sezoni-i-turizmit\/#webpage\",\"url\":\"https:\/\/www.visit-ulcinj.com\/blog\/2009\/06\/08\/filloi-sezoni-i-turizmit\/\",\"name\":\"Filloi sezoni i turizmit - Lajme nga Ulqini\",\"isPartOf\":{\"@id\":\"https:\/\/www.visit-ulcinj.com\/blog\/#website\"},\"primaryImageOfPage\":{\"@id\":\"https:\/\/www.visit-ulcinj.com\/blog\/2009\/06\/08\/filloi-sezoni-i-turizmit\/#primaryimage\"},\"datePublished\":\"2009-06-08T21:39:11+00:00\",\"dateModified\":\"2009-06-08T21:40:14+00:00\",\"author\":{\"@id\":\"https:\/\/www.visit-ulcinj.com\/blog\/#\/schema\/person\/dcab619c614d3038751c63bc2aadc06d\"},\"description\":\"Sezoni veror ka nisur t\u00eb trokas\u00eb edhe n\u00eb qytetin e Ulqinit. Kjo tashm\u00eb \u00ebsht\u00eb evidente dhe ndihet kudo, n\u00eb qytet, n\u00eb plazhet e shumta q\u00eb kemi, gj\u00eb q\u00eb na\",\"breadcrumb\":{\"@id\":\"https:\/\/www.visit-ulcinj.com\/blog\/2009\/06\/08\/filloi-sezoni-i-turizmit\/#breadcrumb\"},\"inLanguage\":\"en-US\",\"potentialAction\":[{\"@type\":\"ReadAction\",\"target\":[\"https:\/\/www.visit-ulcinj.com\/blog\/2009\/06\/08\/filloi-sezoni-i-turizmit\/\"]}]},{\"@type\":\"BreadcrumbList\",\"@id\":\"https:\/\/www.visit-ulcinj.com\/blog\/2009\/06\/08\/filloi-sezoni-i-turizmit\/#breadcrumb\",\"itemListElement\":[{\"@type\":\"ListItem\",\"position\":1,\"name\":\"Filloi sezoni i turizmit\"}]},{\"@type\":\"Person\",\"@id\":\"https:\/\/www.visit-ulcinj.com\/blog\/#\/schema\/person\/dcab619c614d3038751c63bc2aadc06d\",\"name\":\"ulqini\",\"sameAs\":[\"http:\/\/www.visit-ulcinj.com\"],\"url\":\"https:\/\/www.visit-ulcinj.com\/blog\/author\/admin\/\"}]}<\/script>\n<!-- \/ Yoast SEO plugin. -->","yoast_head_json":{"title":"Filloi sezoni i turizmit - Lajme nga Ulqini","description":"Sezoni veror ka nisur t\u00eb trokas\u00eb edhe n\u00eb qytetin e Ulqinit. Kjo tashm\u00eb \u00ebsht\u00eb evidente dhe ndihet kudo, n\u00eb qytet, n\u00eb plazhet e shumta q\u00eb kemi, gj\u00eb q\u00eb na","robots":{"index":"index","follow":"follow","max-snippet":"max-snippet:-1","max-image-preview":"max-image-preview:large","max-video-preview":"max-video-preview:-1"},"canonical":"https:\/\/www.visit-ulcinj.com\/blog\/2009\/06\/08\/filloi-sezoni-i-turizmit\/","og_locale":"en_US","og_type":"article","og_title":"Filloi sezoni i turizmit - Lajme nga Ulqini","og_description":"Sezoni veror ka nisur t\u00eb trokas\u00eb edhe n\u00eb qytetin e Ulqinit. Kjo tashm\u00eb \u00ebsht\u00eb evidente dhe ndihet kudo, n\u00eb qytet, n\u00eb plazhet e shumta q\u00eb kemi, gj\u00eb q\u00eb na","og_url":"https:\/\/www.visit-ulcinj.com\/blog\/2009\/06\/08\/filloi-sezoni-i-turizmit\/","og_site_name":"Lajme nga Ulqini","article_published_time":"2009-06-08T21:39:11+00:00","article_modified_time":"2009-06-08T21:40:14+00:00","og_image":[{"url":"http:\/\/www.visit-ulcinj.com\/blog\/wp-content\/uploads\/2009\/06\/filloi-sezoni-turistik-ne-ulqin.jpg"}],"twitter_misc":{"Written by":"ulqini","Est. reading time":"5 minutes"},"schema":{"@context":"https:\/\/schema.org","@graph":[{"@type":"WebSite","@id":"https:\/\/www.visit-ulcinj.com\/blog\/#website","url":"https:\/\/www.visit-ulcinj.com\/blog\/","name":"Lajme nga Ulqini","description":"Lajme,Vijesti,Ulqini,Ulqin,Crna Gora,Mali i Zi","potentialAction":[{"@type":"SearchAction","target":{"@type":"EntryPoint","urlTemplate":"https:\/\/www.visit-ulcinj.com\/blog\/?s={search_term_string}"},"query-input":"required name=search_term_string"}],"inLanguage":"en-US"},{"@type":"ImageObject","inLanguage":"en-US","@id":"https:\/\/www.visit-ulcinj.com\/blog\/2009\/06\/08\/filloi-sezoni-i-turizmit\/#primaryimage","url":"https:\/\/www.visit-ulcinj.com\/blog\/wp-content\/uploads\/2009\/06\/filloi-sezoni-turistik-ne-ulqin.jpg","contentUrl":"https:\/\/www.visit-ulcinj.com\/blog\/wp-content\/uploads\/2009\/06\/filloi-sezoni-turistik-ne-ulqin.jpg","width":"480","height":"352"},{"@type":"WebPage","@id":"https:\/\/www.visit-ulcinj.com\/blog\/2009\/06\/08\/filloi-sezoni-i-turizmit\/#webpage","url":"https:\/\/www.visit-ulcinj.com\/blog\/2009\/06\/08\/filloi-sezoni-i-turizmit\/","name":"Filloi sezoni i turizmit - Lajme nga Ulqini","isPartOf":{"@id":"https:\/\/www.visit-ulcinj.com\/blog\/#website"},"primaryImageOfPage":{"@id":"https:\/\/www.visit-ulcinj.com\/blog\/2009\/06\/08\/filloi-sezoni-i-turizmit\/#primaryimage"},"datePublished":"2009-06-08T21:39:11+00:00","dateModified":"2009-06-08T21:40:14+00:00","author":{"@id":"https:\/\/www.visit-ulcinj.com\/blog\/#\/schema\/person\/dcab619c614d3038751c63bc2aadc06d"},"description":"Sezoni veror ka nisur t\u00eb trokas\u00eb edhe n\u00eb qytetin e Ulqinit. Kjo tashm\u00eb \u00ebsht\u00eb evidente dhe ndihet kudo, n\u00eb qytet, n\u00eb plazhet e shumta q\u00eb kemi, gj\u00eb q\u00eb na","breadcrumb":{"@id":"https:\/\/www.visit-ulcinj.com\/blog\/2009\/06\/08\/filloi-sezoni-i-turizmit\/#breadcrumb"},"inLanguage":"en-US","potentialAction":[{"@type":"ReadAction","target":["https:\/\/www.visit-ulcinj.com\/blog\/2009\/06\/08\/filloi-sezoni-i-turizmit\/"]}]},{"@type":"BreadcrumbList","@id":"https:\/\/www.visit-ulcinj.com\/blog\/2009\/06\/08\/filloi-sezoni-i-turizmit\/#breadcrumb","itemListElement":[{"@type":"ListItem","position":1,"name":"Filloi sezoni i turizmit"}]},{"@type":"Person","@id":"https:\/\/www.visit-ulcinj.com\/blog\/#\/schema\/person\/dcab619c614d3038751c63bc2aadc06d","name":"ulqini","sameAs":["http:\/\/www.visit-ulcinj.com"],"url":"https:\/\/www.visit-ulcinj.com\/blog\/author\/admin\/"}]}},"jetpack_featured_media_url":"","jetpack_sharing_enabled":true,"jetpack_shortlink":"https:\/\/wp.me\/pe6lTn-5UD","_links":{"self":[{"href":"https:\/\/www.visit-ulcinj.com\/blog\/wp-json\/wp\/v2\/posts\/22731"}],"collection":[{"href":"https:\/\/www.visit-ulcinj.com\/blog\/wp-json\/wp\/v2\/posts"}],"about":[{"href":"https:\/\/www.visit-ulcinj.com\/blog\/wp-json\/wp\/v2\/types\/post"}],"author":[{"embeddable":true,"href":"https:\/\/www.visit-ulcinj.com\/blog\/wp-json\/wp\/v2\/users\/1"}],"replies":[{"embeddable":true,"href":"https:\/\/www.visit-ulcinj.com\/blog\/wp-json\/wp\/v2\/comments?post=22731"}],"version-history":[{"count":0,"href":"https:\/\/www.visit-ulcinj.com\/blog\/wp-json\/wp\/v2\/posts\/22731\/revisions"}],"wp:attachment":[{"href":"https:\/\/www.visit-ulcinj.com\/blog\/wp-json\/wp\/v2\/media?parent=22731"}],"wp:term":[{"taxonomy":"category","embeddable":true,"href":"https:\/\/www.visit-ulcinj.com\/blog\/wp-json\/wp\/v2\/categories?post=22731"},{"taxonomy":"post_tag","embeddable":true,"href":"https:\/\/www.visit-ulcinj.com\/blog\/wp-json\/wp\/v2\/tags?post=22731"}],"curies":[{"name":"wp","href":"https:\/\/api.w.org\/{rel}","templated":true}]}}