{"id":22736,"date":"2009-06-08T23:59:59","date_gmt":"2009-06-08T21:59:59","guid":{"rendered":"http:\/\/www.visit-ulcinj.com\/blog\/?p=22736"},"modified":"2009-06-18T20:08:56","modified_gmt":"2009-06-18T18:08:56","slug":"pak-optimizem-per-sezon-te-mire","status":"publish","type":"post","link":"https:\/\/www.visit-ulcinj.com\/blog\/2009\/06\/08\/pak-optimizem-per-sezon-te-mire\/","title":{"rendered":"Pak optimiz\u00ebm p\u00ebr sezon t\u00eb mir\u00eb"},"content":{"rendered":"<p><strong><a href=\"http:\/\/www.visit-ulcinj.com\/blog\/wp-content\/uploads\/2009\/06\/ethet-e-pragsezonit-turistik-ne-ulqin_plazhi-madhe.jpg\"><img loading=\"lazy\" class=\"alignleft size-full wp-image-22737\" title=\"ethet-e-pragsezonit-turistik-ne-ulqin_plazhi-madhe\" src=\"http:\/\/www.visit-ulcinj.com\/blog\/wp-content\/uploads\/2009\/06\/ethet-e-pragsezonit-turistik-ne-ulqin_plazhi-madhe.jpg\" alt=\"ethet-e-pragsezonit-turistik-ne-ulqin_plazhi-madhe\" width=\"367\" height=\"489\" srcset=\"https:\/\/www.visit-ulcinj.com\/blog\/wp-content\/uploads\/2009\/06\/ethet-e-pragsezonit-turistik-ne-ulqin_plazhi-madhe.jpg 375w, https:\/\/www.visit-ulcinj.com\/blog\/wp-content\/uploads\/2009\/06\/ethet-e-pragsezonit-turistik-ne-ulqin_plazhi-madhe-225x300.jpg 225w\" sizes=\"(max-width: 367px) 100vw, 367px\" \/><\/a>Ethet e pragsezonit turistik n\u00eb ulqin<\/strong><\/p>\n<p><strong>Gati askush n\u00eb Ulqin nuk \u00ebsht\u00eb optimist p\u00ebr sezonin e sivjetsh\u00ebm turistik. T\u00eb gjith\u00eb e din\u00eb se kriza e p\u00ebrgjithshme do t\u00eb ket\u00eb ndikime negative. Kjo tashm\u00eb v\u00ebrehet edhe n\u00eb k\u00ebt\u00eb prag sezoni jo vet\u00ebm n\u00eb Ulqin, por edhe n\u00eb t\u00ebr\u00eb bregdetin e Malit t\u00eb Zi. T\u00eb vetmit optimist\u00eb p\u00ebr suksesin e sezonit t\u00eb sivjetsh\u00ebm turistik duket se jan\u00eb n\u00eb Komun\u00ebn e Ulqinit.<\/strong><\/p>\n<p><!--[endif]--><span> <\/span><\/p>\n<p>Edhe pse n\u00eb Ulqin ka filluar zyrtarisht sezoni turistik, Ulqini i ngjan nj\u00eb dimri t\u00eb gjat\u00eb q\u00eb duket se sivjet do t\u00eb jet\u00eb m\u00eb i gjat\u00eb se kurr\u00eb. Koha me shi q\u00eb ka mbizot\u00ebruar dit\u00ebve t\u00eb fundit ka shtuar agonin\u00eb e etheve t\u00eb pragsezonit turistik.<\/p>\n<p>Gati askush n\u00eb Ulqin nuk \u00ebsht\u00eb optimist p\u00ebr sezonin e sivjetsh\u00ebm turistik. T\u00eb gjith\u00eb e din\u00eb se kriza e p\u00ebrgjithshme do t\u00eb ket\u00eb ndikime negative. Kjo tashm\u00eb v\u00ebrehet edhe n\u00eb k\u00ebt\u00eb prag sezoni jo vet\u00ebm n\u00eb Ulqin, por edhe n\u00eb t\u00ebr\u00eb bregdetin e Malit t\u00eb Zi.<\/p>\n<p><strong>Por \u00e7far\u00eb pritet nga ky sezon turistik? <a href=\"http:\/\/www.visit-ulcinj.com\/blog\/wp-content\/uploads\/2009\/06\/mustafa-canka.jpg\"><img loading=\"lazy\" class=\"alignright size-full wp-image-22738\" title=\"mustafa-canka\" src=\"http:\/\/www.visit-ulcinj.com\/blog\/wp-content\/uploads\/2009\/06\/mustafa-canka.jpg\" alt=\"mustafa-canka\" width=\"200\" height=\"125\" \/><\/a><\/strong><\/p>\n<p>Analisti Mustafa Canka, njoh\u00ebs i rrjedhave turistike, thot\u00eb ky do t\u00eb jet\u00eb edhe nj\u00eb sezon n\u00eb vazhd\u00ebn e sezoneve jo t\u00eb suksesshme, si\u00e7 jemi m\u00ebsuar q\u00eb nj\u00ebzet vjet.<\/p>\n<p>\u201cK\u00ebt\u00eb e tregon parasezoni, numri i rezervimeve dhe sinjalet nga zonat emetuese turistike\u201d, thot\u00eb ai.<\/p>\n<p>Canka mendon se turist\u00eb do t\u00eb ket\u00eb m\u00eb pak se viteve t\u00eb kaluara, kurse efektet financiare do t\u00eb jen\u00eb m\u00eb t\u00eb ul\u00ebta p\u00ebr 15-20 p\u00ebr qind.<\/p>\n<p>\u201cSezoni do t\u00eb jet\u00eb n\u00eb duart e turist\u00ebve individual\u00eb tekanjoz\u00eb nga vendet e rajonit, t\u00eb cil\u00ebt vendosin t\u00eb udh\u00ebtojn\u00eb momentin e fundit dhe pa b\u00ebr\u00eb shum\u00eb plane\u201d, thot\u00eb Canka.<\/p>\n<p>Sipas tij, \u00e7do gj\u00eb do t\u00eb kaloj\u00eb n\u00eb m\u00ebnyr\u00eb stihike.<\/p>\n<p>\u201cT\u00eb gjith\u00eb do t\u00eb mundohen t\u00eb rr\u00ebmbejn\u00eb sa m\u00eb shum\u00eb, n\u00eb p\u00ebrgjith\u00ebsi p\u00ebr t\u00eb paguar kredit\u00eb e shtrenjta. Edhe k\u00ebt\u00eb sezon ulqinak\u00ebt do t\u00eb punojn\u00eb p\u00ebr bankat dhe shtetin\u201d, thot\u00eb Canka.<\/p>\n<p>T\u00eb vetmit optimist\u00eb p\u00ebr suksesin e sezonit t\u00eb sivjetsh\u00ebm turistik duket se jan\u00eb n\u00eb Komun\u00ebn e Ulqinit.<\/p>\n<p><a href=\"http:\/\/www.visit-ulcinj.com\/blog\/wp-content\/uploads\/2009\/06\/vaso-radovic_dps.jpg\"><img loading=\"lazy\" class=\"alignleft size-medium wp-image-22739\" title=\"vaso-radovic_dps\" src=\"http:\/\/www.visit-ulcinj.com\/blog\/wp-content\/uploads\/2009\/06\/vaso-radovic_dps-300x278.jpg\" alt=\"vaso-radovic_dps\" width=\"300\" height=\"278\" srcset=\"https:\/\/www.visit-ulcinj.com\/blog\/wp-content\/uploads\/2009\/06\/vaso-radovic_dps-300x278.jpg 300w, https:\/\/www.visit-ulcinj.com\/blog\/wp-content\/uploads\/2009\/06\/vaso-radovic_dps.jpg 572w\" sizes=\"(max-width: 300px) 100vw, 300px\" \/><\/a>Sekretari p\u00ebr ekonomi pran\u00eb Komun\u00ebs s\u00eb Ulqinit, Vasko Radoviq, thot\u00eb se p\u00ebrkund\u00ebr kriz\u00ebs evidente me optimiz\u00ebm e presin edhe k\u00ebt\u00eb sezon turistik.<\/p>\n<p>\u201cOptimizmin e bazojm\u00eb n\u00eb faktin se relativisht mir\u00eb e kemi p\u00ebrgatitur dhe realizuar planin e promovimit t\u00eb potencialeve turistike t\u00eb Ulqinit n\u00eb panairet rajonale apo promovimet e organizuara enkas. Kemi marr\u00eb pjes\u00eb s\u00eb bashku me Organizat\u00ebn Turistike t\u00eb Malit t\u00eb Zi apo individualisht n\u00eb Budv\u00eb, Budapest, Temishvar, Beograd, Mynih, Prishtin\u00eb dhe qytetet e tjera n\u00eb Kosov\u00eb, Sarajev\u00eb, Tuz\u00ebll, Shkup, Tiran\u00eb\u201d, thot\u00eb ai.<\/p>\n<p>P\u00ebrve\u00e7 k\u00ebsaj Radoviq thot\u00eb se jan\u00eb distribuar materiale promotive n\u00eb disa qytete t\u00eb Serbis\u00eb si dhe n\u00eb Lubjan\u00eb.<\/p>\n<p>\u201cKemi publikuar disa reportazhe efektive mbi Ulqinin n\u00eb mediat e atjeshme nd\u00ebr t\u00eb cilat duhet ve\u00e7uar shtojc\u00ebn p\u00ebr turiz\u00ebm n\u00eb gazet\u00ebn ditore \u201cBlic\u201d, t\u00eb shtypur n\u00eb 200 mij\u00eb kopje, dhe jemi shum\u00eb t\u00eb k\u00ebnaqur me interesimin e treguar\u201d, thekson ai.<\/p>\n<p>Ky lloj promovimi, sipas tij, \u00ebsht\u00eb shum\u00eb i r\u00ebnd\u00ebsish\u00ebm pasi q\u00eb pritet q\u00eb nga kriza ekonomike m\u00eb s\u00eb paku do t\u00eb jen\u00eb t\u00eb prekura vendet e Mediteranit dhe q\u00eb sezonin turistik do ta shp\u00ebtojn\u00eb mysafir\u00ebt nga rajoni.<\/p>\n<p>Radoviq \u00ebsht\u00eb i vet\u00ebdijsh\u00ebm se p\u00ebrfitime t\u00eb m\u00ebdha nga ky sezon nuk do t\u00eb ket\u00eb.<\/p>\n<p>\u201cPor sigurisht do t\u00eb realizohet p\u00ebrfitim i k\u00ebnaqsh\u00ebm i cili do t\u00eb na leht\u00ebsoj\u00eb t\u00eb tejkalojm\u00eb periudh\u00ebn deri n\u00eb kalimin e kriz\u00ebs\u201d, thot\u00eb ai.<\/p>\n<p>Ulqini nuk mund t\u00eb lavd\u00ebrohet edhe me investimet e kryera nd\u00ebrmjet dy sezoneve turistike. \u00c7\u2019\u00ebsht\u00eb e v\u00ebrteta, i vetmi investim me vler\u00eb mund t\u00eb konsiderohet kalldr\u00ebmimi i rrug\u00ebs s\u00eb \u00c7arshis\u00eb, i cili sidoqoft\u00eb nuk ka ndikim t\u00eb drejtp\u00ebrdrejt\u00eb n\u00eb turiz\u00ebm.<\/p>\n<p>Sa u p\u00ebrket kapaciteteve hotelierike, me p\u00ebrjashtim t\u00eb hotelit \u201cOtrant\u201d i cili pritet q\u00eb sivjet t\u00eb pres\u00eb turist\u00ebt e par\u00eb, jan\u00eb p\u00ebrmir\u00ebsuar edhe kapacitetet hotelierike t\u00eb NHT \u201cRiviera e Ulqinit\u201d kurse sivjet p\u00ebr her\u00eb t\u00eb par\u00eb pas shum\u00eb vitesh jan\u00eb v\u00ebn\u00eb n\u00eb funksion edhe sht\u00ebpizat prej druri n\u00eb Ad\u00eb.<\/p>\n<p>Por p\u00ebr investime t\u00eb reja nuk mund t\u00eb b\u00ebhet fjal\u00eb. Vendi n\u00eb t\u00eb cilin dikur ndodhej hoteli \u201cGaleb\u201d i ngjan m\u00eb tep\u00ebr \u201cshkret\u00ebtir\u00ebs\u201d dhe nuk ka ndonj\u00eb paralajm\u00ebrim se do t\u00eb filloj\u00eb s\u00eb shpejti nd\u00ebrtimi, kurse edhe hoteli \u201cLido\u201d \u00ebsht\u00eb n\u00eb procesin e rikonstruktimit.<\/p>\n<p>Sekretari p\u00ebr Ekonomi i Komun\u00ebs s\u00eb Ulqinit, Vasko Radoviq, thot\u00eb se jan\u00eb kryer p\u00ebrgatitjet e zakonshme p\u00ebr rregullimin e qytetit, \u00ebsht\u00eb investuar n\u00eb asfaltimin e rrug\u00ebve t\u00eb qytetit dhe fshatrave, si\u00e7 \u00ebsht\u00eb rruga n\u00eb Pinjesh, \u00ebsht\u00eb vendosur apo z\u00ebvend\u00ebsuar ndri\u00e7imi i ri, si n\u00eb hyrje t\u00eb qytetit.<\/p>\n<p>\u201cSi investim t\u00eb posa\u00e7\u00ebm do t\u00eb ve\u00e7oja kalldr\u00ebmimin e \u00e7arshis\u00eb s\u00eb vjet\u00ebr me \u00e7\u2019gj\u00eb jemi munduar t\u2019ia kthejm\u00eb shk\u00eblqimin e dikursh\u00ebm rrug\u00ebs kryesore t\u00eb qytetit\u201d, thot\u00eb ai.<\/p>\n<p>Por disa investime p\u00ebr shkak t\u00eb kriz\u00ebs dhe munges\u00ebs s\u00eb mjeteve financiare kan\u00eb mbetur t\u00eb pap\u00ebrfunduara, si\u00e7 \u00ebsht\u00eb p\u00ebr shembull, rruga nga Kat\u00ebrkolla n\u00eb Shas apo disa rrug\u00eb lokale, kurse n\u00eb rrug\u00ebn Ulqin \u2013 Kryth\u00eb \u00ebsht\u00eb hequr shtresa e vjet\u00ebr e asfaltit por pret t\u00eb asfaltohet, kurse edhe rruga e kalldr\u00ebmuar e \u00c7arshis\u00eb s\u00eb vjet\u00ebr ka q\u00ebndruar disa dit\u00eb e mbyllur.<\/p>\n<p>Ndaj mbylljes s\u00eb p\u00ebrkohshme t\u00eb rrug\u00ebs s\u00eb kalldr\u00ebmuar t\u00eb p\u00ebruruar vet\u00ebm pak dit\u00eb m\u00eb par\u00eb, ka reaguar Forca e Re Demokratike e cila i ka t\u00ebrhequr v\u00ebrejtjen pushtetit lokal, por edhe atij republikan, q\u00eb n\u00eb m\u00ebnyr\u00eb m\u00eb serioze t\u00eb merren me k\u00ebto probleme t\u00eb cilat drejtp\u00ebrs\u00ebdrejti ndikojn\u00eb n\u00eb rrjedhat e sezonit turistik.<\/p>\n<p><a href=\"http:\/\/www.visit-ulcinj.com\/blog\/wp-content\/uploads\/2009\/06\/kalldremimi-i-rruges-se-carshis-se-ulqinit.jpg\"><img loading=\"lazy\" class=\"alignright size-medium wp-image-22740\" title=\"kalldremimi-i-rruges-se-carshis-se-ulqinit\" src=\"http:\/\/www.visit-ulcinj.com\/blog\/wp-content\/uploads\/2009\/06\/kalldremimi-i-rruges-se-carshis-se-ulqinit-300x200.jpg\" alt=\"kalldremimi-i-rruges-se-carshis-se-ulqinit\" width=\"300\" height=\"200\" srcset=\"https:\/\/www.visit-ulcinj.com\/blog\/wp-content\/uploads\/2009\/06\/kalldremimi-i-rruges-se-carshis-se-ulqinit-300x200.jpg 300w, https:\/\/www.visit-ulcinj.com\/blog\/wp-content\/uploads\/2009\/06\/kalldremimi-i-rruges-se-carshis-se-ulqinit-1024x683.jpg 1024w, https:\/\/www.visit-ulcinj.com\/blog\/wp-content\/uploads\/2009\/06\/kalldremimi-i-rruges-se-carshis-se-ulqinit.jpg 1200w\" sizes=\"(max-width: 300px) 100vw, 300px\" \/><\/a>\u201cBanor\u00ebt e Ulqinit jan\u00eb m\u00ebsuar q\u00eb t\u00eb durojn\u00eb k\u00ebso maltretimesh, por turist\u00ebt q\u00eb kan\u00eb ardhur dhe do t\u00eb vijn\u00eb n\u00eb pushim tek ne, nuk do ta ken\u00eb durimin ton\u00eb, por do t\u00eb na sjellin shpin\u00ebn dhe do t\u00eb orientohen n\u00eb destinacione t\u00eb tjera turistike\u201d, thuhet n\u00eb reagimin e k\u00ebsaj partie.<\/p>\n<p>P\u00ebrkund\u00ebr problemeve evidente, sekretari p\u00ebr Ekonomi i Komun\u00ebs s\u00eb Ulqinit, Vasko Radoviq, thot\u00eb se Ulqini e pret i p\u00ebrgatitur sezonin e sivjetsh\u00ebm turistik.<\/p>\n<p>\u201cP\u00ebrve\u00e7 p\u00ebrgatitjeve t\u00eb rregullta dhe t\u00eb zakonshme n\u00eb rregullimin e qytetit, v\u00ebmendje e ve\u00e7ant\u00eb i \u00ebsht\u00eb kushtuar edhe miratimit t\u00eb vendimeve t\u00eb r\u00ebnd\u00ebsishme n\u00eb parlamentin lokal, si\u00e7 \u00ebsht\u00eb Vendimi mbi taksat komunale, t\u00eb cilat do t\u00eb duhej t\u00eb eliminonin barrierat eventuale n\u00eb afariz\u00ebm dhe t\u00eb mund\u00ebsojn\u00eb udh\u00ebheqjen m\u00eb elastike t\u00eb politik\u00ebs s\u00eb \u00e7mimeve t\u00eb harmonizuar me kriz\u00ebn aktuale ekonomike dhe rregullat e tregut\u201d, thot\u00eb ai.<\/p>\n<p>Krejt\u00ebsisht ndryshe mendon analisti Mustafa Canka, sipas t\u00eb cilit \u00ebsht\u00eb b\u00ebr\u00eb shum\u00eb pak q\u00eb qyteti t\u00eb p\u00ebrgatitet p\u00ebr sezon.<\/p>\n<p>\u201cDhe kjo \u00ebsht\u00eb e logjikshme sepse ky qytet nuk frymon si qytet turistik! \u00c7do gj\u00eb b\u00ebhet n\u00eb m\u00ebnyr\u00eb t\u00eb improvizuar. Ne tani kemi m\u00eb pak kapacitete hotelierike sesa para 30 vjet\u00ebsh gj\u00eb q\u00eb p\u00ebrb\u00ebn rast unik n\u00eb bot\u00eb. Infrastruktura \u00ebsht\u00eb e dob\u00ebt, sh\u00ebrbimi po ashtu, nuk kemi as organizat\u00eb turistike. Madje as qasje n\u00eb disa plazhe\u201d, thot\u00eb ai.<\/p>\n<p>Canka shkon edhe m\u00eb tej n\u00eb parashikimin e tij pesimist p\u00ebr t\u00eb ardhmen e turizmit n\u00eb Ulqin.<\/p>\n<p>\u201cN\u00ebse kan\u00eb sukses t\u00eb gjith\u00eb k\u00ebto tendere t\u00eb d\u00ebmshme, me d\u00ebshir\u00ebn e Qeveris\u00eb s\u00eb Malit t\u00eb Zi, ne dhe mysafir\u00ebt tan\u00eb praktikisht nuk do t\u00eb kemi as ku t\u00eb lahemi. P\u00ebr k\u00ebt\u00eb arsye ruajtja e ambientit ton\u00eb \u00ebsht\u00eb kusht ky\u00e7 p\u00ebr zhvillimin e turizmit i cilia na shkon p\u00ebr shtat neve, e jo tajkun\u00ebve vendor\u00eb dhe t\u00eb huaj t\u00eb cil\u00ebt d\u00ebshirojn\u00eb t\u00eb grabisin plazhet tona t\u00eb mrekullueshme, detin ton\u00eb dhe t\u00eb ardhmen ton\u00eb\u201d, thot\u00eb ai.<\/p>\n<p><span><span style=\"font-family: Verdana; font-size: x-small;\"><strong>I.Kallaba<\/strong><\/span><\/span><\/p>\n<p><strong>Koha Javore<\/strong><\/p>\n<div><object classid=\"clsid:d27cdb6e-ae6d-11cf-96b8-444553540000\" width=\"580\" height=\"391\" codebase=\"http:\/\/download.macromedia.com\/pub\/shockwave\/cabs\/flash\/swflash.cab#version=6,0,40,0\"><param name=\"allowFullScreen\" value=\"true\" \/><param name=\"allowScriptAccess\" value=\"always\" \/><param name=\"src\" value=\"http:\/\/www.dailymotion.com\/swf\/x9m4v6_bukuria-ulqinit-beach-ulqini-ulcinj_travel&amp;autoPlay=1&amp;related=1\" \/><param name=\"allowfullscreen\" value=\"true\" \/><\/object><\/div>\n","protected":false},"excerpt":{"rendered":"<p>Ethet e pragsezonit turistik n\u00eb ulqin Gati askush n\u00eb Ulqin nuk \u00ebsht\u00eb optimist p\u00ebr sezonin e sivjetsh\u00ebm turistik. T\u00eb gjith\u00eb e din\u00eb se kriza e p\u00ebrgjithshme do t\u00eb ket\u00eb ndikime negative. Kjo tashm\u00eb v\u00ebrehet edhe n\u00eb k\u00ebt\u00eb prag sezoni jo vet\u00ebm n\u00eb Ulqin, por edhe n\u00eb t\u00ebr\u00eb bregdetin e Malit t\u00eb Zi. T\u00eb vetmit optimist\u00eb [&hellip;]<\/p>\n","protected":false},"author":1,"featured_media":0,"comment_status":"open","ping_status":"closed","sticky":false,"template":"","format":"standard","meta":{"spay_email":"","jetpack_publicize_message":"","jetpack_is_tweetstorm":false,"jetpack_publicize_feature_enabled":true},"categories":[13],"tags":[874,11109,11108,5276,10557,281],"jetpack_publicize_connections":[],"yoast_head":"<!-- This site is optimized with the Yoast SEO plugin v19.1 - https:\/\/yoast.com\/wordpress\/plugins\/seo\/ -->\n<title>Pak optimiz\u00ebm p\u00ebr sezon t\u00eb mir\u00eb - Lajme nga Ulqini<\/title>\n<meta name=\"description\" content=\"Ethet e pragsezonit turistik n\u00eb ulqin Gati askush n\u00eb Ulqin nuk \u00ebsht\u00eb optimist p\u00ebr sezonin e sivjetsh\u00ebm turistik. T\u00eb gjith\u00eb e din\u00eb se kriza e p\u00ebrgjithshme\" \/>\n<meta name=\"robots\" content=\"index, follow, max-snippet:-1, max-image-preview:large, max-video-preview:-1\" \/>\n<link rel=\"canonical\" href=\"https:\/\/www.visit-ulcinj.com\/blog\/2009\/06\/08\/pak-optimizem-per-sezon-te-mire\/\" \/>\n<meta property=\"og:locale\" content=\"en_US\" \/>\n<meta property=\"og:type\" content=\"article\" \/>\n<meta property=\"og:title\" content=\"Pak optimiz\u00ebm p\u00ebr sezon t\u00eb mir\u00eb - Lajme nga Ulqini\" \/>\n<meta property=\"og:description\" content=\"Ethet e pragsezonit turistik n\u00eb ulqin Gati askush n\u00eb Ulqin nuk \u00ebsht\u00eb optimist p\u00ebr sezonin e sivjetsh\u00ebm turistik. T\u00eb gjith\u00eb e din\u00eb se kriza e p\u00ebrgjithshme\" \/>\n<meta property=\"og:url\" content=\"https:\/\/www.visit-ulcinj.com\/blog\/2009\/06\/08\/pak-optimizem-per-sezon-te-mire\/\" \/>\n<meta property=\"og:site_name\" content=\"Lajme nga Ulqini\" \/>\n<meta property=\"article:published_time\" content=\"2009-06-08T21:59:59+00:00\" \/>\n<meta property=\"article:modified_time\" content=\"2009-06-18T18:08:56+00:00\" \/>\n<meta property=\"og:image\" content=\"http:\/\/www.visit-ulcinj.com\/blog\/wp-content\/uploads\/2009\/06\/ethet-e-pragsezonit-turistik-ne-ulqin_plazhi-madhe.jpg\" \/>\n<meta name=\"twitter:label1\" content=\"Written by\" \/>\n\t<meta name=\"twitter:data1\" content=\"ulqini\" \/>\n\t<meta name=\"twitter:label2\" content=\"Est. reading time\" \/>\n\t<meta name=\"twitter:data2\" content=\"7 minutes\" \/>\n<script type=\"application\/ld+json\" class=\"yoast-schema-graph\">{\"@context\":\"https:\/\/schema.org\",\"@graph\":[{\"@type\":\"WebSite\",\"@id\":\"https:\/\/www.visit-ulcinj.com\/blog\/#website\",\"url\":\"https:\/\/www.visit-ulcinj.com\/blog\/\",\"name\":\"Lajme nga Ulqini\",\"description\":\"Lajme,Vijesti,Ulqini,Ulqin,Crna Gora,Mali i Zi\",\"potentialAction\":[{\"@type\":\"SearchAction\",\"target\":{\"@type\":\"EntryPoint\",\"urlTemplate\":\"https:\/\/www.visit-ulcinj.com\/blog\/?s={search_term_string}\"},\"query-input\":\"required name=search_term_string\"}],\"inLanguage\":\"en-US\"},{\"@type\":\"ImageObject\",\"inLanguage\":\"en-US\",\"@id\":\"https:\/\/www.visit-ulcinj.com\/blog\/2009\/06\/08\/pak-optimizem-per-sezon-te-mire\/#primaryimage\",\"url\":\"https:\/\/www.visit-ulcinj.com\/blog\/wp-content\/uploads\/2009\/06\/ethet-e-pragsezonit-turistik-ne-ulqin_plazhi-madhe.jpg\",\"contentUrl\":\"https:\/\/www.visit-ulcinj.com\/blog\/wp-content\/uploads\/2009\/06\/ethet-e-pragsezonit-turistik-ne-ulqin_plazhi-madhe.jpg\",\"width\":\"375\",\"height\":\"500\"},{\"@type\":\"WebPage\",\"@id\":\"https:\/\/www.visit-ulcinj.com\/blog\/2009\/06\/08\/pak-optimizem-per-sezon-te-mire\/#webpage\",\"url\":\"https:\/\/www.visit-ulcinj.com\/blog\/2009\/06\/08\/pak-optimizem-per-sezon-te-mire\/\",\"name\":\"Pak optimiz\u00ebm p\u00ebr sezon t\u00eb mir\u00eb - Lajme nga Ulqini\",\"isPartOf\":{\"@id\":\"https:\/\/www.visit-ulcinj.com\/blog\/#website\"},\"primaryImageOfPage\":{\"@id\":\"https:\/\/www.visit-ulcinj.com\/blog\/2009\/06\/08\/pak-optimizem-per-sezon-te-mire\/#primaryimage\"},\"datePublished\":\"2009-06-08T21:59:59+00:00\",\"dateModified\":\"2009-06-18T18:08:56+00:00\",\"author\":{\"@id\":\"https:\/\/www.visit-ulcinj.com\/blog\/#\/schema\/person\/dcab619c614d3038751c63bc2aadc06d\"},\"description\":\"Ethet e pragsezonit turistik n\u00eb ulqin Gati askush n\u00eb Ulqin nuk \u00ebsht\u00eb optimist p\u00ebr sezonin e sivjetsh\u00ebm turistik. T\u00eb gjith\u00eb e din\u00eb se kriza e p\u00ebrgjithshme\",\"breadcrumb\":{\"@id\":\"https:\/\/www.visit-ulcinj.com\/blog\/2009\/06\/08\/pak-optimizem-per-sezon-te-mire\/#breadcrumb\"},\"inLanguage\":\"en-US\",\"potentialAction\":[{\"@type\":\"ReadAction\",\"target\":[\"https:\/\/www.visit-ulcinj.com\/blog\/2009\/06\/08\/pak-optimizem-per-sezon-te-mire\/\"]}]},{\"@type\":\"BreadcrumbList\",\"@id\":\"https:\/\/www.visit-ulcinj.com\/blog\/2009\/06\/08\/pak-optimizem-per-sezon-te-mire\/#breadcrumb\",\"itemListElement\":[{\"@type\":\"ListItem\",\"position\":1,\"name\":\"Pak optimiz\u00ebm p\u00ebr sezon t\u00eb mir\u00eb\"}]},{\"@type\":\"Person\",\"@id\":\"https:\/\/www.visit-ulcinj.com\/blog\/#\/schema\/person\/dcab619c614d3038751c63bc2aadc06d\",\"name\":\"ulqini\",\"sameAs\":[\"http:\/\/www.visit-ulcinj.com\"],\"url\":\"https:\/\/www.visit-ulcinj.com\/blog\/author\/admin\/\"}]}<\/script>\n<!-- \/ Yoast SEO plugin. -->","yoast_head_json":{"title":"Pak optimiz\u00ebm p\u00ebr sezon t\u00eb mir\u00eb - Lajme nga Ulqini","description":"Ethet e pragsezonit turistik n\u00eb ulqin Gati askush n\u00eb Ulqin nuk \u00ebsht\u00eb optimist p\u00ebr sezonin e sivjetsh\u00ebm turistik. T\u00eb gjith\u00eb e din\u00eb se kriza e p\u00ebrgjithshme","robots":{"index":"index","follow":"follow","max-snippet":"max-snippet:-1","max-image-preview":"max-image-preview:large","max-video-preview":"max-video-preview:-1"},"canonical":"https:\/\/www.visit-ulcinj.com\/blog\/2009\/06\/08\/pak-optimizem-per-sezon-te-mire\/","og_locale":"en_US","og_type":"article","og_title":"Pak optimiz\u00ebm p\u00ebr sezon t\u00eb mir\u00eb - Lajme nga Ulqini","og_description":"Ethet e pragsezonit turistik n\u00eb ulqin Gati askush n\u00eb Ulqin nuk \u00ebsht\u00eb optimist p\u00ebr sezonin e sivjetsh\u00ebm turistik. T\u00eb gjith\u00eb e din\u00eb se kriza e p\u00ebrgjithshme","og_url":"https:\/\/www.visit-ulcinj.com\/blog\/2009\/06\/08\/pak-optimizem-per-sezon-te-mire\/","og_site_name":"Lajme nga Ulqini","article_published_time":"2009-06-08T21:59:59+00:00","article_modified_time":"2009-06-18T18:08:56+00:00","og_image":[{"url":"http:\/\/www.visit-ulcinj.com\/blog\/wp-content\/uploads\/2009\/06\/ethet-e-pragsezonit-turistik-ne-ulqin_plazhi-madhe.jpg"}],"twitter_misc":{"Written by":"ulqini","Est. reading time":"7 minutes"},"schema":{"@context":"https:\/\/schema.org","@graph":[{"@type":"WebSite","@id":"https:\/\/www.visit-ulcinj.com\/blog\/#website","url":"https:\/\/www.visit-ulcinj.com\/blog\/","name":"Lajme nga Ulqini","description":"Lajme,Vijesti,Ulqini,Ulqin,Crna Gora,Mali i Zi","potentialAction":[{"@type":"SearchAction","target":{"@type":"EntryPoint","urlTemplate":"https:\/\/www.visit-ulcinj.com\/blog\/?s={search_term_string}"},"query-input":"required name=search_term_string"}],"inLanguage":"en-US"},{"@type":"ImageObject","inLanguage":"en-US","@id":"https:\/\/www.visit-ulcinj.com\/blog\/2009\/06\/08\/pak-optimizem-per-sezon-te-mire\/#primaryimage","url":"https:\/\/www.visit-ulcinj.com\/blog\/wp-content\/uploads\/2009\/06\/ethet-e-pragsezonit-turistik-ne-ulqin_plazhi-madhe.jpg","contentUrl":"https:\/\/www.visit-ulcinj.com\/blog\/wp-content\/uploads\/2009\/06\/ethet-e-pragsezonit-turistik-ne-ulqin_plazhi-madhe.jpg","width":"375","height":"500"},{"@type":"WebPage","@id":"https:\/\/www.visit-ulcinj.com\/blog\/2009\/06\/08\/pak-optimizem-per-sezon-te-mire\/#webpage","url":"https:\/\/www.visit-ulcinj.com\/blog\/2009\/06\/08\/pak-optimizem-per-sezon-te-mire\/","name":"Pak optimiz\u00ebm p\u00ebr sezon t\u00eb mir\u00eb - Lajme nga Ulqini","isPartOf":{"@id":"https:\/\/www.visit-ulcinj.com\/blog\/#website"},"primaryImageOfPage":{"@id":"https:\/\/www.visit-ulcinj.com\/blog\/2009\/06\/08\/pak-optimizem-per-sezon-te-mire\/#primaryimage"},"datePublished":"2009-06-08T21:59:59+00:00","dateModified":"2009-06-18T18:08:56+00:00","author":{"@id":"https:\/\/www.visit-ulcinj.com\/blog\/#\/schema\/person\/dcab619c614d3038751c63bc2aadc06d"},"description":"Ethet e pragsezonit turistik n\u00eb ulqin Gati askush n\u00eb Ulqin nuk \u00ebsht\u00eb optimist p\u00ebr sezonin e sivjetsh\u00ebm turistik. T\u00eb gjith\u00eb e din\u00eb se kriza e p\u00ebrgjithshme","breadcrumb":{"@id":"https:\/\/www.visit-ulcinj.com\/blog\/2009\/06\/08\/pak-optimizem-per-sezon-te-mire\/#breadcrumb"},"inLanguage":"en-US","potentialAction":[{"@type":"ReadAction","target":["https:\/\/www.visit-ulcinj.com\/blog\/2009\/06\/08\/pak-optimizem-per-sezon-te-mire\/"]}]},{"@type":"BreadcrumbList","@id":"https:\/\/www.visit-ulcinj.com\/blog\/2009\/06\/08\/pak-optimizem-per-sezon-te-mire\/#breadcrumb","itemListElement":[{"@type":"ListItem","position":1,"name":"Pak optimiz\u00ebm p\u00ebr sezon t\u00eb mir\u00eb"}]},{"@type":"Person","@id":"https:\/\/www.visit-ulcinj.com\/blog\/#\/schema\/person\/dcab619c614d3038751c63bc2aadc06d","name":"ulqini","sameAs":["http:\/\/www.visit-ulcinj.com"],"url":"https:\/\/www.visit-ulcinj.com\/blog\/author\/admin\/"}]}},"jetpack_featured_media_url":"","jetpack_sharing_enabled":true,"jetpack_shortlink":"https:\/\/wp.me\/pe6lTn-5UI","_links":{"self":[{"href":"https:\/\/www.visit-ulcinj.com\/blog\/wp-json\/wp\/v2\/posts\/22736"}],"collection":[{"href":"https:\/\/www.visit-ulcinj.com\/blog\/wp-json\/wp\/v2\/posts"}],"about":[{"href":"https:\/\/www.visit-ulcinj.com\/blog\/wp-json\/wp\/v2\/types\/post"}],"author":[{"embeddable":true,"href":"https:\/\/www.visit-ulcinj.com\/blog\/wp-json\/wp\/v2\/users\/1"}],"replies":[{"embeddable":true,"href":"https:\/\/www.visit-ulcinj.com\/blog\/wp-json\/wp\/v2\/comments?post=22736"}],"version-history":[{"count":0,"href":"https:\/\/www.visit-ulcinj.com\/blog\/wp-json\/wp\/v2\/posts\/22736\/revisions"}],"wp:attachment":[{"href":"https:\/\/www.visit-ulcinj.com\/blog\/wp-json\/wp\/v2\/media?parent=22736"}],"wp:term":[{"taxonomy":"category","embeddable":true,"href":"https:\/\/www.visit-ulcinj.com\/blog\/wp-json\/wp\/v2\/categories?post=22736"},{"taxonomy":"post_tag","embeddable":true,"href":"https:\/\/www.visit-ulcinj.com\/blog\/wp-json\/wp\/v2\/tags?post=22736"}],"curies":[{"name":"wp","href":"https:\/\/api.w.org\/{rel}","templated":true}]}}