{"id":22746,"date":"2009-06-09T00:17:03","date_gmt":"2009-06-08T22:17:03","guid":{"rendered":"http:\/\/www.visit-ulcinj.com\/blog\/?p=22746"},"modified":"2009-06-09T00:18:55","modified_gmt":"2009-06-08T22:18:55","slug":"ulqini-i-rrembyer-nga-koha-dhe-harresa","status":"publish","type":"post","link":"https:\/\/www.visit-ulcinj.com\/blog\/2009\/06\/09\/ulqini-i-rrembyer-nga-koha-dhe-harresa\/","title":{"rendered":"Ulqini i rr\u00ebmbyer nga koha dhe harresa"},"content":{"rendered":"<p><strong><a href=\"http:\/\/www.visit-ulcinj.com\/blog\/wp-content\/uploads\/2009\/06\/fotoalbumi-ii-i-hartuar-nga-gazmend-citaku.jpg\"><img loading=\"lazy\" class=\"alignleft size-full wp-image-22747\" title=\"fotoalbumi-ii-i-hartuar-nga-gazmend-citaku\" src=\"http:\/\/www.visit-ulcinj.com\/blog\/wp-content\/uploads\/2009\/06\/fotoalbumi-ii-i-hartuar-nga-gazmend-citaku.jpg\" alt=\"fotoalbumi-ii-i-hartuar-nga-gazmend-citaku\" width=\"300\" height=\"457\" srcset=\"https:\/\/www.visit-ulcinj.com\/blog\/wp-content\/uploads\/2009\/06\/fotoalbumi-ii-i-hartuar-nga-gazmend-citaku.jpg 300w, https:\/\/www.visit-ulcinj.com\/blog\/wp-content\/uploads\/2009\/06\/fotoalbumi-ii-i-hartuar-nga-gazmend-citaku-196x300.jpg 196w\" sizes=\"(max-width: 300px) 100vw, 300px\" \/><\/a>Midis dokumenteve dhe d\u00ebshmive<\/strong><\/p>\n<p>Ulqini nuk \u00ebsht\u00eb ai i para nj\u00eb e m\u00eb tep\u00ebr shekulli, sepse \u00ebsht\u00eb modernizuar dhe, me urbanizimin modern, ka humbur specifikat autoktone, ka humbur ve\u00e7orit\u00eb e veta me t\u00eb cilat \u00ebsht\u00eb dalluar nga qytetet tjera t\u00eb Mediteranit e Adriatikut. Sot, pra, v\u00ebrehet vet\u00ebm hija e Ulqinit t\u00eb dikursh\u00ebm, t\u00eb arkitektur\u00ebs s\u00eb tij e cila g\u00ebrshetohej me qytet\u00ebrimin ilir, romak, venedikas e otoman. Sot nuk ekzistojn\u00eb as objektet historike, bujtinat q\u00eb gjendeshin jasht\u00eb Kalas\u00eb, e as Pazari i Qytetit, tani i shtruar me kalldr\u00ebm e i rrethuar me dyqane zejtar\u00ebsh, kurse Sahat Kulla, q\u00eb ka vler\u00eb monumentale, nuk funksionon fare.<\/p>\n<p>P\u00ebr Ulqinin u thur\u00ebn shum\u00eb legjenda, u shkruan shum\u00eb vepra letrare e shkencore, pra edhe monografi, midis t\u00eb cilave b\u00ebn pjes\u00eb edhe \u201cFotoalbumi II\u201d i hartuar nga Gazmend \u00c7itaku, i cili k\u00ebt\u00eb qytet t\u00eb lasht\u00eb e trajton ndryshe nga t\u00eb gjith\u00eb t\u00eb tjer\u00ebt \u2013 p\u00ebrmes syrit magjik t\u00eb kamer\u00ebs dhe me an\u00eb t\u00eb fuqis\u00eb s\u00eb argumentit dokumentar. Autori i k\u00ebtij almanaku na ofron mund\u00ebsi q\u00eb Ulqinin ta njohim n\u00eb m\u00ebnyr\u00eb t\u00eb drejtp\u00ebrdrejt\u00eb e me shembuj konkret\u00eb, p\u00ebrkat\u00ebsisht me pamje t\u00eb fotografuara t\u00eb cilat, pos r\u00ebnd\u00ebsis\u00eb artistike dhe estetike, kan\u00eb edhe r\u00ebnd\u00ebsin\u00eb dokumentare.<\/p>\n<p>Normalisht, Ulqini nuk \u00ebsht\u00eb ai i para nj\u00eb e m\u00eb tep\u00ebr shekulli, sepse \u00ebsht\u00eb modernizuar dhe, me urbanizimin modern, ka humbur specifikat autoktone, ka humbur ve\u00e7orit\u00eb e veta me t\u00eb cilat \u00ebsht\u00eb dalluar nga qytetet e tjera t\u00eb Mediteranit e Adriatikut. Sot, pra, v\u00ebrehet vet\u00ebm hija e Ulqinit t\u00eb dikursh\u00ebm, t\u00eb arkitektur\u00ebs s\u00eb tij e cila g\u00ebrshetohej me qytet\u00ebrimin ilir, romak, venedikas e otoman. Sot nuk ekzistojn\u00eb as objektet historike, bujtinat q\u00eb gjendeshin jasht\u00eb Kalas\u00eb, e as Pazari i Qytetit, tani i shtruar me kalldr\u00ebm e i rrethuar me dyqane zejtar\u00ebsh, kurse Sahat Kulla, q\u00eb ka vler\u00eb monumentale, nuk funksionon fare. Dhe, krejt \u00e7ka ka mbetur nga Ulqini i dikursh\u00ebm, jan\u00eb fotografit\u00eb t\u00eb cilat Gazmend \u00c7itaku i mblodhi me kujdes, i sistemoi i riprojektoi n\u00eb monografin\u00eb e tij, \u201cFotoalbumi i Ulqinit II\u201d p\u00ebr t\u00eb dh\u00ebn\u00eb: \u201cJa ky ishte Ulqini autokton\u201d! P\u00ebr lasht\u00ebsin\u00eb historike t\u00eb Ulqinit, si dhe p\u00ebr specifikat e tjera t\u00eb k\u00ebtij qyteti, mund t\u00eb m\u00ebsohet nga gravurat dhe hartat nga shek. XVI e tehu, si dhe nga marina detare, pastaj nga repartet ushtarake etj. Renditen pastaj pamjet nga vet\u00eb Ulqini: Suka, Rana, P\u00ebrroi i Ran\u00ebs, Kalaja me Tophane, Moli, arkitektura e vjet\u00ebr, rrug\u00ebt, sokaqet e shtruar me kalldr\u00ebm, shat\u00ebrvan\u00ebt, xhamit\u00eb, e mbi t\u00eb gjitha, ulqinak\u00ebt me kostume komb\u00ebtare, nuset ulqinake. Jan\u00eb mjaft atraktive dhe skenat nga jeta e p\u00ebrditshme, si\u00e7 jan\u00eb ato t\u00eb grave duke endur n\u00eb tullak (vek\u00eb), pastaj duke kaf\u00ebrdisur kafen\u00eb me dollap, djegia e g\u00eblqeres, si dhe ceremonit\u00eb dasmore dhe ato mortore. Nga ky material fotografik, shquhet dokumenti i vitit 1766 me bull\u00ebn e Pap\u00ebs Clemens XIII, q\u00eb flet p\u00ebr Ulqinin, si dhe dokumentit tjet\u00ebr me bull\u00ebn e Pap\u00ebs, Piut VI. \u00cbsht\u00eb me interes edhe dokumenti i vitit 1758, i n\u00ebnshkruar nga arqipeshkvi i Durr\u00ebsit, Shkodr\u00ebs dhe Ulqinit etj. Midis dokumentev edhe d\u00ebshmive, gjendet edhe Kur\u2019ani i Halil Ag\u00ebs \u2013 Skura, si dhe Testamenti i Tul\u00eb &#8211; sulejman Katan\u00ebs, i shkruar arabisht, n\u00eb vitin 1898. \u201cFotoalbumi i dyt\u00eb i G. \u00c7itakut p\u00ebrmbyllet me pamjet impresive t\u00eb arkitektur\u00ebs s\u00eb Kalas\u00eb, por edhe t\u00eb pjes\u00ebve t\u00eb tjera t\u00eb Ulqinit, t\u00eb fotografuara nga mjeku austriak dr. Alfred Wollner, e t\u00eb p\u00ebrmbledhura n\u00eb kapitullin \u201cUrlaub in Ulqin\u201d, q\u00eb do t\u00eb thot\u00eb, pushim, udh\u00ebtim. Mu p\u00ebr k\u00ebt\u00eb, \u201cFotoalbumi II i Ulqinit\u201d, i p\u00ebrpiluar me profesionaliz\u00ebm t\u00eb lart\u00eb nga Gazmend \u00c7itaku, me plot goj\u00eb mund t\u00eb quhet edhe monografi.<\/p>\n<p>P\u00ebr Ulqinin u thur\u00ebn shum\u00eb legjenda, u shkruan shum\u00eb vepra letrare e shkencore, pra edhe monografi, midis t\u00eb cilave b\u00ebn pjes\u00eb edhe \u201cFotoalbumi II\u201d i hartuar nga Gazmend \u00c7itaku, i cili k\u00ebt\u00eb qytet t\u00eb lasht\u00eb e trajton ndryshe nga t\u00eb gjith\u00eb t\u00eb tjer\u00ebt \u2013 p\u00ebrmes syrit magjik t\u00eb kamer\u00ebs dhe me an\u00eb t\u00eb fuqis\u00eb s\u00eb argumentit dokumentar. Autori i k\u00ebtij almanaku na ofron mund\u00ebsi q\u00eb Ulqinin ta njohim n\u00eb m\u00ebnyr\u00eb t\u00eb drejtp\u00ebrdrejt\u00eb e me shembuj konkret\u00eb, p\u00ebrkat\u00ebsisht me pamje t\u00eb fotografuara t\u00eb cilat, pos r\u00ebnd\u00ebsis\u00eb artistike dhe estetike, kan\u00eb edhe r\u00ebnd\u00ebsin\u00eb dokumentare.<\/p>\n<p>Normalisht, Ulqini nuk \u00ebsht\u00eb ai i para nj\u00eb e m\u00eb tep\u00ebr shekulli, sepse \u00ebsht\u00eb modernizuar dhe, me urbanizimin modern, ka humbur specifikat autoktone, ka humbur ve\u00e7orit\u00eb e veta me t\u00eb cilat \u00ebsht\u00eb dalluar nga qytetet e tjera t\u00eb Mediteranit e Adriatikut. Sot, pra, v\u00ebrehet vet\u00ebm hija e Ulqinit t\u00eb dikursh\u00ebm, t\u00eb arkitektur\u00ebs s\u00eb tij e cila g\u00ebrshetohej me qytet\u00ebrimin ilir, romak, venedikas e otoman. Sot nuk ekzistojn\u00eb as objektet historike, bujtinat q\u00eb gjendeshin jasht\u00eb Kalas\u00eb, e as Pazari i Qytetit, tani i shtruar me kalldr\u00ebm e i rrethuar me dyqane zejtar\u00ebsh, kurse Sahat Kulla, q\u00eb ka vler\u00eb monumentale, nuk funksionon fare. Dhe, krejt \u00e7ka ka mbetur nga Ulqini i dikursh\u00ebm, jan\u00eb fotografit\u00eb t\u00eb cilat Gazmend \u00c7itaku i mblodhi me kujdes, i sistemoi i riprojektoi n\u00eb monografin\u00eb e tij, \u201cFotoalbumi i Ulqinit II\u201d p\u00ebr t\u00eb dh\u00ebn\u00eb: \u201cJa ky ishte Ulqini autokton\u201d! P\u00ebr lasht\u00ebsin\u00eb historike t\u00eb Ulqinit, si dhe p\u00ebr specifikat e tjera t\u00eb k\u00ebtij qyteti, mund t\u00eb m\u00ebsohet nga gravurat dhe hartat nga shek. XVI e tehu, si dhe nga marina detare, pastaj nga repartet ushtarake etj. Renditen pastaj pamjet nga vet\u00eb Ulqini: Suka, Rana, P\u00ebrroi i Ran\u00ebs, Kalaja me Tophane, Moli, arkitektura e vjet\u00ebr, rrug\u00ebt, sokaqet e shtruar me kalldr\u00ebm, shat\u00ebrvan\u00ebt, xhamit\u00eb, e mbi t\u00eb gjitha, ulqinak\u00ebt me kostume komb\u00ebtare, nuset ulqinake. Jan\u00eb mjaft atraktive dhe skenat nga jeta e p\u00ebrditshme, si\u00e7 jan\u00eb ato t\u00eb grave duke endur n\u00eb tullak (vek\u00eb), pastaj duke kaf\u00ebrdisur kafen\u00eb me dollap, djegia e g\u00eblqeres, si dhe ceremonit\u00eb dasmore dhe ato mortore. Nga ky material fotografik, shquhet dokumenti i vitit 1766 me bull\u00ebn e Pap\u00ebs Clemens XIII, q\u00eb flet p\u00ebr Ulqinin, si dhe dokumentit tjet\u00ebr me bull\u00ebn e Pap\u00ebs, Piut VI. \u00cbsht\u00eb me interes edhe dokumenti i vitit 1758, i n\u00ebnshkruar nga arqipeshkvi i Durr\u00ebsit, Shkodr\u00ebs dhe Ulqinit etj. Midis dokumentev edhe d\u00ebshmive, gjendet edhe Kur\u2019ani i Halil Ag\u00ebs \u2013 Skura, si dhe Testamenti i Tul\u00eb &#8211; sulejman Katan\u00ebs, i shkruar arabisht, n\u00eb vitin 1898. \u201cFotoalbumi i dyt\u00eb i G. \u00c7itakut p\u00ebrmbyllet me pamjet impresive t\u00eb arkitektur\u00ebs s\u00eb Kalas\u00eb, por edhe t\u00eb pjes\u00ebve t\u00eb tjera t\u00eb Ulqinit, t\u00eb fotografuara nga mjeku austriak dr. Alfred Wollner, e t\u00eb p\u00ebrmbledhura n\u00eb kapitullin \u201cUrlaub in Ulqin\u201d, q\u00eb do t\u00eb thot\u00eb, pushim, udh\u00ebtim. Mu p\u00ebr k\u00ebt\u00eb, \u201cFotoalbumi II i Ulqinit\u201d, i p\u00ebrpiluar me profesionaliz\u00ebm t\u00eb lart\u00eb nga Gazmend \u00c7itaku, me plot goj\u00eb mund t\u00eb quhet edhe monografi.<\/p>\n<p><strong>Mustafa Ferizi<\/p>\n<p>Koha Javore<\/strong><\/p>\n<!--YouTube Error: bad URL entered-->\n","protected":false},"excerpt":{"rendered":"<p>Midis dokumenteve dhe d\u00ebshmive Ulqini nuk \u00ebsht\u00eb ai i para nj\u00eb e m\u00eb tep\u00ebr shekulli, sepse \u00ebsht\u00eb modernizuar dhe, me urbanizimin modern, ka humbur specifikat autoktone, ka humbur ve\u00e7orit\u00eb e veta me t\u00eb cilat \u00ebsht\u00eb dalluar nga qytetet tjera t\u00eb Mediteranit e Adriatikut. Sot, pra, v\u00ebrehet vet\u00ebm hija e Ulqinit t\u00eb dikursh\u00ebm, t\u00eb arkitektur\u00ebs s\u00eb [&hellip;]<\/p>\n","protected":false},"author":1,"featured_media":0,"comment_status":"open","ping_status":"closed","sticky":false,"template":"","format":"standard","meta":{"spay_email":"","jetpack_publicize_message":"","jetpack_is_tweetstorm":false,"jetpack_publicize_feature_enabled":true},"categories":[4],"tags":[11111,11112,11110],"jetpack_publicize_connections":[],"yoast_head":"<!-- This site is optimized with the Yoast SEO plugin v19.1 - https:\/\/yoast.com\/wordpress\/plugins\/seo\/ -->\n<title>Ulqini i rr\u00ebmbyer nga koha dhe harresa - Lajme nga Ulqini<\/title>\n<meta name=\"description\" content=\"Midis dokumenteve dhe d\u00ebshmive Ulqini nuk \u00ebsht\u00eb ai i para nj\u00eb e m\u00eb tep\u00ebr shekulli, sepse \u00ebsht\u00eb modernizuar dhe, me urbanizimin modern, ka humbur\" \/>\n<meta name=\"robots\" content=\"index, follow, max-snippet:-1, max-image-preview:large, max-video-preview:-1\" \/>\n<link rel=\"canonical\" href=\"https:\/\/www.visit-ulcinj.com\/blog\/2009\/06\/09\/ulqini-i-rrembyer-nga-koha-dhe-harresa\/\" \/>\n<meta property=\"og:locale\" content=\"en_US\" \/>\n<meta property=\"og:type\" content=\"article\" \/>\n<meta property=\"og:title\" content=\"Ulqini i rr\u00ebmbyer nga koha dhe harresa - Lajme nga Ulqini\" \/>\n<meta property=\"og:description\" content=\"Midis dokumenteve dhe d\u00ebshmive Ulqini nuk \u00ebsht\u00eb ai i para nj\u00eb e m\u00eb tep\u00ebr shekulli, sepse \u00ebsht\u00eb modernizuar dhe, me urbanizimin modern, ka humbur\" \/>\n<meta property=\"og:url\" content=\"https:\/\/www.visit-ulcinj.com\/blog\/2009\/06\/09\/ulqini-i-rrembyer-nga-koha-dhe-harresa\/\" \/>\n<meta property=\"og:site_name\" content=\"Lajme nga Ulqini\" \/>\n<meta property=\"article:published_time\" content=\"2009-06-08T22:17:03+00:00\" \/>\n<meta property=\"article:modified_time\" content=\"2009-06-08T22:18:55+00:00\" \/>\n<meta property=\"og:image\" content=\"http:\/\/www.visit-ulcinj.com\/blog\/wp-content\/uploads\/2009\/06\/fotoalbumi-ii-i-hartuar-nga-gazmend-citaku.jpg\" \/>\n<meta name=\"twitter:label1\" content=\"Written by\" \/>\n\t<meta name=\"twitter:data1\" content=\"ulqini\" \/>\n\t<meta name=\"twitter:label2\" content=\"Est. reading time\" \/>\n\t<meta name=\"twitter:data2\" content=\"6 minutes\" \/>\n<script type=\"application\/ld+json\" class=\"yoast-schema-graph\">{\"@context\":\"https:\/\/schema.org\",\"@graph\":[{\"@type\":\"WebSite\",\"@id\":\"https:\/\/www.visit-ulcinj.com\/blog\/#website\",\"url\":\"https:\/\/www.visit-ulcinj.com\/blog\/\",\"name\":\"Lajme nga Ulqini\",\"description\":\"Lajme,Vijesti,Ulqini,Ulqin,Crna Gora,Mali i Zi\",\"potentialAction\":[{\"@type\":\"SearchAction\",\"target\":{\"@type\":\"EntryPoint\",\"urlTemplate\":\"https:\/\/www.visit-ulcinj.com\/blog\/?s={search_term_string}\"},\"query-input\":\"required name=search_term_string\"}],\"inLanguage\":\"en-US\"},{\"@type\":\"ImageObject\",\"inLanguage\":\"en-US\",\"@id\":\"https:\/\/www.visit-ulcinj.com\/blog\/2009\/06\/09\/ulqini-i-rrembyer-nga-koha-dhe-harresa\/#primaryimage\",\"url\":\"https:\/\/www.visit-ulcinj.com\/blog\/wp-content\/uploads\/2009\/06\/fotoalbumi-ii-i-hartuar-nga-gazmend-citaku.jpg\",\"contentUrl\":\"https:\/\/www.visit-ulcinj.com\/blog\/wp-content\/uploads\/2009\/06\/fotoalbumi-ii-i-hartuar-nga-gazmend-citaku.jpg\",\"width\":\"300\",\"height\":\"457\"},{\"@type\":\"WebPage\",\"@id\":\"https:\/\/www.visit-ulcinj.com\/blog\/2009\/06\/09\/ulqini-i-rrembyer-nga-koha-dhe-harresa\/#webpage\",\"url\":\"https:\/\/www.visit-ulcinj.com\/blog\/2009\/06\/09\/ulqini-i-rrembyer-nga-koha-dhe-harresa\/\",\"name\":\"Ulqini i rr\u00ebmbyer nga koha dhe harresa - Lajme nga Ulqini\",\"isPartOf\":{\"@id\":\"https:\/\/www.visit-ulcinj.com\/blog\/#website\"},\"primaryImageOfPage\":{\"@id\":\"https:\/\/www.visit-ulcinj.com\/blog\/2009\/06\/09\/ulqini-i-rrembyer-nga-koha-dhe-harresa\/#primaryimage\"},\"datePublished\":\"2009-06-08T22:17:03+00:00\",\"dateModified\":\"2009-06-08T22:18:55+00:00\",\"author\":{\"@id\":\"https:\/\/www.visit-ulcinj.com\/blog\/#\/schema\/person\/dcab619c614d3038751c63bc2aadc06d\"},\"description\":\"Midis dokumenteve dhe d\u00ebshmive Ulqini nuk \u00ebsht\u00eb ai i para nj\u00eb e m\u00eb tep\u00ebr shekulli, sepse \u00ebsht\u00eb modernizuar dhe, me urbanizimin modern, ka humbur\",\"breadcrumb\":{\"@id\":\"https:\/\/www.visit-ulcinj.com\/blog\/2009\/06\/09\/ulqini-i-rrembyer-nga-koha-dhe-harresa\/#breadcrumb\"},\"inLanguage\":\"en-US\",\"potentialAction\":[{\"@type\":\"ReadAction\",\"target\":[\"https:\/\/www.visit-ulcinj.com\/blog\/2009\/06\/09\/ulqini-i-rrembyer-nga-koha-dhe-harresa\/\"]}]},{\"@type\":\"BreadcrumbList\",\"@id\":\"https:\/\/www.visit-ulcinj.com\/blog\/2009\/06\/09\/ulqini-i-rrembyer-nga-koha-dhe-harresa\/#breadcrumb\",\"itemListElement\":[{\"@type\":\"ListItem\",\"position\":1,\"name\":\"Ulqini i rr\u00ebmbyer nga koha dhe harresa\"}]},{\"@type\":\"Person\",\"@id\":\"https:\/\/www.visit-ulcinj.com\/blog\/#\/schema\/person\/dcab619c614d3038751c63bc2aadc06d\",\"name\":\"ulqini\",\"sameAs\":[\"http:\/\/www.visit-ulcinj.com\"],\"url\":\"https:\/\/www.visit-ulcinj.com\/blog\/author\/admin\/\"}]}<\/script>\n<!-- \/ Yoast SEO plugin. -->","yoast_head_json":{"title":"Ulqini i rr\u00ebmbyer nga koha dhe harresa - Lajme nga Ulqini","description":"Midis dokumenteve dhe d\u00ebshmive Ulqini nuk \u00ebsht\u00eb ai i para nj\u00eb e m\u00eb tep\u00ebr shekulli, sepse \u00ebsht\u00eb modernizuar dhe, me urbanizimin modern, ka humbur","robots":{"index":"index","follow":"follow","max-snippet":"max-snippet:-1","max-image-preview":"max-image-preview:large","max-video-preview":"max-video-preview:-1"},"canonical":"https:\/\/www.visit-ulcinj.com\/blog\/2009\/06\/09\/ulqini-i-rrembyer-nga-koha-dhe-harresa\/","og_locale":"en_US","og_type":"article","og_title":"Ulqini i rr\u00ebmbyer nga koha dhe harresa - Lajme nga Ulqini","og_description":"Midis dokumenteve dhe d\u00ebshmive Ulqini nuk \u00ebsht\u00eb ai i para nj\u00eb e m\u00eb tep\u00ebr shekulli, sepse \u00ebsht\u00eb modernizuar dhe, me urbanizimin modern, ka humbur","og_url":"https:\/\/www.visit-ulcinj.com\/blog\/2009\/06\/09\/ulqini-i-rrembyer-nga-koha-dhe-harresa\/","og_site_name":"Lajme nga Ulqini","article_published_time":"2009-06-08T22:17:03+00:00","article_modified_time":"2009-06-08T22:18:55+00:00","og_image":[{"url":"http:\/\/www.visit-ulcinj.com\/blog\/wp-content\/uploads\/2009\/06\/fotoalbumi-ii-i-hartuar-nga-gazmend-citaku.jpg"}],"twitter_misc":{"Written by":"ulqini","Est. reading time":"6 minutes"},"schema":{"@context":"https:\/\/schema.org","@graph":[{"@type":"WebSite","@id":"https:\/\/www.visit-ulcinj.com\/blog\/#website","url":"https:\/\/www.visit-ulcinj.com\/blog\/","name":"Lajme nga Ulqini","description":"Lajme,Vijesti,Ulqini,Ulqin,Crna Gora,Mali i Zi","potentialAction":[{"@type":"SearchAction","target":{"@type":"EntryPoint","urlTemplate":"https:\/\/www.visit-ulcinj.com\/blog\/?s={search_term_string}"},"query-input":"required name=search_term_string"}],"inLanguage":"en-US"},{"@type":"ImageObject","inLanguage":"en-US","@id":"https:\/\/www.visit-ulcinj.com\/blog\/2009\/06\/09\/ulqini-i-rrembyer-nga-koha-dhe-harresa\/#primaryimage","url":"https:\/\/www.visit-ulcinj.com\/blog\/wp-content\/uploads\/2009\/06\/fotoalbumi-ii-i-hartuar-nga-gazmend-citaku.jpg","contentUrl":"https:\/\/www.visit-ulcinj.com\/blog\/wp-content\/uploads\/2009\/06\/fotoalbumi-ii-i-hartuar-nga-gazmend-citaku.jpg","width":"300","height":"457"},{"@type":"WebPage","@id":"https:\/\/www.visit-ulcinj.com\/blog\/2009\/06\/09\/ulqini-i-rrembyer-nga-koha-dhe-harresa\/#webpage","url":"https:\/\/www.visit-ulcinj.com\/blog\/2009\/06\/09\/ulqini-i-rrembyer-nga-koha-dhe-harresa\/","name":"Ulqini i rr\u00ebmbyer nga koha dhe harresa - Lajme nga Ulqini","isPartOf":{"@id":"https:\/\/www.visit-ulcinj.com\/blog\/#website"},"primaryImageOfPage":{"@id":"https:\/\/www.visit-ulcinj.com\/blog\/2009\/06\/09\/ulqini-i-rrembyer-nga-koha-dhe-harresa\/#primaryimage"},"datePublished":"2009-06-08T22:17:03+00:00","dateModified":"2009-06-08T22:18:55+00:00","author":{"@id":"https:\/\/www.visit-ulcinj.com\/blog\/#\/schema\/person\/dcab619c614d3038751c63bc2aadc06d"},"description":"Midis dokumenteve dhe d\u00ebshmive Ulqini nuk \u00ebsht\u00eb ai i para nj\u00eb e m\u00eb tep\u00ebr shekulli, sepse \u00ebsht\u00eb modernizuar dhe, me urbanizimin modern, ka humbur","breadcrumb":{"@id":"https:\/\/www.visit-ulcinj.com\/blog\/2009\/06\/09\/ulqini-i-rrembyer-nga-koha-dhe-harresa\/#breadcrumb"},"inLanguage":"en-US","potentialAction":[{"@type":"ReadAction","target":["https:\/\/www.visit-ulcinj.com\/blog\/2009\/06\/09\/ulqini-i-rrembyer-nga-koha-dhe-harresa\/"]}]},{"@type":"BreadcrumbList","@id":"https:\/\/www.visit-ulcinj.com\/blog\/2009\/06\/09\/ulqini-i-rrembyer-nga-koha-dhe-harresa\/#breadcrumb","itemListElement":[{"@type":"ListItem","position":1,"name":"Ulqini i rr\u00ebmbyer nga koha dhe harresa"}]},{"@type":"Person","@id":"https:\/\/www.visit-ulcinj.com\/blog\/#\/schema\/person\/dcab619c614d3038751c63bc2aadc06d","name":"ulqini","sameAs":["http:\/\/www.visit-ulcinj.com"],"url":"https:\/\/www.visit-ulcinj.com\/blog\/author\/admin\/"}]}},"jetpack_featured_media_url":"","jetpack_sharing_enabled":true,"jetpack_shortlink":"https:\/\/wp.me\/pe6lTn-5US","_links":{"self":[{"href":"https:\/\/www.visit-ulcinj.com\/blog\/wp-json\/wp\/v2\/posts\/22746"}],"collection":[{"href":"https:\/\/www.visit-ulcinj.com\/blog\/wp-json\/wp\/v2\/posts"}],"about":[{"href":"https:\/\/www.visit-ulcinj.com\/blog\/wp-json\/wp\/v2\/types\/post"}],"author":[{"embeddable":true,"href":"https:\/\/www.visit-ulcinj.com\/blog\/wp-json\/wp\/v2\/users\/1"}],"replies":[{"embeddable":true,"href":"https:\/\/www.visit-ulcinj.com\/blog\/wp-json\/wp\/v2\/comments?post=22746"}],"version-history":[{"count":0,"href":"https:\/\/www.visit-ulcinj.com\/blog\/wp-json\/wp\/v2\/posts\/22746\/revisions"}],"wp:attachment":[{"href":"https:\/\/www.visit-ulcinj.com\/blog\/wp-json\/wp\/v2\/media?parent=22746"}],"wp:term":[{"taxonomy":"category","embeddable":true,"href":"https:\/\/www.visit-ulcinj.com\/blog\/wp-json\/wp\/v2\/categories?post=22746"},{"taxonomy":"post_tag","embeddable":true,"href":"https:\/\/www.visit-ulcinj.com\/blog\/wp-json\/wp\/v2\/tags?post=22746"}],"curies":[{"name":"wp","href":"https:\/\/api.w.org\/{rel}","templated":true}]}}