{"id":22764,"date":"2009-06-09T12:11:24","date_gmt":"2009-06-09T10:11:24","guid":{"rendered":"http:\/\/www.visit-ulcinj.com\/blog\/?p=22764"},"modified":"2009-06-09T12:11:24","modified_gmt":"2009-06-09T10:11:24","slug":"iz-turistickog-saveza-kosova-predvidaju-dobru-sezonu-u-ulcinju","status":"publish","type":"post","link":"https:\/\/www.visit-ulcinj.com\/blog\/2009\/06\/09\/iz-turistickog-saveza-kosova-predvidaju-dobru-sezonu-u-ulcinju\/","title":{"rendered":"Iz Turisti?kog Saveza Kosova predvi?aju dobru sezonu u Ulcinju"},"content":{"rendered":"<p><strong><a href=\"http:\/\/www.visit-ulcinj.com\/blog\/wp-content\/uploads\/2009\/06\/direktor-turistickog-saveza-kosova-skeljzen-rizaj.jpg\"><img loading=\"lazy\" class=\"alignleft size-full wp-image-22765\" title=\"direktor-turistickog-saveza-kosova-skeljzen-rizaj\" src=\"http:\/\/www.visit-ulcinj.com\/blog\/wp-content\/uploads\/2009\/06\/direktor-turistickog-saveza-kosova-skeljzen-rizaj.jpg\" alt=\"direktor-turistickog-saveza-kosova-skeljzen-rizaj\" width=\"363\" height=\"237\" \/><\/a>Gostoprimstvo se ne zaboravlja<\/strong><br \/>\nUlcinj &#8211; Direktor Turisti?kog saveza Kosova \u0160keljzen Rizaj najavio je ve?u posjetu turista sa Kosova u odnosu na ranije, procijeniv\u0161i da ?e ove sezone oni u Crnoj Gori ostvariti izme?u 1,6 i 1,8 miliona no?enja.<br \/>\n\u201cCrnogorsko priznanje nezavisnosti Kosova, novi put od Morine do Dra?a, otvaranje avio-linije Podgorica-Pri\u0161tina i kvalitetnija prezentacija turisti?kog proizvoda reflektova?e se pozitivno na narednu turisti?ku sezonu u Crnoj Gori, a posebno u Ulcinju\u201d, ocijenio je Rizaj u razgovoru za \u201cVijesti\u201d.<br \/>\nOn je podsjetio da je prije dvije godine oko 200 hiljada Kosovara u Crnoj Gori, mahom u Ulcinju, ostvarilo 2 miliona no?enja a da je lani posjeta bila slabija za 30 do 40 odsto.<br \/>\n\u201cOve godine ponovo o?ekujemo rast, uprkos ekonomskoj krizi i ?injenici da veliki dio Kosovara i dalje \u017eivi od pomo?i ro?aka iz inostranstva\u201d, kazao je Rizaj.<br \/>\nOn optimisti?ke procjene, prije svega, zasniva na politi?koj relaksaciji koju je donijelo priznanje Kosova.<br \/>\n\u201cLani je veliki broj turista sa Kosova bio pod jakim pritiskom zlonamjernika koji su imali agresivnu kampanju lobiraju?i za Albaniju i upozoravaju?i da ne treba i?i u Crnu Goru koja nije priznala Kosovo. Ove godine tog pritiska nema, ali se ne\u0161to sli?no sada de\u0161ava u Srbiji gdje su ljudi ljuti zbog crnogorskog priznavanja nezavisnosti Kosova. Balkanci su taoci raznih ostra\u0161?enih politika i zato na ljetovanje ne idu tamo gdje im je ljep\u0161e, nego kod onih prema kojima gaje simpatije\u201d, kazao je Rizaj.<br \/>\nOn je ocijenio da je nedavni sajam turizma u Pri\u0161tini potvrdio opredjeljenje Crne Gore da se bori za svakog turistu.<br \/>\n\u201cPoslije nekoliko godina, u Pri\u0161tini je opet boravio ministar turizma Predrag Nenezi?, \u0161to zna?i da su u Crnoj Gori ozbiljno shvatili sajam. Osim toga, crnogorska delegacija imala je prijatnih osvje\u017eenja u svojnoj ponudi poput spotova Nacionalne turisti?ke organizacije koji se vrte u udarnim terminima na svim televizijskim stanicama i velikih bilborda u svim gradovima sa motivima prelijepe obale\u201d, kazao je Rizaj dodaju?i da ?e jeftine avio karte na relaciji Podgorica-Pri\u0161tina rasteretiti drumski saobra?aj u Crnoj Gori.<br \/>\nOn je istakao da su sve to razlozi zbog kojih ?e Kosovari opet masovno do?i u Ulcinj i izrazio ?vrsto uvjerenje da ?e i kosovska dijaspora ostati vjerna crnogorskoj rivijeri.<br \/>\n\u201cTako je bilo lani, tako ?e biti i ove sezone a osim dijaspore, u Crnoj Gori o?ekujemo i dobar dio Kosovara koji su pro\u0161le godine ljetovali u Albaniji, iako su tamo cijene znatno ni\u017ee. Ne zaboravlja se lako gostoprimstvo ulcinjskog naroda i korektnost policije koja je na\u0161e voza?e, umjesto ka\u017enjavanja, uglavnom upozoravala na kr\u0161enje saobra?ajnih propisa\u201d, kazao je Rizaj izraziv\u0161i uvjerenje da ?e policija Crne Gore i ove godine odr\u017eati bezbjednost na najvi\u0161em nivou \u201c\u0161to je od izuzetnog zna?aja za turistu sa Kosova\u201d.<br \/>\nOn je upozorio na eventulane negativne posljedice zbog odluke da na snazi ostanu ekolo\u0161ke takse, navode?i da su to visoki tro\u0161kovi za turiste slabije plate\u017ene mo?i.<br \/>\nOsvr?u?i se na kvalitet turisti?kih kapaciteta, on je ocijenio \u201cda je \u017ealosno \u0161to ulcinjski turizam tapka u mjestu\u201d.<br \/>\n\u201cRanije smo u Ulcinju imali lijepe hotele, ali smo punili i ku?e. Sada tih hotela nema ili nijesu kvalitetni, ne ra?unaju?i Otrant i neke manje hotele dok je ponuda u privatnom smje\u0161taju na znatno vi\u0161em nivou. Zbog toga imamo svojevrsan disbalans u ponudi koji ?e predstavljati problem za ovu i vjerovatno narednu sezonu\u201d, ocijenio je Rizaj.<\/p>\n<p><strong>Bolje u Ulcinj, nego u Albaniju<\/strong><\/p>\n<p>Rizaj je ocijenio da masovni izostanak Kosovara ne bi mnogo pogodio Albaniju.<br \/>\n\u201cPro\u0161le godine, Albanija je od turizma prihodovala milijardu dolara, dok su njeni gra?ani u inostranstvu istovremeno potro\u0161ili milijardu i po. Njena ju\u017ena obala sve je vi\u0161e atraktivna za Makedonce, Grke, Italijane, ali i za Srbe. Zna?ajniji odliv Kosovara ne bi pogodio Albaniju, ali bi Ulcinj, koji posebno ove sezone o?ekuje ve?i dolazak Kosovara i Sand\u017eaklija\u201d, kazao je Rizaj.<\/p>\n<p><strong>S.A.<br \/>\n<a href=\"http:\/\/www.vijesti.cg.yu\/index.php?id_pre=306885&amp;godina=2009\" target=\"_blank\">Vijesti<\/a><\/strong><\/p>\n<div><object width=\"580\" height=\"405\"><param name=\"movie\" value=\"http:\/\/www.dailymotion.com\/swf\/x1yc78_copacabana-ulqiniulcinj_ads&#038;autoPlay=1&#038;related=1\"><\/param><param name=\"allowFullScreen\" value=\"true\"><\/param><param name=\"allowScriptAccess\" value=\"always\"><\/param><\/object><br \/><b><\/p>\n","protected":false},"excerpt":{"rendered":"<p>Gostoprimstvo se ne zaboravlja Ulcinj &#8211; Direktor Turisti?kog saveza Kosova \u0160keljzen Rizaj najavio je ve?u posjetu turista sa Kosova u odnosu na ranije, procijeniv\u0161i da ?e ove sezone oni u Crnoj Gori ostvariti izme?u 1,6 i 1,8 miliona no?enja. \u201cCrnogorsko priznanje nezavisnosti Kosova, novi put od Morine do Dra?a, otvaranje avio-linije Podgorica-Pri\u0161tina i kvalitetnija prezentacija [&hellip;]<\/p>\n","protected":false},"author":1,"featured_media":0,"comment_status":"open","ping_status":"closed","sticky":false,"template":"","format":"standard","meta":{"spay_email":"","jetpack_publicize_message":"","jetpack_is_tweetstorm":false,"jetpack_publicize_feature_enabled":true},"categories":[8337],"tags":[11120,11122,11121,2781],"jetpack_publicize_connections":[],"yoast_head":"<!-- This site is optimized with the Yoast SEO plugin v19.1 - https:\/\/yoast.com\/wordpress\/plugins\/seo\/ -->\n<title>Iz Turisti?kog Saveza Kosova predvi?aju dobru sezonu u Ulcinju - Lajme nga Ulqini<\/title>\n<meta name=\"description\" content=\"Gostoprimstvo se ne zaboravlja Ulcinj - Direktor Turisti?kog saveza Kosova \u0160keljzen Rizaj najavio je ve?u posjetu turista sa Kosova u odnosu na ranije,\" \/>\n<meta name=\"robots\" content=\"index, follow, max-snippet:-1, max-image-preview:large, max-video-preview:-1\" \/>\n<link rel=\"canonical\" href=\"https:\/\/www.visit-ulcinj.com\/blog\/2009\/06\/09\/iz-turistickog-saveza-kosova-predvidaju-dobru-sezonu-u-ulcinju\/\" \/>\n<meta property=\"og:locale\" content=\"en_US\" \/>\n<meta property=\"og:type\" content=\"article\" \/>\n<meta property=\"og:title\" content=\"Iz Turisti?kog Saveza Kosova predvi?aju dobru sezonu u Ulcinju - Lajme nga Ulqini\" \/>\n<meta property=\"og:description\" content=\"Gostoprimstvo se ne zaboravlja Ulcinj - Direktor Turisti?kog saveza Kosova \u0160keljzen Rizaj najavio je ve?u posjetu turista sa Kosova u odnosu na ranije,\" \/>\n<meta property=\"og:url\" content=\"https:\/\/www.visit-ulcinj.com\/blog\/2009\/06\/09\/iz-turistickog-saveza-kosova-predvidaju-dobru-sezonu-u-ulcinju\/\" \/>\n<meta property=\"og:site_name\" content=\"Lajme nga Ulqini\" \/>\n<meta property=\"article:published_time\" content=\"2009-06-09T10:11:24+00:00\" \/>\n<meta property=\"og:image\" content=\"http:\/\/www.visit-ulcinj.com\/blog\/wp-content\/uploads\/2009\/06\/direktor-turistickog-saveza-kosova-skeljzen-rizaj.jpg\" \/>\n<meta name=\"twitter:label1\" content=\"Written by\" \/>\n\t<meta name=\"twitter:data1\" content=\"ulqini\" \/>\n\t<meta name=\"twitter:label2\" content=\"Est. reading time\" \/>\n\t<meta name=\"twitter:data2\" content=\"3 minutes\" \/>\n<script type=\"application\/ld+json\" class=\"yoast-schema-graph\">{\"@context\":\"https:\/\/schema.org\",\"@graph\":[{\"@type\":\"WebSite\",\"@id\":\"https:\/\/www.visit-ulcinj.com\/blog\/#website\",\"url\":\"https:\/\/www.visit-ulcinj.com\/blog\/\",\"name\":\"Lajme nga Ulqini\",\"description\":\"Lajme,Vijesti,Ulqini,Ulqin,Crna Gora,Mali i Zi\",\"potentialAction\":[{\"@type\":\"SearchAction\",\"target\":{\"@type\":\"EntryPoint\",\"urlTemplate\":\"https:\/\/www.visit-ulcinj.com\/blog\/?s={search_term_string}\"},\"query-input\":\"required name=search_term_string\"}],\"inLanguage\":\"en-US\"},{\"@type\":\"ImageObject\",\"inLanguage\":\"en-US\",\"@id\":\"https:\/\/www.visit-ulcinj.com\/blog\/2009\/06\/09\/iz-turistickog-saveza-kosova-predvidaju-dobru-sezonu-u-ulcinju\/#primaryimage\",\"url\":\"https:\/\/www.visit-ulcinj.com\/blog\/wp-content\/uploads\/2009\/06\/direktor-turistickog-saveza-kosova-skeljzen-rizaj.jpg\",\"contentUrl\":\"https:\/\/www.visit-ulcinj.com\/blog\/wp-content\/uploads\/2009\/06\/direktor-turistickog-saveza-kosova-skeljzen-rizaj.jpg\",\"width\":\"290\",\"height\":\"190\"},{\"@type\":\"WebPage\",\"@id\":\"https:\/\/www.visit-ulcinj.com\/blog\/2009\/06\/09\/iz-turistickog-saveza-kosova-predvidaju-dobru-sezonu-u-ulcinju\/#webpage\",\"url\":\"https:\/\/www.visit-ulcinj.com\/blog\/2009\/06\/09\/iz-turistickog-saveza-kosova-predvidaju-dobru-sezonu-u-ulcinju\/\",\"name\":\"Iz Turisti?kog Saveza Kosova predvi?aju dobru sezonu u Ulcinju - Lajme nga Ulqini\",\"isPartOf\":{\"@id\":\"https:\/\/www.visit-ulcinj.com\/blog\/#website\"},\"primaryImageOfPage\":{\"@id\":\"https:\/\/www.visit-ulcinj.com\/blog\/2009\/06\/09\/iz-turistickog-saveza-kosova-predvidaju-dobru-sezonu-u-ulcinju\/#primaryimage\"},\"datePublished\":\"2009-06-09T10:11:24+00:00\",\"dateModified\":\"2009-06-09T10:11:24+00:00\",\"author\":{\"@id\":\"https:\/\/www.visit-ulcinj.com\/blog\/#\/schema\/person\/dcab619c614d3038751c63bc2aadc06d\"},\"description\":\"Gostoprimstvo se ne zaboravlja Ulcinj - Direktor Turisti?kog saveza Kosova \u0160keljzen Rizaj najavio je ve?u posjetu turista sa Kosova u odnosu na ranije,\",\"breadcrumb\":{\"@id\":\"https:\/\/www.visit-ulcinj.com\/blog\/2009\/06\/09\/iz-turistickog-saveza-kosova-predvidaju-dobru-sezonu-u-ulcinju\/#breadcrumb\"},\"inLanguage\":\"en-US\",\"potentialAction\":[{\"@type\":\"ReadAction\",\"target\":[\"https:\/\/www.visit-ulcinj.com\/blog\/2009\/06\/09\/iz-turistickog-saveza-kosova-predvidaju-dobru-sezonu-u-ulcinju\/\"]}]},{\"@type\":\"BreadcrumbList\",\"@id\":\"https:\/\/www.visit-ulcinj.com\/blog\/2009\/06\/09\/iz-turistickog-saveza-kosova-predvidaju-dobru-sezonu-u-ulcinju\/#breadcrumb\",\"itemListElement\":[{\"@type\":\"ListItem\",\"position\":1,\"name\":\"Iz Turisti?kog Saveza Kosova predvi?aju dobru sezonu u Ulcinju\"}]},{\"@type\":\"Person\",\"@id\":\"https:\/\/www.visit-ulcinj.com\/blog\/#\/schema\/person\/dcab619c614d3038751c63bc2aadc06d\",\"name\":\"ulqini\",\"sameAs\":[\"http:\/\/www.visit-ulcinj.com\"],\"url\":\"https:\/\/www.visit-ulcinj.com\/blog\/author\/admin\/\"}]}<\/script>\n<!-- \/ Yoast SEO plugin. -->","yoast_head_json":{"title":"Iz Turisti?kog Saveza Kosova predvi?aju dobru sezonu u Ulcinju - Lajme nga Ulqini","description":"Gostoprimstvo se ne zaboravlja Ulcinj - Direktor Turisti?kog saveza Kosova \u0160keljzen Rizaj najavio je ve?u posjetu turista sa Kosova u odnosu na ranije,","robots":{"index":"index","follow":"follow","max-snippet":"max-snippet:-1","max-image-preview":"max-image-preview:large","max-video-preview":"max-video-preview:-1"},"canonical":"https:\/\/www.visit-ulcinj.com\/blog\/2009\/06\/09\/iz-turistickog-saveza-kosova-predvidaju-dobru-sezonu-u-ulcinju\/","og_locale":"en_US","og_type":"article","og_title":"Iz Turisti?kog Saveza Kosova predvi?aju dobru sezonu u Ulcinju - Lajme nga Ulqini","og_description":"Gostoprimstvo se ne zaboravlja Ulcinj - Direktor Turisti?kog saveza Kosova \u0160keljzen Rizaj najavio je ve?u posjetu turista sa Kosova u odnosu na ranije,","og_url":"https:\/\/www.visit-ulcinj.com\/blog\/2009\/06\/09\/iz-turistickog-saveza-kosova-predvidaju-dobru-sezonu-u-ulcinju\/","og_site_name":"Lajme nga Ulqini","article_published_time":"2009-06-09T10:11:24+00:00","og_image":[{"url":"http:\/\/www.visit-ulcinj.com\/blog\/wp-content\/uploads\/2009\/06\/direktor-turistickog-saveza-kosova-skeljzen-rizaj.jpg"}],"twitter_misc":{"Written by":"ulqini","Est. reading time":"3 minutes"},"schema":{"@context":"https:\/\/schema.org","@graph":[{"@type":"WebSite","@id":"https:\/\/www.visit-ulcinj.com\/blog\/#website","url":"https:\/\/www.visit-ulcinj.com\/blog\/","name":"Lajme nga Ulqini","description":"Lajme,Vijesti,Ulqini,Ulqin,Crna Gora,Mali i Zi","potentialAction":[{"@type":"SearchAction","target":{"@type":"EntryPoint","urlTemplate":"https:\/\/www.visit-ulcinj.com\/blog\/?s={search_term_string}"},"query-input":"required name=search_term_string"}],"inLanguage":"en-US"},{"@type":"ImageObject","inLanguage":"en-US","@id":"https:\/\/www.visit-ulcinj.com\/blog\/2009\/06\/09\/iz-turistickog-saveza-kosova-predvidaju-dobru-sezonu-u-ulcinju\/#primaryimage","url":"https:\/\/www.visit-ulcinj.com\/blog\/wp-content\/uploads\/2009\/06\/direktor-turistickog-saveza-kosova-skeljzen-rizaj.jpg","contentUrl":"https:\/\/www.visit-ulcinj.com\/blog\/wp-content\/uploads\/2009\/06\/direktor-turistickog-saveza-kosova-skeljzen-rizaj.jpg","width":"290","height":"190"},{"@type":"WebPage","@id":"https:\/\/www.visit-ulcinj.com\/blog\/2009\/06\/09\/iz-turistickog-saveza-kosova-predvidaju-dobru-sezonu-u-ulcinju\/#webpage","url":"https:\/\/www.visit-ulcinj.com\/blog\/2009\/06\/09\/iz-turistickog-saveza-kosova-predvidaju-dobru-sezonu-u-ulcinju\/","name":"Iz Turisti?kog Saveza Kosova predvi?aju dobru sezonu u Ulcinju - Lajme nga Ulqini","isPartOf":{"@id":"https:\/\/www.visit-ulcinj.com\/blog\/#website"},"primaryImageOfPage":{"@id":"https:\/\/www.visit-ulcinj.com\/blog\/2009\/06\/09\/iz-turistickog-saveza-kosova-predvidaju-dobru-sezonu-u-ulcinju\/#primaryimage"},"datePublished":"2009-06-09T10:11:24+00:00","dateModified":"2009-06-09T10:11:24+00:00","author":{"@id":"https:\/\/www.visit-ulcinj.com\/blog\/#\/schema\/person\/dcab619c614d3038751c63bc2aadc06d"},"description":"Gostoprimstvo se ne zaboravlja Ulcinj - Direktor Turisti?kog saveza Kosova \u0160keljzen Rizaj najavio je ve?u posjetu turista sa Kosova u odnosu na ranije,","breadcrumb":{"@id":"https:\/\/www.visit-ulcinj.com\/blog\/2009\/06\/09\/iz-turistickog-saveza-kosova-predvidaju-dobru-sezonu-u-ulcinju\/#breadcrumb"},"inLanguage":"en-US","potentialAction":[{"@type":"ReadAction","target":["https:\/\/www.visit-ulcinj.com\/blog\/2009\/06\/09\/iz-turistickog-saveza-kosova-predvidaju-dobru-sezonu-u-ulcinju\/"]}]},{"@type":"BreadcrumbList","@id":"https:\/\/www.visit-ulcinj.com\/blog\/2009\/06\/09\/iz-turistickog-saveza-kosova-predvidaju-dobru-sezonu-u-ulcinju\/#breadcrumb","itemListElement":[{"@type":"ListItem","position":1,"name":"Iz Turisti?kog Saveza Kosova predvi?aju dobru sezonu u Ulcinju"}]},{"@type":"Person","@id":"https:\/\/www.visit-ulcinj.com\/blog\/#\/schema\/person\/dcab619c614d3038751c63bc2aadc06d","name":"ulqini","sameAs":["http:\/\/www.visit-ulcinj.com"],"url":"https:\/\/www.visit-ulcinj.com\/blog\/author\/admin\/"}]}},"jetpack_featured_media_url":"","jetpack_sharing_enabled":true,"jetpack_shortlink":"https:\/\/wp.me\/pe6lTn-5Va","_links":{"self":[{"href":"https:\/\/www.visit-ulcinj.com\/blog\/wp-json\/wp\/v2\/posts\/22764"}],"collection":[{"href":"https:\/\/www.visit-ulcinj.com\/blog\/wp-json\/wp\/v2\/posts"}],"about":[{"href":"https:\/\/www.visit-ulcinj.com\/blog\/wp-json\/wp\/v2\/types\/post"}],"author":[{"embeddable":true,"href":"https:\/\/www.visit-ulcinj.com\/blog\/wp-json\/wp\/v2\/users\/1"}],"replies":[{"embeddable":true,"href":"https:\/\/www.visit-ulcinj.com\/blog\/wp-json\/wp\/v2\/comments?post=22764"}],"version-history":[{"count":0,"href":"https:\/\/www.visit-ulcinj.com\/blog\/wp-json\/wp\/v2\/posts\/22764\/revisions"}],"wp:attachment":[{"href":"https:\/\/www.visit-ulcinj.com\/blog\/wp-json\/wp\/v2\/media?parent=22764"}],"wp:term":[{"taxonomy":"category","embeddable":true,"href":"https:\/\/www.visit-ulcinj.com\/blog\/wp-json\/wp\/v2\/categories?post=22764"},{"taxonomy":"post_tag","embeddable":true,"href":"https:\/\/www.visit-ulcinj.com\/blog\/wp-json\/wp\/v2\/tags?post=22764"}],"curies":[{"name":"wp","href":"https:\/\/api.w.org\/{rel}","templated":true}]}}