{"id":228,"date":"2008-01-21T13:37:49","date_gmt":"2008-01-21T18:37:49","guid":{"rendered":"http:\/\/www.visit-ulcinj.com\/blog\/2008\/01\/21\/interviste-me-shefin-e-misionit-te-kombeve-te-bashkuara-ne-kosove-joachim-ruecker\/"},"modified":"2008-02-12T19:08:14","modified_gmt":"2008-02-13T00:08:14","slug":"interviste-me-shefin-e-misionit-te-kombeve-te-bashkuara-ne-kosove-joachim-ruecker","status":"publish","type":"post","link":"https:\/\/www.visit-ulcinj.com\/blog\/2008\/01\/21\/interviste-me-shefin-e-misionit-te-kombeve-te-bashkuara-ne-kosove-joachim-ruecker\/","title":{"rendered":"Intervist\u00eb me shefin e misionit t\u00eb kombeve t\u00eb bashkuara n\u00eb kosov\u00eb, Joachim Ruecker"},"content":{"rendered":"<p><span style=\"font-family: Times New Roman\"><font face=\"Arial, Helvetica, sans-serif\" size=\"5\"><strong>Kosova, gati p\u00ebr t`u b\u00ebr\u00eb  shtet<\/strong><\/font><\/span><\/p>\n<p><img loading=\"lazy\" src=\"http:\/\/www.lobi.com.mk\/WBStorage\/Articles\/015C35E317DC064EB851DB66FF6058FC.jpg\" align=\"left\" height=\"162\" hspace=\"2\" vspace=\"2\" width=\"200\" \/>Nuk do t\u00eb ket\u00eb ndarje t\u00eb Kosov\u00ebs dhe UNMIK-u apo KFOR-i jan\u00eb t\u00ebr\u00ebsisht t\u00eb p\u00ebrkushtuar n\u00eb k\u00ebto parime.<br \/>\nZoti Ruecker, Ju prezantuat raportin tuaj p\u00ebr Kosov\u00ebn para K\u00ebshillit t\u00eb Sigurimit t\u00eb Kombeve t\u00eb Bashkuara ?<br \/>\nRaporti \u00ebsht\u00eb nj\u00eb dokument publik, nj\u00eb raport teknik mbi p\u00ebrmbushjen e standardeve dhe mbi t\u00eb natyrisht,<!--more--> \u00ebsht\u00eb raporti politik i Sekretarit t\u00eb P\u00ebrgjithsh\u00ebm t\u00eb OKB-s\u00eb mbi pun\u00ebn e UNMIK-ut. Mesazhi kryesor ka t\u00eb b\u00ebj\u00eb me p\u00ebrparimet q\u00eb ne kemi arritur n\u00eb rrafshin e p\u00ebrmbushjes s\u00eb standardeve, se gj\u00ebrat jan\u00eb n\u00eb binar\u00eb dhe gjithashtu, p\u00ebrmban dhe mesazhin kryesor se UNMIK-u ka arritur at\u00eb q\u00eb \u00ebsht\u00eb e arritshme, duke pasur parasysh rrethanat. P\u00ebrparimi i m\u00ebtejsh\u00ebm tani varet nga statusi.<\/p>\n<p>A do t\u00eb p\u00ebrmendet \u00e7\u00ebshtja e statusit n\u00eb k\u00ebt\u00eb raport?<br \/>\nN\u00eb at\u00eb m\u00ebnyr\u00eb si\u00e7 e ka p\u00ebrmendur Sekretari i P\u00ebrgjithsh\u00ebm, n\u00eb raportin e t\u00eb cilit thuhet se na duhet zgjidhja e statusit urgjentisht. K\u00ebshtu, natyrisht, mendojm\u00eb edhe ne n\u00eb UNMIK. P\u00ebrparimi i m\u00ebtejsh\u00ebm n\u00eb p\u00ebrmbushjen e standardeve varet nga statusi n\u00eb shum\u00eb, shum\u00eb m\u00ebnyra. Kjo \u00ebsht\u00eb pra situata n\u00eb terren dhe k\u00ebt\u00eb duhet ta raportojm\u00eb.<\/p>\n<p>Debatet mbi statusin e Kosov\u00ebs tani jan\u00eb p\u00ebrqendruar n\u00eb at\u00eb q\u00eb tash njihet si deklarat\u00eb e koordinuar e pavar\u00ebsis\u00eb. Prishtina ka dh\u00ebn\u00eb shenja se shpallja e k\u00ebsaj deklarate \u00ebsht\u00eb \u00e7\u00ebshtje jav\u00ebsh. Kur mendoni se mund t\u00eb ndodh\u00eb kjo dhe n\u00eb \u00e7far\u00eb rrethanash?<br \/>\nJu e dini se ne s`jemi t\u00eb mandatuar t\u00eb komentojm\u00eb p\u00ebrmbajtjen e statusit dhe as q\u00eb jemi t\u00eb mandatuar t\u00eb p\u00ebrshkruajm\u00eb se si do t\u00eb ndodh\u00eb ky proces. Kjo natyrisht i takon komunitetit nd\u00ebrkomb\u00ebtar dhe atyre q\u00eb jan\u00eb t\u00eb angazhuar n\u00eb procesin e statusit. Megjithat\u00eb, ne kemi mandat p\u00ebr t\u00eb ndihmuar procesin e statusit dhe n\u00eb k\u00ebt\u00eb kuad\u00ebr, shpresoj se ky proces do t\u00eb p\u00ebrmbyllet shum\u00eb shpejt. N\u00eb k\u00ebt\u00eb drejtim, disa kan\u00eb t\u00ebrhequr v\u00ebrejtjen se Kosova ka hyr\u00eb n\u00eb nj\u00eb periudh\u00eb sfidash, duke marr\u00eb parasysh kund\u00ebrshtimin e zyrtar\u00ebve serb\u00eb n\u00eb raport me deklarat\u00ebn e pavar\u00ebsis\u00eb.<\/p>\n<p>Ju keni kontakte t\u00eb vazhdueshme me udh\u00ebheq\u00ebsit shqiptar\u00eb dhe serb\u00eb, cili \u00ebsht\u00eb mendimi juaj?<br \/>\nUn\u00eb mendoj se duhet t\u00eb shikojm\u00eb ngjarjet q\u00eb kan\u00eb ndodhur jav\u00ebt e fundit. Treshja Nd\u00ebrkomb\u00ebtare i ka dh\u00ebn\u00eb fund periudh\u00ebs s\u00eb angazhimit t\u00eb saj pa ndonj\u00eb rezultat, NATO-ja tashm\u00eb ka deklaruar se do t\u00eb mbetet e angazhuar n\u00eb Kosov\u00eb, K\u00ebshilli Evropian ka shpallur gatishm\u00ebrin\u00eb e Bashkimit Evropian p\u00ebr t\u00eb vendosur misionin dhe p\u00ebr t`i kontribuuar Zyr\u00ebs Civile Nd\u00ebrkomb\u00ebtare. Kemi par\u00eb gjithashtu edhe takimin e K\u00ebshillit t\u00eb Sigurimit m\u00eb 19 dhjetor, i cili p\u00ebrfundoi pa ndonj\u00eb rezultat mbi k\u00ebt\u00eb \u00e7\u00ebshtje. Prandaj, mendoj se komuniteti nd\u00ebrkomb\u00ebtar do t\u00eb niset prej k\u00ebtyre ngjarjeve, por nuk \u00ebsht\u00eb UNMIK-u ai q\u00eb mund ta p\u00ebrshkruaj\u00eb se si do t\u00eb ndodh\u00eb. Derisa Misioni i Kombeve t\u00eb Bashkuara p\u00ebrgatitet p\u00ebr t`u larguar nga Kosova, nj\u00eb prej sfidave m\u00eb t\u00eb m\u00ebdha q\u00eb prej ardhjes s\u00eb k\u00ebtij misioni m\u00eb shum\u00eb se 8 vjet m\u00eb par\u00eb, mbetet integrimi i Mitrovic\u00ebs dhe i Veriut n\u00eb p\u00ebrgjith\u00ebsi.<\/p>\n<p>Pse ky problem \u00ebsht\u00eb ende i gjall\u00eb, kush \u00ebsht\u00eb p\u00ebrgjegj\u00ebs?<br \/>\nMendoj se, n\u00ebse m\u00eb lejoni, nuk mund ta adresojm\u00eb k\u00ebt\u00eb \u00e7\u00ebshtje n\u00eb nj\u00eb form\u00eb aq t\u00eb p\u00ebrgjithshme. Duhet t\u00eb shikojm\u00eb, natyrisht, edhe faktin se UNMIK-u, KFOR-i dhe institucionet e p\u00ebrkohshme kan\u00eb mandat mbi t\u00ebr\u00eb Kosov\u00ebn. Ka pasur nj\u00eb num\u00ebr hapash, gjat\u00eb t\u00eb cilave kjo \u00e7\u00ebshtje \u00ebsht\u00eb shprehur n\u00eb muajt dhe madje edhe vitet e fundit. E kemi fenomenin e strukturave paralele n\u00eb Veri, por n\u00eb an\u00ebn tjet\u00ebr, gjithashtu kemi suksese n\u00eb vendosm\u00ebrin\u00eb se ekziston vet\u00ebm nj\u00eb Kosov\u00eb, ajo \u00ebsht\u00eb integrale dhe kjo \u00ebsht\u00eb shum\u00eb e r\u00ebnd\u00ebsishme. Ne synojm\u00eb q\u00eb n\u00eb k\u00ebt\u00eb frym\u00eb t\u00eb zbatojm\u00eb mandatin ton\u00eb.<\/p>\n<p>Sa i v\u00ebshtir\u00eb mendoni se do t\u00eb jet\u00eb integrimi i Veriut dhe kur them integrim, mendoj t\u00eb pakt\u00ebn n\u00eb aspektin institucional&#8230;<br \/>\nVeriu i Kosov\u00ebs, \u00ebsht\u00eb pjes\u00eb e Kosov\u00ebs dhe, si\u00e7 e dini, ky \u00ebsht\u00eb edhe nj\u00eb nga parimet mbi baz\u00ebn e t\u00eb cilave \u00ebsht\u00eb zhvilluar procesi i statusit. Pra, nuk do t\u00eb ket\u00eb ndarje t\u00eb Kosov\u00ebs dhe UNMIK-u, KFOR-i dhe institucionet e p\u00ebrkohshme jan\u00eb t\u00ebr\u00ebsisht t\u00eb p\u00ebrkushtuar n\u00eb k\u00ebto parime.<\/p>\n<p>Misioni juaj pritet t\u00eb z\u00ebvend\u00ebsohet me nj\u00eb mision t\u00eb ri t\u00eb Bashkimit Evropian, i cili do ta mbik\u00ebqyr\u00eb procesin e pas-statusit n\u00eb Kosov\u00eb. N\u00eb cilat \u00e7\u00ebshtje mendoni se institucionet n\u00eb Kosov\u00eb kan\u00eb nevoj\u00eb p\u00ebr mbik\u00ebqyrje dhe udh\u00ebzime nd\u00ebrkomb\u00ebtare?<br \/>\nN\u00ebse si dokument reference shikojm\u00eb planin e zotit Ahtisaari, at\u00ebher\u00eb padyshim \u00ebsht\u00eb ai elementi i pranis\u00eb nd\u00ebrkomb\u00ebtare n\u00eb Kosov\u00eb, civile dhe ushtarake. Pavar\u00ebsisht nga natyra e k\u00ebsaj pranie, un\u00eb e parashoh se kjo do t\u00eb mbetet k\u00ebshtu, deri n\u00eb nj\u00eb afat t\u00eb mes\u00ebm kohor. S\u00eb fundi, jan\u00eb duke u zhvilluar disa debate mbi vendimin tuaj p\u00ebr t\u00eb ndryshuar Korniz\u00ebn Kushtetuese, n\u00eb m\u00ebnyr\u00eb q\u00eb t\u00eb zgjatet mandati i institucioneve t\u00eb reja.<\/p>\n<p>Pse jan\u00eb b\u00ebr\u00eb k\u00ebto ndryshime?<br \/>\nMendoj se i referoheni nj\u00eb ndryshimi dhe kjo ka pasur t\u00eb b\u00ebj\u00eb me mandatin e Presidentit t\u00eb Kosov\u00ebs, nga 4 n\u00eb 5 vjet. E kam b\u00ebr\u00eb k\u00ebt\u00eb me k\u00ebrkes\u00ebn e koalicionit politik, i cili p\u00ebrfaq\u00ebson p\u00ebraf\u00ebrsisht dy t\u00eb tretat e Parlamentit. Kjo ka qen\u00eb d\u00ebshira e tyre politike dhe nuk ka pasur arsye pse t\u00eb mos zgjatet nga kat\u00ebr n\u00eb pes\u00eb vjet. Kjo \u00ebsht\u00eb edhe n\u00eb frym\u00ebn e vendimeve q\u00eb Ekipi i Unitetit ka marr\u00eb m\u00eb par\u00eb dhe n\u00eb frym\u00ebn e planifikimit tranzicional.<\/p>\n<p>A mendoni se marr\u00ebveshja nuk do t\u00eb mund t\u00eb arrihej pa k\u00ebto ndryshime?<br \/>\nNuk e di. Por, kjo ka qen\u00eb nj\u00eb k\u00ebrkes\u00eb e arsyeshme dhe shefi i Administrat\u00ebs Nd\u00ebrkomb\u00ebtare mund ta b\u00ebj\u00eb nj\u00eb gj\u00eb t\u00eb k\u00ebtill\u00eb i vet\u00ebm, por un\u00eb nuk do ta b\u00ebja nj\u00eb gj\u00eb t\u00eb k\u00ebtill\u00eb. N\u00ebse m\u00eb k\u00ebrkohet nga grupimi politik q\u00eb p\u00ebrfaq\u00ebson nj\u00eb shumic\u00eb t\u00eb k\u00ebtill\u00eb n\u00eb Parlament p\u00ebr t\u00eb b\u00ebr\u00eb nj\u00eb ndryshim t\u00eb vog\u00ebl, q\u00eb \u00ebsht\u00eb n\u00eb nj\u00eb vij\u00eb me vendimet e Ekipit t\u00eb Unitetit, n\u00eb nj\u00eb vij\u00eb me frym\u00ebn tranzicionale, si\u00e7 ka qen\u00eb edhe \u00e7\u00ebshtja e listave t\u00eb hapura q\u00eb kemi b\u00ebr\u00eb n\u00eb t\u00eb kaluar\u00ebn, nuk ka pasur arsye p\u00ebr ta refuzuar k\u00ebt\u00eb k\u00ebrkes\u00eb.<\/p>\n<p>Zoti Ruecker, sipas planit t\u00eb Ahtisaarit, Kosova duhet t\u00eb mbaj\u00eb zgjedhje t\u00eb reja n\u00ebnt\u00eb muaj pas p\u00ebrcaktimit t\u00eb statusit. A vlen ende ky opsion apo jo?<br \/>\nN\u00ebse e marrim planin e Ahtisaarit si baz\u00eb, at\u00ebher\u00eb mendoj se u takon institucioneve t\u00eb ardhshme t\u00eb Kosov\u00ebs q\u00eb t\u00eb vendosin mbi k\u00ebt\u00eb \u00e7\u00ebshtje.<\/p>\n<p>Ju keni koh\u00eb q\u00eb jeni n\u00eb Kosov\u00eb. \u00c7far\u00eb mendoni, \u00ebsht\u00eb Kosova e gatshme p\u00ebr t`u b\u00ebr\u00eb nj\u00eb shtet i ri?<br \/>\nAjo q\u00eb mund t\u00eb them, \u00ebsht\u00eb se Kosova \u00ebsht\u00eb e gatshme ta b\u00ebj\u00eb hapin tjet\u00ebr dhe mendoj se institucionet e saj jan\u00eb t\u00eb pjekura p\u00ebr statusin politik<\/p>\n","protected":false},"excerpt":{"rendered":"<p><img loading=\"lazy\" src=\"http:\/\/www.lobi.com.mk\/WBStorage\/Articles\/015C35E317DC064EB851DB66FF6058FC.jpg\" height=\"140\" width=\"140\" \/><\/p>\n","protected":false},"author":1,"featured_media":0,"comment_status":"open","ping_status":"closed","sticky":false,"template":"","format":"standard","meta":{"spay_email":"","jetpack_publicize_message":"","jetpack_is_tweetstorm":false,"jetpack_publicize_feature_enabled":true},"categories":[5],"tags":[],"jetpack_publicize_connections":[],"yoast_head":"<!-- This site is optimized with the Yoast SEO plugin v19.1 - https:\/\/yoast.com\/wordpress\/plugins\/seo\/ -->\n<title>Intervist\u00eb me shefin e misionit t\u00eb kombeve t\u00eb bashkuara n\u00eb kosov\u00eb, Joachim Ruecker - Lajme nga Ulqini<\/title>\n<meta name=\"robots\" content=\"index, follow, max-snippet:-1, max-image-preview:large, max-video-preview:-1\" \/>\n<link rel=\"canonical\" href=\"https:\/\/www.visit-ulcinj.com\/blog\/2008\/01\/21\/interviste-me-shefin-e-misionit-te-kombeve-te-bashkuara-ne-kosove-joachim-ruecker\/\" \/>\n<meta property=\"og:locale\" content=\"en_US\" \/>\n<meta property=\"og:type\" content=\"article\" \/>\n<meta property=\"og:title\" content=\"Intervist\u00eb me shefin e misionit t\u00eb kombeve t\u00eb bashkuara n\u00eb kosov\u00eb, Joachim Ruecker - Lajme nga Ulqini\" \/>\n<meta property=\"og:url\" content=\"https:\/\/www.visit-ulcinj.com\/blog\/2008\/01\/21\/interviste-me-shefin-e-misionit-te-kombeve-te-bashkuara-ne-kosove-joachim-ruecker\/\" \/>\n<meta property=\"og:site_name\" content=\"Lajme nga Ulqini\" \/>\n<meta property=\"article:published_time\" content=\"2008-01-21T18:37:49+00:00\" \/>\n<meta property=\"article:modified_time\" content=\"2008-02-13T00:08:14+00:00\" \/>\n<meta property=\"og:image\" content=\"http:\/\/www.lobi.com.mk\/WBStorage\/Articles\/015C35E317DC064EB851DB66FF6058FC.jpg\" \/>\n<meta name=\"twitter:label1\" content=\"Written by\" \/>\n\t<meta name=\"twitter:data1\" content=\"ulqini\" \/>\n\t<meta name=\"twitter:label2\" content=\"Est. reading time\" \/>\n\t<meta name=\"twitter:data2\" content=\"6 minutes\" \/>\n<script type=\"application\/ld+json\" class=\"yoast-schema-graph\">{\"@context\":\"https:\/\/schema.org\",\"@graph\":[{\"@type\":\"WebSite\",\"@id\":\"https:\/\/www.visit-ulcinj.com\/blog\/#website\",\"url\":\"https:\/\/www.visit-ulcinj.com\/blog\/\",\"name\":\"Lajme nga Ulqini\",\"description\":\"Lajme,Vijesti,Ulqini,Ulqin,Crna Gora,Mali i Zi\",\"potentialAction\":[{\"@type\":\"SearchAction\",\"target\":{\"@type\":\"EntryPoint\",\"urlTemplate\":\"https:\/\/www.visit-ulcinj.com\/blog\/?s={search_term_string}\"},\"query-input\":\"required name=search_term_string\"}],\"inLanguage\":\"en-US\"},{\"@type\":\"ImageObject\",\"inLanguage\":\"en-US\",\"@id\":\"https:\/\/www.visit-ulcinj.com\/blog\/2008\/01\/21\/interviste-me-shefin-e-misionit-te-kombeve-te-bashkuara-ne-kosove-joachim-ruecker\/#primaryimage\",\"url\":\"http:\/\/www.lobi.com.mk\/WBStorage\/Articles\/015C35E317DC064EB851DB66FF6058FC.jpg\",\"contentUrl\":\"http:\/\/www.lobi.com.mk\/WBStorage\/Articles\/015C35E317DC064EB851DB66FF6058FC.jpg\"},{\"@type\":\"WebPage\",\"@id\":\"https:\/\/www.visit-ulcinj.com\/blog\/2008\/01\/21\/interviste-me-shefin-e-misionit-te-kombeve-te-bashkuara-ne-kosove-joachim-ruecker\/#webpage\",\"url\":\"https:\/\/www.visit-ulcinj.com\/blog\/2008\/01\/21\/interviste-me-shefin-e-misionit-te-kombeve-te-bashkuara-ne-kosove-joachim-ruecker\/\",\"name\":\"Intervist\u00eb me shefin e misionit t\u00eb kombeve t\u00eb bashkuara n\u00eb kosov\u00eb, Joachim Ruecker - Lajme nga Ulqini\",\"isPartOf\":{\"@id\":\"https:\/\/www.visit-ulcinj.com\/blog\/#website\"},\"primaryImageOfPage\":{\"@id\":\"https:\/\/www.visit-ulcinj.com\/blog\/2008\/01\/21\/interviste-me-shefin-e-misionit-te-kombeve-te-bashkuara-ne-kosove-joachim-ruecker\/#primaryimage\"},\"datePublished\":\"2008-01-21T18:37:49+00:00\",\"dateModified\":\"2008-02-13T00:08:14+00:00\",\"author\":{\"@id\":\"https:\/\/www.visit-ulcinj.com\/blog\/#\/schema\/person\/dcab619c614d3038751c63bc2aadc06d\"},\"breadcrumb\":{\"@id\":\"https:\/\/www.visit-ulcinj.com\/blog\/2008\/01\/21\/interviste-me-shefin-e-misionit-te-kombeve-te-bashkuara-ne-kosove-joachim-ruecker\/#breadcrumb\"},\"inLanguage\":\"en-US\",\"potentialAction\":[{\"@type\":\"ReadAction\",\"target\":[\"https:\/\/www.visit-ulcinj.com\/blog\/2008\/01\/21\/interviste-me-shefin-e-misionit-te-kombeve-te-bashkuara-ne-kosove-joachim-ruecker\/\"]}]},{\"@type\":\"BreadcrumbList\",\"@id\":\"https:\/\/www.visit-ulcinj.com\/blog\/2008\/01\/21\/interviste-me-shefin-e-misionit-te-kombeve-te-bashkuara-ne-kosove-joachim-ruecker\/#breadcrumb\",\"itemListElement\":[{\"@type\":\"ListItem\",\"position\":1,\"name\":\"Intervist\u00eb me shefin e misionit t\u00eb kombeve t\u00eb bashkuara n\u00eb kosov\u00eb, Joachim Ruecker\"}]},{\"@type\":\"Person\",\"@id\":\"https:\/\/www.visit-ulcinj.com\/blog\/#\/schema\/person\/dcab619c614d3038751c63bc2aadc06d\",\"name\":\"ulqini\",\"sameAs\":[\"http:\/\/www.visit-ulcinj.com\"],\"url\":\"https:\/\/www.visit-ulcinj.com\/blog\/author\/admin\/\"}]}<\/script>\n<!-- \/ Yoast SEO plugin. -->","yoast_head_json":{"title":"Intervist\u00eb me shefin e misionit t\u00eb kombeve t\u00eb bashkuara n\u00eb kosov\u00eb, Joachim Ruecker - Lajme nga Ulqini","robots":{"index":"index","follow":"follow","max-snippet":"max-snippet:-1","max-image-preview":"max-image-preview:large","max-video-preview":"max-video-preview:-1"},"canonical":"https:\/\/www.visit-ulcinj.com\/blog\/2008\/01\/21\/interviste-me-shefin-e-misionit-te-kombeve-te-bashkuara-ne-kosove-joachim-ruecker\/","og_locale":"en_US","og_type":"article","og_title":"Intervist\u00eb me shefin e misionit t\u00eb kombeve t\u00eb bashkuara n\u00eb kosov\u00eb, Joachim Ruecker - Lajme nga Ulqini","og_url":"https:\/\/www.visit-ulcinj.com\/blog\/2008\/01\/21\/interviste-me-shefin-e-misionit-te-kombeve-te-bashkuara-ne-kosove-joachim-ruecker\/","og_site_name":"Lajme nga Ulqini","article_published_time":"2008-01-21T18:37:49+00:00","article_modified_time":"2008-02-13T00:08:14+00:00","og_image":[{"url":"http:\/\/www.lobi.com.mk\/WBStorage\/Articles\/015C35E317DC064EB851DB66FF6058FC.jpg"}],"twitter_misc":{"Written by":"ulqini","Est. reading time":"6 minutes"},"schema":{"@context":"https:\/\/schema.org","@graph":[{"@type":"WebSite","@id":"https:\/\/www.visit-ulcinj.com\/blog\/#website","url":"https:\/\/www.visit-ulcinj.com\/blog\/","name":"Lajme nga Ulqini","description":"Lajme,Vijesti,Ulqini,Ulqin,Crna Gora,Mali i Zi","potentialAction":[{"@type":"SearchAction","target":{"@type":"EntryPoint","urlTemplate":"https:\/\/www.visit-ulcinj.com\/blog\/?s={search_term_string}"},"query-input":"required name=search_term_string"}],"inLanguage":"en-US"},{"@type":"ImageObject","inLanguage":"en-US","@id":"https:\/\/www.visit-ulcinj.com\/blog\/2008\/01\/21\/interviste-me-shefin-e-misionit-te-kombeve-te-bashkuara-ne-kosove-joachim-ruecker\/#primaryimage","url":"http:\/\/www.lobi.com.mk\/WBStorage\/Articles\/015C35E317DC064EB851DB66FF6058FC.jpg","contentUrl":"http:\/\/www.lobi.com.mk\/WBStorage\/Articles\/015C35E317DC064EB851DB66FF6058FC.jpg"},{"@type":"WebPage","@id":"https:\/\/www.visit-ulcinj.com\/blog\/2008\/01\/21\/interviste-me-shefin-e-misionit-te-kombeve-te-bashkuara-ne-kosove-joachim-ruecker\/#webpage","url":"https:\/\/www.visit-ulcinj.com\/blog\/2008\/01\/21\/interviste-me-shefin-e-misionit-te-kombeve-te-bashkuara-ne-kosove-joachim-ruecker\/","name":"Intervist\u00eb me shefin e misionit t\u00eb kombeve t\u00eb bashkuara n\u00eb kosov\u00eb, Joachim Ruecker - Lajme nga Ulqini","isPartOf":{"@id":"https:\/\/www.visit-ulcinj.com\/blog\/#website"},"primaryImageOfPage":{"@id":"https:\/\/www.visit-ulcinj.com\/blog\/2008\/01\/21\/interviste-me-shefin-e-misionit-te-kombeve-te-bashkuara-ne-kosove-joachim-ruecker\/#primaryimage"},"datePublished":"2008-01-21T18:37:49+00:00","dateModified":"2008-02-13T00:08:14+00:00","author":{"@id":"https:\/\/www.visit-ulcinj.com\/blog\/#\/schema\/person\/dcab619c614d3038751c63bc2aadc06d"},"breadcrumb":{"@id":"https:\/\/www.visit-ulcinj.com\/blog\/2008\/01\/21\/interviste-me-shefin-e-misionit-te-kombeve-te-bashkuara-ne-kosove-joachim-ruecker\/#breadcrumb"},"inLanguage":"en-US","potentialAction":[{"@type":"ReadAction","target":["https:\/\/www.visit-ulcinj.com\/blog\/2008\/01\/21\/interviste-me-shefin-e-misionit-te-kombeve-te-bashkuara-ne-kosove-joachim-ruecker\/"]}]},{"@type":"BreadcrumbList","@id":"https:\/\/www.visit-ulcinj.com\/blog\/2008\/01\/21\/interviste-me-shefin-e-misionit-te-kombeve-te-bashkuara-ne-kosove-joachim-ruecker\/#breadcrumb","itemListElement":[{"@type":"ListItem","position":1,"name":"Intervist\u00eb me shefin e misionit t\u00eb kombeve t\u00eb bashkuara n\u00eb kosov\u00eb, Joachim Ruecker"}]},{"@type":"Person","@id":"https:\/\/www.visit-ulcinj.com\/blog\/#\/schema\/person\/dcab619c614d3038751c63bc2aadc06d","name":"ulqini","sameAs":["http:\/\/www.visit-ulcinj.com"],"url":"https:\/\/www.visit-ulcinj.com\/blog\/author\/admin\/"}]}},"jetpack_featured_media_url":"","jetpack_sharing_enabled":true,"jetpack_shortlink":"https:\/\/wp.me\/pe6lTn-3G","_links":{"self":[{"href":"https:\/\/www.visit-ulcinj.com\/blog\/wp-json\/wp\/v2\/posts\/228"}],"collection":[{"href":"https:\/\/www.visit-ulcinj.com\/blog\/wp-json\/wp\/v2\/posts"}],"about":[{"href":"https:\/\/www.visit-ulcinj.com\/blog\/wp-json\/wp\/v2\/types\/post"}],"author":[{"embeddable":true,"href":"https:\/\/www.visit-ulcinj.com\/blog\/wp-json\/wp\/v2\/users\/1"}],"replies":[{"embeddable":true,"href":"https:\/\/www.visit-ulcinj.com\/blog\/wp-json\/wp\/v2\/comments?post=228"}],"version-history":[{"count":0,"href":"https:\/\/www.visit-ulcinj.com\/blog\/wp-json\/wp\/v2\/posts\/228\/revisions"}],"wp:attachment":[{"href":"https:\/\/www.visit-ulcinj.com\/blog\/wp-json\/wp\/v2\/media?parent=228"}],"wp:term":[{"taxonomy":"category","embeddable":true,"href":"https:\/\/www.visit-ulcinj.com\/blog\/wp-json\/wp\/v2\/categories?post=228"},{"taxonomy":"post_tag","embeddable":true,"href":"https:\/\/www.visit-ulcinj.com\/blog\/wp-json\/wp\/v2\/tags?post=228"}],"curies":[{"name":"wp","href":"https:\/\/api.w.org\/{rel}","templated":true}]}}