{"id":22806,"date":"2009-06-11T20:26:24","date_gmt":"2009-06-11T18:26:24","guid":{"rendered":"http:\/\/www.visit-ulcinj.com\/blog\/?p=22806"},"modified":"2023-04-01T13:17:55","modified_gmt":"2023-04-01T12:17:55","slug":"accommodation-ferien-hause-in-ulcinj-montenegrofur-7e-pers","status":"publish","type":"post","link":"https:\/\/www.visit-ulcinj.com\/blog\/2009\/06\/11\/accommodation-ferien-hause-in-ulcinj-montenegrofur-7e-pers\/","title":{"rendered":"Accommodation Ferien Hause in Ulcinj-Montenegro,ab 7\u20ac"},"content":{"rendered":"<p><a href=\"http:\/\/www.visit-ulcinj.com\/blog\/wp-content\/uploads\/2009\/06\/grosse-strand-_copakabana_ulcinj_montenegro.jpg\"><img loading=\"lazy\" class=\"alignleft size-full wp-image-22807\" title=\"grosse-strand-_copakabana_ulcinj_montenegro,urlaub,  strand,  meer,  vacation,  beach,  sea,  wasser,  sommer,  sonne,  watersonne, strandurlaub,hei\u00dfer urlaub,bikini ,Sommerurlaub,urlaub girls,Accommodation Ferien Hause,Ferienh\u00e4user,Ferienobjekte,Ferienwohnungen,Urlaubsportal f\u00fcr montenegro,Montenegro Buchungsservice,strand,ilcinj,ulqin,fkk,fkk ada bojana,grosse strand ulcinj,brile,\" src=\"http:\/\/www.visit-ulcinj.com\/blog\/wp-content\/uploads\/2009\/06\/grosse-strand-_copakabana_ulcinj_montenegro.jpg\" alt=\"grosse-strand-_copakabana_ulcinj_montenegro\" width=\"480\" height=\"400\" \/><\/a><strong>Mobil: Viber + Whatsapp: +382 69 335 534\u00a0 : +382 69 335 512<\/strong><\/p>\n<p>Die historische Stadt von Ulcinj mit seinen gepflasterten, kleinen Gassen, romantischen Restaurants und eine atemberaubende Aussicht auf die Adria ist ca. 4 km von der Ferien-Wohnungen.Die malerische ummauerte alte Festungs-Stadt Ulcinj auch &#8220;Kalaja&#8221; genannt hat noch seinen alten Charme behalten und \u00fcberragt stolz \u00fcber die Adria mit herrlichen Ausblicken auf das Meer.<\/p>\n<p><a href=\"http:\/\/www.visit-ulcinj.com\/de\/ferienwohnungen-ulcinj-montenegro\/holiday-house-gunstige-ferienhauser-in-ulcinj-montenegro\/\" target=\"_blank\" rel=\"noopener\">Diese ger\u00e4umige Ferien Hause befinden sich in einer ruhigen Gegend, und ist nah zu Gro\u00dfe Strand am S\u00fcdrand der Stadt Ulcinj. Das Ferien Hause hat herrliche Ausblicke auf den Gro\u00dfe Strand, Natur, Olivenb\u00e4ume und die Adria.<\/a><\/p>\n<p><a href=\"http:\/\/www.visit-ulcinj.com\/de\/ferienwohnungen-ulcinj-montenegro\/holiday-house-gunstige-ferienhauser-in-ulcinj-montenegro\/\" target=\"_blank\" rel=\"noopener\"><strong>Willkommen in Ferien Haus<\/strong><\/a><\/p>\n<p><a href=\"http:\/\/www.visit-ulcinj.com\/de\/ferienwohnungen-ulcinj-montenegro\/holiday-house-gunstige-ferienhauser-in-ulcinj-montenegro\/\" target=\"_blank\" rel=\"noopener\">Das Ferien Haus\u00a0 ist in einem der sch\u00f6nsten Teile des gro\u00dfen Strandes von Ulcinj. Kommen Sie vergangen unvergessliche Zeitpunkte an der Ferienwohnungen. Die Str\u00e4nde von Ulcinj haben weltweit wie die Str\u00e4nde Copacabana,Bukuria e Ulqinit, Safari, Tropicana und Miami.Zum Hauptmarktplatz braucht man 20 Minuten, zu den Banken oder zur Post nur 10 Minuten. Alle G\u00e4ste die bei uns wohnen k\u00f6nnen den Parkplatz vor dem Haus ben\u00fctzen, sowie die Terassen auf zwei Niveaus. Die Gastgeber sprechen,Albanisch,Montenegrisch,Franz\u00f6sisch und Deutsch,und ein bisschen Englisch. M\u00f6glichkeit Ausfl\u00fcge zu organisieren.<\/a><\/p>\n<p><a href=\"http:\/\/www.visit-ulcinj.com\/de\/ferienwohnungen-ulcinj-montenegro\/holiday-house-gunstige-ferienhauser-in-ulcinj-montenegro\/\" target=\"_blank\" rel=\"noopener\"><strong>Entfernungen:<\/strong><\/a><\/p>\n<ul>\n<li><a href=\"http:\/\/www.visit-ulcinj.com\/de\/ferienwohnungen-ulcinj-montenegro\/holiday-house-gunstige-ferienhauser-in-ulcinj-montenegro\/\" target=\"_blank\" rel=\"noopener\"> Zum Strand 800 m<\/a><\/li>\n<li><a href=\"http:\/\/www.visit-ulcinj.com\/de\/ferienwohnungen-ulcinj-montenegro\/holiday-house-gunstige-ferienhauser-in-ulcinj-montenegro\/\" target=\"_blank\" rel=\"noopener\"> Altstadt 4 km<\/a><\/li>\n<li><a href=\"http:\/\/www.visit-ulcinj.com\/de\/ferienwohnungen-ulcinj-montenegro\/holiday-house-gunstige-ferienhauser-in-ulcinj-montenegro\/\" target=\"_blank\" rel=\"noopener\"> Supermarkt 800m<\/a><\/li>\n<li><a href=\"http:\/\/www.visit-ulcinj.com\/de\/ferienwohnungen-ulcinj-montenegro\/holiday-house-gunstige-ferienhauser-in-ulcinj-montenegro\/\" target=\"_blank\" rel=\"noopener\"> Flughafen Podgorica 80 km<\/a><\/li>\n<li><a href=\"http:\/\/www.visit-ulcinj.com\/de\/ferienwohnungen-ulcinj-montenegro\/holiday-house-gunstige-ferienhauser-in-ulcinj-montenegro\/\" target=\"_blank\" rel=\"noopener\"> Flughafen Tivat 140 km<\/a><\/li>\n<li><a href=\"http:\/\/www.visit-ulcinj.com\/de\/ferienwohnungen-ulcinj-montenegro\/holiday-house-gunstige-ferienhauser-in-ulcinj-montenegro\/\" target=\"_blank\" rel=\"noopener\"> Flughafen Dubrovnik 200 km<\/a><\/li>\n<li><a href=\"http:\/\/www.visit-ulcinj.com\/de\/ferienwohnungen-ulcinj-montenegro\/holiday-house-gunstige-ferienhauser-in-ulcinj-montenegro\/\" target=\"_blank\" rel=\"noopener\"> Flughafen Tirana\u00a0 200 km<\/a><\/li>\n<\/ul>\n<p><a href=\"http:\/\/www.visit-ulcinj.com\/de\/ferienwohnungen-ulcinj-montenegro\/holiday-house-gunstige-ferienhauser-in-ulcinj-montenegro\/\" target=\"_blank\" rel=\"noopener\">Rufen Sie uns an oder senden Sie uns eine Mail, damit wir Sie individuelle beraten k\u00f6nnen. <\/a><\/p>\n<p><a href=\"http:\/\/www.visit-ulcinj.com\/de\/ferienwohnungen-ulcinj-montenegro\/holiday-house-gunstige-ferienhauser-in-ulcinj-montenegro\/\" target=\"_blank\" rel=\"noopener\"><strong>Reservierung und Kontakte telefonisch:<\/strong><\/a><\/p>\n<p><a href=\"http:\/\/www.visit-ulcinj.com\/de\/ferienwohnungen-ulcinj-montenegro\/holiday-house-gunstige-ferienhauser-in-ulcinj-montenegro\/\" target=\"_blank\" rel=\"noopener\"><strong>Eine Reduzierung ist w\u00e4hrend der Monate Juni und September AUSSCHLIESSLICH verf\u00fcgbar.<\/strong><\/a><strong><br \/>\n<a href=\"http:\/\/www.visit-ulcinj.com\/de\/ferienwohnungen-ulcinj-montenegro\/holiday-house-gunstige-ferienhauser-in-ulcinj-montenegro\/\" target=\"_blank\" rel=\"noopener\"> Link: www.visit-ulcinj.com\/<\/a><a href=\"http:\/\/www.visit-ulcinj.com\/\" target=\"_blank\" rel=\"noopener\"><br \/>\n<\/a><\/strong><\/p>\n\n\t\t<style type=\"text\/css\">\n\t\t\t#gallery-1 {\n\t\t\t\tmargin: auto;\n\t\t\t}\n\t\t\t#gallery-1 .gallery-item {\n\t\t\t\tfloat: left;\n\t\t\t\tmargin-top: 10px;\n\t\t\t\ttext-align: center;\n\t\t\t\twidth: 33%;\n\t\t\t}\n\t\t\t#gallery-1 img {\n\t\t\t\tborder: 2px solid #cfcfcf;\n\t\t\t}\n\t\t\t#gallery-1 .gallery-caption {\n\t\t\t\tmargin-left: 0;\n\t\t\t}\n\t\t\t\/* see gallery_shortcode() in wp-includes\/media.php *\/\n\t\t<\/style>\n\t\t<div id='gallery-1' class='gallery galleryid-22806 gallery-columns-3 gallery-size-thumbnail'><dl class='gallery-item'>\n\t\t\t<dt class='gallery-icon landscape'>\n\t\t\t\t<a href='https:\/\/www.visit-ulcinj.com\/blog\/wp-content\/uploads\/2009\/06\/Holiday-House-in-Ulcinj-Montenegro7.jpg'><img width=\"150\" height=\"150\" src=\"https:\/\/www.visit-ulcinj.com\/blog\/wp-content\/uploads\/2009\/06\/Holiday-House-in-Ulcinj-Montenegro7-150x150.jpg\" class=\"attachment-thumbnail size-thumbnail\" alt=\"\" loading=\"lazy\" \/><\/a>\n\t\t\t<\/dt><\/dl><dl class='gallery-item'>\n\t\t\t<dt class='gallery-icon landscape'>\n\t\t\t\t<a href='https:\/\/www.visit-ulcinj.com\/blog\/wp-content\/uploads\/2009\/06\/holiday-house-26.jpg'><img width=\"150\" height=\"150\" src=\"https:\/\/www.visit-ulcinj.com\/blog\/wp-content\/uploads\/2009\/06\/holiday-house-26-150x150.jpg\" class=\"attachment-thumbnail size-thumbnail\" alt=\"\" loading=\"lazy\" \/><\/a>\n\t\t\t<\/dt><\/dl><dl class='gallery-item'>\n\t\t\t<dt class='gallery-icon landscape'>\n\t\t\t\t<a href='https:\/\/www.visit-ulcinj.com\/blog\/wp-content\/uploads\/2009\/06\/holiday-house-38.jpg'><img width=\"150\" height=\"150\" src=\"https:\/\/www.visit-ulcinj.com\/blog\/wp-content\/uploads\/2009\/06\/holiday-house-38-150x150.jpg\" class=\"attachment-thumbnail size-thumbnail\" alt=\"\" loading=\"lazy\" \/><\/a>\n\t\t\t<\/dt><\/dl><br style=\"clear: both\" \/>\n\t\t<\/div>\n\n<p><strong><a title=\"Urlaub im ulcinj montenegro\" href=\"http:\/\/www.visit-ulcinj.com\/ulcinj-ulqini-accommodation\/holiday-house-last-minute-ulcinj-ulqini-montenegro\/\" target=\"_blank\" rel=\"noopener\"><img loading=\"lazy\" class=\"alignleft size-full wp-image-22808\" title=\"urlaub-info-ulcinj-info_montenegro,urlaub,  strand,  meer,  vacation,  beach,  sea,  wasser,  sommer,  sonne,  watersonne, strandurlaub,hei\u00dfer urlaub,bikini ,Sommerurlaub,urlaub girls,Accommodation Ferien Hause,Ferienh\u00e4user,Ferienobjekte,Ferienwohnungen,Urlaubsportal f\u00fcr montenegro,Montenegro Buchungsservice,strand,ilcinj,ulqin,fkk,fkk ada bojana,grosse strand ulcinj,brile,\" src=\"http:\/\/www.visit-ulcinj.com\/blog\/wp-content\/uploads\/2009\/06\/urlaub-info-ulcinj-info_montenegro.png\" alt=\"urlaub-info-ulcinj-info_montenegro,urlaub,  strand,  meer,  vacation,  beach,  sea,  wasser,  sommer,  sonne,  watersonne, strandurlaub,hei\u00dfer urlaub,bikini ,Sommerurlaub,urlaub girls,Accommodation Ferien Hause,Ferienh\u00e4user,Ferienobjekte,Ferienwohnungen,Urlaubsportal f\u00fcr montenegro,Montenegro Buchungsservice,strand,ilcinj,ulqin,fkk,fkk ada bojana,grosse strand ulcinj,brile,\" width=\"580\" height=\"125\" \/><\/a><\/strong><\/p>\n<div><object width=\"480\" height=\"392\" classid=\"clsid:d27cdb6e-ae6d-11cf-96b8-444553540000\" codebase=\"http:\/\/download.macromedia.com\/pub\/shockwave\/cabs\/flash\/swflash.cab#version=6,0,40,0\"><param name=\"allowFullScreen\" value=\"true\" \/><param name=\"allowScriptAccess\" value=\"always\" \/><param name=\"src\" value=\"http:\/\/www.dailymotion.com\/swf\/x2s2c0_safari-beach-ulcinj-ulqini-monteneg_music&amp;autoPlay=1&amp;related=1\" \/><param name=\"allowfullscreen\" value=\"true\" \/><param name=\"allowscriptaccess\" value=\"always\" \/><\/object><\/div>\n<p>Ulcinj ist die s\u00fcdlichste Stadt an der montenegrienische K\u00fcste. Die Stadt hat viele Gr\u00fcnde um sich besonder zu nennen. Die Stadt ist schon l\u00e4ngst bekannt, weil die durch bekantesten Kulturen und V\u00f6lker beeinflust wurde. Alle diese Einflusse hat die Stadt bis Heute bewahrt und man f\u00fchlt die Atmosf\u00e4re aus diesen fr\u00fcheren Zeiten immernoch. In Region der heutige Stadt lebten die Ilyren, die Ihren Teil der Geschichte in der N\u00e4he vom See Zoganje angefangen haben. Die Stadt bekamm den Namen von Volk Kolhidien in 5 Jahrhundert v. Ch. n\u00e4mlich Kolhidium. Die Prunkzeit der Stadt f\u00e4ngt im Jahr 163. v. Ch. wo Colchinijum von Ilyren, den Stamm Olcinijatas, \u00fcbernommen wird und unter der Regement von R\u00f6mer weiter gef\u00fchert wird. Die R\u00f6mer nennen weiter Die Stadt Olcinijum. Im Zeitraum deren Regenschaft bekommt Ulcinj einen Status der privilegierte Stadt (Pida civijum romanorum), wonach die sich auch selbst\u00e4ndigt machte (Municipia).<\/p>\n<p>Ausser gut bekannten Piraten die sich Ihr Nest unter die F\u00e4lssen von Ulcinj gemacht haben, war die Stadt auch eine bekannte Residenz des byzantinischen Zares Justinijan, der die Stadt von Grund aus erneuerte, nach hefftigen Krigen die man in diese Region gef\u00fchrt hat. Die Familien Nemanjic, Balsic und T\u00fcrken, haben die Stadt renoviert. Bis zu Ulcinj kammen auch Mongole, aber die konten die Stadt nicht besiegen und haben daf\u00fcr die nahe umliegende Stadt Svac zerst\u00f6rt. Das war die Stadt mit meisten Kirchen, insgesamt 365 Geb\u00e4uden. Die bekanteste Pers\u00f6nlichkeit die in Ulcinj gelebt hat, war der Sabbatai Zevi. Der selbsternnante Reformator des Talmuds, wurde in Smir geboren und am 30.09.1676 unter den Namen Mahmet Effendija in Ulcinj gestorben.<\/p>\n<p>Jedoch ist Ulcinj eine Touristenoaze, die man aktiv und pasiv erleben kann. Abgesehn davon ob Sie nur einen ruhigen Tag am Strand verbringen wollen oder tanzen, wandern in Pinienw\u00e4lder oder eine Wassersportart aus\u00fcben wollen, Ulcinj ist eine Stadt, die diese Vielfallt anbietet. Ulcinj hat durchschnitlich \u00fcber 270 Sonnentage, dadurch kann man die Stadt auch auserchalb des Sommers besuchen.<\/p>\n<p>Ulcinj ist eine Stadt mit meisten Str\u00e4nden, die sich in der L\u00e4nge von 25km erstr\u00e4ken. Viele Str\u00e4nde sind f\u00e4lsig, denoch ist Ulcinj bekannt f\u00fcr zwei Sandstr\u00e4nde. Den Kleinen und Grossenstrand. Der Kleine Strand befindet sich im Zentrum der Stadt, erstr\u00e4ckt sich \u00fcber eine L\u00e4nge von 400m. Der Grosse Strand, den viele als mediteranische Copacabana bezeichnen, ist \u00fcber 12km lang. Der erstr\u00e4ckt sich von Kap Djerane bis M\u00fcndung des Flusses Bojana. Der Sand ist sehr heilsahm gegen Reuma und viele Hautkrakheiten. Der Grossestrand ist nicht der einzige mit heilsahmen Kr\u00e4ften. Frauenstrand hat auch solche Eigenschaften, n\u00e4mlich die Schw\u00e4fellquelen wirken vorbeugend gegen so genanten \u00b0Frauenkrankheiten\u00b0. Die G\u00e4gend ist auch besonders wegen wundersch\u00f6hnen Wanderwege, die eine heilsahme Wirkung auf die Asthmapazienten haben und dass nicht nur wegen dicht bewaldeten Pinienb\u00e4ume. Valdanos, mussen Sie auch ansehen wenn Sie Ulcinj besuhen. Die Bucht von Valdanos ist eine wunderbare Plantage von Olievenb\u00e4umen die zum entspannen l\u00e4d. Eine andere Sch\u00f6nheit, die man in Ulcinj sehen soll, ist die Insel von Ada Bojana. Die Insel Ada Bojana ist f\u00fcr FKK G\u00e4ste reserviert. Die Anlage ist sehr bekannt und gut besucht von verschieden Leuten , meistens aber von Kunstleer die dort eine neue Inspiration f\u00fcr neues Schaffen finden.<\/p>\n<p>Ulcinj und seine Bewohner, soll mann unmittelbar kennenlernen, nur so kann mann die Redewendung begreifen \u201eWer einmal Ulcinj besucht, kommt gerne zur\u00fcck\u201c. Ulcinj ist eine Stadt mit grosse Vielfallt, wo man vieles sehen und vor allem erleben kann.<\/p>\n","protected":false},"excerpt":{"rendered":"<p>Mobil: Viber + Whatsapp: +382 69 335 534\u00a0 : +382 69 335 512 Die historische Stadt von Ulcinj mit seinen gepflasterten, kleinen Gassen, romantischen Restaurants und eine atemberaubende Aussicht auf die Adria ist ca. 4 km von der Ferien-Wohnungen.Die malerische ummauerte alte Festungs-Stadt Ulcinj auch &#8220;Kalaja&#8221; genannt hat noch seinen alten Charme behalten und \u00fcberragt [&hellip;]<\/p>\n","protected":false},"author":1,"featured_media":0,"comment_status":"open","ping_status":"closed","sticky":false,"template":"","format":"standard","meta":{"spay_email":"","jetpack_publicize_message":"","jetpack_is_tweetstorm":false,"jetpack_publicize_feature_enabled":true},"categories":[7679],"tags":[11476,11477,11484,11478,11169,11513,11501,11480,3651,11504,9175,11178,11498,11505,11466,11511,11470,11479,11494,11170,11171,11172,11463,11176,2118,11481,11500,11497,11510,11514,11471,11177,11486,11508,11464,11166,3428,11515,11462,11175,11493,11491,11482,11507,11488,11506,11483,11474,11159,11468,11490,11512,11174,11509,11502,11473,11485,11487,11465,11503,11499,11161,11475,11489,1713,11167,11163,11158,11165,11492,200,3585,11168,11173,11160,11469,11162,11472,11164,11496,11495,11516,11467],"jetpack_publicize_connections":[],"yoast_head":"<!-- This site is optimized with the Yoast SEO plugin v19.1 - https:\/\/yoast.com\/wordpress\/plugins\/seo\/ -->\n<title>Accommodation Ferien Hause in Ulcinj-Montenegro,ab 7\u20ac - Lajme nga Ulqini<\/title>\n<meta name=\"description\" content=\"Mobil: Viber + Whatsapp: +382 69 335 534\u00a0 : +382 69 335 512 Die historische Stadt von Ulcinj mit seinen gepflasterten, kleinen Gassen, romantischen\" \/>\n<meta name=\"robots\" content=\"index, follow, max-snippet:-1, max-image-preview:large, max-video-preview:-1\" \/>\n<link rel=\"canonical\" href=\"https:\/\/www.visit-ulcinj.com\/blog\/2009\/06\/11\/accommodation-ferien-hause-in-ulcinj-montenegrofur-7e-pers\/\" \/>\n<meta property=\"og:locale\" content=\"en_US\" \/>\n<meta property=\"og:type\" content=\"article\" \/>\n<meta property=\"og:title\" content=\"Accommodation Ferien Hause in Ulcinj-Montenegro,ab 7\u20ac - Lajme nga Ulqini\" \/>\n<meta property=\"og:description\" content=\"Mobil: Viber + Whatsapp: +382 69 335 534\u00a0 : +382 69 335 512 Die historische Stadt von Ulcinj mit seinen gepflasterten, kleinen Gassen, romantischen\" \/>\n<meta property=\"og:url\" content=\"https:\/\/www.visit-ulcinj.com\/blog\/2009\/06\/11\/accommodation-ferien-hause-in-ulcinj-montenegrofur-7e-pers\/\" \/>\n<meta property=\"og:site_name\" content=\"Lajme nga Ulqini\" \/>\n<meta property=\"article:published_time\" content=\"2009-06-11T18:26:24+00:00\" \/>\n<meta property=\"article:modified_time\" content=\"2023-04-01T12:17:55+00:00\" \/>\n<meta property=\"og:image\" content=\"http:\/\/www.visit-ulcinj.com\/blog\/wp-content\/uploads\/2009\/06\/Holiday-House-in-Ulcinj-Montenegro7-150x150.jpg\" \/>\n<meta name=\"twitter:label1\" content=\"Written by\" \/>\n\t<meta name=\"twitter:data1\" content=\"ulqini\" \/>\n\t<meta name=\"twitter:label2\" content=\"Est. reading time\" \/>\n\t<meta name=\"twitter:data2\" content=\"4 minutes\" \/>\n<script type=\"application\/ld+json\" class=\"yoast-schema-graph\">{\"@context\":\"https:\/\/schema.org\",\"@graph\":[{\"@type\":\"WebSite\",\"@id\":\"https:\/\/www.visit-ulcinj.com\/blog\/#website\",\"url\":\"https:\/\/www.visit-ulcinj.com\/blog\/\",\"name\":\"Lajme nga Ulqini\",\"description\":\"Lajme,Vijesti,Ulqini,Ulqin,Crna Gora,Mali i Zi\",\"potentialAction\":[{\"@type\":\"SearchAction\",\"target\":{\"@type\":\"EntryPoint\",\"urlTemplate\":\"https:\/\/www.visit-ulcinj.com\/blog\/?s={search_term_string}\"},\"query-input\":\"required name=search_term_string\"}],\"inLanguage\":\"en-US\"},{\"@type\":\"ImageObject\",\"inLanguage\":\"en-US\",\"@id\":\"https:\/\/www.visit-ulcinj.com\/blog\/2009\/06\/11\/accommodation-ferien-hause-in-ulcinj-montenegrofur-7e-pers\/#primaryimage\",\"url\":\"http:\/\/www.visit-ulcinj.com\/blog\/wp-content\/uploads\/2009\/06\/grosse-strand-_copakabana_ulcinj_montenegro.jpg\",\"contentUrl\":\"http:\/\/www.visit-ulcinj.com\/blog\/wp-content\/uploads\/2009\/06\/grosse-strand-_copakabana_ulcinj_montenegro.jpg\"},{\"@type\":\"WebPage\",\"@id\":\"https:\/\/www.visit-ulcinj.com\/blog\/2009\/06\/11\/accommodation-ferien-hause-in-ulcinj-montenegrofur-7e-pers\/#webpage\",\"url\":\"https:\/\/www.visit-ulcinj.com\/blog\/2009\/06\/11\/accommodation-ferien-hause-in-ulcinj-montenegrofur-7e-pers\/\",\"name\":\"Accommodation Ferien Hause in Ulcinj-Montenegro,ab 7\u20ac - Lajme nga Ulqini\",\"isPartOf\":{\"@id\":\"https:\/\/www.visit-ulcinj.com\/blog\/#website\"},\"primaryImageOfPage\":{\"@id\":\"https:\/\/www.visit-ulcinj.com\/blog\/2009\/06\/11\/accommodation-ferien-hause-in-ulcinj-montenegrofur-7e-pers\/#primaryimage\"},\"datePublished\":\"2009-06-11T18:26:24+00:00\",\"dateModified\":\"2023-04-01T12:17:55+00:00\",\"author\":{\"@id\":\"https:\/\/www.visit-ulcinj.com\/blog\/#\/schema\/person\/dcab619c614d3038751c63bc2aadc06d\"},\"description\":\"Mobil: Viber + Whatsapp: +382 69 335 534\u00a0 : +382 69 335 512 Die historische Stadt von Ulcinj mit seinen gepflasterten, kleinen Gassen, romantischen\",\"breadcrumb\":{\"@id\":\"https:\/\/www.visit-ulcinj.com\/blog\/2009\/06\/11\/accommodation-ferien-hause-in-ulcinj-montenegrofur-7e-pers\/#breadcrumb\"},\"inLanguage\":\"en-US\",\"potentialAction\":[{\"@type\":\"ReadAction\",\"target\":[\"https:\/\/www.visit-ulcinj.com\/blog\/2009\/06\/11\/accommodation-ferien-hause-in-ulcinj-montenegrofur-7e-pers\/\"]}]},{\"@type\":\"BreadcrumbList\",\"@id\":\"https:\/\/www.visit-ulcinj.com\/blog\/2009\/06\/11\/accommodation-ferien-hause-in-ulcinj-montenegrofur-7e-pers\/#breadcrumb\",\"itemListElement\":[{\"@type\":\"ListItem\",\"position\":1,\"name\":\"Accommodation Ferien Hause in Ulcinj-Montenegro,ab 7\u20ac\"}]},{\"@type\":\"Person\",\"@id\":\"https:\/\/www.visit-ulcinj.com\/blog\/#\/schema\/person\/dcab619c614d3038751c63bc2aadc06d\",\"name\":\"ulqini\",\"sameAs\":[\"http:\/\/www.visit-ulcinj.com\"],\"url\":\"https:\/\/www.visit-ulcinj.com\/blog\/author\/admin\/\"}]}<\/script>\n<!-- \/ Yoast SEO plugin. -->","yoast_head_json":{"title":"Accommodation Ferien Hause in Ulcinj-Montenegro,ab 7\u20ac - Lajme nga Ulqini","description":"Mobil: Viber + Whatsapp: +382 69 335 534\u00a0 : +382 69 335 512 Die historische Stadt von Ulcinj mit seinen gepflasterten, kleinen Gassen, romantischen","robots":{"index":"index","follow":"follow","max-snippet":"max-snippet:-1","max-image-preview":"max-image-preview:large","max-video-preview":"max-video-preview:-1"},"canonical":"https:\/\/www.visit-ulcinj.com\/blog\/2009\/06\/11\/accommodation-ferien-hause-in-ulcinj-montenegrofur-7e-pers\/","og_locale":"en_US","og_type":"article","og_title":"Accommodation Ferien Hause in Ulcinj-Montenegro,ab 7\u20ac - Lajme nga Ulqini","og_description":"Mobil: Viber + Whatsapp: +382 69 335 534\u00a0 : +382 69 335 512 Die historische Stadt von Ulcinj mit seinen gepflasterten, kleinen Gassen, romantischen","og_url":"https:\/\/www.visit-ulcinj.com\/blog\/2009\/06\/11\/accommodation-ferien-hause-in-ulcinj-montenegrofur-7e-pers\/","og_site_name":"Lajme nga Ulqini","article_published_time":"2009-06-11T18:26:24+00:00","article_modified_time":"2023-04-01T12:17:55+00:00","og_image":[{"url":"http:\/\/www.visit-ulcinj.com\/blog\/wp-content\/uploads\/2009\/06\/Holiday-House-in-Ulcinj-Montenegro7-150x150.jpg"}],"twitter_misc":{"Written by":"ulqini","Est. reading time":"4 minutes"},"schema":{"@context":"https:\/\/schema.org","@graph":[{"@type":"WebSite","@id":"https:\/\/www.visit-ulcinj.com\/blog\/#website","url":"https:\/\/www.visit-ulcinj.com\/blog\/","name":"Lajme nga Ulqini","description":"Lajme,Vijesti,Ulqini,Ulqin,Crna Gora,Mali i Zi","potentialAction":[{"@type":"SearchAction","target":{"@type":"EntryPoint","urlTemplate":"https:\/\/www.visit-ulcinj.com\/blog\/?s={search_term_string}"},"query-input":"required name=search_term_string"}],"inLanguage":"en-US"},{"@type":"ImageObject","inLanguage":"en-US","@id":"https:\/\/www.visit-ulcinj.com\/blog\/2009\/06\/11\/accommodation-ferien-hause-in-ulcinj-montenegrofur-7e-pers\/#primaryimage","url":"http:\/\/www.visit-ulcinj.com\/blog\/wp-content\/uploads\/2009\/06\/grosse-strand-_copakabana_ulcinj_montenegro.jpg","contentUrl":"http:\/\/www.visit-ulcinj.com\/blog\/wp-content\/uploads\/2009\/06\/grosse-strand-_copakabana_ulcinj_montenegro.jpg"},{"@type":"WebPage","@id":"https:\/\/www.visit-ulcinj.com\/blog\/2009\/06\/11\/accommodation-ferien-hause-in-ulcinj-montenegrofur-7e-pers\/#webpage","url":"https:\/\/www.visit-ulcinj.com\/blog\/2009\/06\/11\/accommodation-ferien-hause-in-ulcinj-montenegrofur-7e-pers\/","name":"Accommodation Ferien Hause in Ulcinj-Montenegro,ab 7\u20ac - Lajme nga Ulqini","isPartOf":{"@id":"https:\/\/www.visit-ulcinj.com\/blog\/#website"},"primaryImageOfPage":{"@id":"https:\/\/www.visit-ulcinj.com\/blog\/2009\/06\/11\/accommodation-ferien-hause-in-ulcinj-montenegrofur-7e-pers\/#primaryimage"},"datePublished":"2009-06-11T18:26:24+00:00","dateModified":"2023-04-01T12:17:55+00:00","author":{"@id":"https:\/\/www.visit-ulcinj.com\/blog\/#\/schema\/person\/dcab619c614d3038751c63bc2aadc06d"},"description":"Mobil: Viber + Whatsapp: +382 69 335 534\u00a0 : +382 69 335 512 Die historische Stadt von Ulcinj mit seinen gepflasterten, kleinen Gassen, romantischen","breadcrumb":{"@id":"https:\/\/www.visit-ulcinj.com\/blog\/2009\/06\/11\/accommodation-ferien-hause-in-ulcinj-montenegrofur-7e-pers\/#breadcrumb"},"inLanguage":"en-US","potentialAction":[{"@type":"ReadAction","target":["https:\/\/www.visit-ulcinj.com\/blog\/2009\/06\/11\/accommodation-ferien-hause-in-ulcinj-montenegrofur-7e-pers\/"]}]},{"@type":"BreadcrumbList","@id":"https:\/\/www.visit-ulcinj.com\/blog\/2009\/06\/11\/accommodation-ferien-hause-in-ulcinj-montenegrofur-7e-pers\/#breadcrumb","itemListElement":[{"@type":"ListItem","position":1,"name":"Accommodation Ferien Hause in Ulcinj-Montenegro,ab 7\u20ac"}]},{"@type":"Person","@id":"https:\/\/www.visit-ulcinj.com\/blog\/#\/schema\/person\/dcab619c614d3038751c63bc2aadc06d","name":"ulqini","sameAs":["http:\/\/www.visit-ulcinj.com"],"url":"https:\/\/www.visit-ulcinj.com\/blog\/author\/admin\/"}]}},"jetpack_featured_media_url":"","jetpack_sharing_enabled":true,"jetpack_shortlink":"https:\/\/wp.me\/pe6lTn-5VQ","_links":{"self":[{"href":"https:\/\/www.visit-ulcinj.com\/blog\/wp-json\/wp\/v2\/posts\/22806"}],"collection":[{"href":"https:\/\/www.visit-ulcinj.com\/blog\/wp-json\/wp\/v2\/posts"}],"about":[{"href":"https:\/\/www.visit-ulcinj.com\/blog\/wp-json\/wp\/v2\/types\/post"}],"author":[{"embeddable":true,"href":"https:\/\/www.visit-ulcinj.com\/blog\/wp-json\/wp\/v2\/users\/1"}],"replies":[{"embeddable":true,"href":"https:\/\/www.visit-ulcinj.com\/blog\/wp-json\/wp\/v2\/comments?post=22806"}],"version-history":[{"count":18,"href":"https:\/\/www.visit-ulcinj.com\/blog\/wp-json\/wp\/v2\/posts\/22806\/revisions"}],"predecessor-version":[{"id":106888,"href":"https:\/\/www.visit-ulcinj.com\/blog\/wp-json\/wp\/v2\/posts\/22806\/revisions\/106888"}],"wp:attachment":[{"href":"https:\/\/www.visit-ulcinj.com\/blog\/wp-json\/wp\/v2\/media?parent=22806"}],"wp:term":[{"taxonomy":"category","embeddable":true,"href":"https:\/\/www.visit-ulcinj.com\/blog\/wp-json\/wp\/v2\/categories?post=22806"},{"taxonomy":"post_tag","embeddable":true,"href":"https:\/\/www.visit-ulcinj.com\/blog\/wp-json\/wp\/v2\/tags?post=22806"}],"curies":[{"name":"wp","href":"https:\/\/api.w.org\/{rel}","templated":true}]}}