{"id":2282,"date":"2008-08-08T07:37:30","date_gmt":"2008-08-08T12:37:30","guid":{"rendered":"http:\/\/www.visit-ulcinj.com\/blog\/?p=2282"},"modified":"2008-08-08T07:37:30","modified_gmt":"2008-08-08T12:37:30","slug":"u-obracunu-u-ulcinju-ranjen-valjdet-hasanagic-24","status":"publish","type":"post","link":"https:\/\/www.visit-ulcinj.com\/blog\/2008\/08\/08\/u-obracunu-u-ulcinju-ranjen-valjdet-hasanagic-24\/","title":{"rendered":"U obra?unu u Ulcinju ranjen Valjdet Hasanagi? (24)"},"content":{"rendered":"<p><a href=\"http:\/\/www.vijesti.cg.yu\/_slike\/1218064127.jpg\"><img loading=\"lazy\" class=\"alignleft\" title=\" U ULCINJU RANJEN VALJDET HASANAGI?\" src=\"http:\/\/www.vijesti.cg.yu\/_slike\/1218064127.jpg\" alt=\"\" width=\"290\" height=\"190\" \/><\/a><strong>Metak zbog parkinga<\/strong><br \/>\nUlcinj \u2013 Ulcinjanin Valjdet Hasanagi? (24) ranjen je u vatrenom obra?unu koji se dogodio ju?e oko 14 ?asova u centru Ulcinja, kod biv\u0161eg \u201eBorova\u201c.<br \/>\nNa njega je, kako se sumnja, iz pi\u0161tolja za sada nepoznate marke, pucao sugra?anin Artan Kurtovi?, koji se nalazi u bjekstvu.<br \/>\nDe\u017eurni ljekar u ulcinjskom Domu zdravlja Indira ?ivovi? kazala je \u201eVijestima\u201c da je Hasanagi? u tu ustanovu doveden sa ustrijelnom ranom.<br \/>\n&#8211; Imao je ustrijelnu ranu i ogrebotinu na lijevoj natkoljenici. Ovdje je medicinski potpuno zbrinut i upu?en u barsku bolnicu na dalje lije?enje. Njegovo zdravstveno stanje bilo je stabilno \u2013 kazala je ?ivovi? \u201eVijestima\u201c sino? oko 18 ?asova.<br \/>\nO?evidac koji je \u017eelio anonimnost, kazao je da je povod za sva?u koja je prethodila ranjavanju vi\u0161e nego bizaran.<br \/>\n&#8211; Sva?a je izbila oko parkinga kada je radnik koji radi za Kurtovi?a na drzak na?in htio da pomjeri dva motora i parkira svoje vozilo kako bi istovario pi?e. Hasanagi?, koji radi u obli\u017enjem frizerskom salonu poku\u0161ao je da ga sprije?i u tome, umije\u0161ao se Kurtovi? i tada je zapra\u0161talo nekoliko puta \u2013 ispri?ao je on i dodao da je Hasanagi?a najvjerovatnije pogodio riko\u0161et.<br \/>\n<strong> S.A.<br \/>\nIzvor \/ Vijesti<\/strong><\/p>\n","protected":false},"excerpt":{"rendered":"<p><img loading=\"lazy\" class=\"alignleft\" title=\" U ULCINJU RANJEN VALJDET HASANAGI?\" src=\"http:\/\/www.vijesti.cg.yu\/_slike\/1218064127.jpg\" alt=\"\" width=\"140\" height=\"140\" \/><\/p>\n","protected":false},"author":1,"featured_media":0,"comment_status":"open","ping_status":"closed","sticky":false,"template":"","format":"standard","meta":{"spay_email":"","jetpack_publicize_message":"","jetpack_is_tweetstorm":false,"jetpack_publicize_feature_enabled":true},"categories":[1,12],"tags":[19],"jetpack_publicize_connections":[],"yoast_head":"<!-- This site is optimized with the Yoast SEO plugin v19.1 - https:\/\/yoast.com\/wordpress\/plugins\/seo\/ -->\n<title>U obra?unu u Ulcinju ranjen Valjdet Hasanagi? (24) - Lajme nga Ulqini<\/title>\n<meta name=\"robots\" content=\"index, follow, max-snippet:-1, max-image-preview:large, max-video-preview:-1\" \/>\n<link rel=\"canonical\" href=\"https:\/\/www.visit-ulcinj.com\/blog\/2008\/08\/08\/u-obracunu-u-ulcinju-ranjen-valjdet-hasanagic-24\/\" \/>\n<meta property=\"og:locale\" content=\"en_US\" \/>\n<meta property=\"og:type\" content=\"article\" \/>\n<meta property=\"og:title\" content=\"U obra?unu u Ulcinju ranjen Valjdet Hasanagi? (24) - Lajme nga Ulqini\" \/>\n<meta property=\"og:url\" content=\"https:\/\/www.visit-ulcinj.com\/blog\/2008\/08\/08\/u-obracunu-u-ulcinju-ranjen-valjdet-hasanagic-24\/\" \/>\n<meta property=\"og:site_name\" content=\"Lajme nga Ulqini\" \/>\n<meta property=\"article:published_time\" content=\"2008-08-08T12:37:30+00:00\" \/>\n<meta property=\"og:image\" content=\"http:\/\/www.vijesti.cg.yu\/_slike\/1218064127.jpg\" \/>\n<meta name=\"twitter:label1\" content=\"Written by\" \/>\n\t<meta name=\"twitter:data1\" content=\"ulqini\" \/>\n\t<meta name=\"twitter:label2\" content=\"Est. reading time\" \/>\n\t<meta name=\"twitter:data2\" content=\"1 minute\" \/>\n<script type=\"application\/ld+json\" class=\"yoast-schema-graph\">{\"@context\":\"https:\/\/schema.org\",\"@graph\":[{\"@type\":\"WebSite\",\"@id\":\"https:\/\/www.visit-ulcinj.com\/blog\/#website\",\"url\":\"https:\/\/www.visit-ulcinj.com\/blog\/\",\"name\":\"Lajme nga Ulqini\",\"description\":\"Lajme,Vijesti,Ulqini,Ulqin,Crna Gora,Mali i Zi\",\"potentialAction\":[{\"@type\":\"SearchAction\",\"target\":{\"@type\":\"EntryPoint\",\"urlTemplate\":\"https:\/\/www.visit-ulcinj.com\/blog\/?s={search_term_string}\"},\"query-input\":\"required name=search_term_string\"}],\"inLanguage\":\"en-US\"},{\"@type\":\"ImageObject\",\"inLanguage\":\"en-US\",\"@id\":\"https:\/\/www.visit-ulcinj.com\/blog\/2008\/08\/08\/u-obracunu-u-ulcinju-ranjen-valjdet-hasanagic-24\/#primaryimage\",\"url\":\"http:\/\/www.vijesti.cg.yu\/_slike\/1218064127.jpg\",\"contentUrl\":\"http:\/\/www.vijesti.cg.yu\/_slike\/1218064127.jpg\"},{\"@type\":\"WebPage\",\"@id\":\"https:\/\/www.visit-ulcinj.com\/blog\/2008\/08\/08\/u-obracunu-u-ulcinju-ranjen-valjdet-hasanagic-24\/#webpage\",\"url\":\"https:\/\/www.visit-ulcinj.com\/blog\/2008\/08\/08\/u-obracunu-u-ulcinju-ranjen-valjdet-hasanagic-24\/\",\"name\":\"U obra?unu u Ulcinju ranjen Valjdet Hasanagi? (24) - Lajme nga Ulqini\",\"isPartOf\":{\"@id\":\"https:\/\/www.visit-ulcinj.com\/blog\/#website\"},\"primaryImageOfPage\":{\"@id\":\"https:\/\/www.visit-ulcinj.com\/blog\/2008\/08\/08\/u-obracunu-u-ulcinju-ranjen-valjdet-hasanagic-24\/#primaryimage\"},\"datePublished\":\"2008-08-08T12:37:30+00:00\",\"dateModified\":\"2008-08-08T12:37:30+00:00\",\"author\":{\"@id\":\"https:\/\/www.visit-ulcinj.com\/blog\/#\/schema\/person\/dcab619c614d3038751c63bc2aadc06d\"},\"breadcrumb\":{\"@id\":\"https:\/\/www.visit-ulcinj.com\/blog\/2008\/08\/08\/u-obracunu-u-ulcinju-ranjen-valjdet-hasanagic-24\/#breadcrumb\"},\"inLanguage\":\"en-US\",\"potentialAction\":[{\"@type\":\"ReadAction\",\"target\":[\"https:\/\/www.visit-ulcinj.com\/blog\/2008\/08\/08\/u-obracunu-u-ulcinju-ranjen-valjdet-hasanagic-24\/\"]}]},{\"@type\":\"BreadcrumbList\",\"@id\":\"https:\/\/www.visit-ulcinj.com\/blog\/2008\/08\/08\/u-obracunu-u-ulcinju-ranjen-valjdet-hasanagic-24\/#breadcrumb\",\"itemListElement\":[{\"@type\":\"ListItem\",\"position\":1,\"name\":\"U obra?unu u Ulcinju ranjen Valjdet Hasanagi? (24)\"}]},{\"@type\":\"Person\",\"@id\":\"https:\/\/www.visit-ulcinj.com\/blog\/#\/schema\/person\/dcab619c614d3038751c63bc2aadc06d\",\"name\":\"ulqini\",\"sameAs\":[\"http:\/\/www.visit-ulcinj.com\"],\"url\":\"https:\/\/www.visit-ulcinj.com\/blog\/author\/admin\/\"}]}<\/script>\n<!-- \/ Yoast SEO plugin. -->","yoast_head_json":{"title":"U obra?unu u Ulcinju ranjen Valjdet Hasanagi? (24) - Lajme nga Ulqini","robots":{"index":"index","follow":"follow","max-snippet":"max-snippet:-1","max-image-preview":"max-image-preview:large","max-video-preview":"max-video-preview:-1"},"canonical":"https:\/\/www.visit-ulcinj.com\/blog\/2008\/08\/08\/u-obracunu-u-ulcinju-ranjen-valjdet-hasanagic-24\/","og_locale":"en_US","og_type":"article","og_title":"U obra?unu u Ulcinju ranjen Valjdet Hasanagi? (24) - Lajme nga Ulqini","og_url":"https:\/\/www.visit-ulcinj.com\/blog\/2008\/08\/08\/u-obracunu-u-ulcinju-ranjen-valjdet-hasanagic-24\/","og_site_name":"Lajme nga Ulqini","article_published_time":"2008-08-08T12:37:30+00:00","og_image":[{"url":"http:\/\/www.vijesti.cg.yu\/_slike\/1218064127.jpg"}],"twitter_misc":{"Written by":"ulqini","Est. reading time":"1 minute"},"schema":{"@context":"https:\/\/schema.org","@graph":[{"@type":"WebSite","@id":"https:\/\/www.visit-ulcinj.com\/blog\/#website","url":"https:\/\/www.visit-ulcinj.com\/blog\/","name":"Lajme nga Ulqini","description":"Lajme,Vijesti,Ulqini,Ulqin,Crna Gora,Mali i Zi","potentialAction":[{"@type":"SearchAction","target":{"@type":"EntryPoint","urlTemplate":"https:\/\/www.visit-ulcinj.com\/blog\/?s={search_term_string}"},"query-input":"required name=search_term_string"}],"inLanguage":"en-US"},{"@type":"ImageObject","inLanguage":"en-US","@id":"https:\/\/www.visit-ulcinj.com\/blog\/2008\/08\/08\/u-obracunu-u-ulcinju-ranjen-valjdet-hasanagic-24\/#primaryimage","url":"http:\/\/www.vijesti.cg.yu\/_slike\/1218064127.jpg","contentUrl":"http:\/\/www.vijesti.cg.yu\/_slike\/1218064127.jpg"},{"@type":"WebPage","@id":"https:\/\/www.visit-ulcinj.com\/blog\/2008\/08\/08\/u-obracunu-u-ulcinju-ranjen-valjdet-hasanagic-24\/#webpage","url":"https:\/\/www.visit-ulcinj.com\/blog\/2008\/08\/08\/u-obracunu-u-ulcinju-ranjen-valjdet-hasanagic-24\/","name":"U obra?unu u Ulcinju ranjen Valjdet Hasanagi? (24) - Lajme nga Ulqini","isPartOf":{"@id":"https:\/\/www.visit-ulcinj.com\/blog\/#website"},"primaryImageOfPage":{"@id":"https:\/\/www.visit-ulcinj.com\/blog\/2008\/08\/08\/u-obracunu-u-ulcinju-ranjen-valjdet-hasanagic-24\/#primaryimage"},"datePublished":"2008-08-08T12:37:30+00:00","dateModified":"2008-08-08T12:37:30+00:00","author":{"@id":"https:\/\/www.visit-ulcinj.com\/blog\/#\/schema\/person\/dcab619c614d3038751c63bc2aadc06d"},"breadcrumb":{"@id":"https:\/\/www.visit-ulcinj.com\/blog\/2008\/08\/08\/u-obracunu-u-ulcinju-ranjen-valjdet-hasanagic-24\/#breadcrumb"},"inLanguage":"en-US","potentialAction":[{"@type":"ReadAction","target":["https:\/\/www.visit-ulcinj.com\/blog\/2008\/08\/08\/u-obracunu-u-ulcinju-ranjen-valjdet-hasanagic-24\/"]}]},{"@type":"BreadcrumbList","@id":"https:\/\/www.visit-ulcinj.com\/blog\/2008\/08\/08\/u-obracunu-u-ulcinju-ranjen-valjdet-hasanagic-24\/#breadcrumb","itemListElement":[{"@type":"ListItem","position":1,"name":"U obra?unu u Ulcinju ranjen Valjdet Hasanagi? (24)"}]},{"@type":"Person","@id":"https:\/\/www.visit-ulcinj.com\/blog\/#\/schema\/person\/dcab619c614d3038751c63bc2aadc06d","name":"ulqini","sameAs":["http:\/\/www.visit-ulcinj.com"],"url":"https:\/\/www.visit-ulcinj.com\/blog\/author\/admin\/"}]}},"jetpack_featured_media_url":"","jetpack_sharing_enabled":true,"jetpack_shortlink":"https:\/\/wp.me\/pe6lTn-AO","_links":{"self":[{"href":"https:\/\/www.visit-ulcinj.com\/blog\/wp-json\/wp\/v2\/posts\/2282"}],"collection":[{"href":"https:\/\/www.visit-ulcinj.com\/blog\/wp-json\/wp\/v2\/posts"}],"about":[{"href":"https:\/\/www.visit-ulcinj.com\/blog\/wp-json\/wp\/v2\/types\/post"}],"author":[{"embeddable":true,"href":"https:\/\/www.visit-ulcinj.com\/blog\/wp-json\/wp\/v2\/users\/1"}],"replies":[{"embeddable":true,"href":"https:\/\/www.visit-ulcinj.com\/blog\/wp-json\/wp\/v2\/comments?post=2282"}],"version-history":[{"count":0,"href":"https:\/\/www.visit-ulcinj.com\/blog\/wp-json\/wp\/v2\/posts\/2282\/revisions"}],"wp:attachment":[{"href":"https:\/\/www.visit-ulcinj.com\/blog\/wp-json\/wp\/v2\/media?parent=2282"}],"wp:term":[{"taxonomy":"category","embeddable":true,"href":"https:\/\/www.visit-ulcinj.com\/blog\/wp-json\/wp\/v2\/categories?post=2282"},{"taxonomy":"post_tag","embeddable":true,"href":"https:\/\/www.visit-ulcinj.com\/blog\/wp-json\/wp\/v2\/tags?post=2282"}],"curies":[{"name":"wp","href":"https:\/\/api.w.org\/{rel}","templated":true}]}}