{"id":22837,"date":"2009-06-12T21:02:18","date_gmt":"2009-06-12T19:02:18","guid":{"rendered":"http:\/\/www.visit-ulcinj.com\/blog\/?p=22837"},"modified":"2009-06-12T21:03:05","modified_gmt":"2009-06-12T19:03:05","slug":"mali-i-zi-gjukanoviqi-ne-krye-te-qeverise","status":"publish","type":"post","link":"https:\/\/www.visit-ulcinj.com\/blog\/2009\/06\/12\/mali-i-zi-gjukanoviqi-ne-krye-te-qeverise\/","title":{"rendered":"Mali i Zi: Gjukanoviqi n\u00eb krye t\u00eb qeveris\u00eb"},"content":{"rendered":"<p><a href=\"http:\/\/www.visit-ulcinj.com\/blog\/wp-content\/uploads\/2009\/06\/izabrana-38-vlada-crne-gore1.jpg\"><img loading=\"lazy\" class=\"alignleft size-full wp-image-22839\" title=\"izabrana-38-vlada-crne-gore1\" src=\"http:\/\/www.visit-ulcinj.com\/blog\/wp-content\/uploads\/2009\/06\/izabrana-38-vlada-crne-gore1.jpg\" alt=\"izabrana-38-vlada-crne-gore1\" width=\"580\" height=\"400\" \/><\/a>Podgoric\u00eb -Parlamenti i Malit t\u00eb Zi vot\u00ebbesoi dje pasdite qeverin\u00eb e re 21 an\u00ebtar\u00ebshe dhe kryeministrin e ri q\u00eb p\u00ebr t\u00eb gjasht\u00ebn her\u00eb do t\u00eb jet\u00eb Gjukanovi\u00e7. N\u00eb deklarat\u00ebn e tij para se ai t\u00eb betohej, Gjukanovi\u00e7 p\u00ebrs\u00ebriti se qeveria do t\u00eb jet\u00eb e angazhuar p\u00ebr integrimet euroatlantike dhe zbutjen e ndikimeve t\u00eb kriz\u00ebs ekonomike globale. Gjukanovi\u00e7 \u00ebsht\u00eb i pranish\u00ebm n\u00eb sken\u00ebn politike t\u00eb Malit t\u00eb Zi prej 18 vjet\u00ebsh dhe gjat\u00eb k\u00ebsaj kohe ai ka sh\u00ebrbyer pes\u00eb her\u00eb si kryeminist\u00ebr dhe ka qen\u00eb president n\u00eb nj\u00eb mandat.<br \/>\nQeveria e re, ashtu si e m\u00ebparshmja, ka tre z\u00ebvend\u00ebskryeministra dhe 17 ministra dhe risia m\u00eb e madhe \u00ebsht\u00eb se n\u00ebnkryetari i Partis\u00eb Demokrate t\u00eb Socialist\u00ebve dhe presidenti i fundit i Bashkimit Shtet\u00ebror t\u00eb Serbis\u00eb dhe Malit t\u00eb Zi, Svetozar Marovi\u00e7, do t\u00eb marr\u00eb pjes\u00eb edhe nj\u00eb her\u00eb n\u00eb jet\u00ebn politike, k\u00ebt\u00eb her\u00eb si z\u00ebvend\u00ebskryeminist\u00ebr i ngarkuar p\u00ebr \u00e7\u00ebshtjet politike. Igor Lukshi\u00e7 dhe Vujica Lazovi\u00e7 do t\u00eb vazhdojn\u00eb t\u00eb sh\u00ebrbejn\u00eb si z\u00ebvend\u00ebskryeministra.<br \/>\nKurse Mandatari Gjukanoviq i ka premtuar Ferhat Dinosh\u00ebs se UDSH do t\u00eb vazhdoj\u00eb t\u00eb jet\u00eb pjes\u00eb e qeveris\u00eb s\u00eb tij, por nuk dihet se cil\u00ebt funksione do t\u2019i vazhdoj\u00eb.<\/p>\n<p><strong>Gazeta Start<\/strong><\/p>\n<p><strong>\n\t\t<style type=\"text\/css\">\n\t\t\t#gallery-1 {\n\t\t\t\tmargin: auto;\n\t\t\t}\n\t\t\t#gallery-1 .gallery-item {\n\t\t\t\tfloat: left;\n\t\t\t\tmargin-top: 10px;\n\t\t\t\ttext-align: center;\n\t\t\t\twidth: 33%;\n\t\t\t}\n\t\t\t#gallery-1 img {\n\t\t\t\tborder: 2px solid #cfcfcf;\n\t\t\t}\n\t\t\t#gallery-1 .gallery-caption {\n\t\t\t\tmargin-left: 0;\n\t\t\t}\n\t\t\t\/* see gallery_shortcode() in wp-includes\/media.php *\/\n\t\t<\/style>\n\t\t<div id='gallery-1' class='gallery galleryid-22837 gallery-columns-3 gallery-size-thumbnail'><dl class='gallery-item'>\n\t\t\t<dt class='gallery-icon landscape'>\n\t\t\t\t<a href='https:\/\/www.visit-ulcinj.com\/blog\/wp-content\/uploads\/2009\/06\/predsjednik-vlade-crne-gore-milo-dukanovic-odrzao-sastanak-sa-clanovima-nove-vlade.jpg'><img width=\"150\" height=\"150\" src=\"https:\/\/www.visit-ulcinj.com\/blog\/wp-content\/uploads\/2009\/06\/predsjednik-vlade-crne-gore-milo-dukanovic-odrzao-sastanak-sa-clanovima-nove-vlade-150x150.jpg\" class=\"attachment-thumbnail size-thumbnail\" alt=\"\" loading=\"lazy\" \/><\/a>\n\t\t\t<\/dt><\/dl><dl class='gallery-item'>\n\t\t\t<dt class='gallery-icon landscape'>\n\t\t\t\t<a href='https:\/\/www.visit-ulcinj.com\/blog\/wp-content\/uploads\/2009\/06\/izabrana-38-vlada-crne-gore1.jpg'><img width=\"150\" height=\"150\" src=\"https:\/\/www.visit-ulcinj.com\/blog\/wp-content\/uploads\/2009\/06\/izabrana-38-vlada-crne-gore1-150x150.jpg\" class=\"attachment-thumbnail size-thumbnail\" alt=\"\" loading=\"lazy\" \/><\/a>\n\t\t\t<\/dt><\/dl><dl class='gallery-item'>\n\t\t\t<dt class='gallery-icon landscape'>\n\t\t\t\t<a href='https:\/\/www.visit-ulcinj.com\/blog\/wp-content\/uploads\/2009\/06\/zavrsna-rijec-predsjednika-vlade-crne-gore-mila-dukanovica.jpg'><img width=\"150\" height=\"150\" src=\"https:\/\/www.visit-ulcinj.com\/blog\/wp-content\/uploads\/2009\/06\/zavrsna-rijec-predsjednika-vlade-crne-gore-mila-dukanovica-150x150.jpg\" class=\"attachment-thumbnail size-thumbnail\" alt=\"\" loading=\"lazy\" \/><\/a>\n\t\t\t<\/dt><\/dl><br style=\"clear: both\" \/>\n\t\t<\/div>\n<\/p>\n<p><\/strong><\/p>\n<p><strong><\/strong><\/p>\n<p><strong><\/strong><\/p>\n<p><strong><\/strong><\/p>\n","protected":false},"excerpt":{"rendered":"<p>Podgoric\u00eb -Parlamenti i Malit t\u00eb Zi vot\u00ebbesoi dje pasdite qeverin\u00eb e re 21 an\u00ebtar\u00ebshe dhe kryeministrin e ri q\u00eb p\u00ebr t\u00eb gjasht\u00ebn her\u00eb do t\u00eb jet\u00eb Gjukanovi\u00e7. N\u00eb deklarat\u00ebn e tij para se ai t\u00eb betohej, Gjukanovi\u00e7 p\u00ebrs\u00ebriti se qeveria do t\u00eb jet\u00eb e angazhuar p\u00ebr integrimet euroatlantike dhe zbutjen e ndikimeve t\u00eb kriz\u00ebs ekonomike [&hellip;]<\/p>\n","protected":false},"author":1,"featured_media":0,"comment_status":"open","ping_status":"closed","sticky":false,"template":"","format":"standard","meta":{"spay_email":"","jetpack_publicize_message":"","jetpack_is_tweetstorm":false,"jetpack_publicize_feature_enabled":true},"categories":[6],"tags":[95],"jetpack_publicize_connections":[],"yoast_head":"<!-- This site is optimized with the Yoast SEO plugin v19.1 - https:\/\/yoast.com\/wordpress\/plugins\/seo\/ -->\n<title>Mali i Zi: Gjukanoviqi n\u00eb krye t\u00eb qeveris\u00eb - Lajme nga Ulqini<\/title>\n<meta name=\"description\" content=\"Podgoric\u00eb -Parlamenti i Malit t\u00eb Zi vot\u00ebbesoi dje pasdite qeverin\u00eb e re 21 an\u00ebtar\u00ebshe dhe kryeministrin e ri q\u00eb p\u00ebr t\u00eb gjasht\u00ebn her\u00eb do t\u00eb jet\u00eb\" \/>\n<meta name=\"robots\" content=\"index, follow, max-snippet:-1, max-image-preview:large, max-video-preview:-1\" \/>\n<link rel=\"canonical\" href=\"https:\/\/www.visit-ulcinj.com\/blog\/2009\/06\/12\/mali-i-zi-gjukanoviqi-ne-krye-te-qeverise\/\" \/>\n<meta property=\"og:locale\" content=\"en_US\" \/>\n<meta property=\"og:type\" content=\"article\" \/>\n<meta property=\"og:title\" content=\"Mali i Zi: Gjukanoviqi n\u00eb krye t\u00eb qeveris\u00eb - Lajme nga Ulqini\" \/>\n<meta property=\"og:description\" content=\"Podgoric\u00eb -Parlamenti i Malit t\u00eb Zi vot\u00ebbesoi dje pasdite qeverin\u00eb e re 21 an\u00ebtar\u00ebshe dhe kryeministrin e ri q\u00eb p\u00ebr t\u00eb gjasht\u00ebn her\u00eb do t\u00eb jet\u00eb\" \/>\n<meta property=\"og:url\" content=\"https:\/\/www.visit-ulcinj.com\/blog\/2009\/06\/12\/mali-i-zi-gjukanoviqi-ne-krye-te-qeverise\/\" \/>\n<meta property=\"og:site_name\" content=\"Lajme nga Ulqini\" \/>\n<meta property=\"article:published_time\" content=\"2009-06-12T19:02:18+00:00\" \/>\n<meta property=\"article:modified_time\" content=\"2009-06-12T19:03:05+00:00\" \/>\n<meta property=\"og:image\" content=\"https:\/\/www.visit-ulcinj.com\/blog\/wp-content\/uploads\/2009\/06\/predsjednik-vlade-crne-gore-milo-dukanovic-odrzao-sastanak-sa-clanovima-nove-vlade-150x150.jpg\" \/>\n<meta name=\"twitter:label1\" content=\"Written by\" \/>\n\t<meta name=\"twitter:data1\" content=\"ulqini\" \/>\n\t<meta name=\"twitter:label2\" content=\"Est. reading time\" \/>\n\t<meta name=\"twitter:data2\" content=\"1 minute\" \/>\n<script type=\"application\/ld+json\" class=\"yoast-schema-graph\">{\"@context\":\"https:\/\/schema.org\",\"@graph\":[{\"@type\":\"WebSite\",\"@id\":\"https:\/\/www.visit-ulcinj.com\/blog\/#website\",\"url\":\"https:\/\/www.visit-ulcinj.com\/blog\/\",\"name\":\"Lajme nga Ulqini\",\"description\":\"Lajme,Vijesti,Ulqini,Ulqin,Crna Gora,Mali i Zi\",\"potentialAction\":[{\"@type\":\"SearchAction\",\"target\":{\"@type\":\"EntryPoint\",\"urlTemplate\":\"https:\/\/www.visit-ulcinj.com\/blog\/?s={search_term_string}\"},\"query-input\":\"required name=search_term_string\"}],\"inLanguage\":\"en-US\"},{\"@type\":\"ImageObject\",\"inLanguage\":\"en-US\",\"@id\":\"https:\/\/www.visit-ulcinj.com\/blog\/2009\/06\/12\/mali-i-zi-gjukanoviqi-ne-krye-te-qeverise\/#primaryimage\",\"url\":\"https:\/\/www.visit-ulcinj.com\/blog\/wp-content\/uploads\/2009\/06\/izabrana-38-vlada-crne-gore1.jpg\",\"contentUrl\":\"https:\/\/www.visit-ulcinj.com\/blog\/wp-content\/uploads\/2009\/06\/izabrana-38-vlada-crne-gore1.jpg\",\"width\":\"640\",\"height\":\"427\"},{\"@type\":\"WebPage\",\"@id\":\"https:\/\/www.visit-ulcinj.com\/blog\/2009\/06\/12\/mali-i-zi-gjukanoviqi-ne-krye-te-qeverise\/#webpage\",\"url\":\"https:\/\/www.visit-ulcinj.com\/blog\/2009\/06\/12\/mali-i-zi-gjukanoviqi-ne-krye-te-qeverise\/\",\"name\":\"Mali i Zi: Gjukanoviqi n\u00eb krye t\u00eb qeveris\u00eb - Lajme nga Ulqini\",\"isPartOf\":{\"@id\":\"https:\/\/www.visit-ulcinj.com\/blog\/#website\"},\"primaryImageOfPage\":{\"@id\":\"https:\/\/www.visit-ulcinj.com\/blog\/2009\/06\/12\/mali-i-zi-gjukanoviqi-ne-krye-te-qeverise\/#primaryimage\"},\"datePublished\":\"2009-06-12T19:02:18+00:00\",\"dateModified\":\"2009-06-12T19:03:05+00:00\",\"author\":{\"@id\":\"https:\/\/www.visit-ulcinj.com\/blog\/#\/schema\/person\/dcab619c614d3038751c63bc2aadc06d\"},\"description\":\"Podgoric\u00eb -Parlamenti i Malit t\u00eb Zi vot\u00ebbesoi dje pasdite qeverin\u00eb e re 21 an\u00ebtar\u00ebshe dhe kryeministrin e ri q\u00eb p\u00ebr t\u00eb gjasht\u00ebn her\u00eb do t\u00eb jet\u00eb\",\"breadcrumb\":{\"@id\":\"https:\/\/www.visit-ulcinj.com\/blog\/2009\/06\/12\/mali-i-zi-gjukanoviqi-ne-krye-te-qeverise\/#breadcrumb\"},\"inLanguage\":\"en-US\",\"potentialAction\":[{\"@type\":\"ReadAction\",\"target\":[\"https:\/\/www.visit-ulcinj.com\/blog\/2009\/06\/12\/mali-i-zi-gjukanoviqi-ne-krye-te-qeverise\/\"]}]},{\"@type\":\"BreadcrumbList\",\"@id\":\"https:\/\/www.visit-ulcinj.com\/blog\/2009\/06\/12\/mali-i-zi-gjukanoviqi-ne-krye-te-qeverise\/#breadcrumb\",\"itemListElement\":[{\"@type\":\"ListItem\",\"position\":1,\"name\":\"Mali i Zi: Gjukanoviqi n\u00eb krye t\u00eb qeveris\u00eb\"}]},{\"@type\":\"Person\",\"@id\":\"https:\/\/www.visit-ulcinj.com\/blog\/#\/schema\/person\/dcab619c614d3038751c63bc2aadc06d\",\"name\":\"ulqini\",\"sameAs\":[\"http:\/\/www.visit-ulcinj.com\"],\"url\":\"https:\/\/www.visit-ulcinj.com\/blog\/author\/admin\/\"}]}<\/script>\n<!-- \/ Yoast SEO plugin. -->","yoast_head_json":{"title":"Mali i Zi: Gjukanoviqi n\u00eb krye t\u00eb qeveris\u00eb - Lajme nga Ulqini","description":"Podgoric\u00eb -Parlamenti i Malit t\u00eb Zi vot\u00ebbesoi dje pasdite qeverin\u00eb e re 21 an\u00ebtar\u00ebshe dhe kryeministrin e ri q\u00eb p\u00ebr t\u00eb gjasht\u00ebn her\u00eb do t\u00eb jet\u00eb","robots":{"index":"index","follow":"follow","max-snippet":"max-snippet:-1","max-image-preview":"max-image-preview:large","max-video-preview":"max-video-preview:-1"},"canonical":"https:\/\/www.visit-ulcinj.com\/blog\/2009\/06\/12\/mali-i-zi-gjukanoviqi-ne-krye-te-qeverise\/","og_locale":"en_US","og_type":"article","og_title":"Mali i Zi: Gjukanoviqi n\u00eb krye t\u00eb qeveris\u00eb - Lajme nga Ulqini","og_description":"Podgoric\u00eb -Parlamenti i Malit t\u00eb Zi vot\u00ebbesoi dje pasdite qeverin\u00eb e re 21 an\u00ebtar\u00ebshe dhe kryeministrin e ri q\u00eb p\u00ebr t\u00eb gjasht\u00ebn her\u00eb do t\u00eb jet\u00eb","og_url":"https:\/\/www.visit-ulcinj.com\/blog\/2009\/06\/12\/mali-i-zi-gjukanoviqi-ne-krye-te-qeverise\/","og_site_name":"Lajme nga Ulqini","article_published_time":"2009-06-12T19:02:18+00:00","article_modified_time":"2009-06-12T19:03:05+00:00","og_image":[{"url":"https:\/\/www.visit-ulcinj.com\/blog\/wp-content\/uploads\/2009\/06\/predsjednik-vlade-crne-gore-milo-dukanovic-odrzao-sastanak-sa-clanovima-nove-vlade-150x150.jpg"}],"twitter_misc":{"Written by":"ulqini","Est. reading time":"1 minute"},"schema":{"@context":"https:\/\/schema.org","@graph":[{"@type":"WebSite","@id":"https:\/\/www.visit-ulcinj.com\/blog\/#website","url":"https:\/\/www.visit-ulcinj.com\/blog\/","name":"Lajme nga Ulqini","description":"Lajme,Vijesti,Ulqini,Ulqin,Crna Gora,Mali i Zi","potentialAction":[{"@type":"SearchAction","target":{"@type":"EntryPoint","urlTemplate":"https:\/\/www.visit-ulcinj.com\/blog\/?s={search_term_string}"},"query-input":"required name=search_term_string"}],"inLanguage":"en-US"},{"@type":"ImageObject","inLanguage":"en-US","@id":"https:\/\/www.visit-ulcinj.com\/blog\/2009\/06\/12\/mali-i-zi-gjukanoviqi-ne-krye-te-qeverise\/#primaryimage","url":"https:\/\/www.visit-ulcinj.com\/blog\/wp-content\/uploads\/2009\/06\/izabrana-38-vlada-crne-gore1.jpg","contentUrl":"https:\/\/www.visit-ulcinj.com\/blog\/wp-content\/uploads\/2009\/06\/izabrana-38-vlada-crne-gore1.jpg","width":"640","height":"427"},{"@type":"WebPage","@id":"https:\/\/www.visit-ulcinj.com\/blog\/2009\/06\/12\/mali-i-zi-gjukanoviqi-ne-krye-te-qeverise\/#webpage","url":"https:\/\/www.visit-ulcinj.com\/blog\/2009\/06\/12\/mali-i-zi-gjukanoviqi-ne-krye-te-qeverise\/","name":"Mali i Zi: Gjukanoviqi n\u00eb krye t\u00eb qeveris\u00eb - Lajme nga Ulqini","isPartOf":{"@id":"https:\/\/www.visit-ulcinj.com\/blog\/#website"},"primaryImageOfPage":{"@id":"https:\/\/www.visit-ulcinj.com\/blog\/2009\/06\/12\/mali-i-zi-gjukanoviqi-ne-krye-te-qeverise\/#primaryimage"},"datePublished":"2009-06-12T19:02:18+00:00","dateModified":"2009-06-12T19:03:05+00:00","author":{"@id":"https:\/\/www.visit-ulcinj.com\/blog\/#\/schema\/person\/dcab619c614d3038751c63bc2aadc06d"},"description":"Podgoric\u00eb -Parlamenti i Malit t\u00eb Zi vot\u00ebbesoi dje pasdite qeverin\u00eb e re 21 an\u00ebtar\u00ebshe dhe kryeministrin e ri q\u00eb p\u00ebr t\u00eb gjasht\u00ebn her\u00eb do t\u00eb jet\u00eb","breadcrumb":{"@id":"https:\/\/www.visit-ulcinj.com\/blog\/2009\/06\/12\/mali-i-zi-gjukanoviqi-ne-krye-te-qeverise\/#breadcrumb"},"inLanguage":"en-US","potentialAction":[{"@type":"ReadAction","target":["https:\/\/www.visit-ulcinj.com\/blog\/2009\/06\/12\/mali-i-zi-gjukanoviqi-ne-krye-te-qeverise\/"]}]},{"@type":"BreadcrumbList","@id":"https:\/\/www.visit-ulcinj.com\/blog\/2009\/06\/12\/mali-i-zi-gjukanoviqi-ne-krye-te-qeverise\/#breadcrumb","itemListElement":[{"@type":"ListItem","position":1,"name":"Mali i Zi: Gjukanoviqi n\u00eb krye t\u00eb qeveris\u00eb"}]},{"@type":"Person","@id":"https:\/\/www.visit-ulcinj.com\/blog\/#\/schema\/person\/dcab619c614d3038751c63bc2aadc06d","name":"ulqini","sameAs":["http:\/\/www.visit-ulcinj.com"],"url":"https:\/\/www.visit-ulcinj.com\/blog\/author\/admin\/"}]}},"jetpack_featured_media_url":"","jetpack_sharing_enabled":true,"jetpack_shortlink":"https:\/\/wp.me\/pe6lTn-5Wl","_links":{"self":[{"href":"https:\/\/www.visit-ulcinj.com\/blog\/wp-json\/wp\/v2\/posts\/22837"}],"collection":[{"href":"https:\/\/www.visit-ulcinj.com\/blog\/wp-json\/wp\/v2\/posts"}],"about":[{"href":"https:\/\/www.visit-ulcinj.com\/blog\/wp-json\/wp\/v2\/types\/post"}],"author":[{"embeddable":true,"href":"https:\/\/www.visit-ulcinj.com\/blog\/wp-json\/wp\/v2\/users\/1"}],"replies":[{"embeddable":true,"href":"https:\/\/www.visit-ulcinj.com\/blog\/wp-json\/wp\/v2\/comments?post=22837"}],"version-history":[{"count":0,"href":"https:\/\/www.visit-ulcinj.com\/blog\/wp-json\/wp\/v2\/posts\/22837\/revisions"}],"wp:attachment":[{"href":"https:\/\/www.visit-ulcinj.com\/blog\/wp-json\/wp\/v2\/media?parent=22837"}],"wp:term":[{"taxonomy":"category","embeddable":true,"href":"https:\/\/www.visit-ulcinj.com\/blog\/wp-json\/wp\/v2\/categories?post=22837"},{"taxonomy":"post_tag","embeddable":true,"href":"https:\/\/www.visit-ulcinj.com\/blog\/wp-json\/wp\/v2\/tags?post=22837"}],"curies":[{"name":"wp","href":"https:\/\/api.w.org\/{rel}","templated":true}]}}