{"id":22844,"date":"2009-06-13T14:24:40","date_gmt":"2009-06-13T12:24:40","guid":{"rendered":"http:\/\/www.visit-ulcinj.com\/blog\/?p=22844"},"modified":"2009-06-19T16:24:13","modified_gmt":"2009-06-19T14:24:13","slug":"bljerim-holovic-optuzio-je-ornitologa-darka-saveljica","status":"publish","type":"post","link":"https:\/\/www.visit-ulcinj.com\/blog\/2009\/06\/13\/bljerim-holovic-optuzio-je-ornitologa-darka-saveljica\/","title":{"rendered":"Bljerim Holovi? optu\u017eio je ornitologa Darka Savelji?a"},"content":{"rendered":"<p><strong><a href=\"http:\/\/www.visit-ulcinj.com\/blog\/wp-content\/uploads\/2009\/06\/Bljerim-Holovi?_Direktor-preduze?a-za-uzgoj-za\u0161titu-i-lov-divlja?i-_Ulcinj.jpg\"><img loading=\"lazy\" class=\"alignleft size-full wp-image-22845\" title=\"Bljerim Holovi?_Direktor preduze?a za uzgoj, za\u0161titu i lov divlja?i _Ulcinj\" src=\"http:\/\/www.visit-ulcinj.com\/blog\/wp-content\/uploads\/2009\/06\/Bljerim-Holovi?_Direktor-preduze?a-za-uzgoj-za\u0161titu-i-lov-divlja?i-_Ulcinj.jpg\" alt=\"Bljerim Holovi?_Direktor preduze?a za uzgoj, za\u0161titu i lov divlja?i _Ulcinj\" width=\"400\" height=\"360\" \/><\/a>Samo Savelji? vidi krivolov <\/strong><br \/>\nPodgorica \u2013 Direktor preduze?a za uzgoj, za\u0161titu i lov divlja?i \u201eUlcinj\u201c Bljerim Holovi? optu\u017eio je ornitologa Darka Savelji?a da ponovo poku\u0161ava da lovni turizam prika\u017ee u \u201enajcrnjem svjetlu\u201c.<br \/>\nHolovi? je reagovao zbog teksta \u201eU lov nedjeljom i za Novu godinu\u201c, objavljenog u \u201eVijestima\u201c 5. maja.<\/p>\n<p>\u201ePo Savelji?u, slika nabacanog grmlja i dasaka, trebalo bi da bude mjesto odakle se odvija krivolov, i to ba\u0161, pomislite, na Velikoj pla\u017ei&#8230; i to pored mnogobrojnih turista, lovo?uvarske slu\u017ebe i policije. Njegove fotomonta\u017ee i pominjanja, samo njemu vi?enog, krivolova na Velikoj pla\u017ei, poznati su odranije. Iako uvijek demantovan, ne miruje, koriste?i tradicionalno ulcinjsko gostoprimstvo, i dalje plasira neistine u vezi sa ovim turisti?kim regionom, a sve radi li?nog interesa i punjenja svojih d\u017eepova\u201c, stoji u reagovanju.<\/p>\n<p>Ministarstvo poljoprivrede skratilo je lovnu sezonu na ptice za mjesec i po.<br \/>\nLovci ?e ubudu?e mo?i loviti ptice od 1. avgusta do 15. januara, umjesto od 15. avgusta do 15. marta kako je bilo do ove godine.<\/p>\n<p>Savelji? je ocijenio da je objavljivanjem Pravilnika o du\u017eini trajanja lovne sezone, Ministarstvo poljoprivrede \u201enapravilo prvi pozitivan pomak u rje\u0161avanju problema lova na pti?ju faunu i uskla?ivanju propisa sa evropskim standardima\u201c.<\/p>\n<p>Holovi? u reagovanju upozorava da ?e Crna Gora izgubiti \u201czna?ajan dio turista i prihoda\u201c, zbog skra?enja lovne sezone.<br \/>\nOn navodi da o trajanju lovnih sezona u zemljama regiona, ne \u017eele da razgovaraju sa Savelji?em.<\/p>\n<p>\u201eO tome ?emo razgovarati sa kompetentnim institucijama, jer \u017eelimo naglasiti da Crna Gora, kojoj je turizam, u okviru koga je lovni turizam, zna?ajna ako i ne najzna?ajnija privredna grana, skra?enjem lovne sezone gubi zna?ajan dio turista i prihoda ostvarenih od turizma. Time se i slabi na\u0161e preduze?e, ?ime i za\u0161tita divlja?i zbog neminovnog smanjenja radnika na ovim poslovima iz razloga nedostatka dohotka\u201c, stoji u saop\u0161tenju.<\/p>\n<p>Savelji? je ocijenio da je lovna sezona u Crnoj Gori bila jedna od najdu\u017eih u Evropi, te da njeno skra?enje predstavlja \u201eprvu pozitivnu reakciju Ministarstva na za\u0161titi ptica u posljednjih desetak godina\u201c.<\/p>\n<p><strong>Sl.R<br \/>\n<a href=\"http:\/\/www.vijesti.cg.yu\/index.php?id_pre=307325&amp;godina=2009\" target=\"_blank\">Vijesti<\/a><\/strong><\/p>\n<p><strong><!--YouTube Error: bad URL entered--><br \/>\n<\/strong><\/p>\n","protected":false},"excerpt":{"rendered":"<p>Samo Savelji? vidi krivolov Podgorica \u2013 Direktor preduze?a za uzgoj, za\u0161titu i lov divlja?i \u201eUlcinj\u201c Bljerim Holovi? optu\u017eio je ornitologa Darka Savelji?a da ponovo poku\u0161ava da lovni turizam prika\u017ee u \u201enajcrnjem svjetlu\u201c. Holovi? je reagovao zbog teksta \u201eU lov nedjeljom i za Novu godinu\u201c, objavljenog u \u201eVijestima\u201c 5. maja. \u201ePo Savelji?u, slika nabacanog grmlja i [&hellip;]<\/p>\n","protected":false},"author":1,"featured_media":0,"comment_status":"open","ping_status":"closed","sticky":false,"template":"","format":"standard","meta":{"spay_email":"","jetpack_publicize_message":"","jetpack_is_tweetstorm":false,"jetpack_publicize_feature_enabled":true},"categories":[8337],"tags":[11181,20,11182,19],"jetpack_publicize_connections":[],"yoast_head":"<!-- This site is optimized with the Yoast SEO plugin v19.1 - https:\/\/yoast.com\/wordpress\/plugins\/seo\/ -->\n<title>Bljerim Holovi? optu\u017eio je ornitologa Darka Savelji?a  - Lajme nga Ulqini<\/title>\n<meta name=\"description\" content=\"Samo Savelji? vidi krivolov Podgorica \u2013 Direktor preduze?a za uzgoj, za\u0161titu i lov divlja?i \u201eUlcinj\u201c Bljerim Holovi? optu\u017eio je ornitologa Darka Savelji?a\" \/>\n<meta name=\"robots\" content=\"index, follow, max-snippet:-1, max-image-preview:large, max-video-preview:-1\" \/>\n<link rel=\"canonical\" href=\"https:\/\/www.visit-ulcinj.com\/blog\/2009\/06\/13\/bljerim-holovic-optuzio-je-ornitologa-darka-saveljica\/\" \/>\n<meta property=\"og:locale\" content=\"en_US\" \/>\n<meta property=\"og:type\" content=\"article\" \/>\n<meta property=\"og:title\" content=\"Bljerim Holovi? optu\u017eio je ornitologa Darka Savelji?a  - Lajme nga Ulqini\" \/>\n<meta property=\"og:description\" content=\"Samo Savelji? vidi krivolov Podgorica \u2013 Direktor preduze?a za uzgoj, za\u0161titu i lov divlja?i \u201eUlcinj\u201c Bljerim Holovi? optu\u017eio je ornitologa Darka Savelji?a\" \/>\n<meta property=\"og:url\" content=\"https:\/\/www.visit-ulcinj.com\/blog\/2009\/06\/13\/bljerim-holovic-optuzio-je-ornitologa-darka-saveljica\/\" \/>\n<meta property=\"og:site_name\" content=\"Lajme nga Ulqini\" \/>\n<meta property=\"article:published_time\" content=\"2009-06-13T12:24:40+00:00\" \/>\n<meta property=\"article:modified_time\" content=\"2009-06-19T14:24:13+00:00\" \/>\n<meta name=\"twitter:label1\" content=\"Written by\" \/>\n\t<meta name=\"twitter:data1\" content=\"ulqini\" \/>\n\t<meta name=\"twitter:label2\" content=\"Est. reading time\" \/>\n\t<meta name=\"twitter:data2\" content=\"2 minutes\" \/>\n<script type=\"application\/ld+json\" class=\"yoast-schema-graph\">{\"@context\":\"https:\/\/schema.org\",\"@graph\":[{\"@type\":\"WebSite\",\"@id\":\"https:\/\/www.visit-ulcinj.com\/blog\/#website\",\"url\":\"https:\/\/www.visit-ulcinj.com\/blog\/\",\"name\":\"Lajme nga Ulqini\",\"description\":\"Lajme,Vijesti,Ulqini,Ulqin,Crna Gora,Mali i Zi\",\"potentialAction\":[{\"@type\":\"SearchAction\",\"target\":{\"@type\":\"EntryPoint\",\"urlTemplate\":\"https:\/\/www.visit-ulcinj.com\/blog\/?s={search_term_string}\"},\"query-input\":\"required name=search_term_string\"}],\"inLanguage\":\"en-US\"},{\"@type\":\"WebPage\",\"@id\":\"https:\/\/www.visit-ulcinj.com\/blog\/2009\/06\/13\/bljerim-holovic-optuzio-je-ornitologa-darka-saveljica\/#webpage\",\"url\":\"https:\/\/www.visit-ulcinj.com\/blog\/2009\/06\/13\/bljerim-holovic-optuzio-je-ornitologa-darka-saveljica\/\",\"name\":\"Bljerim Holovi? optu\u017eio je ornitologa Darka Savelji?a - Lajme nga Ulqini\",\"isPartOf\":{\"@id\":\"https:\/\/www.visit-ulcinj.com\/blog\/#website\"},\"datePublished\":\"2009-06-13T12:24:40+00:00\",\"dateModified\":\"2009-06-19T14:24:13+00:00\",\"author\":{\"@id\":\"https:\/\/www.visit-ulcinj.com\/blog\/#\/schema\/person\/dcab619c614d3038751c63bc2aadc06d\"},\"description\":\"Samo Savelji? vidi krivolov Podgorica \u2013 Direktor preduze?a za uzgoj, za\u0161titu i lov divlja?i \u201eUlcinj\u201c Bljerim Holovi? optu\u017eio je ornitologa Darka Savelji?a\",\"breadcrumb\":{\"@id\":\"https:\/\/www.visit-ulcinj.com\/blog\/2009\/06\/13\/bljerim-holovic-optuzio-je-ornitologa-darka-saveljica\/#breadcrumb\"},\"inLanguage\":\"en-US\",\"potentialAction\":[{\"@type\":\"ReadAction\",\"target\":[\"https:\/\/www.visit-ulcinj.com\/blog\/2009\/06\/13\/bljerim-holovic-optuzio-je-ornitologa-darka-saveljica\/\"]}]},{\"@type\":\"BreadcrumbList\",\"@id\":\"https:\/\/www.visit-ulcinj.com\/blog\/2009\/06\/13\/bljerim-holovic-optuzio-je-ornitologa-darka-saveljica\/#breadcrumb\",\"itemListElement\":[{\"@type\":\"ListItem\",\"position\":1,\"name\":\"Bljerim Holovi? optu\u017eio je ornitologa Darka Savelji?a\"}]},{\"@type\":\"Person\",\"@id\":\"https:\/\/www.visit-ulcinj.com\/blog\/#\/schema\/person\/dcab619c614d3038751c63bc2aadc06d\",\"name\":\"ulqini\",\"sameAs\":[\"http:\/\/www.visit-ulcinj.com\"],\"url\":\"https:\/\/www.visit-ulcinj.com\/blog\/author\/admin\/\"}]}<\/script>\n<!-- \/ Yoast SEO plugin. -->","yoast_head_json":{"title":"Bljerim Holovi? optu\u017eio je ornitologa Darka Savelji?a  - Lajme nga Ulqini","description":"Samo Savelji? vidi krivolov Podgorica \u2013 Direktor preduze?a za uzgoj, za\u0161titu i lov divlja?i \u201eUlcinj\u201c Bljerim Holovi? optu\u017eio je ornitologa Darka Savelji?a","robots":{"index":"index","follow":"follow","max-snippet":"max-snippet:-1","max-image-preview":"max-image-preview:large","max-video-preview":"max-video-preview:-1"},"canonical":"https:\/\/www.visit-ulcinj.com\/blog\/2009\/06\/13\/bljerim-holovic-optuzio-je-ornitologa-darka-saveljica\/","og_locale":"en_US","og_type":"article","og_title":"Bljerim Holovi? optu\u017eio je ornitologa Darka Savelji?a  - Lajme nga Ulqini","og_description":"Samo Savelji? vidi krivolov Podgorica \u2013 Direktor preduze?a za uzgoj, za\u0161titu i lov divlja?i \u201eUlcinj\u201c Bljerim Holovi? optu\u017eio je ornitologa Darka Savelji?a","og_url":"https:\/\/www.visit-ulcinj.com\/blog\/2009\/06\/13\/bljerim-holovic-optuzio-je-ornitologa-darka-saveljica\/","og_site_name":"Lajme nga Ulqini","article_published_time":"2009-06-13T12:24:40+00:00","article_modified_time":"2009-06-19T14:24:13+00:00","twitter_misc":{"Written by":"ulqini","Est. reading time":"2 minutes"},"schema":{"@context":"https:\/\/schema.org","@graph":[{"@type":"WebSite","@id":"https:\/\/www.visit-ulcinj.com\/blog\/#website","url":"https:\/\/www.visit-ulcinj.com\/blog\/","name":"Lajme nga Ulqini","description":"Lajme,Vijesti,Ulqini,Ulqin,Crna Gora,Mali i Zi","potentialAction":[{"@type":"SearchAction","target":{"@type":"EntryPoint","urlTemplate":"https:\/\/www.visit-ulcinj.com\/blog\/?s={search_term_string}"},"query-input":"required name=search_term_string"}],"inLanguage":"en-US"},{"@type":"WebPage","@id":"https:\/\/www.visit-ulcinj.com\/blog\/2009\/06\/13\/bljerim-holovic-optuzio-je-ornitologa-darka-saveljica\/#webpage","url":"https:\/\/www.visit-ulcinj.com\/blog\/2009\/06\/13\/bljerim-holovic-optuzio-je-ornitologa-darka-saveljica\/","name":"Bljerim Holovi? optu\u017eio je ornitologa Darka Savelji?a - Lajme nga Ulqini","isPartOf":{"@id":"https:\/\/www.visit-ulcinj.com\/blog\/#website"},"datePublished":"2009-06-13T12:24:40+00:00","dateModified":"2009-06-19T14:24:13+00:00","author":{"@id":"https:\/\/www.visit-ulcinj.com\/blog\/#\/schema\/person\/dcab619c614d3038751c63bc2aadc06d"},"description":"Samo Savelji? vidi krivolov Podgorica \u2013 Direktor preduze?a za uzgoj, za\u0161titu i lov divlja?i \u201eUlcinj\u201c Bljerim Holovi? optu\u017eio je ornitologa Darka Savelji?a","breadcrumb":{"@id":"https:\/\/www.visit-ulcinj.com\/blog\/2009\/06\/13\/bljerim-holovic-optuzio-je-ornitologa-darka-saveljica\/#breadcrumb"},"inLanguage":"en-US","potentialAction":[{"@type":"ReadAction","target":["https:\/\/www.visit-ulcinj.com\/blog\/2009\/06\/13\/bljerim-holovic-optuzio-je-ornitologa-darka-saveljica\/"]}]},{"@type":"BreadcrumbList","@id":"https:\/\/www.visit-ulcinj.com\/blog\/2009\/06\/13\/bljerim-holovic-optuzio-je-ornitologa-darka-saveljica\/#breadcrumb","itemListElement":[{"@type":"ListItem","position":1,"name":"Bljerim Holovi? optu\u017eio je ornitologa Darka Savelji?a"}]},{"@type":"Person","@id":"https:\/\/www.visit-ulcinj.com\/blog\/#\/schema\/person\/dcab619c614d3038751c63bc2aadc06d","name":"ulqini","sameAs":["http:\/\/www.visit-ulcinj.com"],"url":"https:\/\/www.visit-ulcinj.com\/blog\/author\/admin\/"}]}},"jetpack_featured_media_url":"","jetpack_sharing_enabled":true,"jetpack_shortlink":"https:\/\/wp.me\/pe6lTn-5Ws","_links":{"self":[{"href":"https:\/\/www.visit-ulcinj.com\/blog\/wp-json\/wp\/v2\/posts\/22844"}],"collection":[{"href":"https:\/\/www.visit-ulcinj.com\/blog\/wp-json\/wp\/v2\/posts"}],"about":[{"href":"https:\/\/www.visit-ulcinj.com\/blog\/wp-json\/wp\/v2\/types\/post"}],"author":[{"embeddable":true,"href":"https:\/\/www.visit-ulcinj.com\/blog\/wp-json\/wp\/v2\/users\/1"}],"replies":[{"embeddable":true,"href":"https:\/\/www.visit-ulcinj.com\/blog\/wp-json\/wp\/v2\/comments?post=22844"}],"version-history":[{"count":0,"href":"https:\/\/www.visit-ulcinj.com\/blog\/wp-json\/wp\/v2\/posts\/22844\/revisions"}],"wp:attachment":[{"href":"https:\/\/www.visit-ulcinj.com\/blog\/wp-json\/wp\/v2\/media?parent=22844"}],"wp:term":[{"taxonomy":"category","embeddable":true,"href":"https:\/\/www.visit-ulcinj.com\/blog\/wp-json\/wp\/v2\/categories?post=22844"},{"taxonomy":"post_tag","embeddable":true,"href":"https:\/\/www.visit-ulcinj.com\/blog\/wp-json\/wp\/v2\/tags?post=22844"}],"curies":[{"name":"wp","href":"https:\/\/api.w.org\/{rel}","templated":true}]}}