{"id":22856,"date":"2009-06-13T16:11:37","date_gmt":"2009-06-13T14:11:37","guid":{"rendered":"http:\/\/www.visit-ulcinj.com\/blog\/?p=22856"},"modified":"2009-06-13T16:12:29","modified_gmt":"2009-06-13T14:12:29","slug":"ulazak-u-nato-i-eu-strateski-cilj-nove-vlade-crne-gore","status":"publish","type":"post","link":"https:\/\/www.visit-ulcinj.com\/blog\/2009\/06\/13\/ulazak-u-nato-i-eu-strateski-cilj-nove-vlade-crne-gore\/","title":{"rendered":"Ulazak u NATO i EU strate\u0161ki cilj nove Vlade Crne Gore"},"content":{"rendered":"<p><a href=\"http:\/\/www.visit-ulcinj.com\/blog\/wp-content\/uploads\/2009\/06\/Izabrana-38.-Vlada-Crne-Gore.jpg\"><img loading=\"lazy\" class=\"alignleft size-full wp-image-22857\" title=\"Izabrana 38. Vlada Crne Gore\" src=\"http:\/\/www.visit-ulcinj.com\/blog\/wp-content\/uploads\/2009\/06\/Izabrana-38.-Vlada-Crne-Gore.jpg\" alt=\"Izabrana 38. Vlada Crne Gore\" width=\"580\" height=\"400\" \/><\/a>PODGORICA &#8211; Puna integracija u EU i NATO osta?e strate\u0161ki cilj nove vlade. Sna\u017eenje kapaciteta i funkcionalnosti institucija, koje ?e garantovati preduslove za ja?anje demokratije, vladavine prava, ljudskih i prava manjina, osta?e jedan od klju?nih zadataka izvr\u0161ne vlasti.<\/p>\n<p>Amortizovanje posljedica globalne ekonomske krize, izgradnja funkcionalne tr\u017ei\u0161ne demokratije, kao i efikasnije usvajanje i kvalitetna primjena evropskih standarda bi?e zadaci nove vlade. Ovo je kazao mandatar za sastav nove vlade Milo ?ukanovi?, obrazla\u017eu?i ekspoze u Skup\u0161tini Crne Gore, ?emu je prisustvovao i crnogorski predsjednik Filip Vujanovi?.<\/p>\n<p>Ostvarili smo sna\u017ean proces na putu integracija Crne Gore u EU i NATO, rekao je ?ukanovi?. Potvr?uje se da su ovi procesi efikasan mehanizam koji podsti?e reforme i doprinosi da se kroz dinami?an demokratski i ekonomski razvoj unapre?uje kvalitet \u017eivota gra?ana. To je put transformacije dru\u0161tva, kako bi u Crnoj Gori izgradili sistem koji garantuje bezbjednost, pravnu sigurnost, u\u017eivanje demokratskih sloboda i jednake \u0161anse za dostizanje \u017eivotnog standarda koji imaju gra?ani Evrope, istakao je ?ukanovi?. Vjerujem da ?emo, bez predrasuda i stereotipa, kroz dijalog i uva\u017eavanje politi?ke realnosti u regionu i na globalnom planu, obezbijediti ve?inski konsenzus i za integracije u NATO. Utoliko prije, jer su evropske i evroatlantske integracije kompatibilni procesi, utemeljeni na istim vrijednostima, kazao je ?ukanovi?.<\/p>\n<p>Prema njegovim rije?ima, va\u017ean dio progresa Crne Gore na evropskom putu je proces vizne liberalizacije. Nema vidljivijeg na?ina da se promovi\u0161u reforme i evropske vrijednosti od ukidanja viza. Time se najdirektnije i najvidljivije doprinosi boljem kvalitetu \u017eivota i potvr?uje pripadnost EU, istakao je ?ukanovi?.<\/p>\n<p>On je naglasio va\u017enost nastavka reformi i ja?anja kapaciteta dr\u017eavnih institucija i pravosudnog sistema. To je osnov za dalje rezultate u borbi protiv korupcije i organizovanog kriminala, rekao je ?ukanovi?, napominju?i da su efekti ve? vidljivi, kroz zna?ajno pobolj\u0161anje efikasnosti sudova i skoro eliminisanje zaostalih predmeta.<\/p>\n<p>Crna Gora nastavi?e da bude stabiliziraju?i faktor u regionu i da doprinosi ja?anju regionalne stabilnosti i njegove evropske perspektive, rekao je ?ukanovi?. Podsje?aju?i da je programski sadr\u017eaj Vlade opredijeljen aktivnostima na ispunjavanju uslova za punu integraciju u EU i NATO, kao i obavezama koje proisti?u iz ?lanstva Crne Gore u me?unarodnim organizacijama i finansijskim institucijama, ?ukanovi? je kazao da to \u201eprakti?no zna?i da ne postoji oblast dru\u0161tva ili obaveza dr\u017eave, koji ne?e biti predmet pa\u017enje Vlade, kako bi se tokom narednog ?etvorogodi\u0161njeg perioda dostigli evropski standardi na svim poljima\u00bb.<\/p>\n<p>O?ekujem da parlament, ali i ostale strukture dru\u0161tva, daju svoj doprinos ostvarivanju na\u0161e izvjesne evropske budu?nosti, kazao je ?ukanovi?.<\/p>\n<p>Milo ?ukanovi? kazao je da ?e, u oblasti ekonomije, nova vlada voditi politiku \u201cprilagodljivog kontinuiteta\u201d. Ostaje na\u0161 osnovni kurs zasnovan na tr\u017ei\u0161noj i otvorenoj ekonomiji, privatnoj svojini, kapitalu i preduzetni\u0161tvu. Taj kurs se sada sprovodi u kontekstu dvije zadate okolnosti, prva je ispunjavanje uslova za uspostavljanje vi\u0161eg nivoa odnosa i punopravno ?lanstvo u EU i NATO, i druga &#8211; ekonomska kriza i globalizacija, istakao je ?ukanovi?.<\/p>\n<p>Ekonomska politika budu?e vlade, kako je kazao, temelji?e se na ja?anju efikasnog sistema vladavine prava i obavljanja javnih usluga, ja?anju privatno-javnog partnerstva kroz preno\u0161enje javnih ovla\u0161?enja na privatni sektor koncesionim ugovaranjem ili privatizacijom odre?enih poslova koje dr\u017eava neefikasno vr\u0161i, zatim optimizaciji dr\u017eavne potro\u0161nje i poreskog optere?enja, smanjenju biznis barijera, rekao je Milo ?ukanovi?.<\/p>\n<p>On je podsjetio da Vlada primjenjuje program mjera u cilju prevencije i sanacije posljedica krize, zahvaljuju?i kojim, kako je rekao, nema drasti?nih posljedica na ekonomskom i socijalnom planu. Vlada ?e, poru?io je ?ukanovi?, nastaviti da vodi ra?una o interesima i socijalnoj sigurnosti zaposlenih, pogotovo u velikim sistemima koji su, zbog karaktera svoje djelatnosti, najvi\u0161e izlo\u017eeni udarima krize. On je kazao da u naredne ?etiri godine treba eliminisati privremeni bud\u017eetski deficit i sistem vratiti u okvire izbalansiranog bud\u017eeta.<\/p>\n<p>Vlada ?e voditi politiku da proces privatizacije okon?a ili izvjesno privede kraju u ovom mandatu. U dijelu restrukturiranja, Vlada ?e podr\u017eati optimizaciju velikih sistema kao \u0161to su KAP i \u017deljezara, kako bi se obezbijedila njihova kratkoro?na stabilnost i dugoro?na odr\u017eivost, kazao je ?ukanovi?. On smatra da vlasni?ko restrukturiranje EPCG, kroz proces dokapitalizacije, ima vi\u0161edimenzionalni zna?aj.<\/p>\n<p>On je istakao da energetski sektor, uz turizam, predstavlja strate\u0161ku granu crnogorske ekonomije. Jedan od klju?nih zadataka vlade bi?e nastavak strukturnih reformi, kao osnov za dinami?an i odr\u017eiv ekonomski razvoj.<\/p>\n<p><strong>Sastav Vlade<\/strong><\/p>\n<p>Sastav ?ukanovi?evog kabineta ?ini?e tri potpredsjednika i 17 ministara. Svetozar Marovi? bi?e novi potpredsjednik Vlade za politi?ki sistem. Dosada\u0161nji potpredsjednici za finansije, odnosno ekonomiju, Igor Luk\u0161i? i Vujica Lazovi? i dalje ?e obavljati te funkcije. Luk\u0161i? ?e ostati na ?elu ministarstava za finansije, a Lazovi? za informaciono dru\u0161tvo.<\/p>\n<p>Dosada\u0161nja potpredsjednica Vlade za evropske integracije Gordana ?urovi? i dalje ?e voditi taj resor, ali kao ministar. Ministarsku funkciju u novoj izvr\u0161noj vlasti zadr\u017eala je DUA, dok je jedno mjesto u Vladi dobila i Bo\u0161nja?ka stranka. Na ?elu Ministarstva za za\u0161titu ljudskih i manjinskih prava Ferhat Dino\u0161a naslijedi?e Fuada Nimanija. Za ministre bez portfelja predlo\u017eeni su Slavoljub Stijepovi? i Rafet Husovi?.<\/p>\n<p>Resor spoljnih poslova nastavi?e da vodi Milan Ro?en, a odbrane Boro Vu?ini?. Ivan Brajovi? bi?e ministar unutra\u0161njih poslova i javne uprave umjesto Jusufa Kalamperovi?a.<\/p>\n<p>Za ministra pravde ponovo je predlo\u017een Mira\u0161 Radovi?, ministra turizma i za\u0161tite \u017eivotne sredine Predrag Nenezi?, poljoprivrede Milutin Simovi?, dok ?e Andrija Lompar i dalje biti na ?elu Ministarstva saobra?aja, pomorstva i telekomunikacija. Resor ekonomije povjeren je aktuelnom direktoru Agencije za strana ulaganja i prestrukturiranje privrede Branku Vujovi?u, dok ?e Branimir Gvozdenovi? voditi Ministarstvo ure?enje prostora.<\/p>\n<p>Ministarstvo zdravstva i rada i socijalnog staranja razdvojeno je. Na ?elu Ministarstva zdravlja osta?e Miodrag Radunovi?, dok ?e resor rada i socijalnog staranje preuzeti dosada\u0161nji ministar bez potrfelja Suad Numanovi?. Na mjesto ministra kulture, sporta i medija ponovo je predlo\u017een Branislav Mi?unovi?, a resor prosvjete i nauke i dalje ?e voditi Sreten \u0160kuleti?.<\/p>\n<p><strong>Pobjeda<\/strong><\/p>\n","protected":false},"excerpt":{"rendered":"<p>PODGORICA &#8211; Puna integracija u EU i NATO osta?e strate\u0161ki cilj nove vlade. Sna\u017eenje kapaciteta i funkcionalnosti institucija, koje ?e garantovati preduslove za ja?anje demokratije, vladavine prava, ljudskih i prava manjina, osta?e jedan od klju?nih zadataka izvr\u0161ne vlasti. Amortizovanje posljedica globalne ekonomske krize, izgradnja funkcionalne tr\u017ei\u0161ne demokratije, kao i efikasnije usvajanje i kvalitetna primjena evropskih [&hellip;]<\/p>\n","protected":false},"author":1,"featured_media":0,"comment_status":"open","ping_status":"closed","sticky":false,"template":"","format":"standard","meta":{"spay_email":"","jetpack_publicize_message":"","jetpack_is_tweetstorm":false,"jetpack_publicize_feature_enabled":true},"categories":[8337],"tags":[2677,11186,93,11188,11187,11190,11189,10609],"jetpack_publicize_connections":[],"yoast_head":"<!-- This site is optimized with the Yoast SEO plugin v19.1 - https:\/\/yoast.com\/wordpress\/plugins\/seo\/ -->\n<title>Ulazak u NATO i EU strate\u0161ki cilj nove Vlade Crne Gore - Lajme nga Ulqini<\/title>\n<meta name=\"description\" content=\"PODGORICA - Puna integracija u EU i NATO osta?e strate\u0161ki cilj nove vlade. Sna\u017eenje kapaciteta i funkcionalnosti institucija, koje ?e garantovati\" \/>\n<meta name=\"robots\" content=\"index, follow, max-snippet:-1, max-image-preview:large, max-video-preview:-1\" \/>\n<link rel=\"canonical\" href=\"https:\/\/www.visit-ulcinj.com\/blog\/2009\/06\/13\/ulazak-u-nato-i-eu-strateski-cilj-nove-vlade-crne-gore\/\" \/>\n<meta property=\"og:locale\" content=\"en_US\" \/>\n<meta property=\"og:type\" content=\"article\" \/>\n<meta property=\"og:title\" content=\"Ulazak u NATO i EU strate\u0161ki cilj nove Vlade Crne Gore - Lajme nga Ulqini\" \/>\n<meta property=\"og:description\" content=\"PODGORICA - Puna integracija u EU i NATO osta?e strate\u0161ki cilj nove vlade. Sna\u017eenje kapaciteta i funkcionalnosti institucija, koje ?e garantovati\" \/>\n<meta property=\"og:url\" content=\"https:\/\/www.visit-ulcinj.com\/blog\/2009\/06\/13\/ulazak-u-nato-i-eu-strateski-cilj-nove-vlade-crne-gore\/\" \/>\n<meta property=\"og:site_name\" content=\"Lajme nga Ulqini\" \/>\n<meta property=\"article:published_time\" content=\"2009-06-13T14:11:37+00:00\" \/>\n<meta property=\"article:modified_time\" content=\"2009-06-13T14:12:29+00:00\" \/>\n<meta property=\"og:image\" content=\"http:\/\/www.visit-ulcinj.com\/blog\/wp-content\/uploads\/2009\/06\/Izabrana-38.-Vlada-Crne-Gore.jpg\" \/>\n<meta name=\"twitter:label1\" content=\"Written by\" \/>\n\t<meta name=\"twitter:data1\" content=\"ulqini\" \/>\n\t<meta name=\"twitter:label2\" content=\"Est. reading time\" \/>\n\t<meta name=\"twitter:data2\" content=\"5 minutes\" \/>\n<script type=\"application\/ld+json\" class=\"yoast-schema-graph\">{\"@context\":\"https:\/\/schema.org\",\"@graph\":[{\"@type\":\"WebSite\",\"@id\":\"https:\/\/www.visit-ulcinj.com\/blog\/#website\",\"url\":\"https:\/\/www.visit-ulcinj.com\/blog\/\",\"name\":\"Lajme nga Ulqini\",\"description\":\"Lajme,Vijesti,Ulqini,Ulqin,Crna Gora,Mali i Zi\",\"potentialAction\":[{\"@type\":\"SearchAction\",\"target\":{\"@type\":\"EntryPoint\",\"urlTemplate\":\"https:\/\/www.visit-ulcinj.com\/blog\/?s={search_term_string}\"},\"query-input\":\"required name=search_term_string\"}],\"inLanguage\":\"en-US\"},{\"@type\":\"ImageObject\",\"inLanguage\":\"en-US\",\"@id\":\"https:\/\/www.visit-ulcinj.com\/blog\/2009\/06\/13\/ulazak-u-nato-i-eu-strateski-cilj-nove-vlade-crne-gore\/#primaryimage\",\"url\":\"https:\/\/www.visit-ulcinj.com\/blog\/wp-content\/uploads\/2009\/06\/Izabrana-38.-Vlada-Crne-Gore.jpg\",\"contentUrl\":\"https:\/\/www.visit-ulcinj.com\/blog\/wp-content\/uploads\/2009\/06\/Izabrana-38.-Vlada-Crne-Gore.jpg\",\"width\":\"640\",\"height\":\"427\"},{\"@type\":\"WebPage\",\"@id\":\"https:\/\/www.visit-ulcinj.com\/blog\/2009\/06\/13\/ulazak-u-nato-i-eu-strateski-cilj-nove-vlade-crne-gore\/#webpage\",\"url\":\"https:\/\/www.visit-ulcinj.com\/blog\/2009\/06\/13\/ulazak-u-nato-i-eu-strateski-cilj-nove-vlade-crne-gore\/\",\"name\":\"Ulazak u NATO i EU strate\u0161ki cilj nove Vlade Crne Gore - Lajme nga Ulqini\",\"isPartOf\":{\"@id\":\"https:\/\/www.visit-ulcinj.com\/blog\/#website\"},\"primaryImageOfPage\":{\"@id\":\"https:\/\/www.visit-ulcinj.com\/blog\/2009\/06\/13\/ulazak-u-nato-i-eu-strateski-cilj-nove-vlade-crne-gore\/#primaryimage\"},\"datePublished\":\"2009-06-13T14:11:37+00:00\",\"dateModified\":\"2009-06-13T14:12:29+00:00\",\"author\":{\"@id\":\"https:\/\/www.visit-ulcinj.com\/blog\/#\/schema\/person\/dcab619c614d3038751c63bc2aadc06d\"},\"description\":\"PODGORICA - Puna integracija u EU i NATO osta?e strate\u0161ki cilj nove vlade. Sna\u017eenje kapaciteta i funkcionalnosti institucija, koje ?e garantovati\",\"breadcrumb\":{\"@id\":\"https:\/\/www.visit-ulcinj.com\/blog\/2009\/06\/13\/ulazak-u-nato-i-eu-strateski-cilj-nove-vlade-crne-gore\/#breadcrumb\"},\"inLanguage\":\"en-US\",\"potentialAction\":[{\"@type\":\"ReadAction\",\"target\":[\"https:\/\/www.visit-ulcinj.com\/blog\/2009\/06\/13\/ulazak-u-nato-i-eu-strateski-cilj-nove-vlade-crne-gore\/\"]}]},{\"@type\":\"BreadcrumbList\",\"@id\":\"https:\/\/www.visit-ulcinj.com\/blog\/2009\/06\/13\/ulazak-u-nato-i-eu-strateski-cilj-nove-vlade-crne-gore\/#breadcrumb\",\"itemListElement\":[{\"@type\":\"ListItem\",\"position\":1,\"name\":\"Ulazak u NATO i EU strate\u0161ki cilj nove Vlade Crne Gore\"}]},{\"@type\":\"Person\",\"@id\":\"https:\/\/www.visit-ulcinj.com\/blog\/#\/schema\/person\/dcab619c614d3038751c63bc2aadc06d\",\"name\":\"ulqini\",\"sameAs\":[\"http:\/\/www.visit-ulcinj.com\"],\"url\":\"https:\/\/www.visit-ulcinj.com\/blog\/author\/admin\/\"}]}<\/script>\n<!-- \/ Yoast SEO plugin. -->","yoast_head_json":{"title":"Ulazak u NATO i EU strate\u0161ki cilj nove Vlade Crne Gore - Lajme nga Ulqini","description":"PODGORICA - Puna integracija u EU i NATO osta?e strate\u0161ki cilj nove vlade. Sna\u017eenje kapaciteta i funkcionalnosti institucija, koje ?e garantovati","robots":{"index":"index","follow":"follow","max-snippet":"max-snippet:-1","max-image-preview":"max-image-preview:large","max-video-preview":"max-video-preview:-1"},"canonical":"https:\/\/www.visit-ulcinj.com\/blog\/2009\/06\/13\/ulazak-u-nato-i-eu-strateski-cilj-nove-vlade-crne-gore\/","og_locale":"en_US","og_type":"article","og_title":"Ulazak u NATO i EU strate\u0161ki cilj nove Vlade Crne Gore - Lajme nga Ulqini","og_description":"PODGORICA - Puna integracija u EU i NATO osta?e strate\u0161ki cilj nove vlade. Sna\u017eenje kapaciteta i funkcionalnosti institucija, koje ?e garantovati","og_url":"https:\/\/www.visit-ulcinj.com\/blog\/2009\/06\/13\/ulazak-u-nato-i-eu-strateski-cilj-nove-vlade-crne-gore\/","og_site_name":"Lajme nga Ulqini","article_published_time":"2009-06-13T14:11:37+00:00","article_modified_time":"2009-06-13T14:12:29+00:00","og_image":[{"url":"http:\/\/www.visit-ulcinj.com\/blog\/wp-content\/uploads\/2009\/06\/Izabrana-38.-Vlada-Crne-Gore.jpg"}],"twitter_misc":{"Written by":"ulqini","Est. reading time":"5 minutes"},"schema":{"@context":"https:\/\/schema.org","@graph":[{"@type":"WebSite","@id":"https:\/\/www.visit-ulcinj.com\/blog\/#website","url":"https:\/\/www.visit-ulcinj.com\/blog\/","name":"Lajme nga Ulqini","description":"Lajme,Vijesti,Ulqini,Ulqin,Crna Gora,Mali i Zi","potentialAction":[{"@type":"SearchAction","target":{"@type":"EntryPoint","urlTemplate":"https:\/\/www.visit-ulcinj.com\/blog\/?s={search_term_string}"},"query-input":"required name=search_term_string"}],"inLanguage":"en-US"},{"@type":"ImageObject","inLanguage":"en-US","@id":"https:\/\/www.visit-ulcinj.com\/blog\/2009\/06\/13\/ulazak-u-nato-i-eu-strateski-cilj-nove-vlade-crne-gore\/#primaryimage","url":"https:\/\/www.visit-ulcinj.com\/blog\/wp-content\/uploads\/2009\/06\/Izabrana-38.-Vlada-Crne-Gore.jpg","contentUrl":"https:\/\/www.visit-ulcinj.com\/blog\/wp-content\/uploads\/2009\/06\/Izabrana-38.-Vlada-Crne-Gore.jpg","width":"640","height":"427"},{"@type":"WebPage","@id":"https:\/\/www.visit-ulcinj.com\/blog\/2009\/06\/13\/ulazak-u-nato-i-eu-strateski-cilj-nove-vlade-crne-gore\/#webpage","url":"https:\/\/www.visit-ulcinj.com\/blog\/2009\/06\/13\/ulazak-u-nato-i-eu-strateski-cilj-nove-vlade-crne-gore\/","name":"Ulazak u NATO i EU strate\u0161ki cilj nove Vlade Crne Gore - Lajme nga Ulqini","isPartOf":{"@id":"https:\/\/www.visit-ulcinj.com\/blog\/#website"},"primaryImageOfPage":{"@id":"https:\/\/www.visit-ulcinj.com\/blog\/2009\/06\/13\/ulazak-u-nato-i-eu-strateski-cilj-nove-vlade-crne-gore\/#primaryimage"},"datePublished":"2009-06-13T14:11:37+00:00","dateModified":"2009-06-13T14:12:29+00:00","author":{"@id":"https:\/\/www.visit-ulcinj.com\/blog\/#\/schema\/person\/dcab619c614d3038751c63bc2aadc06d"},"description":"PODGORICA - Puna integracija u EU i NATO osta?e strate\u0161ki cilj nove vlade. Sna\u017eenje kapaciteta i funkcionalnosti institucija, koje ?e garantovati","breadcrumb":{"@id":"https:\/\/www.visit-ulcinj.com\/blog\/2009\/06\/13\/ulazak-u-nato-i-eu-strateski-cilj-nove-vlade-crne-gore\/#breadcrumb"},"inLanguage":"en-US","potentialAction":[{"@type":"ReadAction","target":["https:\/\/www.visit-ulcinj.com\/blog\/2009\/06\/13\/ulazak-u-nato-i-eu-strateski-cilj-nove-vlade-crne-gore\/"]}]},{"@type":"BreadcrumbList","@id":"https:\/\/www.visit-ulcinj.com\/blog\/2009\/06\/13\/ulazak-u-nato-i-eu-strateski-cilj-nove-vlade-crne-gore\/#breadcrumb","itemListElement":[{"@type":"ListItem","position":1,"name":"Ulazak u NATO i EU strate\u0161ki cilj nove Vlade Crne Gore"}]},{"@type":"Person","@id":"https:\/\/www.visit-ulcinj.com\/blog\/#\/schema\/person\/dcab619c614d3038751c63bc2aadc06d","name":"ulqini","sameAs":["http:\/\/www.visit-ulcinj.com"],"url":"https:\/\/www.visit-ulcinj.com\/blog\/author\/admin\/"}]}},"jetpack_featured_media_url":"","jetpack_sharing_enabled":true,"jetpack_shortlink":"https:\/\/wp.me\/pe6lTn-5WE","_links":{"self":[{"href":"https:\/\/www.visit-ulcinj.com\/blog\/wp-json\/wp\/v2\/posts\/22856"}],"collection":[{"href":"https:\/\/www.visit-ulcinj.com\/blog\/wp-json\/wp\/v2\/posts"}],"about":[{"href":"https:\/\/www.visit-ulcinj.com\/blog\/wp-json\/wp\/v2\/types\/post"}],"author":[{"embeddable":true,"href":"https:\/\/www.visit-ulcinj.com\/blog\/wp-json\/wp\/v2\/users\/1"}],"replies":[{"embeddable":true,"href":"https:\/\/www.visit-ulcinj.com\/blog\/wp-json\/wp\/v2\/comments?post=22856"}],"version-history":[{"count":0,"href":"https:\/\/www.visit-ulcinj.com\/blog\/wp-json\/wp\/v2\/posts\/22856\/revisions"}],"wp:attachment":[{"href":"https:\/\/www.visit-ulcinj.com\/blog\/wp-json\/wp\/v2\/media?parent=22856"}],"wp:term":[{"taxonomy":"category","embeddable":true,"href":"https:\/\/www.visit-ulcinj.com\/blog\/wp-json\/wp\/v2\/categories?post=22856"},{"taxonomy":"post_tag","embeddable":true,"href":"https:\/\/www.visit-ulcinj.com\/blog\/wp-json\/wp\/v2\/tags?post=22856"}],"curies":[{"name":"wp","href":"https:\/\/api.w.org\/{rel}","templated":true}]}}