{"id":2286,"date":"2008-08-08T08:57:33","date_gmt":"2008-08-08T13:57:33","guid":{"rendered":"http:\/\/www.visit-ulcinj.com\/blog\/?p=2286"},"modified":"2008-08-08T09:01:30","modified_gmt":"2008-08-08T14:01:30","slug":"kompanija-holegro-iz-ulcinja-slavi-10-godina-postojanja","status":"publish","type":"post","link":"https:\/\/www.visit-ulcinj.com\/blog\/2008\/08\/08\/kompanija-holegro-iz-ulcinja-slavi-10-godina-postojanja\/","title":{"rendered":"Kompanija &#8220;Holegro&#8221; iz Ulcinja slavi 10 godina postojanja"},"content":{"rendered":"<p><a href=\"http:\/\/www.hollegro.cg.yu\/gallery\/phholl\/images\/_hollegronight_04_jpg.jpg\"><img loading=\"lazy\" class=\"alignleft\" title=\"holegro\" src=\"http:\/\/www.hollegro.cg.yu\/gallery\/phholl\/images\/_hollegronight_04_jpg.jpg\" alt=\"\" width=\"351\" height=\"277\" \/><\/a><strong>Rezultati iznad o?ekivanja<\/strong><br \/>\nU okviru proslave kompanija ?e 8. avgusta organizovati tre?i krug za izbor &#8220;Mis Balkana&#8221;<br \/>\nNa Velikoj pla\u017ei u Ulcinju vri kao u ko\u0161nici. Presti\u017eno kupali\u0161te &#8220;Kopakabana&#8221; u zakupu kompanije &#8220;Holegro&#8221; iz Ulcinja, koja slavi deset godina postojanja, dominira na tom ogromnom prostoru. Viori se i plava zastavica kao potvrda visokog kvaliteta.<br \/>\n&#8211; Prije deset godina sa jednom holandskom firmom formirana je kompanija &#8220;Holegro&#8221;, a nakon dvije godine otkupio sam paket kod Holan?ana i postao jedini vlasnik kompanije, koja danas broji 160 zaposlenih i dva objekta, prisje?a se Prelja \u0160krelja. Uglavnom se bavimo ugostiteljstvom i turizmom i u na\u0161im objektima je kvalitet i usluge i ponude na najve?em nivou. Uskoro ?e kompanija &#8220;Holegro&#8221; graditi jedan od najmodernijih hotela na ovim prostorima i time na najljep\u0161i na?in obilje\u017eiti deset godina rada i postojanja, rekao je \u0160krelja.<br \/>\nNa pitanje kakva je ocjena o ukupnom turisti?kom prometu na podru?ju op\u0161tine Ulcinj \u0160krelja je rekao da je svima je poznato da je pro\u0161la godina bila rekordna i najbolja u istoriji ulcinjskog turizma. &#8211; Svi smo bili optimisti i o?ekivali da ?e na tom nivou biti i ova godina. Moram naglasiti da su turisti ove godine izuzetno kvalitetni i dobri potro\u0161a?i u vanpansionu, rekao je on.<br \/>\n\u0160krelja je naveo da se u Ulcinju mora sve uraditi na pobolj\u0161anju infrastrukture na kvaliteta ponude, i dodao da je neophodno izgraditi vi\u0161e ekskluzivnih hotela najve?e kategorije. &#8211; Strani investitori su zainteresovani da grade na prostoru op\u0161tine Ulcinj, a najiteresantnija lokacija je svakako Velika pla\u017ea koja je jedna od najljep\u0161ih svjetskih pla\u017ea.<br \/>\n<strong><br \/>\nUlcinjska Kopakabana<\/strong><a href=\"http:\/\/www.hollegro.cg.yu\/gallery\/copa\/images\/Copacabana03_jpg.jpg\"><img loading=\"lazy\" class=\"alignright\" title=\"kopakabana ulcinj\" src=\"http:\/\/www.hollegro.cg.yu\/gallery\/copa\/images\/Copacabana03_jpg.jpg\" alt=\"\" width=\"232\" height=\"179\" \/><\/a><br \/>\n&#8211; Prije pet godina zakupio sam prostor na Velikoj pla\u017ei, uredio ga i sada je to pla\u017ea sa izuzetno kvalitetnom ponudom. Umjesto platnenih na pla\u017ei su postavljeni suncobrani od slame, jer nam je bio cilj da Kopakabana isprati ekolo\u0161ke standarde.<br \/>\nNa ovoj pla\u017ei ?e se 8. avgusta, odnosno u petak ve?e odr\u017eati i tre?i krug kvalifikacija za izbor &#8220;Mis Balkana&#8221;. Na izuzetno ure?enom prostoru gdje se nalazi ?ak i ?etiri hiljade sjedi\u0161ta sve je spremno za predstoje?u smotru ljepote, nastupi?e i nekoliko estradnih zvijezda -rekao je Prelja \u0160krelja i najavio mogu?nost da se upravo na Kopakabani odr\u017ei i finalno ve?e za izbor \u201cMis Balkana\u201d na prostoru Crne Gore.<br \/>\n<strong> S. Glend\u017ea<br \/>\nIzvor \/ Pobjeda<\/strong><\/p>\n<p><!-- vimeo error: not a vimeo video --><br \/>\n<a class=\"aligncenter\" title=\"???? ????,?????,Ulcinj,Montenegru,??????????,\u00c7ernoqoriya,???????????,Montenegiro,?ern\u00e1 Hora,??????????,Cz\u00f4rnog\u00f3ra,Cz\u00f4rn\u00f4 G\u00f3ra,Carna G\u00f3ra,T\u0161ernogooria,\u00c7ernogoriya,Montain\u00e9agr\u00f3,Montenegwo,?orna Hora,Montenegr\u00f3,M?ntenigro,Chernogoriya ,\u00c7\u00earnogor\u00ee ,?????????,????????? ,??????? ,Montes Nigrae,Mons Niger,M\u00f4ntenegr\u00f4,Muntenegru,??????????,Czarnog\u00f3ra,Muntinigru,Muntenegro,&lt;br &gt;&lt;\/a&gt;\" href=\"http:\/\/www.visit-ulcinj.com\/tourism\/\" target=\"_blank\"><img loading=\"lazy\" style=\"float: right;\" src=\"http:\/\/www.visit-ulcinj.com\/blog\/wp-content\/uploads\/2008\/06\/holiday-rental-ulcinj-ulqini_ulqin_logo.gif\" alt=\"Apatin,  Aran?elovac,  ?uprija,  ?a?ak,  ?apljina,  ?itluk,  \u0160abac,  \u0160ipovo,  \u0160iroki Brijeg,  \u017dep?e,  \u017divinice,  Ba?ka Palanka,  Banja Luka,  Banovi?i,  Be?ej,  beograd,  Biha?,  Bijeljina,  Bor,  Bor?a,  Bosanska Gradi\u0161ka,  Bosanska Krupa,  Bosanski \u0160amac,  Bosanski Brod,  Bosanski Novi,  Br?ko,  Bu\u017eim,  Bugojno,  Cazin,  Crna Gora,  Derventa,  Doboj,  Donji Vakuf,  Drvar,  Dubrovnik,  Fo?a,  Fojnica,  Glamo?,  Gora\u017ede,  Gornji Milanovac,  Gornji Vakuf,  gostivar,  Gra?anica,  Grada?ac,  Gradiska,  Grahovo,  Had\u017ei?i,  Ilid\u017ea,  In?ija,  Jablanica,  Jagodina,  Jajce,  Kakanj,  Kalu?erica,  Kikinda,  Klju?,  Konjic,  Kotor Varo\u0161,  Kragujevac,  Kraljevo,  Kru\u0161evac,  Kula,  Kupres,  Lakta\u0161i,  Lazarevac,  Leskovac,  Livno,  Ljubinje,  ljublana,  Ljubu\u0161ki,  Loznica,  Lukavac,  Maglaj,  Mladenovac,  Modri?a,  montenegro erlajnz,  mostar,  Mrkonji? Grad,  Neum,  Ni\u0161,  Novi Pazar,  Novi Sad,  Novi Travnik,  Obrenovac,  Od\u017eak,  ohrid,  Ora\u0161je,  Pale,  Pan?evo,  Para?in,  Pirot,  Po\u017earevac,  Podgorica,  Priboj,  Prijedor,  Prokuplje,  Prozor,  pula,  rijeka,  Ruma,  Sanski Most,  Sarajevo,  Senta,  serbija,  sibenik,  skopje,  Smederevo,  Smederevska Palanka,  Sokolac,  Sombor,  split,  Srebrenica,  Srebrenik,  Sremska Mitrovica,  Stolac,  Struga,  Subotica,  Temerin,  Tesli?,  tetovo,  Travnik,  Trebinje,  tuzla,  U\u017eice,  ulcinj,  Valjevo,  Velika Kladu\u0161a,  Vi\u0161egrad,  Visoko,  Vitez,  Vogo\u0161?a,  vojvodina,  Vranje,  Vr\u0161ac,  Vrbas,  zadar,  Zagreb,  Zaje?ar,  Zavidovi?i,  Zenica,  Zrenjanin,  Zvornik,copacabana ulcinj,  h\u00f4tels,  hotel ulqin,  Kosova,  Mali i Zi,  Maqedonija,  Montenegro,  montenegro tourisme plage,  montenegro ulcinj,  Shpallje Falas,  Shpallje Falas per shitjen e shtepis se juaj,  Shpallje Falas per villat e juaj,  Shpallje Falas Real Estate,  Shpallje Falas turistike,  shqiperija,  tourisme,  Ulci?,  ulcinj,  ulqin,  ulqin hotel,  ulqini,  ulqini 2007,Ada Bojana,  Alba?czyk,  Cita di Dolcino,  Copacabana,  Czarnog\u00f3ra,  Czarnog\u00f3rzec,  Don Kichota,  Ma?a Pla?a,  Mandra,  MIGUEL DE SERVANTES,  p\u00f3?wyspy Marjan,  Pla?a Valdanos,  Rzeka Bojana,  Shas \/ \u0160as \/ Sva?,  Ulci?,  Ulcinjsk? Riwier?,  Wielka Pla?a,  Wyspa Bojana,GORA,??????????,???????,??????????, ?ern\u00e1 Hora,TO ULCINJ \/ ULQIN,MONTENEGRO, Czarnog\u00f3ra, Muntenegru, ????? ????, Montenegr\u00f3,villa \u00e0 louer \u00e0 ulcinj, location de vacance, location saisonni\u00e8res, louer chambres,location de vacance, Locations vacance, h\u00e9bergements vacances, locations villa, logements de vacances, location maison avec piscine, Location vacance, locations de vacance, h\u00e9bergements de vacances, location, locations entre particulier, logements vacance, vacances \u00e0 Mont\u00e9n\u00e9gro - location \u00e0 Ulcinj ,location  de bigorre.\" width=\"510\" height=\"145\" \/><\/a><\/p>\n","protected":false},"excerpt":{"rendered":"<p><img loading=\"lazy\" class=\"alignleft\" title=\"holegro\" src=\"http:\/\/www.hollegro.cg.yu\/gallery\/phholl\/images\/_hollegronight_04_jpg.jpg\" alt=\"\" width=\"140\" height=\"140\" \/><\/p>\n","protected":false},"author":1,"featured_media":0,"comment_status":"open","ping_status":"closed","sticky":false,"template":"","format":"standard","meta":{"spay_email":"","jetpack_publicize_message":"","jetpack_is_tweetstorm":false,"jetpack_publicize_feature_enabled":true},"categories":[12,15],"tags":[1824,2985],"jetpack_publicize_connections":[],"yoast_head":"<!-- This site is optimized with the Yoast SEO plugin v19.1 - https:\/\/yoast.com\/wordpress\/plugins\/seo\/ -->\n<title>Kompanija &quot;Holegro&quot; iz Ulcinja slavi 10 godina postojanja - Lajme nga Ulqini<\/title>\n<meta name=\"robots\" content=\"index, follow, max-snippet:-1, max-image-preview:large, max-video-preview:-1\" \/>\n<link rel=\"canonical\" href=\"https:\/\/www.visit-ulcinj.com\/blog\/2008\/08\/08\/kompanija-holegro-iz-ulcinja-slavi-10-godina-postojanja\/\" \/>\n<meta property=\"og:locale\" content=\"en_US\" \/>\n<meta property=\"og:type\" content=\"article\" \/>\n<meta property=\"og:title\" content=\"Kompanija &quot;Holegro&quot; iz Ulcinja slavi 10 godina postojanja - Lajme nga Ulqini\" \/>\n<meta property=\"og:url\" content=\"https:\/\/www.visit-ulcinj.com\/blog\/2008\/08\/08\/kompanija-holegro-iz-ulcinja-slavi-10-godina-postojanja\/\" \/>\n<meta property=\"og:site_name\" content=\"Lajme nga Ulqini\" \/>\n<meta property=\"article:published_time\" content=\"2008-08-08T13:57:33+00:00\" \/>\n<meta property=\"article:modified_time\" content=\"2008-08-08T14:01:30+00:00\" \/>\n<meta property=\"og:image\" content=\"http:\/\/www.hollegro.cg.yu\/gallery\/phholl\/images\/_hollegronight_04_jpg.jpg\" \/>\n<meta name=\"twitter:label1\" content=\"Written by\" \/>\n\t<meta name=\"twitter:data1\" content=\"ulqini\" \/>\n\t<meta name=\"twitter:label2\" content=\"Est. reading time\" \/>\n\t<meta name=\"twitter:data2\" content=\"2 minutes\" \/>\n<script type=\"application\/ld+json\" class=\"yoast-schema-graph\">{\"@context\":\"https:\/\/schema.org\",\"@graph\":[{\"@type\":\"WebSite\",\"@id\":\"https:\/\/www.visit-ulcinj.com\/blog\/#website\",\"url\":\"https:\/\/www.visit-ulcinj.com\/blog\/\",\"name\":\"Lajme nga Ulqini\",\"description\":\"Lajme,Vijesti,Ulqini,Ulqin,Crna Gora,Mali i Zi\",\"potentialAction\":[{\"@type\":\"SearchAction\",\"target\":{\"@type\":\"EntryPoint\",\"urlTemplate\":\"https:\/\/www.visit-ulcinj.com\/blog\/?s={search_term_string}\"},\"query-input\":\"required name=search_term_string\"}],\"inLanguage\":\"en-US\"},{\"@type\":\"ImageObject\",\"inLanguage\":\"en-US\",\"@id\":\"https:\/\/www.visit-ulcinj.com\/blog\/2008\/08\/08\/kompanija-holegro-iz-ulcinja-slavi-10-godina-postojanja\/#primaryimage\",\"url\":\"http:\/\/www.hollegro.cg.yu\/gallery\/phholl\/images\/_hollegronight_04_jpg.jpg\",\"contentUrl\":\"http:\/\/www.hollegro.cg.yu\/gallery\/phholl\/images\/_hollegronight_04_jpg.jpg\"},{\"@type\":\"WebPage\",\"@id\":\"https:\/\/www.visit-ulcinj.com\/blog\/2008\/08\/08\/kompanija-holegro-iz-ulcinja-slavi-10-godina-postojanja\/#webpage\",\"url\":\"https:\/\/www.visit-ulcinj.com\/blog\/2008\/08\/08\/kompanija-holegro-iz-ulcinja-slavi-10-godina-postojanja\/\",\"name\":\"Kompanija \\\"Holegro\\\" iz Ulcinja slavi 10 godina postojanja - Lajme nga Ulqini\",\"isPartOf\":{\"@id\":\"https:\/\/www.visit-ulcinj.com\/blog\/#website\"},\"primaryImageOfPage\":{\"@id\":\"https:\/\/www.visit-ulcinj.com\/blog\/2008\/08\/08\/kompanija-holegro-iz-ulcinja-slavi-10-godina-postojanja\/#primaryimage\"},\"datePublished\":\"2008-08-08T13:57:33+00:00\",\"dateModified\":\"2008-08-08T14:01:30+00:00\",\"author\":{\"@id\":\"https:\/\/www.visit-ulcinj.com\/blog\/#\/schema\/person\/dcab619c614d3038751c63bc2aadc06d\"},\"breadcrumb\":{\"@id\":\"https:\/\/www.visit-ulcinj.com\/blog\/2008\/08\/08\/kompanija-holegro-iz-ulcinja-slavi-10-godina-postojanja\/#breadcrumb\"},\"inLanguage\":\"en-US\",\"potentialAction\":[{\"@type\":\"ReadAction\",\"target\":[\"https:\/\/www.visit-ulcinj.com\/blog\/2008\/08\/08\/kompanija-holegro-iz-ulcinja-slavi-10-godina-postojanja\/\"]}]},{\"@type\":\"BreadcrumbList\",\"@id\":\"https:\/\/www.visit-ulcinj.com\/blog\/2008\/08\/08\/kompanija-holegro-iz-ulcinja-slavi-10-godina-postojanja\/#breadcrumb\",\"itemListElement\":[{\"@type\":\"ListItem\",\"position\":1,\"name\":\"Kompanija &#8220;Holegro&#8221; iz Ulcinja slavi 10 godina postojanja\"}]},{\"@type\":\"Person\",\"@id\":\"https:\/\/www.visit-ulcinj.com\/blog\/#\/schema\/person\/dcab619c614d3038751c63bc2aadc06d\",\"name\":\"ulqini\",\"sameAs\":[\"http:\/\/www.visit-ulcinj.com\"],\"url\":\"https:\/\/www.visit-ulcinj.com\/blog\/author\/admin\/\"}]}<\/script>\n<!-- \/ Yoast SEO plugin. -->","yoast_head_json":{"title":"Kompanija \"Holegro\" iz Ulcinja slavi 10 godina postojanja - Lajme nga Ulqini","robots":{"index":"index","follow":"follow","max-snippet":"max-snippet:-1","max-image-preview":"max-image-preview:large","max-video-preview":"max-video-preview:-1"},"canonical":"https:\/\/www.visit-ulcinj.com\/blog\/2008\/08\/08\/kompanija-holegro-iz-ulcinja-slavi-10-godina-postojanja\/","og_locale":"en_US","og_type":"article","og_title":"Kompanija \"Holegro\" iz Ulcinja slavi 10 godina postojanja - Lajme nga Ulqini","og_url":"https:\/\/www.visit-ulcinj.com\/blog\/2008\/08\/08\/kompanija-holegro-iz-ulcinja-slavi-10-godina-postojanja\/","og_site_name":"Lajme nga Ulqini","article_published_time":"2008-08-08T13:57:33+00:00","article_modified_time":"2008-08-08T14:01:30+00:00","og_image":[{"url":"http:\/\/www.hollegro.cg.yu\/gallery\/phholl\/images\/_hollegronight_04_jpg.jpg"}],"twitter_misc":{"Written by":"ulqini","Est. reading time":"2 minutes"},"schema":{"@context":"https:\/\/schema.org","@graph":[{"@type":"WebSite","@id":"https:\/\/www.visit-ulcinj.com\/blog\/#website","url":"https:\/\/www.visit-ulcinj.com\/blog\/","name":"Lajme nga Ulqini","description":"Lajme,Vijesti,Ulqini,Ulqin,Crna Gora,Mali i Zi","potentialAction":[{"@type":"SearchAction","target":{"@type":"EntryPoint","urlTemplate":"https:\/\/www.visit-ulcinj.com\/blog\/?s={search_term_string}"},"query-input":"required name=search_term_string"}],"inLanguage":"en-US"},{"@type":"ImageObject","inLanguage":"en-US","@id":"https:\/\/www.visit-ulcinj.com\/blog\/2008\/08\/08\/kompanija-holegro-iz-ulcinja-slavi-10-godina-postojanja\/#primaryimage","url":"http:\/\/www.hollegro.cg.yu\/gallery\/phholl\/images\/_hollegronight_04_jpg.jpg","contentUrl":"http:\/\/www.hollegro.cg.yu\/gallery\/phholl\/images\/_hollegronight_04_jpg.jpg"},{"@type":"WebPage","@id":"https:\/\/www.visit-ulcinj.com\/blog\/2008\/08\/08\/kompanija-holegro-iz-ulcinja-slavi-10-godina-postojanja\/#webpage","url":"https:\/\/www.visit-ulcinj.com\/blog\/2008\/08\/08\/kompanija-holegro-iz-ulcinja-slavi-10-godina-postojanja\/","name":"Kompanija \"Holegro\" iz Ulcinja slavi 10 godina postojanja - Lajme nga Ulqini","isPartOf":{"@id":"https:\/\/www.visit-ulcinj.com\/blog\/#website"},"primaryImageOfPage":{"@id":"https:\/\/www.visit-ulcinj.com\/blog\/2008\/08\/08\/kompanija-holegro-iz-ulcinja-slavi-10-godina-postojanja\/#primaryimage"},"datePublished":"2008-08-08T13:57:33+00:00","dateModified":"2008-08-08T14:01:30+00:00","author":{"@id":"https:\/\/www.visit-ulcinj.com\/blog\/#\/schema\/person\/dcab619c614d3038751c63bc2aadc06d"},"breadcrumb":{"@id":"https:\/\/www.visit-ulcinj.com\/blog\/2008\/08\/08\/kompanija-holegro-iz-ulcinja-slavi-10-godina-postojanja\/#breadcrumb"},"inLanguage":"en-US","potentialAction":[{"@type":"ReadAction","target":["https:\/\/www.visit-ulcinj.com\/blog\/2008\/08\/08\/kompanija-holegro-iz-ulcinja-slavi-10-godina-postojanja\/"]}]},{"@type":"BreadcrumbList","@id":"https:\/\/www.visit-ulcinj.com\/blog\/2008\/08\/08\/kompanija-holegro-iz-ulcinja-slavi-10-godina-postojanja\/#breadcrumb","itemListElement":[{"@type":"ListItem","position":1,"name":"Kompanija &#8220;Holegro&#8221; iz Ulcinja slavi 10 godina postojanja"}]},{"@type":"Person","@id":"https:\/\/www.visit-ulcinj.com\/blog\/#\/schema\/person\/dcab619c614d3038751c63bc2aadc06d","name":"ulqini","sameAs":["http:\/\/www.visit-ulcinj.com"],"url":"https:\/\/www.visit-ulcinj.com\/blog\/author\/admin\/"}]}},"jetpack_featured_media_url":"","jetpack_sharing_enabled":true,"jetpack_shortlink":"https:\/\/wp.me\/pe6lTn-AS","_links":{"self":[{"href":"https:\/\/www.visit-ulcinj.com\/blog\/wp-json\/wp\/v2\/posts\/2286"}],"collection":[{"href":"https:\/\/www.visit-ulcinj.com\/blog\/wp-json\/wp\/v2\/posts"}],"about":[{"href":"https:\/\/www.visit-ulcinj.com\/blog\/wp-json\/wp\/v2\/types\/post"}],"author":[{"embeddable":true,"href":"https:\/\/www.visit-ulcinj.com\/blog\/wp-json\/wp\/v2\/users\/1"}],"replies":[{"embeddable":true,"href":"https:\/\/www.visit-ulcinj.com\/blog\/wp-json\/wp\/v2\/comments?post=2286"}],"version-history":[{"count":0,"href":"https:\/\/www.visit-ulcinj.com\/blog\/wp-json\/wp\/v2\/posts\/2286\/revisions"}],"wp:attachment":[{"href":"https:\/\/www.visit-ulcinj.com\/blog\/wp-json\/wp\/v2\/media?parent=2286"}],"wp:term":[{"taxonomy":"category","embeddable":true,"href":"https:\/\/www.visit-ulcinj.com\/blog\/wp-json\/wp\/v2\/categories?post=2286"},{"taxonomy":"post_tag","embeddable":true,"href":"https:\/\/www.visit-ulcinj.com\/blog\/wp-json\/wp\/v2\/tags?post=2286"}],"curies":[{"name":"wp","href":"https:\/\/api.w.org\/{rel}","templated":true}]}}