{"id":22869,"date":"2009-06-15T16:38:14","date_gmt":"2009-06-15T14:38:14","guid":{"rendered":"http:\/\/www.visit-ulcinj.com\/blog\/?p=22869"},"modified":"2009-06-15T16:38:14","modified_gmt":"2009-06-15T14:38:14","slug":"te-premten-u-mbajt-kuvendi-i-komunes-se-tuzit","status":"publish","type":"post","link":"https:\/\/www.visit-ulcinj.com\/blog\/2009\/06\/15\/te-premten-u-mbajt-kuvendi-i-komunes-se-tuzit\/","title":{"rendered":"T\u00eb premten u mbajt kuvendi i Komun\u00ebs s\u00eb Tuzit"},"content":{"rendered":"<p><strong><a href=\"http:\/\/www.visit-ulcinj.com\/blog\/wp-content\/uploads\/2009\/06\/Komun\u00ebs-Urbane-t\u00eb-Tuzit.jpg\"><img loading=\"lazy\" class=\"alignleft size-full wp-image-22870\" title=\"Komun\u00ebs Urbane t\u00eb Tuzit\" src=\"http:\/\/www.visit-ulcinj.com\/blog\/wp-content\/uploads\/2009\/06\/Komun\u00ebs-Urbane-t\u00eb-Tuzit.jpg\" alt=\"Komun\u00ebs Urbane t\u00eb Tuzit\" width=\"580\" height=\"400\" \/><\/a>Opozita nuk mori pjes\u00eb<\/strong><br \/>\nTuz &#8211; Seanca e 19-t\u00eb e Kuvendit t\u00eb Komun\u00ebs Urbane t\u00eb Tuzit u mbajt t\u00eb premten, pa pranin\u00eb e opozit\u00ebs. N\u00eb fakt, i vetmi k\u00ebshilltar i pranish\u00ebm nga opozita ishte Halil Dukoviqi (PDS) i cili, pas miratimit t\u00eb rendit t\u00eb dit\u00ebs, mori fjal\u00ebn duke shfryt\u00ebzuar t\u00eb drejt\u00ebn procedurale sa p\u00ebr t\u00eb njoftuar se k\u00ebshilltar\u00ebt e opozit\u00ebs nuk do t\u00eb marrin m\u00eb pjes\u00eb n\u00eb asnj\u00eb seanc\u00eb t\u00eb Kuvendit.<br \/>\nAi akuzoi partit\u00eb e pozit\u00ebs duke i quajtur ata nj\u00eb bashkim jofunksional t\u00eb cil\u00ebt, p\u00ebr mossuksesin e vet, akuzojn\u00eb kryebashkiakun e Podgoric\u00ebs Miomir Mugosha. Dukoviq tha po ashtu se flet n\u00eb em\u00ebr t\u00eb UDSH-s\u00eb, Partis\u00eb Boshnjake, PSD-s\u00eb dhe PDS-s\u00eb.<br \/>\nKryetari i KU t\u00eb Tuzit, Smajl \u00c7unmulaj, n\u00eb replik\u00eb ndaj Dukoviqit, potencoi obstruksionin q\u00eb e b\u00ebn Kryeqyteti p\u00ebr t\u00eb penguar pun\u00ebn e k\u00ebtij Kuvendi, duke tentuar q\u00eb t\u00eb shkaktojn\u00eb zgjedhje t\u00eb parakohshme.<br \/>\nAi shtoi se tashm\u00eb jemi m\u00ebsuar me sjelljet e PDS-s\u00eb, por shqiptar\u00ebt n\u00eb Mal\u00ebsi nuk do t\u00eb lejojn\u00eb t\u00eb udh\u00ebheqen nga ata q\u00eb kryejn\u00eb detyrat e t\u00eb tjer\u00ebve dhe p\u00ebrkujtoi se ata jan\u00eb m\u00ebsuar t\u2019i blejn\u00eb qytetar\u00ebt e Mal\u00ebsis\u00eb q\u00eb sot jan\u00eb n\u00eb sh\u00ebrbimin e tyre.<br \/>\nKryetari i Kuvendit t\u00eb KU t\u00eb Tuzit, Nikoll\u00eb Camaj e quajti jokorrekte dhe befasuese q\u00eb nj\u00eb p\u00ebrfaq\u00ebsues i PDS-s\u00eb flet n\u00eb em\u00ebr t\u00eb nj\u00eb partie shqiptare, pra t\u00eb UDSH-s\u00eb dhe ftoi kreun e k\u00ebsaj partie q\u00eb t\u00eb sqaroj\u00eb q\u00ebndrimin e tyre, pasi si\u00e7 vler\u00ebsoi ai, UDSH koh\u00ebve t\u00eb fundit ka treguar gatishm\u00ebri t\u00eb bashk\u00ebpunimit m\u00eb t\u00eb denj\u00eb me partit\u00eb e tjera shqiptare.<br \/>\nAi po ashtu sqaroi se mospjes\u00ebmarrja e opozit\u00ebs nuk paraqet ndonj\u00eb problem sa i p\u00ebrket funksionimit t\u00eb Kuvendit sepse, p\u00ebrderisa shumica e k\u00ebshilltar\u00ebve, 11 nga 21 sa ka gjithsej Kuvendi, jan\u00eb aktiv\u00eb, seanca \u00ebsht\u00eb legjitime.<br \/>\n\u201cNuk \u00ebsht\u00eb kaher\u00eb kur opozita malazeze bojkotonte Parlamentin e Malit t\u00eb Zi dhe ai vazhdonte pun\u00ebn normalisht, kurse ata q\u00eb e kishin goj\u00ebn plot akuza ndaj atyre q\u00eb at\u00ebher\u00eb bojkotonin, sot bojkotojn\u00eb vet\u00eb\u201d, shtoi Camaj.<br \/>\nK\u00ebshilltari Vasel Sinishtaj vler\u00ebsoi se p\u00ebr nj\u00ebmb\u00ebdhjet\u00ebshen pushtetmbajt\u00ebse n\u00eb Tuz, i p\u00ebrbashk\u00ebt \u00ebsht\u00eb angazhimi p\u00ebr komun\u00eb t\u00eb plot\u00eb dhe se mospajtimet lidhur me \u00e7\u00ebshtje t\u00eb tjera nuk do t\u00eb sjellin n\u00eb pik\u00ebpyetje bashk\u00ebpunimin lidhur me k\u00ebt\u00eb \u00e7\u00ebshtje.<br \/>\nK\u00ebshilltari Zef Gjokaj p\u00ebrg\u00ebzoi k\u00ebshilltar\u00ebt e shumic\u00ebs p\u00ebr kapacitetin e treguar demokratik p\u00ebr t\u00eb kap\u00ebrcyer mospajtimet e shkaktuara gjat\u00eb fushat\u00ebs parazgjedhore.<br \/>\nKuvendi aprovoi t\u00eb gjitha pikat e rendit t\u00eb dit\u00ebs dhe paralajm\u00ebroi vazhdimin e pun\u00ebs sipas programit t\u00eb Kuvendit. P\u00ebrndryshe, n\u00eb rend t\u00eb dit\u00ebs ishin Plan-programi i pun\u00ebs s\u00eb Kuvendit, Vendimi mbi m\u00ebnyr\u00ebn e ndarjes s\u00eb mjeteve organizatave joqeveritare, Vendimi mbi em\u00ebrtimin e \u00e7mimeve\/dekoratave t\u00eb KU-s\u00eb, Plan-programi i zhvillimit t\u00eb Tuzit p\u00ebr vitin 2009 dhe formimi i komisioneve p\u00ebr klasifikimin dhe grumbullimin e produkteve bujq\u00ebsore n\u00eb trevat e Mal\u00ebsis\u00eb.<br \/>\nN\u00eb k\u00ebt\u00eb seanc\u00eb t\u00eb Kuvendit n\u00eb plan ishte q\u00eb t\u00eb jepet edhe mendimi mbi raportet e pun\u00ebs s\u00eb institucioneve publike t\u00eb Kryeqytetit por, me propozim t\u00eb kryetarit t\u00eb Kuvendit, Nikoll\u00eb Camaj, ato mbeten pa mendim t\u00eb k\u00ebsaj instance p\u00ebr arsye se, si\u00e7 u sqarua, edhe pse institucionet publike i kishin dor\u00ebzuar raportet q\u00eb n\u00eb mars t\u00eb k\u00ebtij viti, Kuvendit t\u00eb KU t\u00eb Tuzit i kishin mb\u00ebrritur vet\u00ebm pes\u00eb dit\u00eb para senac\u00ebs, si edhe p\u00ebr arsye se ato nuk jan\u00eb t\u00eb p\u00ebrkthyera n\u00eb gjuh\u00ebn shqipe, me \u00e7ka shkelet Kushtetuta dhe aktet e k\u00ebtij Kuvendi, ku \u00e7do akt duhet t\u00eb jet\u00eb n\u00eb t\u00eb dy gjuh\u00ebt.<\/p>\n<p><strong>M.Gjokaj<br \/>\nKoha Javore<\/strong><\/p>\n","protected":false},"excerpt":{"rendered":"<p>Opozita nuk mori pjes\u00eb Tuz &#8211; Seanca e 19-t\u00eb e Kuvendit t\u00eb Komun\u00ebs Urbane t\u00eb Tuzit u mbajt t\u00eb premten, pa pranin\u00eb e opozit\u00ebs. N\u00eb fakt, i vetmi k\u00ebshilltar i pranish\u00ebm nga opozita ishte Halil Dukoviqi (PDS) i cili, pas miratimit t\u00eb rendit t\u00eb dit\u00ebs, mori fjal\u00ebn duke shfryt\u00ebzuar t\u00eb drejt\u00ebn procedurale sa p\u00ebr t\u00eb [&hellip;]<\/p>\n","protected":false},"author":1,"featured_media":0,"comment_status":"open","ping_status":"closed","sticky":false,"template":"","format":"standard","meta":{"spay_email":"","jetpack_publicize_message":"","jetpack_is_tweetstorm":false,"jetpack_publicize_feature_enabled":true},"categories":[6],"tags":[11197,11199,11201,11200,11198,11194,2995,189,11195,2643,11196,2992,1649],"jetpack_publicize_connections":[],"yoast_head":"<!-- This site is optimized with the Yoast SEO plugin v19.1 - https:\/\/yoast.com\/wordpress\/plugins\/seo\/ -->\n<title>T\u00eb premten u mbajt kuvendi i Komun\u00ebs s\u00eb Tuzit - Lajme nga Ulqini<\/title>\n<meta name=\"description\" content=\"Opozita nuk mori pjes\u00eb Tuz - Seanca e 19-t\u00eb e Kuvendit t\u00eb Komun\u00ebs Urbane t\u00eb Tuzit u mbajt t\u00eb premten, pa pranin\u00eb e opozit\u00ebs. N\u00eb fakt, i vetmi k\u00ebshilltar i\" \/>\n<meta name=\"robots\" content=\"index, follow, max-snippet:-1, max-image-preview:large, max-video-preview:-1\" \/>\n<link rel=\"canonical\" href=\"https:\/\/www.visit-ulcinj.com\/blog\/2009\/06\/15\/te-premten-u-mbajt-kuvendi-i-komunes-se-tuzit\/\" \/>\n<meta property=\"og:locale\" content=\"en_US\" \/>\n<meta property=\"og:type\" content=\"article\" \/>\n<meta property=\"og:title\" content=\"T\u00eb premten u mbajt kuvendi i Komun\u00ebs s\u00eb Tuzit - Lajme nga Ulqini\" \/>\n<meta property=\"og:description\" content=\"Opozita nuk mori pjes\u00eb Tuz - Seanca e 19-t\u00eb e Kuvendit t\u00eb Komun\u00ebs Urbane t\u00eb Tuzit u mbajt t\u00eb premten, pa pranin\u00eb e opozit\u00ebs. N\u00eb fakt, i vetmi k\u00ebshilltar i\" \/>\n<meta property=\"og:url\" content=\"https:\/\/www.visit-ulcinj.com\/blog\/2009\/06\/15\/te-premten-u-mbajt-kuvendi-i-komunes-se-tuzit\/\" \/>\n<meta property=\"og:site_name\" content=\"Lajme nga Ulqini\" \/>\n<meta property=\"article:published_time\" content=\"2009-06-15T14:38:14+00:00\" \/>\n<meta name=\"twitter:label1\" content=\"Written by\" \/>\n\t<meta name=\"twitter:data1\" content=\"ulqini\" \/>\n\t<meta name=\"twitter:label2\" content=\"Est. reading time\" \/>\n\t<meta name=\"twitter:data2\" content=\"3 minutes\" \/>\n<script type=\"application\/ld+json\" class=\"yoast-schema-graph\">{\"@context\":\"https:\/\/schema.org\",\"@graph\":[{\"@type\":\"WebSite\",\"@id\":\"https:\/\/www.visit-ulcinj.com\/blog\/#website\",\"url\":\"https:\/\/www.visit-ulcinj.com\/blog\/\",\"name\":\"Lajme nga Ulqini\",\"description\":\"Lajme,Vijesti,Ulqini,Ulqin,Crna Gora,Mali i Zi\",\"potentialAction\":[{\"@type\":\"SearchAction\",\"target\":{\"@type\":\"EntryPoint\",\"urlTemplate\":\"https:\/\/www.visit-ulcinj.com\/blog\/?s={search_term_string}\"},\"query-input\":\"required name=search_term_string\"}],\"inLanguage\":\"en-US\"},{\"@type\":\"WebPage\",\"@id\":\"https:\/\/www.visit-ulcinj.com\/blog\/2009\/06\/15\/te-premten-u-mbajt-kuvendi-i-komunes-se-tuzit\/#webpage\",\"url\":\"https:\/\/www.visit-ulcinj.com\/blog\/2009\/06\/15\/te-premten-u-mbajt-kuvendi-i-komunes-se-tuzit\/\",\"name\":\"T\u00eb premten u mbajt kuvendi i Komun\u00ebs s\u00eb Tuzit - Lajme nga Ulqini\",\"isPartOf\":{\"@id\":\"https:\/\/www.visit-ulcinj.com\/blog\/#website\"},\"datePublished\":\"2009-06-15T14:38:14+00:00\",\"dateModified\":\"2009-06-15T14:38:14+00:00\",\"author\":{\"@id\":\"https:\/\/www.visit-ulcinj.com\/blog\/#\/schema\/person\/dcab619c614d3038751c63bc2aadc06d\"},\"description\":\"Opozita nuk mori pjes\u00eb Tuz - Seanca e 19-t\u00eb e Kuvendit t\u00eb Komun\u00ebs Urbane t\u00eb Tuzit u mbajt t\u00eb premten, pa pranin\u00eb e opozit\u00ebs. N\u00eb fakt, i vetmi k\u00ebshilltar i\",\"breadcrumb\":{\"@id\":\"https:\/\/www.visit-ulcinj.com\/blog\/2009\/06\/15\/te-premten-u-mbajt-kuvendi-i-komunes-se-tuzit\/#breadcrumb\"},\"inLanguage\":\"en-US\",\"potentialAction\":[{\"@type\":\"ReadAction\",\"target\":[\"https:\/\/www.visit-ulcinj.com\/blog\/2009\/06\/15\/te-premten-u-mbajt-kuvendi-i-komunes-se-tuzit\/\"]}]},{\"@type\":\"BreadcrumbList\",\"@id\":\"https:\/\/www.visit-ulcinj.com\/blog\/2009\/06\/15\/te-premten-u-mbajt-kuvendi-i-komunes-se-tuzit\/#breadcrumb\",\"itemListElement\":[{\"@type\":\"ListItem\",\"position\":1,\"name\":\"T\u00eb premten u mbajt kuvendi i Komun\u00ebs s\u00eb Tuzit\"}]},{\"@type\":\"Person\",\"@id\":\"https:\/\/www.visit-ulcinj.com\/blog\/#\/schema\/person\/dcab619c614d3038751c63bc2aadc06d\",\"name\":\"ulqini\",\"sameAs\":[\"http:\/\/www.visit-ulcinj.com\"],\"url\":\"https:\/\/www.visit-ulcinj.com\/blog\/author\/admin\/\"}]}<\/script>\n<!-- \/ Yoast SEO plugin. -->","yoast_head_json":{"title":"T\u00eb premten u mbajt kuvendi i Komun\u00ebs s\u00eb Tuzit - Lajme nga Ulqini","description":"Opozita nuk mori pjes\u00eb Tuz - Seanca e 19-t\u00eb e Kuvendit t\u00eb Komun\u00ebs Urbane t\u00eb Tuzit u mbajt t\u00eb premten, pa pranin\u00eb e opozit\u00ebs. N\u00eb fakt, i vetmi k\u00ebshilltar i","robots":{"index":"index","follow":"follow","max-snippet":"max-snippet:-1","max-image-preview":"max-image-preview:large","max-video-preview":"max-video-preview:-1"},"canonical":"https:\/\/www.visit-ulcinj.com\/blog\/2009\/06\/15\/te-premten-u-mbajt-kuvendi-i-komunes-se-tuzit\/","og_locale":"en_US","og_type":"article","og_title":"T\u00eb premten u mbajt kuvendi i Komun\u00ebs s\u00eb Tuzit - Lajme nga Ulqini","og_description":"Opozita nuk mori pjes\u00eb Tuz - Seanca e 19-t\u00eb e Kuvendit t\u00eb Komun\u00ebs Urbane t\u00eb Tuzit u mbajt t\u00eb premten, pa pranin\u00eb e opozit\u00ebs. N\u00eb fakt, i vetmi k\u00ebshilltar i","og_url":"https:\/\/www.visit-ulcinj.com\/blog\/2009\/06\/15\/te-premten-u-mbajt-kuvendi-i-komunes-se-tuzit\/","og_site_name":"Lajme nga Ulqini","article_published_time":"2009-06-15T14:38:14+00:00","twitter_misc":{"Written by":"ulqini","Est. reading time":"3 minutes"},"schema":{"@context":"https:\/\/schema.org","@graph":[{"@type":"WebSite","@id":"https:\/\/www.visit-ulcinj.com\/blog\/#website","url":"https:\/\/www.visit-ulcinj.com\/blog\/","name":"Lajme nga Ulqini","description":"Lajme,Vijesti,Ulqini,Ulqin,Crna Gora,Mali i Zi","potentialAction":[{"@type":"SearchAction","target":{"@type":"EntryPoint","urlTemplate":"https:\/\/www.visit-ulcinj.com\/blog\/?s={search_term_string}"},"query-input":"required name=search_term_string"}],"inLanguage":"en-US"},{"@type":"WebPage","@id":"https:\/\/www.visit-ulcinj.com\/blog\/2009\/06\/15\/te-premten-u-mbajt-kuvendi-i-komunes-se-tuzit\/#webpage","url":"https:\/\/www.visit-ulcinj.com\/blog\/2009\/06\/15\/te-premten-u-mbajt-kuvendi-i-komunes-se-tuzit\/","name":"T\u00eb premten u mbajt kuvendi i Komun\u00ebs s\u00eb Tuzit - Lajme nga Ulqini","isPartOf":{"@id":"https:\/\/www.visit-ulcinj.com\/blog\/#website"},"datePublished":"2009-06-15T14:38:14+00:00","dateModified":"2009-06-15T14:38:14+00:00","author":{"@id":"https:\/\/www.visit-ulcinj.com\/blog\/#\/schema\/person\/dcab619c614d3038751c63bc2aadc06d"},"description":"Opozita nuk mori pjes\u00eb Tuz - Seanca e 19-t\u00eb e Kuvendit t\u00eb Komun\u00ebs Urbane t\u00eb Tuzit u mbajt t\u00eb premten, pa pranin\u00eb e opozit\u00ebs. N\u00eb fakt, i vetmi k\u00ebshilltar i","breadcrumb":{"@id":"https:\/\/www.visit-ulcinj.com\/blog\/2009\/06\/15\/te-premten-u-mbajt-kuvendi-i-komunes-se-tuzit\/#breadcrumb"},"inLanguage":"en-US","potentialAction":[{"@type":"ReadAction","target":["https:\/\/www.visit-ulcinj.com\/blog\/2009\/06\/15\/te-premten-u-mbajt-kuvendi-i-komunes-se-tuzit\/"]}]},{"@type":"BreadcrumbList","@id":"https:\/\/www.visit-ulcinj.com\/blog\/2009\/06\/15\/te-premten-u-mbajt-kuvendi-i-komunes-se-tuzit\/#breadcrumb","itemListElement":[{"@type":"ListItem","position":1,"name":"T\u00eb premten u mbajt kuvendi i Komun\u00ebs s\u00eb Tuzit"}]},{"@type":"Person","@id":"https:\/\/www.visit-ulcinj.com\/blog\/#\/schema\/person\/dcab619c614d3038751c63bc2aadc06d","name":"ulqini","sameAs":["http:\/\/www.visit-ulcinj.com"],"url":"https:\/\/www.visit-ulcinj.com\/blog\/author\/admin\/"}]}},"jetpack_featured_media_url":"","jetpack_sharing_enabled":true,"jetpack_shortlink":"https:\/\/wp.me\/pe6lTn-5WR","_links":{"self":[{"href":"https:\/\/www.visit-ulcinj.com\/blog\/wp-json\/wp\/v2\/posts\/22869"}],"collection":[{"href":"https:\/\/www.visit-ulcinj.com\/blog\/wp-json\/wp\/v2\/posts"}],"about":[{"href":"https:\/\/www.visit-ulcinj.com\/blog\/wp-json\/wp\/v2\/types\/post"}],"author":[{"embeddable":true,"href":"https:\/\/www.visit-ulcinj.com\/blog\/wp-json\/wp\/v2\/users\/1"}],"replies":[{"embeddable":true,"href":"https:\/\/www.visit-ulcinj.com\/blog\/wp-json\/wp\/v2\/comments?post=22869"}],"version-history":[{"count":0,"href":"https:\/\/www.visit-ulcinj.com\/blog\/wp-json\/wp\/v2\/posts\/22869\/revisions"}],"wp:attachment":[{"href":"https:\/\/www.visit-ulcinj.com\/blog\/wp-json\/wp\/v2\/media?parent=22869"}],"wp:term":[{"taxonomy":"category","embeddable":true,"href":"https:\/\/www.visit-ulcinj.com\/blog\/wp-json\/wp\/v2\/categories?post=22869"},{"taxonomy":"post_tag","embeddable":true,"href":"https:\/\/www.visit-ulcinj.com\/blog\/wp-json\/wp\/v2\/tags?post=22869"}],"curies":[{"name":"wp","href":"https:\/\/api.w.org\/{rel}","templated":true}]}}