{"id":22873,"date":"2009-06-15T19:08:14","date_gmt":"2009-06-15T17:08:14","guid":{"rendered":"http:\/\/www.visit-ulcinj.com\/blog\/?p=22873"},"modified":"2009-06-15T19:08:55","modified_gmt":"2009-06-15T17:08:55","slug":"kenaqesia-per-te-qene-deputet","status":"publish","type":"post","link":"https:\/\/www.visit-ulcinj.com\/blog\/2009\/06\/15\/kenaqesia-per-te-qene-deputet\/","title":{"rendered":"K\u00ebnaq\u00ebsia p\u00ebr t\u00eb qen\u00eb deputet"},"content":{"rendered":"<p><a href=\"http:\/\/www.visit-ulcinj.com\/blog\/wp-content\/uploads\/2009\/06\/Kenaqesia-per-te-qene-deputet_ulqin_mali-i-zi.jpg\"><img loading=\"lazy\" class=\"alignleft size-full wp-image-22874\" title=\"Kenaqesia per te qene deputet_ulqin_mali i zi\" src=\"http:\/\/www.visit-ulcinj.com\/blog\/wp-content\/uploads\/2009\/06\/Kenaqesia-per-te-qene-deputet_ulqin_mali-i-zi.jpg\" alt=\"Kenaqesia per te qene deputet_ulqin_mali i zi\" width=\"368\" height=\"341\" srcset=\"https:\/\/www.visit-ulcinj.com\/blog\/wp-content\/uploads\/2009\/06\/Kenaqesia-per-te-qene-deputet_ulqin_mali-i-zi.jpg 431w, https:\/\/www.visit-ulcinj.com\/blog\/wp-content\/uploads\/2009\/06\/Kenaqesia-per-te-qene-deputet_ulqin_mali-i-zi-300x278.jpg 300w\" sizes=\"(max-width: 368px) 100vw, 368px\" \/><\/a>Opinionin p\u00ebr njer\u00ebzit duhet formuar sipas asaj se kush \u00ebsht\u00eb sunduese te ta: e mira apo e keqja, por, megjith\u00ebk\u00ebt\u00eb, nuk \u00ebsht\u00eb e drejt\u00eb q\u00eb n\u00eb politik\u00eb t\u00eb veprohet jasht\u00eb k\u00ebrkesave dhe interesit t\u00eb votuesve.<br \/>\nGjithsecili nga ata q\u00eb konkurruan p\u00ebr t\u2019u b\u00ebr\u00eb deputet n\u00eb zgjedhjet e 29 marsit e kishin m\u00eb t\u00eb leht\u00eb p\u00ebr t\u00eb deklaruar vet\u00ebn fitues t\u00eb zgjedhjeve. Ajo q\u00eb e b\u00ebnte interesante \u00e7\u00ebshtjen ishte roli i politik\u00ebs n\u00eb k\u00ebt\u00eb mes ku t\u00eb gjith\u00eb pam\u00eb vet\u00ebm grindje, mosmarr\u00ebveshje e shum\u00eb pak kompromis e pajtim n\u00eb mes garuesve q\u00eb pretendonin t\u00eb jen\u00eb p\u00ebrfaq\u00ebsues t\u00eb komunitetit shqiptar n\u00eb Mal t\u00eb Zi. Natyrisht se ishte e drejt\u00eb e votuesve p\u00ebr t\u00eb folur rreth problemeve t\u00eb shumta, aq sa ishte e drejt\u00eb e atyre q\u00eb desh\u00ebn t\u00eb b\u00ebhen deputet p\u00ebr t\u2019u marr\u00eb me politik\u00eb. Tani kur \u00e7do gj\u00eb shihet e dihet, kur mandatet i fituan ata q\u00eb ishin m\u00eb t\u00eb shkath\u00ebt n\u00eb thithjen e votave d\u00ebshmohet nj\u00eb dukuri q\u00eb \u00ebsht\u00eb prezente te ne shqiptar\u00ebt (por jo vet\u00ebm te ne), q\u00eb p\u00ebr t\u00eb realizuar nj\u00eb pal\u00eb zgjedhje shpenzojn\u00eb pa kufi, jo vet\u00ebm mjete materiale, po edhe koh\u00eb duke u marr\u00eb me sharje, fyerje, etiketime nga m\u00eb t\u00eb ndryshmet. E gjith\u00eb kjo ndodhi nga fakti se shqiptar\u00ebt k\u00ebt\u00eb dukuri e kan\u00eb kthyer n\u00eb sport popullor, prej nga politika e b\u00ebr\u00eb prej kandidat\u00ebve nuk b\u00ebri as m\u00eb t\u00eb vogl\u00ebn p\u00ebrpjekje p\u00ebr t\u00eb parandaluar grindjet, p\u00ebrkundrazi i \u201cfryu\u201d problemet n\u00eb at\u00eb mas\u00eb sa cdo gj\u00eb u doli nga kontrolli duke b\u00ebr\u00eb secili prej tyre politik\u00eb p\u00ebr interesa personale e assesi p\u00ebr t\u00eb mbrojtur interesat e popullit. P\u00ebr k\u00ebt\u00eb ka shum\u00eb fakte, anipse politik\u00ebb\u00ebr\u00ebsit tan\u00eb k\u00ebt\u00eb dukuri nuk duan ta pengojn\u00eb nga ku secili arsyeton veten me apo pa argumente, dhe kjo \u00ebsht\u00eb d\u00ebshmur tash e 19 vjet prej nga dol\u00ebm t\u00eb gjith\u00eb t\u00eb humbur. Pik\u00ebrisht ata dhe askuh tjet\u00ebr me politik\u00ebn e tyre \u201cvizionare\u201d e kan\u00eb ndar\u00eb popullin n\u00eb rrethe, krahina, lagje pa pasur nj\u00eb politk\u00eb t\u00eb kompromisit, t\u00eb pajtimit, gj\u00eb q\u00eb erdhi deri te p\u00ebrfundimi tragjik, jo i p\u00ebrfaq\u00ebsuesve t\u00eb popullit, sepse ata e kan\u00eb rregulluar vet\u00ebn, po te p\u00ebrfundimi tragjik i votuesit.<br \/>\nMarr\u00eb n\u00eb t\u00ebrsi, zhvillimi i fundit i zgjedhjeve p\u00ebr deputet\u00eb d\u00ebshmoi se jan\u00eb t\u00eb pakt\u00eb idealist\u00ebt politik\u00eb q\u00eb e shikojn\u00eb politik\u00ebn si dicka q\u00eb duhet ofruar votuesve, e t\u00eb shumt\u00eb jan\u00eb ata q\u00eb k\u00ebtu jan\u00eb instaluar p\u00ebrmes \u201cdyfytyr\u00ebsis\u00eb\u201d p\u00ebr t\u00eb krijuar konflikte p\u00ebr interesa t\u00eb tyre personale. Pse ndodh\u00eb kjo nga ky grup i dyt\u00eb i politikan\u00ebve? Jo p\u00ebr arsye tjet\u00ebr vecse p\u00ebr t\u00eb kthyer politik\u00ebn n\u00eb mashtrime, p\u00ebr te marr\u00eb shumic\u00ebn e votave. A nuk ishim d\u00ebshmitar\u00eb t\u00eb k\u00ebsaj politike ku secili subjekt me bart\u00ebsit e listave merrej me intriga t\u00eb llojit t\u00eb vet e p\u00ebr t\u00eb ulur profilin e kund\u00ebrshtarit. Tani pasi kjo p\u00ebrfundoi ashtu sic p\u00ebrfundoi, dalin disa individ\u00eb q\u00eb akoma shpresojn\u00eb t\u00eb b\u00ebjn\u00eb karrier\u00eb politike duke ndjekur rrug\u00ebn e paraardh\u00ebsve t\u00eb tyre pavar\u00ebsisht raporteve t\u00eb \u201cnxehta\u201d q\u00eb kishin deri dje me t\u00eb zgjedhurit e popullit, n\u00eb vend q\u00eb t\u00eb b\u00ebnin p\u00ebrpjekje maksimale p\u00ebr t\u00eb larguar politikan\u00ebt grindavec\u00eb. Kjo s\u00ebmundje vazhdon dhe ne po e vuajm\u00eb duke e p\u00ebrqafuar at\u00eb si nj\u00eb dicka normale e duke sjell\u00eb n\u00eb mod\u00eb kultur\u00ebn e mosmarr\u00ebveshjeve! Si t\u00eb kuptohet ndryshe mosreformimi i tyre kur nga kat\u00ebr p\u00ebrfaq\u00ebsues shqiptar\u00eb n\u00eb Parlamentin e Malit t\u00eb Zi nuk shihen akoma shenjat e para p\u00ebr formimin e Klubit t\u00eb deputet\u00ebve. T\u00eb nj\u00ebjtit kan\u00eb gjetur k\u00ebnaq\u00ebsin\u00eb p\u00ebr t\u00eb qen\u00eb deputet e jo t\u00eb mbrojn\u00eb interesat e atyre q\u00eb u dhan\u00eb votat. Kaq u mjaftoi atyre q\u00eb asnj\u00ebhe\u00eb nuk b\u00ebn\u00eb p\u00ebrpjekje p\u00ebr marr\u00ebveshje n\u00eb interes t\u00eb qytetar\u00ebve, nuk pat\u00ebn guximin p\u00ebr t\u00eb informuar votuesit se cfar\u00eb b\u00ebhet realisht lidhur me privatizimin, rrjetin shkollor n\u00eb gjuh\u00ebn shqipe, c\u00ebshjtjen sociale t\u00eb atyre q\u00eb kan\u00eb mbetur pa pun\u00eb, por gjithmon\u00eb dalin e thon\u00eb se ne k\u00ebrkuam k\u00ebt\u00eb e at\u00eb dhe asnj\u00ebher\u00eb n\u00eb asnj\u00eb rast pas zgjedhjeve nuk u ballafaquan me votuesit, ata nuk u duhen m\u00eb p\u00ebr t\u00eb d\u00ebgjuar k\u00ebrkesat e tyre, ndaj pas zgjedhjeve sillen e veprojn\u00eb sikur ndodh\u00ebn diku \u201clarg n\u00eb qiell\u201d, e jo aty ku jetojn\u00eb me gjith\u00eb komunitetin.<br \/>\nE pra, kemi kat\u00ebr deputet\u00eb n\u00eb Parlamentin e Malit t\u00eb Zi nga ku secili prej nesh e ka kuptuar se e keqja m\u00eb e madhe na ka ardhur nga koka, ku gjysma prej tyre vazhdojn\u00eb t\u00eb trashigojn\u00eb mentalitetitin e veteve t\u00eb kaluara. P\u00ebrgjegj\u00ebsit\u00eb publike q\u00eb kan\u00eb marr\u00eb d\u00ebshmojn\u00eb p\u00ebr besnik\u00ebrin\u00eb e vetvet\u00ebs n\u00eb idealin e t\u00eb qenunit t\u00eb pandryshuesh\u00ebm dhe t\u00eb paz\u00ebvend\u00ebsuesh\u00ebm. Kjo gjendje gjithnj\u00eb vazhdon t\u00eb reflektohet mbrapsht\u00eb nga lider\u00ebt tan\u00eb t\u00eb vjet\u00ebr dhe predominues. Kushtet n\u00ebp\u00ebr t\u00eb cilat po kalon shoq\u00ebria jon\u00eb k\u00ebrkojn\u00eb reforma t\u00eb reja, sa m\u00eb shpejt aq m\u00eb mir\u00eb, duke e ditur se qytetari yn\u00eb i thjesht\u00eb mbetet gjithmon\u00eb i mashtruar dhe i k\u00ebnaqur me spektakle t\u00eb pavler\u00eb, si p\u00ebr t\u00eb sotmen, ashtu edhe p\u00ebr t\u00eb atdhmen. Nuk ka dyshim se ata q\u00eb e kan\u00eb l\u00ebshuar vet\u00ebn pas rehatis\u00eb, do t\u00eb vij\u00eb nj\u00eb dit\u00eb q\u00eb t\u00eb bien aq posht\u00eb sa t\u00eb presin nga t\u00eb tjer\u00ebt edhe nevojat e p\u00ebrditshme! C\u2019e do se t\u00eb till\u00ebt, p\u00ebr shkak se vazhdojn\u00eb t\u00eb shohin vet\u00ebn n\u00eb t\u00eb nj\u00ebjt\u00ebn vij\u00eb me t\u00eb kaluar\u00ebn, shpeshher\u00eb as nuk arrijn\u00eb t\u00eb dallojn\u00eb se kan\u00eb r\u00ebn\u00eb nga maja e minares n\u00eb fund t\u00eb nj\u00eb grope.<\/p>\n<p><strong>Shaban Peraj<br \/>\nKoha Javore<\/strong><\/p>\n","protected":false},"excerpt":{"rendered":"<p>Opinionin p\u00ebr njer\u00ebzit duhet formuar sipas asaj se kush \u00ebsht\u00eb sunduese te ta: e mira apo e keqja, por, megjith\u00ebk\u00ebt\u00eb, nuk \u00ebsht\u00eb e drejt\u00eb q\u00eb n\u00eb politik\u00eb t\u00eb veprohet jasht\u00eb k\u00ebrkesave dhe interesit t\u00eb votuesve. Gjithsecili nga ata q\u00eb konkurruan p\u00ebr t\u2019u b\u00ebr\u00eb deputet n\u00eb zgjedhjet e 29 marsit e kishin m\u00eb t\u00eb leht\u00eb p\u00ebr [&hellip;]<\/p>\n","protected":false},"author":1,"featured_media":0,"comment_status":"open","ping_status":"closed","sticky":false,"template":"","format":"standard","meta":{"spay_email":"","jetpack_publicize_message":"","jetpack_is_tweetstorm":false,"jetpack_publicize_feature_enabled":true},"categories":[11],"tags":[95,3460,11202,201,200,18],"jetpack_publicize_connections":[],"yoast_head":"<!-- This site is optimized with the Yoast SEO plugin v19.1 - https:\/\/yoast.com\/wordpress\/plugins\/seo\/ -->\n<title>K\u00ebnaq\u00ebsia p\u00ebr t\u00eb qen\u00eb deputet - Lajme nga Ulqini<\/title>\n<meta name=\"description\" content=\"Opinionin p\u00ebr njer\u00ebzit duhet formuar sipas asaj se kush \u00ebsht\u00eb sunduese te ta: e mira apo e keqja, por, megjith\u00ebk\u00ebt\u00eb, nuk \u00ebsht\u00eb e drejt\u00eb q\u00eb n\u00eb politik\u00eb t\u00eb\" \/>\n<meta name=\"robots\" content=\"index, follow, max-snippet:-1, max-image-preview:large, max-video-preview:-1\" \/>\n<link rel=\"canonical\" href=\"https:\/\/www.visit-ulcinj.com\/blog\/2009\/06\/15\/kenaqesia-per-te-qene-deputet\/\" \/>\n<meta property=\"og:locale\" content=\"en_US\" \/>\n<meta property=\"og:type\" content=\"article\" \/>\n<meta property=\"og:title\" content=\"K\u00ebnaq\u00ebsia p\u00ebr t\u00eb qen\u00eb deputet - Lajme nga Ulqini\" \/>\n<meta property=\"og:description\" content=\"Opinionin p\u00ebr njer\u00ebzit duhet formuar sipas asaj se kush \u00ebsht\u00eb sunduese te ta: e mira apo e keqja, por, megjith\u00ebk\u00ebt\u00eb, nuk \u00ebsht\u00eb e drejt\u00eb q\u00eb n\u00eb politik\u00eb t\u00eb\" \/>\n<meta property=\"og:url\" content=\"https:\/\/www.visit-ulcinj.com\/blog\/2009\/06\/15\/kenaqesia-per-te-qene-deputet\/\" \/>\n<meta property=\"og:site_name\" content=\"Lajme nga Ulqini\" \/>\n<meta property=\"article:published_time\" content=\"2009-06-15T17:08:14+00:00\" \/>\n<meta property=\"article:modified_time\" content=\"2009-06-15T17:08:55+00:00\" \/>\n<meta property=\"og:image\" content=\"http:\/\/www.visit-ulcinj.com\/blog\/wp-content\/uploads\/2009\/06\/Kenaqesia-per-te-qene-deputet_ulqin_mali-i-zi.jpg\" \/>\n<meta name=\"twitter:label1\" content=\"Written by\" \/>\n\t<meta name=\"twitter:data1\" content=\"ulqini\" \/>\n\t<meta name=\"twitter:label2\" content=\"Est. reading time\" \/>\n\t<meta name=\"twitter:data2\" content=\"5 minutes\" \/>\n<script type=\"application\/ld+json\" class=\"yoast-schema-graph\">{\"@context\":\"https:\/\/schema.org\",\"@graph\":[{\"@type\":\"WebSite\",\"@id\":\"https:\/\/www.visit-ulcinj.com\/blog\/#website\",\"url\":\"https:\/\/www.visit-ulcinj.com\/blog\/\",\"name\":\"Lajme nga Ulqini\",\"description\":\"Lajme,Vijesti,Ulqini,Ulqin,Crna Gora,Mali i Zi\",\"potentialAction\":[{\"@type\":\"SearchAction\",\"target\":{\"@type\":\"EntryPoint\",\"urlTemplate\":\"https:\/\/www.visit-ulcinj.com\/blog\/?s={search_term_string}\"},\"query-input\":\"required name=search_term_string\"}],\"inLanguage\":\"en-US\"},{\"@type\":\"ImageObject\",\"inLanguage\":\"en-US\",\"@id\":\"https:\/\/www.visit-ulcinj.com\/blog\/2009\/06\/15\/kenaqesia-per-te-qene-deputet\/#primaryimage\",\"url\":\"https:\/\/www.visit-ulcinj.com\/blog\/wp-content\/uploads\/2009\/06\/Kenaqesia-per-te-qene-deputet_ulqin_mali-i-zi.jpg\",\"contentUrl\":\"https:\/\/www.visit-ulcinj.com\/blog\/wp-content\/uploads\/2009\/06\/Kenaqesia-per-te-qene-deputet_ulqin_mali-i-zi.jpg\",\"width\":\"431\",\"height\":\"400\"},{\"@type\":\"WebPage\",\"@id\":\"https:\/\/www.visit-ulcinj.com\/blog\/2009\/06\/15\/kenaqesia-per-te-qene-deputet\/#webpage\",\"url\":\"https:\/\/www.visit-ulcinj.com\/blog\/2009\/06\/15\/kenaqesia-per-te-qene-deputet\/\",\"name\":\"K\u00ebnaq\u00ebsia p\u00ebr t\u00eb qen\u00eb deputet - Lajme nga Ulqini\",\"isPartOf\":{\"@id\":\"https:\/\/www.visit-ulcinj.com\/blog\/#website\"},\"primaryImageOfPage\":{\"@id\":\"https:\/\/www.visit-ulcinj.com\/blog\/2009\/06\/15\/kenaqesia-per-te-qene-deputet\/#primaryimage\"},\"datePublished\":\"2009-06-15T17:08:14+00:00\",\"dateModified\":\"2009-06-15T17:08:55+00:00\",\"author\":{\"@id\":\"https:\/\/www.visit-ulcinj.com\/blog\/#\/schema\/person\/dcab619c614d3038751c63bc2aadc06d\"},\"description\":\"Opinionin p\u00ebr njer\u00ebzit duhet formuar sipas asaj se kush \u00ebsht\u00eb sunduese te ta: e mira apo e keqja, por, megjith\u00ebk\u00ebt\u00eb, nuk \u00ebsht\u00eb e drejt\u00eb q\u00eb n\u00eb politik\u00eb t\u00eb\",\"breadcrumb\":{\"@id\":\"https:\/\/www.visit-ulcinj.com\/blog\/2009\/06\/15\/kenaqesia-per-te-qene-deputet\/#breadcrumb\"},\"inLanguage\":\"en-US\",\"potentialAction\":[{\"@type\":\"ReadAction\",\"target\":[\"https:\/\/www.visit-ulcinj.com\/blog\/2009\/06\/15\/kenaqesia-per-te-qene-deputet\/\"]}]},{\"@type\":\"BreadcrumbList\",\"@id\":\"https:\/\/www.visit-ulcinj.com\/blog\/2009\/06\/15\/kenaqesia-per-te-qene-deputet\/#breadcrumb\",\"itemListElement\":[{\"@type\":\"ListItem\",\"position\":1,\"name\":\"K\u00ebnaq\u00ebsia p\u00ebr t\u00eb qen\u00eb deputet\"}]},{\"@type\":\"Person\",\"@id\":\"https:\/\/www.visit-ulcinj.com\/blog\/#\/schema\/person\/dcab619c614d3038751c63bc2aadc06d\",\"name\":\"ulqini\",\"sameAs\":[\"http:\/\/www.visit-ulcinj.com\"],\"url\":\"https:\/\/www.visit-ulcinj.com\/blog\/author\/admin\/\"}]}<\/script>\n<!-- \/ Yoast SEO plugin. -->","yoast_head_json":{"title":"K\u00ebnaq\u00ebsia p\u00ebr t\u00eb qen\u00eb deputet - Lajme nga Ulqini","description":"Opinionin p\u00ebr njer\u00ebzit duhet formuar sipas asaj se kush \u00ebsht\u00eb sunduese te ta: e mira apo e keqja, por, megjith\u00ebk\u00ebt\u00eb, nuk \u00ebsht\u00eb e drejt\u00eb q\u00eb n\u00eb politik\u00eb t\u00eb","robots":{"index":"index","follow":"follow","max-snippet":"max-snippet:-1","max-image-preview":"max-image-preview:large","max-video-preview":"max-video-preview:-1"},"canonical":"https:\/\/www.visit-ulcinj.com\/blog\/2009\/06\/15\/kenaqesia-per-te-qene-deputet\/","og_locale":"en_US","og_type":"article","og_title":"K\u00ebnaq\u00ebsia p\u00ebr t\u00eb qen\u00eb deputet - Lajme nga Ulqini","og_description":"Opinionin p\u00ebr njer\u00ebzit duhet formuar sipas asaj se kush \u00ebsht\u00eb sunduese te ta: e mira apo e keqja, por, megjith\u00ebk\u00ebt\u00eb, nuk \u00ebsht\u00eb e drejt\u00eb q\u00eb n\u00eb politik\u00eb t\u00eb","og_url":"https:\/\/www.visit-ulcinj.com\/blog\/2009\/06\/15\/kenaqesia-per-te-qene-deputet\/","og_site_name":"Lajme nga Ulqini","article_published_time":"2009-06-15T17:08:14+00:00","article_modified_time":"2009-06-15T17:08:55+00:00","og_image":[{"url":"http:\/\/www.visit-ulcinj.com\/blog\/wp-content\/uploads\/2009\/06\/Kenaqesia-per-te-qene-deputet_ulqin_mali-i-zi.jpg"}],"twitter_misc":{"Written by":"ulqini","Est. reading time":"5 minutes"},"schema":{"@context":"https:\/\/schema.org","@graph":[{"@type":"WebSite","@id":"https:\/\/www.visit-ulcinj.com\/blog\/#website","url":"https:\/\/www.visit-ulcinj.com\/blog\/","name":"Lajme nga Ulqini","description":"Lajme,Vijesti,Ulqini,Ulqin,Crna Gora,Mali i Zi","potentialAction":[{"@type":"SearchAction","target":{"@type":"EntryPoint","urlTemplate":"https:\/\/www.visit-ulcinj.com\/blog\/?s={search_term_string}"},"query-input":"required name=search_term_string"}],"inLanguage":"en-US"},{"@type":"ImageObject","inLanguage":"en-US","@id":"https:\/\/www.visit-ulcinj.com\/blog\/2009\/06\/15\/kenaqesia-per-te-qene-deputet\/#primaryimage","url":"https:\/\/www.visit-ulcinj.com\/blog\/wp-content\/uploads\/2009\/06\/Kenaqesia-per-te-qene-deputet_ulqin_mali-i-zi.jpg","contentUrl":"https:\/\/www.visit-ulcinj.com\/blog\/wp-content\/uploads\/2009\/06\/Kenaqesia-per-te-qene-deputet_ulqin_mali-i-zi.jpg","width":"431","height":"400"},{"@type":"WebPage","@id":"https:\/\/www.visit-ulcinj.com\/blog\/2009\/06\/15\/kenaqesia-per-te-qene-deputet\/#webpage","url":"https:\/\/www.visit-ulcinj.com\/blog\/2009\/06\/15\/kenaqesia-per-te-qene-deputet\/","name":"K\u00ebnaq\u00ebsia p\u00ebr t\u00eb qen\u00eb deputet - Lajme nga Ulqini","isPartOf":{"@id":"https:\/\/www.visit-ulcinj.com\/blog\/#website"},"primaryImageOfPage":{"@id":"https:\/\/www.visit-ulcinj.com\/blog\/2009\/06\/15\/kenaqesia-per-te-qene-deputet\/#primaryimage"},"datePublished":"2009-06-15T17:08:14+00:00","dateModified":"2009-06-15T17:08:55+00:00","author":{"@id":"https:\/\/www.visit-ulcinj.com\/blog\/#\/schema\/person\/dcab619c614d3038751c63bc2aadc06d"},"description":"Opinionin p\u00ebr njer\u00ebzit duhet formuar sipas asaj se kush \u00ebsht\u00eb sunduese te ta: e mira apo e keqja, por, megjith\u00ebk\u00ebt\u00eb, nuk \u00ebsht\u00eb e drejt\u00eb q\u00eb n\u00eb politik\u00eb t\u00eb","breadcrumb":{"@id":"https:\/\/www.visit-ulcinj.com\/blog\/2009\/06\/15\/kenaqesia-per-te-qene-deputet\/#breadcrumb"},"inLanguage":"en-US","potentialAction":[{"@type":"ReadAction","target":["https:\/\/www.visit-ulcinj.com\/blog\/2009\/06\/15\/kenaqesia-per-te-qene-deputet\/"]}]},{"@type":"BreadcrumbList","@id":"https:\/\/www.visit-ulcinj.com\/blog\/2009\/06\/15\/kenaqesia-per-te-qene-deputet\/#breadcrumb","itemListElement":[{"@type":"ListItem","position":1,"name":"K\u00ebnaq\u00ebsia p\u00ebr t\u00eb qen\u00eb deputet"}]},{"@type":"Person","@id":"https:\/\/www.visit-ulcinj.com\/blog\/#\/schema\/person\/dcab619c614d3038751c63bc2aadc06d","name":"ulqini","sameAs":["http:\/\/www.visit-ulcinj.com"],"url":"https:\/\/www.visit-ulcinj.com\/blog\/author\/admin\/"}]}},"jetpack_featured_media_url":"","jetpack_sharing_enabled":true,"jetpack_shortlink":"https:\/\/wp.me\/pe6lTn-5WV","_links":{"self":[{"href":"https:\/\/www.visit-ulcinj.com\/blog\/wp-json\/wp\/v2\/posts\/22873"}],"collection":[{"href":"https:\/\/www.visit-ulcinj.com\/blog\/wp-json\/wp\/v2\/posts"}],"about":[{"href":"https:\/\/www.visit-ulcinj.com\/blog\/wp-json\/wp\/v2\/types\/post"}],"author":[{"embeddable":true,"href":"https:\/\/www.visit-ulcinj.com\/blog\/wp-json\/wp\/v2\/users\/1"}],"replies":[{"embeddable":true,"href":"https:\/\/www.visit-ulcinj.com\/blog\/wp-json\/wp\/v2\/comments?post=22873"}],"version-history":[{"count":0,"href":"https:\/\/www.visit-ulcinj.com\/blog\/wp-json\/wp\/v2\/posts\/22873\/revisions"}],"wp:attachment":[{"href":"https:\/\/www.visit-ulcinj.com\/blog\/wp-json\/wp\/v2\/media?parent=22873"}],"wp:term":[{"taxonomy":"category","embeddable":true,"href":"https:\/\/www.visit-ulcinj.com\/blog\/wp-json\/wp\/v2\/categories?post=22873"},{"taxonomy":"post_tag","embeddable":true,"href":"https:\/\/www.visit-ulcinj.com\/blog\/wp-json\/wp\/v2\/tags?post=22873"}],"curies":[{"name":"wp","href":"https:\/\/api.w.org\/{rel}","templated":true}]}}