{"id":22878,"date":"2009-06-15T19:43:59","date_gmt":"2009-06-15T17:43:59","guid":{"rendered":"http:\/\/www.visit-ulcinj.com\/blog\/?p=22878"},"modified":"2009-06-15T19:44:42","modified_gmt":"2009-06-15T17:44:42","slug":"lobimi-politik-ne-mal-te-zi","status":"publish","type":"post","link":"https:\/\/www.visit-ulcinj.com\/blog\/2009\/06\/15\/lobimi-politik-ne-mal-te-zi\/","title":{"rendered":"Lobimi politik n\u00eb Mal t\u00eb Zi"},"content":{"rendered":"<p><a href=\"http:\/\/www.visit-ulcinj.com\/blog\/wp-content\/uploads\/2009\/06\/Lobizmi-shqiptar-ne-mal-te-zi.jpg\"><img loading=\"lazy\" class=\"alignleft size-full wp-image-22879\" title=\"Lobizmi shqiptar ne mal te zi\" src=\"http:\/\/www.visit-ulcinj.com\/blog\/wp-content\/uploads\/2009\/06\/Lobizmi-shqiptar-ne-mal-te-zi.jpg\" alt=\"Lobizmi shqiptar ne mal te zi\" width=\"355\" height=\"461\" \/><\/a>N\u00eb Mal t\u00eb Zi \u00e7\u00ebshtja e lobimit nuk \u00ebsht\u00eb e rregulluar me ligj. P\u00ebr fat t\u00eb keq kjo fjal\u00eb mbulohet nga misteri e shum\u00eb t\u00eb tjer\u00eb e trajtojn\u00eb edhe si form\u00eb e korrupsionit ose p\u00ebrpjekje p\u00ebr ta legalizuar me ligj.<br \/>\nFjala lobi e ka zanafill\u00ebn e vet nga gjuha angleze q\u00eb n\u00eb shqip do t\u00eb thot\u00eb paradhom\u00eb e q\u00eb fjala \u00ebsht\u00eb p\u00ebr hap\u00ebsir\u00ebn q\u00eb ndodhet n\u00eb mes t\u00eb hyrjes dhe hap\u00ebsirave t\u00eb Kongresit Amerikan ku dikur u shfaq\u00ebn lobist\u00ebt e par\u00eb. Lobist\u00ebt kishin p\u00ebr detyr\u00eb dhe q\u00eb edhe sot kan\u00eb t\u00eb japin informata pozitive, t\u00eb reklamojn\u00eb pun\u00ebn e dikujt ose pun\u00ebn e projektit t\u00eb cilin e p\u00ebrfaq\u00ebsojn\u00eb. Mendojm\u00eb q\u00eb k\u00ebsaj m\u00eb s\u00eb miri n\u00eb gjuh\u00ebn e gjall\u00eb popullore shqipe i p\u00ebrshtatet koncepti i t\u00eb pasurit miq e shok\u00eb dhe thjesht p\u00ebr k\u00ebt\u00eb nganj\u00eb er\u00eb p\u00ebrdorim fjal\u00ebn p\u00ebr dik\u00eb duke th\u00ebn\u00eb \u201catij i shkon fjala\u201d apo \u201cai ka miq\u201d dhe \u00ebsht\u00eb aty ku merren vendimet. Kjo mendojm\u00eb se nuk ka di\u00e7ka t\u00eb keqe, por duhet t\u00eb p\u00ebrkrahet ashtu si\u00e7 i p\u00ebrkrah\u00eb shok\u00ebt dhe miqt\u00eb e gjith\u00eb bota e p\u00ebrparuar.<br \/>\nN\u00eb Mal t\u00eb Zi \u00e7\u00ebshtja e lobimit nuk \u00ebsht\u00eb e rregulluar me ligj. P\u00ebr fat t\u00eb keq kjo fjal\u00eb mbulohet nga misteri e shum\u00eb t\u00eb tjer\u00eb e trajtojn\u00eb edhe si form\u00eb e korrupsionit ose p\u00ebrpjekje p\u00ebr ta legalizuar me ligj.<br \/>\nPPD si parti e organizuar politikisht mendon se ka ardhur koha q\u00eb me diapazonin e saj politik t\u00eb loboj\u00eb nd\u00ebr t\u00eb tjera edhe p\u00ebr biznesin vendas privat dhe e kuptojm\u00eb q\u00eb p\u00ebr t\u00eb zhvilluar biznesin duhet t\u00eb afirmojm\u00eb vendime t\u00eb cilat merren n\u00eb Kuvendin e Komun\u00ebs s\u00eb Ulqinit e q\u00eb ndikojn\u00eb pozitivisht n\u00eb pun\u00ebn e biznesit dhe t\u00eb shoq\u00ebris\u00eb n\u00eb p\u00ebrgjith\u00ebsi. Mendojm\u00eb q\u00eb biznesi duhet t\u00eb mbrohet nga nj\u00eb grup i figurave t\u00eb cil\u00ebt do t\u00eb sh\u00ebrbejn\u00eb si promotor\u00eb t\u00eb nj\u00eb ideje p\u00ebr t\u00eb arritur deri te nj\u00eb q\u00ebllim. Me fjal\u00eb t\u00eb tjera, t\u00eb kesh lobi do t\u00eb thot\u00eb t\u00eb kesh miq q\u00eb do t\u00eb p\u00ebrkrahin p\u00ebr t\u00eb b\u00ebr\u00eb q\u00eb parlamenti i qytetit t\u00eb angazhohet sa m\u00eb tep\u00ebr p\u00ebr t\u00eb nxjerr\u00eb vendime, rezoluta, marr\u00ebveshje etj. e k\u00ebt\u00eb duhet ta b\u00ebjn\u00eb k\u00ebshilltar\u00ebt m\u00eb t\u00eb aft\u00eb t\u00eb Kuvendit t\u00eb Komun\u00ebs. Iniciativa jon\u00eb ka t\u00eb b\u00ebj\u00eb me gjetjen e atyre k\u00ebshilltar\u00ebve t\u00eb cil\u00ebt haptas do t\u00eb mbrojn\u00eb nj\u00eb ide p\u00ebrkat\u00ebse dhe do t\u00eb ndikojn\u00eb q\u00eb t\u00eb formojn\u00eb imazh pozitiv p\u00ebr nj\u00eb problem i cili paraqitet n\u00eb shoq\u00ebri n\u00eb biznes e kudo gjetiu. Si legalista q\u00eb jemi ne mendojm\u00eb q\u00eb ka ardhur koha q\u00eb p\u00ebr \u00e7do gj\u00eb haptas t\u2019i shprehim mendimet tona sepse jemi t\u00eb bindur q\u00eb lobimi \u00ebsht\u00eb legal dhe i pranuesh\u00ebm duke z\u00ebn\u00eb vendin e korrupsionit (duke e p\u00ebrjashtuar at\u00eb).<br \/>\n\u00c7do veprim ekonomik q\u00eb \u00ebsht\u00eb i arsyesh\u00ebm duhet t\u00eb mbrohet pa marr\u00eb parasysh se ligji apo vendimet ndoshta at\u00eb nuk e lejojn\u00eb ose i b\u00ebhen barrier\u00eb. \u00cbsht\u00eb detyr\u00eb e Kuvendit t\u00eb Komun\u00ebs s\u00eb Ulqinit t\u00eb nd\u00ebrroj\u00eb z\u00ebrin \u201ce keq\u201d q\u00eb mund t\u2019i b\u00ebhet nj\u00eb problemi p\u00ebrkat\u00ebs. Ne duhet t\u00eb merremi me edukimin e shoq\u00ebris\u00eb dhe me formimin e bindjeve pozitive p\u00ebr nj\u00eb fenomen aq m\u00eb tep\u00ebr kur shpeshher\u00eb qeverisja vendore vonohet n\u00eb p\u00ebrcjelljen e ndryshimit t\u00eb ligjeve me vendime p\u00ebrkat\u00ebse.<br \/>\nKemi bindjen se shoq\u00ebria jon\u00eb mjerisht n\u00eb koncept vazhdon t\u00eb jet\u00eb shoq\u00ebri me edukat\u00eb komuniste tep\u00ebr t\u00eb mbyllur dhe nga cil\u00ebn e pengon individi i pasur. Ne duhet t\u00eb mendojm\u00eb t\u00eb kund\u00ebrt\u00ebn t\u00eb \u00e7ojm\u00eb dor\u00eb nga paragjykimet komuniste dhe t\u00eb mentaliteti provincial lokalist, burokratik dhe parapolitik p\u00ebr t\u00eb nd\u00ebrtuar nj\u00eb administrat\u00eb efikase n\u00eb sh\u00ebrbim t\u00eb qytetar\u00ebve. Ne mendojm\u00eb se ju do t\u00eb na p\u00ebrkrahni. Pa marr\u00eb parasysh paragjykimet lobimi \u00ebsht\u00eb i nevojsh\u00ebm p\u00ebr shoq\u00ebrin\u00eb e Ulqinit e cila pretendon q\u00eb t\u00eb jet\u00eb evropiane andaj u th\u00ebrrasim p\u00ebr bashk\u00ebpunim e p\u00ebr t\u00eb na mund\u00ebsuar pun\u00ebn ton\u00eb dhe p\u00ebr t\u00eb siguruar biznesin tuaj dhe mir\u00ebqenien e shoq\u00ebris\u00eb do t\u00eb keni mir\u00ebsin\u00eb q\u00eb t\u2019i p\u00ebrgjigjeni anketimit t\u00eb p\u00ebrgatitur n\u00eb m\u00ebnyr\u00eb q\u00eb t\u00eb sigurojm\u00eb nj\u00eb t\u00eb ardhme t\u00eb p\u00ebrbashk\u00ebt.<\/p>\n<p><strong>Ali Rexha<br \/>\nKoha Javore<\/strong><\/p>\n","protected":false},"excerpt":{"rendered":"<p>N\u00eb Mal t\u00eb Zi \u00e7\u00ebshtja e lobimit nuk \u00ebsht\u00eb e rregulluar me ligj. P\u00ebr fat t\u00eb keq kjo fjal\u00eb mbulohet nga misteri e shum\u00eb t\u00eb tjer\u00eb e trajtojn\u00eb edhe si form\u00eb e korrupsionit ose p\u00ebrpjekje p\u00ebr ta legalizuar me ligj. Fjala lobi e ka zanafill\u00ebn e vet nga gjuha angleze q\u00eb n\u00eb shqip do t\u00eb [&hellip;]<\/p>\n","protected":false},"author":1,"featured_media":0,"comment_status":"open","ping_status":"closed","sticky":false,"template":"","format":"standard","meta":{"spay_email":"","jetpack_publicize_message":"","jetpack_is_tweetstorm":false,"jetpack_publicize_feature_enabled":true},"categories":[11],"tags":[8027,872,11203,11204,95,11205,200,18],"jetpack_publicize_connections":[],"yoast_head":"<!-- This site is optimized with the Yoast SEO plugin v19.1 - https:\/\/yoast.com\/wordpress\/plugins\/seo\/ -->\n<title>Lobimi politik n\u00eb Mal t\u00eb Zi - Lajme nga Ulqini<\/title>\n<meta name=\"description\" content=\"N\u00eb Mal t\u00eb Zi \u00e7\u00ebshtja e lobimit nuk \u00ebsht\u00eb e rregulluar me ligj. P\u00ebr fat t\u00eb keq kjo fjal\u00eb mbulohet nga misteri e shum\u00eb t\u00eb tjer\u00eb e trajtojn\u00eb edhe si form\u00eb e\" \/>\n<meta name=\"robots\" content=\"index, follow, max-snippet:-1, max-image-preview:large, max-video-preview:-1\" \/>\n<link rel=\"canonical\" href=\"https:\/\/www.visit-ulcinj.com\/blog\/2009\/06\/15\/lobimi-politik-ne-mal-te-zi\/\" \/>\n<meta property=\"og:locale\" content=\"en_US\" \/>\n<meta property=\"og:type\" content=\"article\" \/>\n<meta property=\"og:title\" content=\"Lobimi politik n\u00eb Mal t\u00eb Zi - Lajme nga Ulqini\" \/>\n<meta property=\"og:description\" content=\"N\u00eb Mal t\u00eb Zi \u00e7\u00ebshtja e lobimit nuk \u00ebsht\u00eb e rregulluar me ligj. P\u00ebr fat t\u00eb keq kjo fjal\u00eb mbulohet nga misteri e shum\u00eb t\u00eb tjer\u00eb e trajtojn\u00eb edhe si form\u00eb e\" \/>\n<meta property=\"og:url\" content=\"https:\/\/www.visit-ulcinj.com\/blog\/2009\/06\/15\/lobimi-politik-ne-mal-te-zi\/\" \/>\n<meta property=\"og:site_name\" content=\"Lajme nga Ulqini\" \/>\n<meta property=\"article:published_time\" content=\"2009-06-15T17:43:59+00:00\" \/>\n<meta property=\"article:modified_time\" content=\"2009-06-15T17:44:42+00:00\" \/>\n<meta property=\"og:image\" content=\"http:\/\/www.visit-ulcinj.com\/blog\/wp-content\/uploads\/2009\/06\/Lobizmi-shqiptar-ne-mal-te-zi.jpg\" \/>\n<meta name=\"twitter:label1\" content=\"Written by\" \/>\n\t<meta name=\"twitter:data1\" content=\"ulqini\" \/>\n\t<meta name=\"twitter:label2\" content=\"Est. reading time\" \/>\n\t<meta name=\"twitter:data2\" content=\"4 minutes\" \/>\n<script type=\"application\/ld+json\" class=\"yoast-schema-graph\">{\"@context\":\"https:\/\/schema.org\",\"@graph\":[{\"@type\":\"WebSite\",\"@id\":\"https:\/\/www.visit-ulcinj.com\/blog\/#website\",\"url\":\"https:\/\/www.visit-ulcinj.com\/blog\/\",\"name\":\"Lajme nga Ulqini\",\"description\":\"Lajme,Vijesti,Ulqini,Ulqin,Crna Gora,Mali i Zi\",\"potentialAction\":[{\"@type\":\"SearchAction\",\"target\":{\"@type\":\"EntryPoint\",\"urlTemplate\":\"https:\/\/www.visit-ulcinj.com\/blog\/?s={search_term_string}\"},\"query-input\":\"required name=search_term_string\"}],\"inLanguage\":\"en-US\"},{\"@type\":\"ImageObject\",\"inLanguage\":\"en-US\",\"@id\":\"https:\/\/www.visit-ulcinj.com\/blog\/2009\/06\/15\/lobimi-politik-ne-mal-te-zi\/#primaryimage\",\"url\":\"http:\/\/www.visit-ulcinj.com\/blog\/wp-content\/uploads\/2009\/06\/Lobizmi-shqiptar-ne-mal-te-zi.jpg\",\"contentUrl\":\"http:\/\/www.visit-ulcinj.com\/blog\/wp-content\/uploads\/2009\/06\/Lobizmi-shqiptar-ne-mal-te-zi.jpg\"},{\"@type\":\"WebPage\",\"@id\":\"https:\/\/www.visit-ulcinj.com\/blog\/2009\/06\/15\/lobimi-politik-ne-mal-te-zi\/#webpage\",\"url\":\"https:\/\/www.visit-ulcinj.com\/blog\/2009\/06\/15\/lobimi-politik-ne-mal-te-zi\/\",\"name\":\"Lobimi politik n\u00eb Mal t\u00eb Zi - Lajme nga Ulqini\",\"isPartOf\":{\"@id\":\"https:\/\/www.visit-ulcinj.com\/blog\/#website\"},\"primaryImageOfPage\":{\"@id\":\"https:\/\/www.visit-ulcinj.com\/blog\/2009\/06\/15\/lobimi-politik-ne-mal-te-zi\/#primaryimage\"},\"datePublished\":\"2009-06-15T17:43:59+00:00\",\"dateModified\":\"2009-06-15T17:44:42+00:00\",\"author\":{\"@id\":\"https:\/\/www.visit-ulcinj.com\/blog\/#\/schema\/person\/dcab619c614d3038751c63bc2aadc06d\"},\"description\":\"N\u00eb Mal t\u00eb Zi \u00e7\u00ebshtja e lobimit nuk \u00ebsht\u00eb e rregulluar me ligj. P\u00ebr fat t\u00eb keq kjo fjal\u00eb mbulohet nga misteri e shum\u00eb t\u00eb tjer\u00eb e trajtojn\u00eb edhe si form\u00eb e\",\"breadcrumb\":{\"@id\":\"https:\/\/www.visit-ulcinj.com\/blog\/2009\/06\/15\/lobimi-politik-ne-mal-te-zi\/#breadcrumb\"},\"inLanguage\":\"en-US\",\"potentialAction\":[{\"@type\":\"ReadAction\",\"target\":[\"https:\/\/www.visit-ulcinj.com\/blog\/2009\/06\/15\/lobimi-politik-ne-mal-te-zi\/\"]}]},{\"@type\":\"BreadcrumbList\",\"@id\":\"https:\/\/www.visit-ulcinj.com\/blog\/2009\/06\/15\/lobimi-politik-ne-mal-te-zi\/#breadcrumb\",\"itemListElement\":[{\"@type\":\"ListItem\",\"position\":1,\"name\":\"Lobimi politik n\u00eb Mal t\u00eb Zi\"}]},{\"@type\":\"Person\",\"@id\":\"https:\/\/www.visit-ulcinj.com\/blog\/#\/schema\/person\/dcab619c614d3038751c63bc2aadc06d\",\"name\":\"ulqini\",\"sameAs\":[\"http:\/\/www.visit-ulcinj.com\"],\"url\":\"https:\/\/www.visit-ulcinj.com\/blog\/author\/admin\/\"}]}<\/script>\n<!-- \/ Yoast SEO plugin. -->","yoast_head_json":{"title":"Lobimi politik n\u00eb Mal t\u00eb Zi - Lajme nga Ulqini","description":"N\u00eb Mal t\u00eb Zi \u00e7\u00ebshtja e lobimit nuk \u00ebsht\u00eb e rregulluar me ligj. P\u00ebr fat t\u00eb keq kjo fjal\u00eb mbulohet nga misteri e shum\u00eb t\u00eb tjer\u00eb e trajtojn\u00eb edhe si form\u00eb e","robots":{"index":"index","follow":"follow","max-snippet":"max-snippet:-1","max-image-preview":"max-image-preview:large","max-video-preview":"max-video-preview:-1"},"canonical":"https:\/\/www.visit-ulcinj.com\/blog\/2009\/06\/15\/lobimi-politik-ne-mal-te-zi\/","og_locale":"en_US","og_type":"article","og_title":"Lobimi politik n\u00eb Mal t\u00eb Zi - Lajme nga Ulqini","og_description":"N\u00eb Mal t\u00eb Zi \u00e7\u00ebshtja e lobimit nuk \u00ebsht\u00eb e rregulluar me ligj. P\u00ebr fat t\u00eb keq kjo fjal\u00eb mbulohet nga misteri e shum\u00eb t\u00eb tjer\u00eb e trajtojn\u00eb edhe si form\u00eb e","og_url":"https:\/\/www.visit-ulcinj.com\/blog\/2009\/06\/15\/lobimi-politik-ne-mal-te-zi\/","og_site_name":"Lajme nga Ulqini","article_published_time":"2009-06-15T17:43:59+00:00","article_modified_time":"2009-06-15T17:44:42+00:00","og_image":[{"url":"http:\/\/www.visit-ulcinj.com\/blog\/wp-content\/uploads\/2009\/06\/Lobizmi-shqiptar-ne-mal-te-zi.jpg"}],"twitter_misc":{"Written by":"ulqini","Est. reading time":"4 minutes"},"schema":{"@context":"https:\/\/schema.org","@graph":[{"@type":"WebSite","@id":"https:\/\/www.visit-ulcinj.com\/blog\/#website","url":"https:\/\/www.visit-ulcinj.com\/blog\/","name":"Lajme nga Ulqini","description":"Lajme,Vijesti,Ulqini,Ulqin,Crna Gora,Mali i Zi","potentialAction":[{"@type":"SearchAction","target":{"@type":"EntryPoint","urlTemplate":"https:\/\/www.visit-ulcinj.com\/blog\/?s={search_term_string}"},"query-input":"required name=search_term_string"}],"inLanguage":"en-US"},{"@type":"ImageObject","inLanguage":"en-US","@id":"https:\/\/www.visit-ulcinj.com\/blog\/2009\/06\/15\/lobimi-politik-ne-mal-te-zi\/#primaryimage","url":"http:\/\/www.visit-ulcinj.com\/blog\/wp-content\/uploads\/2009\/06\/Lobizmi-shqiptar-ne-mal-te-zi.jpg","contentUrl":"http:\/\/www.visit-ulcinj.com\/blog\/wp-content\/uploads\/2009\/06\/Lobizmi-shqiptar-ne-mal-te-zi.jpg"},{"@type":"WebPage","@id":"https:\/\/www.visit-ulcinj.com\/blog\/2009\/06\/15\/lobimi-politik-ne-mal-te-zi\/#webpage","url":"https:\/\/www.visit-ulcinj.com\/blog\/2009\/06\/15\/lobimi-politik-ne-mal-te-zi\/","name":"Lobimi politik n\u00eb Mal t\u00eb Zi - Lajme nga Ulqini","isPartOf":{"@id":"https:\/\/www.visit-ulcinj.com\/blog\/#website"},"primaryImageOfPage":{"@id":"https:\/\/www.visit-ulcinj.com\/blog\/2009\/06\/15\/lobimi-politik-ne-mal-te-zi\/#primaryimage"},"datePublished":"2009-06-15T17:43:59+00:00","dateModified":"2009-06-15T17:44:42+00:00","author":{"@id":"https:\/\/www.visit-ulcinj.com\/blog\/#\/schema\/person\/dcab619c614d3038751c63bc2aadc06d"},"description":"N\u00eb Mal t\u00eb Zi \u00e7\u00ebshtja e lobimit nuk \u00ebsht\u00eb e rregulluar me ligj. P\u00ebr fat t\u00eb keq kjo fjal\u00eb mbulohet nga misteri e shum\u00eb t\u00eb tjer\u00eb e trajtojn\u00eb edhe si form\u00eb e","breadcrumb":{"@id":"https:\/\/www.visit-ulcinj.com\/blog\/2009\/06\/15\/lobimi-politik-ne-mal-te-zi\/#breadcrumb"},"inLanguage":"en-US","potentialAction":[{"@type":"ReadAction","target":["https:\/\/www.visit-ulcinj.com\/blog\/2009\/06\/15\/lobimi-politik-ne-mal-te-zi\/"]}]},{"@type":"BreadcrumbList","@id":"https:\/\/www.visit-ulcinj.com\/blog\/2009\/06\/15\/lobimi-politik-ne-mal-te-zi\/#breadcrumb","itemListElement":[{"@type":"ListItem","position":1,"name":"Lobimi politik n\u00eb Mal t\u00eb Zi"}]},{"@type":"Person","@id":"https:\/\/www.visit-ulcinj.com\/blog\/#\/schema\/person\/dcab619c614d3038751c63bc2aadc06d","name":"ulqini","sameAs":["http:\/\/www.visit-ulcinj.com"],"url":"https:\/\/www.visit-ulcinj.com\/blog\/author\/admin\/"}]}},"jetpack_featured_media_url":"","jetpack_sharing_enabled":true,"jetpack_shortlink":"https:\/\/wp.me\/pe6lTn-5X0","_links":{"self":[{"href":"https:\/\/www.visit-ulcinj.com\/blog\/wp-json\/wp\/v2\/posts\/22878"}],"collection":[{"href":"https:\/\/www.visit-ulcinj.com\/blog\/wp-json\/wp\/v2\/posts"}],"about":[{"href":"https:\/\/www.visit-ulcinj.com\/blog\/wp-json\/wp\/v2\/types\/post"}],"author":[{"embeddable":true,"href":"https:\/\/www.visit-ulcinj.com\/blog\/wp-json\/wp\/v2\/users\/1"}],"replies":[{"embeddable":true,"href":"https:\/\/www.visit-ulcinj.com\/blog\/wp-json\/wp\/v2\/comments?post=22878"}],"version-history":[{"count":0,"href":"https:\/\/www.visit-ulcinj.com\/blog\/wp-json\/wp\/v2\/posts\/22878\/revisions"}],"wp:attachment":[{"href":"https:\/\/www.visit-ulcinj.com\/blog\/wp-json\/wp\/v2\/media?parent=22878"}],"wp:term":[{"taxonomy":"category","embeddable":true,"href":"https:\/\/www.visit-ulcinj.com\/blog\/wp-json\/wp\/v2\/categories?post=22878"},{"taxonomy":"post_tag","embeddable":true,"href":"https:\/\/www.visit-ulcinj.com\/blog\/wp-json\/wp\/v2\/tags?post=22878"}],"curies":[{"name":"wp","href":"https:\/\/api.w.org\/{rel}","templated":true}]}}