{"id":22883,"date":"2009-06-15T20:27:30","date_gmt":"2009-06-15T18:27:30","guid":{"rendered":"http:\/\/www.visit-ulcinj.com\/blog\/?p=22883"},"modified":"2009-06-15T20:27:30","modified_gmt":"2009-06-15T18:27:30","slug":"pabarazia-e-gjuheve-ne-institucionet-arsimore-te-ulqinit","status":"publish","type":"post","link":"https:\/\/www.visit-ulcinj.com\/blog\/2009\/06\/15\/pabarazia-e-gjuheve-ne-institucionet-arsimore-te-ulqinit\/","title":{"rendered":"Pabarazia e gjuh\u00ebve n\u00eb institucionet arsimore t\u00eb Ulqinit"},"content":{"rendered":"<p><strong><a href=\"http:\/\/www.visit-ulcinj.com\/blog\/wp-content\/uploads\/2009\/06\/Kater-maturanta-nga-ulqini-ne-studime-ne-gjermani.jpg\"><img loading=\"lazy\" class=\"alignleft size-full wp-image-22884\" title=\"Kater maturanta nga ulqini ne studime ne gjermani\" src=\"http:\/\/www.visit-ulcinj.com\/blog\/wp-content\/uploads\/2009\/06\/Kater-maturanta-nga-ulqini-ne-studime-ne-gjermani.jpg\" alt=\"Kater maturanta nga ulqini ne studime ne gjermani\" width=\"343\" height=\"225\" \/><\/a>Gjuha gjermane n\u00eb margjin\u00eb<\/strong><br \/>\nMe reform\u00ebn m\u00eb t\u00eb re t\u00eb sistemit arsimor t\u00eb gjitha gjuh\u00ebt e huaja n\u00eb Mal t\u00eb Zi, me p\u00ebrjashtim t\u00eb asaj angleze, jan\u00eb v\u00ebn\u00eb n\u00eb pozit\u00eb t\u00eb pabarabart\u00eb. Kjo sidomos ka t\u00eb b\u00ebj\u00eb me gjuh\u00ebn gjermane, t\u00eb cil\u00ebn e flasin 100 milion banor\u00eb t\u00eb BE-s\u00eb.<br \/>\nMadje kjo po ndodh edhe n\u00eb Ulqin, n\u00eb qytetin n\u00eb t\u00eb cilin gjuha gjermane tashm\u00eb dekada me radh\u00eb \u00ebsht\u00eb gjuha e huaj par\u00ebsore. Jan\u00eb t\u00eb rrall\u00eb ata ulqinak\u00eb t\u00eb mosh\u00ebs mbi 40 vje\u00e7 q\u00eb t\u00eb mos flasin gjermanisht apo q\u00eb nuk e p\u00ebrdorin k\u00ebt\u00eb gjuh\u00eb. Dhe kjo \u00ebsht\u00eb e logjikshme: turist\u00ebt gjerman\u00eb deri n\u00eb vitin 1990 p\u00ebrb\u00ebnin madje 90 % t\u00eb t\u00eb gjith\u00eb klient\u00ebve t\u00eb huaj n\u00eb Rivier\u00ebn e Ulqinit. Gjerman\u00ebt kan\u00eb qen\u00eb sinonim p\u00ebr turistin dhe jan\u00eb edhe sot, gjermanishtja m\u00ebsohej n\u00eb t\u00eb gjitha shkollat e qytetit, m\u00ebsimdh\u00ebn\u00ebsit kan\u00eb qen\u00eb t\u00eb shk\u00eblqyer. Gjermanishtja p\u00ebr ne ka qen\u00eb e leht\u00eb p\u00ebr ta m\u00ebsuar, sepse kemi talent t\u00eb lindur p\u00ebr gjuh\u00ebn. Shum\u00eb ulqinak\u00eb punojn\u00eb n\u00eb Gjermani kurse martesat me gjermane nuk jan\u00eb t\u00eb rralla.<br \/>\nEdhe gjerman\u00ebt e kan\u00eb n\u00eb zem\u00ebr Ulqinin. Un\u00eb njoh shum\u00eb nga ata t\u00eb cil\u00ebt m\u00eb se tri dekada i kalojn\u00eb pushimet n\u00eb Ulqin! Vinin madje edhe at\u00ebher\u00eb kur t\u00ebrboheshin luft\u00ebrat n\u00eb territorin e ish-Jugosllavis\u00eb! Shumica e ulqinak\u00ebve thjesht i do gjerman\u00ebt dhe kjo mund t\u00eb shihet dhe t\u00eb ndjehet n\u00eb \u00e7do hap. Un\u00eb shpesh\u00ebher\u00eb, v\u00ebrtet\u00eb n\u00eb m\u00ebnyr\u00eb pretencioze, them se n\u00eb k\u00ebt\u00eb qytet mbret\u00ebron fryma gjermane. K\u00ebta njer\u00ebz m\u00eb shum\u00eb i duan gjerman\u00ebt sesa vetveten!? Dhe n\u00eb k\u00ebt\u00eb aspekt kan\u00eb t\u00eb drejt\u00eb! T\u00eb marr\u00ebsh si model popullin m\u00eb t\u00eb madh n\u00eb Europ\u00eb, t\u2019i marr\u00ebsh ata si reper, simbol apo most\u00ebr t\u00eb mir\u00ebsjelljes, kjo me t\u00eb v\u00ebrtet\u00eb meriton \u00e7do l\u00ebvdat\u00eb.<br \/>\nS\u00eb k\u00ebndejmi \u00ebsht\u00eb e logjikshme q\u00eb Qeveria Gjermane ka vendosur para disa viteve q\u00eb n\u00eb Ulqin t\u00eb d\u00ebrgoj\u00eb dy m\u00ebsimdh\u00ebn\u00ebs me detyr\u00eb p\u00ebr t\u00eb popullarizuar gjuh\u00ebn gjermane. Si kuror\u00ebzim i gjith\u00eb k\u00ebsaj \u00ebsht\u00eb dor\u00ebzimi i para do kohe i 17 \u201cDiplomave t\u00eb m\u00ebdha p\u00ebr njohjen e gjuh\u00ebs gjermane\u201d nx\u00ebn\u00ebsve t\u00eb shkollave t\u00eb mesme, t\u00eb parat q\u00eb jan\u00eb marr\u00eb ndonj\u00ebher\u00eb n\u00eb Mal t\u00eb Zi. Pas dh\u00ebnies s\u00eb testeve t\u00eb aft\u00ebsive, kat\u00ebr maturant\u00eb realizuan t\u00eb drejt\u00ebn e magjistrimit t\u00eb studimeve n\u00eb Universitetet gjermane dhe burs\u00ebn mujore t\u00eb Qeveris\u00eb Gjermane n\u00eb shum\u00ebn prej 750 euro brenda kat\u00ebr viteve t\u00eb ardhshme. I t\u00ebr\u00eb qyteti duhet t\u00eb mburret me k\u00ebta njer\u00ebz t\u00eb rinj t\u00eb mrekulluesh\u00ebm.<br \/>\nSe p\u00ebr \u00e7far\u00eb suksesi \u00ebsht\u00eb fjala, tregojn\u00eb t\u00eb dh\u00ebnat vijuese: nga Shqip\u00ebria burs\u00ebn e fituan dy nx\u00ebn\u00ebs, nga Bosnja nj\u00eb, e askush nga Serbia e Kosova!<br \/>\nPor, brenda gjasht\u00eb vitesh nj\u00eb gj\u00eb e till\u00eb nuk do t\u00eb jet\u00eb e mundshme. Sepse, sipas sistemit t\u00eb ri gjermanishtja do t\u00eb filloj\u00eb t\u00eb m\u00ebsohet vet\u00ebm n\u00eb klas\u00ebn e shtat\u00eb apo n\u00eb variantin m\u00eb t\u00eb favorsh\u00ebm n\u00eb klas\u00ebn e pest\u00eb, si l\u00ebnd\u00eb zgjedhore. E p\u00ebr t\u2019u realizuar mund\u00ebsia p\u00ebr fitimin e bursave n\u00eb Gjermani, kjo gjuh\u00eb duhet t\u00eb m\u00ebsohet nga klasa e tret\u00eb. P\u00ebr k\u00ebt\u00eb arsye ambasadori gjerman n\u00eb Podgoric\u00eb Peter Plate, njeri i cili e do mjaft k\u00ebt\u00eb qytet, apeloi tek krer\u00ebt e Komun\u00ebs s\u00eb Ulqinit dhe drejtor\u00ebt e shkollave fillore q\u00eb t\u00eb tentojn\u00eb t\u00eb gjejn\u00eb nj\u00eb zgjidhje. \u201cN\u00eb Ministrin\u00eb e Arsimit thon\u00eb se nuk ka kurr\u00ebfar\u00eb pengesash q\u00eb lidhur me k\u00ebt\u00eb t\u00eb vendosin shkollat, kurse drejtorat e shkollave pohojn\u00eb se kan\u00eb urdh\u00ebrin e Ministris\u00eb q\u00eb gjuha angleze duhet t\u00eb jen\u00eb gjuh\u00eb e huaj par\u00ebsore\u201d, tha Plate.<br \/>\n\u201cZoti Ambasador, organizoni nj\u00eb takim t\u00eb p\u00ebrbashk\u00ebt\u201d, ishte ky propozimi i n\u00ebnshkruesit t\u00eb k\u00ebtyre rreshtave. Johan Galer, m\u00ebsimdh\u00ebn\u00ebs n\u00eb gjimnazin e Ulqinit, konsideron se prind\u00ebrve duhet t\u2019u lihet mund\u00ebsia q\u00eb t\u00eb zgjedhin. \u201cMbase do t\u00eb vendosin q\u00eb nga tri paralele t\u00eb ndara, t\u00eb pakt\u00ebn n\u00eb nj\u00ebr\u00ebn gjuha gjermane t\u00eb jet\u00eb gjuh\u00eb e huaj par\u00ebsore\u201d, thot\u00eb ai. Kjo gjith\u00ebsesi \u00ebsht\u00eb d\u00ebshir\u00eb e nj\u00eb numri t\u00eb madh n\u00eb Ulqin, por edhe e m\u00ebsimdh\u00ebn\u00ebsve dhe e profesor\u00ebve t\u00eb gjermanishtes, t\u00eb cil\u00ebt n\u00eb t\u00eb ardhmen v\u00ebshtir\u00eb se do t\u00eb mund ta realizojn\u00eb norm\u00ebn e plot\u00eb t\u00eb or\u00ebve.<br \/>\nKy \u00ebsht\u00eb borxhi yn\u00eb edhe ndaj gjeneratave t\u00eb ardhshme, ndaj turist\u00ebve gjerman\u00eb, t\u00eb cil\u00ebt, mbase, ndonj\u00ebher\u00eb do t\u00eb kthehen p\u00ebrs\u00ebri n\u00eb nj\u00eb num\u00ebr m\u00eb t\u00eb madh, dhe p\u00ebrfundimisht, ndaj shtetit Gjerman i cili na ofron shum\u00eb m\u00eb tep\u00ebr sesa q\u00eb ne, n\u00eb \u00e7far\u00ebdo m\u00ebnyre u ofrojm\u00eb gjerman\u00ebve.<br \/>\nDhe n\u00eb fund dua t\u00eb theksoj edhe nj\u00eb \u00e7\u00ebshtje jo m\u00eb pak t\u00eb r\u00ebnd\u00ebsishme: sikur firmave gjermane t\u2019u ishte lejuar t\u00eb investonin k\u00ebtu, do t\u00eb na m\u00ebsonin se si t\u00eb punonim dhe t\u00eb prodhonim, e po t\u00eb kishin bler\u00eb apo nd\u00ebrtuar ndonj\u00eb hotel, gjith\u00ebsesi do t\u00eb kishte m\u00eb shum\u00eb turist\u00eb gjerman\u00eb.<br \/>\nDeri at\u00ebher\u00eb na mbetet t\u00eb m\u00ebsojm\u00eb dhe t\u00eb arsimohemi. As ne nuk mundemi q\u00eb p\u00ebrgjithmon\u00eb t\u00eb mbetemi zorra qorre e Malit t\u00eb Zi. P\u00ebrndryshe, neve na duhet fare pak: liri komunale, zhvillim t\u00eb q\u00ebndruesh\u00ebm dhe hapje ndaj bot\u00ebs. N\u00eb k\u00ebt\u00eb drejtim, na nevojitet gjith\u00ebsesi ndihma e Gjermanis\u00eb dhe e organizatave dhe institucioneve t\u00eb saj.<\/p>\n<p><strong>Mustafa Canka<br \/>\nKoha Javore<\/strong><\/p>\n","protected":false},"excerpt":{"rendered":"<p>Gjuha gjermane n\u00eb margjin\u00eb Me reform\u00ebn m\u00eb t\u00eb re t\u00eb sistemit arsimor t\u00eb gjitha gjuh\u00ebt e huaja n\u00eb Mal t\u00eb Zi, me p\u00ebrjashtim t\u00eb asaj angleze, jan\u00eb v\u00ebn\u00eb n\u00eb pozit\u00eb t\u00eb pabarabart\u00eb. Kjo sidomos ka t\u00eb b\u00ebj\u00eb me gjuh\u00ebn gjermane, t\u00eb cil\u00ebn e flasin 100 milion banor\u00eb t\u00eb BE-s\u00eb. Madje kjo po ndodh edhe n\u00eb [&hellip;]<\/p>\n","protected":false},"author":1,"featured_media":0,"comment_status":"open","ping_status":"closed","sticky":false,"template":"","format":"standard","meta":{"spay_email":"","jetpack_publicize_message":"","jetpack_is_tweetstorm":false,"jetpack_publicize_feature_enabled":true},"categories":[4],"tags":[11210,9613,11207,11208,11206,11209,18],"jetpack_publicize_connections":[],"yoast_head":"<!-- This site is optimized with the Yoast SEO plugin v19.1 - https:\/\/yoast.com\/wordpress\/plugins\/seo\/ -->\n<title>Pabarazia e gjuh\u00ebve n\u00eb institucionet arsimore t\u00eb Ulqinit - Lajme nga Ulqini<\/title>\n<meta name=\"description\" content=\"Gjuha gjermane n\u00eb margjin\u00eb Me reform\u00ebn m\u00eb t\u00eb re t\u00eb sistemit arsimor t\u00eb gjitha gjuh\u00ebt e huaja n\u00eb Mal t\u00eb Zi, me p\u00ebrjashtim t\u00eb asaj angleze, jan\u00eb v\u00ebn\u00eb n\u00eb\" \/>\n<meta name=\"robots\" content=\"index, follow, max-snippet:-1, max-image-preview:large, max-video-preview:-1\" \/>\n<link rel=\"canonical\" href=\"https:\/\/www.visit-ulcinj.com\/blog\/2009\/06\/15\/pabarazia-e-gjuheve-ne-institucionet-arsimore-te-ulqinit\/\" \/>\n<meta property=\"og:locale\" content=\"en_US\" \/>\n<meta property=\"og:type\" content=\"article\" \/>\n<meta property=\"og:title\" content=\"Pabarazia e gjuh\u00ebve n\u00eb institucionet arsimore t\u00eb Ulqinit - Lajme nga Ulqini\" \/>\n<meta property=\"og:description\" content=\"Gjuha gjermane n\u00eb margjin\u00eb Me reform\u00ebn m\u00eb t\u00eb re t\u00eb sistemit arsimor t\u00eb gjitha gjuh\u00ebt e huaja n\u00eb Mal t\u00eb Zi, me p\u00ebrjashtim t\u00eb asaj angleze, jan\u00eb v\u00ebn\u00eb n\u00eb\" \/>\n<meta property=\"og:url\" content=\"https:\/\/www.visit-ulcinj.com\/blog\/2009\/06\/15\/pabarazia-e-gjuheve-ne-institucionet-arsimore-te-ulqinit\/\" \/>\n<meta property=\"og:site_name\" content=\"Lajme nga Ulqini\" \/>\n<meta property=\"article:published_time\" content=\"2009-06-15T18:27:30+00:00\" \/>\n<meta property=\"og:image\" content=\"http:\/\/www.visit-ulcinj.com\/blog\/wp-content\/uploads\/2009\/06\/Kater-maturanta-nga-ulqini-ne-studime-ne-gjermani.jpg\" \/>\n<meta name=\"twitter:label1\" content=\"Written by\" \/>\n\t<meta name=\"twitter:data1\" content=\"ulqini\" \/>\n\t<meta name=\"twitter:label2\" content=\"Est. reading time\" \/>\n\t<meta name=\"twitter:data2\" content=\"5 minutes\" \/>\n<script type=\"application\/ld+json\" class=\"yoast-schema-graph\">{\"@context\":\"https:\/\/schema.org\",\"@graph\":[{\"@type\":\"WebSite\",\"@id\":\"https:\/\/www.visit-ulcinj.com\/blog\/#website\",\"url\":\"https:\/\/www.visit-ulcinj.com\/blog\/\",\"name\":\"Lajme nga Ulqini\",\"description\":\"Lajme,Vijesti,Ulqini,Ulqin,Crna Gora,Mali i Zi\",\"potentialAction\":[{\"@type\":\"SearchAction\",\"target\":{\"@type\":\"EntryPoint\",\"urlTemplate\":\"https:\/\/www.visit-ulcinj.com\/blog\/?s={search_term_string}\"},\"query-input\":\"required name=search_term_string\"}],\"inLanguage\":\"en-US\"},{\"@type\":\"ImageObject\",\"inLanguage\":\"en-US\",\"@id\":\"https:\/\/www.visit-ulcinj.com\/blog\/2009\/06\/15\/pabarazia-e-gjuheve-ne-institucionet-arsimore-te-ulqinit\/#primaryimage\",\"url\":\"https:\/\/www.visit-ulcinj.com\/blog\/wp-content\/uploads\/2009\/06\/Kater-maturanta-nga-ulqini-ne-studime-ne-gjermani.jpg\",\"contentUrl\":\"https:\/\/www.visit-ulcinj.com\/blog\/wp-content\/uploads\/2009\/06\/Kater-maturanta-nga-ulqini-ne-studime-ne-gjermani.jpg\",\"width\":\"290\",\"height\":\"190\"},{\"@type\":\"WebPage\",\"@id\":\"https:\/\/www.visit-ulcinj.com\/blog\/2009\/06\/15\/pabarazia-e-gjuheve-ne-institucionet-arsimore-te-ulqinit\/#webpage\",\"url\":\"https:\/\/www.visit-ulcinj.com\/blog\/2009\/06\/15\/pabarazia-e-gjuheve-ne-institucionet-arsimore-te-ulqinit\/\",\"name\":\"Pabarazia e gjuh\u00ebve n\u00eb institucionet arsimore t\u00eb Ulqinit - Lajme nga Ulqini\",\"isPartOf\":{\"@id\":\"https:\/\/www.visit-ulcinj.com\/blog\/#website\"},\"primaryImageOfPage\":{\"@id\":\"https:\/\/www.visit-ulcinj.com\/blog\/2009\/06\/15\/pabarazia-e-gjuheve-ne-institucionet-arsimore-te-ulqinit\/#primaryimage\"},\"datePublished\":\"2009-06-15T18:27:30+00:00\",\"dateModified\":\"2009-06-15T18:27:30+00:00\",\"author\":{\"@id\":\"https:\/\/www.visit-ulcinj.com\/blog\/#\/schema\/person\/dcab619c614d3038751c63bc2aadc06d\"},\"description\":\"Gjuha gjermane n\u00eb margjin\u00eb Me reform\u00ebn m\u00eb t\u00eb re t\u00eb sistemit arsimor t\u00eb gjitha gjuh\u00ebt e huaja n\u00eb Mal t\u00eb Zi, me p\u00ebrjashtim t\u00eb asaj angleze, jan\u00eb v\u00ebn\u00eb n\u00eb\",\"breadcrumb\":{\"@id\":\"https:\/\/www.visit-ulcinj.com\/blog\/2009\/06\/15\/pabarazia-e-gjuheve-ne-institucionet-arsimore-te-ulqinit\/#breadcrumb\"},\"inLanguage\":\"en-US\",\"potentialAction\":[{\"@type\":\"ReadAction\",\"target\":[\"https:\/\/www.visit-ulcinj.com\/blog\/2009\/06\/15\/pabarazia-e-gjuheve-ne-institucionet-arsimore-te-ulqinit\/\"]}]},{\"@type\":\"BreadcrumbList\",\"@id\":\"https:\/\/www.visit-ulcinj.com\/blog\/2009\/06\/15\/pabarazia-e-gjuheve-ne-institucionet-arsimore-te-ulqinit\/#breadcrumb\",\"itemListElement\":[{\"@type\":\"ListItem\",\"position\":1,\"name\":\"Pabarazia e gjuh\u00ebve n\u00eb institucionet arsimore t\u00eb Ulqinit\"}]},{\"@type\":\"Person\",\"@id\":\"https:\/\/www.visit-ulcinj.com\/blog\/#\/schema\/person\/dcab619c614d3038751c63bc2aadc06d\",\"name\":\"ulqini\",\"sameAs\":[\"http:\/\/www.visit-ulcinj.com\"],\"url\":\"https:\/\/www.visit-ulcinj.com\/blog\/author\/admin\/\"}]}<\/script>\n<!-- \/ Yoast SEO plugin. -->","yoast_head_json":{"title":"Pabarazia e gjuh\u00ebve n\u00eb institucionet arsimore t\u00eb Ulqinit - Lajme nga Ulqini","description":"Gjuha gjermane n\u00eb margjin\u00eb Me reform\u00ebn m\u00eb t\u00eb re t\u00eb sistemit arsimor t\u00eb gjitha gjuh\u00ebt e huaja n\u00eb Mal t\u00eb Zi, me p\u00ebrjashtim t\u00eb asaj angleze, jan\u00eb v\u00ebn\u00eb n\u00eb","robots":{"index":"index","follow":"follow","max-snippet":"max-snippet:-1","max-image-preview":"max-image-preview:large","max-video-preview":"max-video-preview:-1"},"canonical":"https:\/\/www.visit-ulcinj.com\/blog\/2009\/06\/15\/pabarazia-e-gjuheve-ne-institucionet-arsimore-te-ulqinit\/","og_locale":"en_US","og_type":"article","og_title":"Pabarazia e gjuh\u00ebve n\u00eb institucionet arsimore t\u00eb Ulqinit - Lajme nga Ulqini","og_description":"Gjuha gjermane n\u00eb margjin\u00eb Me reform\u00ebn m\u00eb t\u00eb re t\u00eb sistemit arsimor t\u00eb gjitha gjuh\u00ebt e huaja n\u00eb Mal t\u00eb Zi, me p\u00ebrjashtim t\u00eb asaj angleze, jan\u00eb v\u00ebn\u00eb n\u00eb","og_url":"https:\/\/www.visit-ulcinj.com\/blog\/2009\/06\/15\/pabarazia-e-gjuheve-ne-institucionet-arsimore-te-ulqinit\/","og_site_name":"Lajme nga Ulqini","article_published_time":"2009-06-15T18:27:30+00:00","og_image":[{"url":"http:\/\/www.visit-ulcinj.com\/blog\/wp-content\/uploads\/2009\/06\/Kater-maturanta-nga-ulqini-ne-studime-ne-gjermani.jpg"}],"twitter_misc":{"Written by":"ulqini","Est. reading time":"5 minutes"},"schema":{"@context":"https:\/\/schema.org","@graph":[{"@type":"WebSite","@id":"https:\/\/www.visit-ulcinj.com\/blog\/#website","url":"https:\/\/www.visit-ulcinj.com\/blog\/","name":"Lajme nga Ulqini","description":"Lajme,Vijesti,Ulqini,Ulqin,Crna Gora,Mali i Zi","potentialAction":[{"@type":"SearchAction","target":{"@type":"EntryPoint","urlTemplate":"https:\/\/www.visit-ulcinj.com\/blog\/?s={search_term_string}"},"query-input":"required name=search_term_string"}],"inLanguage":"en-US"},{"@type":"ImageObject","inLanguage":"en-US","@id":"https:\/\/www.visit-ulcinj.com\/blog\/2009\/06\/15\/pabarazia-e-gjuheve-ne-institucionet-arsimore-te-ulqinit\/#primaryimage","url":"https:\/\/www.visit-ulcinj.com\/blog\/wp-content\/uploads\/2009\/06\/Kater-maturanta-nga-ulqini-ne-studime-ne-gjermani.jpg","contentUrl":"https:\/\/www.visit-ulcinj.com\/blog\/wp-content\/uploads\/2009\/06\/Kater-maturanta-nga-ulqini-ne-studime-ne-gjermani.jpg","width":"290","height":"190"},{"@type":"WebPage","@id":"https:\/\/www.visit-ulcinj.com\/blog\/2009\/06\/15\/pabarazia-e-gjuheve-ne-institucionet-arsimore-te-ulqinit\/#webpage","url":"https:\/\/www.visit-ulcinj.com\/blog\/2009\/06\/15\/pabarazia-e-gjuheve-ne-institucionet-arsimore-te-ulqinit\/","name":"Pabarazia e gjuh\u00ebve n\u00eb institucionet arsimore t\u00eb Ulqinit - Lajme nga Ulqini","isPartOf":{"@id":"https:\/\/www.visit-ulcinj.com\/blog\/#website"},"primaryImageOfPage":{"@id":"https:\/\/www.visit-ulcinj.com\/blog\/2009\/06\/15\/pabarazia-e-gjuheve-ne-institucionet-arsimore-te-ulqinit\/#primaryimage"},"datePublished":"2009-06-15T18:27:30+00:00","dateModified":"2009-06-15T18:27:30+00:00","author":{"@id":"https:\/\/www.visit-ulcinj.com\/blog\/#\/schema\/person\/dcab619c614d3038751c63bc2aadc06d"},"description":"Gjuha gjermane n\u00eb margjin\u00eb Me reform\u00ebn m\u00eb t\u00eb re t\u00eb sistemit arsimor t\u00eb gjitha gjuh\u00ebt e huaja n\u00eb Mal t\u00eb Zi, me p\u00ebrjashtim t\u00eb asaj angleze, jan\u00eb v\u00ebn\u00eb n\u00eb","breadcrumb":{"@id":"https:\/\/www.visit-ulcinj.com\/blog\/2009\/06\/15\/pabarazia-e-gjuheve-ne-institucionet-arsimore-te-ulqinit\/#breadcrumb"},"inLanguage":"en-US","potentialAction":[{"@type":"ReadAction","target":["https:\/\/www.visit-ulcinj.com\/blog\/2009\/06\/15\/pabarazia-e-gjuheve-ne-institucionet-arsimore-te-ulqinit\/"]}]},{"@type":"BreadcrumbList","@id":"https:\/\/www.visit-ulcinj.com\/blog\/2009\/06\/15\/pabarazia-e-gjuheve-ne-institucionet-arsimore-te-ulqinit\/#breadcrumb","itemListElement":[{"@type":"ListItem","position":1,"name":"Pabarazia e gjuh\u00ebve n\u00eb institucionet arsimore t\u00eb Ulqinit"}]},{"@type":"Person","@id":"https:\/\/www.visit-ulcinj.com\/blog\/#\/schema\/person\/dcab619c614d3038751c63bc2aadc06d","name":"ulqini","sameAs":["http:\/\/www.visit-ulcinj.com"],"url":"https:\/\/www.visit-ulcinj.com\/blog\/author\/admin\/"}]}},"jetpack_featured_media_url":"","jetpack_sharing_enabled":true,"jetpack_shortlink":"https:\/\/wp.me\/pe6lTn-5X5","_links":{"self":[{"href":"https:\/\/www.visit-ulcinj.com\/blog\/wp-json\/wp\/v2\/posts\/22883"}],"collection":[{"href":"https:\/\/www.visit-ulcinj.com\/blog\/wp-json\/wp\/v2\/posts"}],"about":[{"href":"https:\/\/www.visit-ulcinj.com\/blog\/wp-json\/wp\/v2\/types\/post"}],"author":[{"embeddable":true,"href":"https:\/\/www.visit-ulcinj.com\/blog\/wp-json\/wp\/v2\/users\/1"}],"replies":[{"embeddable":true,"href":"https:\/\/www.visit-ulcinj.com\/blog\/wp-json\/wp\/v2\/comments?post=22883"}],"version-history":[{"count":0,"href":"https:\/\/www.visit-ulcinj.com\/blog\/wp-json\/wp\/v2\/posts\/22883\/revisions"}],"wp:attachment":[{"href":"https:\/\/www.visit-ulcinj.com\/blog\/wp-json\/wp\/v2\/media?parent=22883"}],"wp:term":[{"taxonomy":"category","embeddable":true,"href":"https:\/\/www.visit-ulcinj.com\/blog\/wp-json\/wp\/v2\/categories?post=22883"},{"taxonomy":"post_tag","embeddable":true,"href":"https:\/\/www.visit-ulcinj.com\/blog\/wp-json\/wp\/v2\/tags?post=22883"}],"curies":[{"name":"wp","href":"https:\/\/api.w.org\/{rel}","templated":true}]}}