{"id":22887,"date":"2009-06-15T20:40:57","date_gmt":"2009-06-15T18:40:57","guid":{"rendered":"http:\/\/www.visit-ulcinj.com\/blog\/?p=22887"},"modified":"2009-06-15T20:42:34","modified_gmt":"2009-06-15T18:42:34","slug":"fillojne-integrimet-brendashqiptare","status":"publish","type":"post","link":"https:\/\/www.visit-ulcinj.com\/blog\/2009\/06\/15\/fillojne-integrimet-brendashqiptare\/","title":{"rendered":"Fillojn\u00eb integrimet brendashqiptare"},"content":{"rendered":"<p><strong><a href=\"http:\/\/www.visit-ulcinj.com\/blog\/wp-content\/uploads\/2009\/06\/tuneli-i-Kalimashit_berisha_tha\u00e7i.jpg\"><img loading=\"lazy\" class=\"alignleft size-full wp-image-22888\" title=\"tuneli i Kalimashit_berisha_tha\u00e7i\" src=\"http:\/\/www.visit-ulcinj.com\/blog\/wp-content\/uploads\/2009\/06\/tuneli-i-Kalimashit_berisha_tha\u00e7i.jpg\" alt=\"tuneli i Kalimashit_berisha_tha\u00e7i\" width=\"580\" height=\"370\" \/><\/a>P\u00ebrurohet tuneli i Kalimashit<\/strong><br \/>\n\u00cbndrra po b\u00ebhet realitet. Merre si ta marr\u00ebsh, por k\u00ebt\u00eb \u00ebnd\u00ebrr e ka \u00ebnd\u00ebrruar i pari Sali Berisha dhe \u00ebsht\u00eb pik\u00ebrisht ai, \u201cg\u00ebrsh\u00ebr\u00ebt\u201d e t\u00eb cilit po e b\u00ebjn\u00eb realitet. Kjo nuk \u00ebsht\u00eb m\u00eb e r\u00ebnd\u00ebsishmja, por \u00ebsht\u00eb mir\u00eb t\u00eb dihet. Ashtu si\u00e7 \u00ebsht\u00eb mir\u00eb t\u00eb dihet se kjo nuk kishte ndodhur po t\u00eb mos shembej komunizmi, po t\u00eb mos ndodhte rezistenca paq\u00ebsore dhe lufta e armatosur e U\u00c7K-s\u00eb ndaj regjimit t\u00eb Millosheviqit, po t\u00eb mos ndodhte intervenimi humanitar i NATO-s, po t\u00eb mos ndodhte shteti i pavarur i Kosov\u00ebs, po t\u00eb mos ndodhte miq\u00ebsia shqiptaro-amerikane.<br \/>\nT\u00eb diel\u00ebn e 31 majit t\u00eb k\u00ebtij viti \u00ebsht\u00eb b\u00ebr\u00eb inaugurimi i tunelit t\u00eb Kalimashit, t\u00eb fundit dhe m\u00eb t\u00eb madhit n\u00eb rrug\u00ebn Durr\u00ebs-Kuk\u00ebs-Prishtin\u00eb. P\u00ebrfundimi i k\u00ebtij tuneli flet se \u00ebsht\u00eb af\u00ebr edhe p\u00ebrfundimi i projektit m\u00eb t\u00eb madh t\u00eb infrastruktur\u00ebs n\u00eb historin\u00eb ton\u00eb, autostrad\u00ebs Durr\u00ebs-Prishtin\u00eb, q\u00eb tashm\u00eb \u00ebsht\u00eb pag\u00ebzuar me emrin Rruga e Shqiptar\u00ebve. N\u00eb pajtim me r\u00ebnd\u00ebsin\u00eb e k\u00ebsaj, t\u00eb vet\u00ebdijsh\u00ebm se me k\u00ebt\u00eb fillojn\u00eb integrimet e mir\u00ebfillta brendashqiptare, inaugurimin e tunelit e kan\u00eb b\u00ebr\u00eb kryeministrat e qeverive t\u00eb dy shteteve shqiptare, Sali Berisha e Hashim Tha\u00e7i.<br \/>\nNjeriun e p\u00ebrshkon nj\u00eb emocion i pap\u00ebrshkruesh\u00ebm duke shikuar p\u00ebrqafimin e dy kryeministrave n\u00eb hyrje \u2013 dalje t\u00eb tunelit, mbi t\u00eb cil\u00ebn \u00ebsht\u00eb vendosur nj\u00eb pano, me nj\u00eb fjal\u00eb: \u201cP\u00cbRGJITHMON\u00cb\u201d. E q\u00eblluar. Sepse, shqiptar\u00ebt e ndar\u00eb gjat\u00eb, po afrohen, p\u00ebrgjithmon\u00eb. Ata shemb\u00ebn malet, p\u00ebr t\u2019u afruar. Mali me mal nuk takohet, por shqiptar\u00ebt takohen nj\u00eb dit\u00eb&#8230; ky nuk \u00ebsht\u00eb m\u00eb romantiz\u00ebm. \u00cbndrra po b\u00ebhet realitet. Merre si ta marr\u00ebsh, por k\u00ebt\u00eb \u00ebnd\u00ebrr e ka \u00ebnd\u00ebrruar i pari Sali Berisha dhe \u00ebsht\u00eb pik\u00ebrisht ai, \u201cg\u00ebrsh\u00ebr\u00ebt\u201d e t\u00eb cilit po e b\u00ebjn\u00eb realitet. Kjo nuk \u00ebsht\u00eb m\u00eb e r\u00ebnd\u00ebsishmja, por \u00ebsht\u00eb mir\u00eb t\u00eb dihet. Ashtu si\u00e7 \u00ebsht\u00eb mir\u00eb t\u00eb dihet se kjo nuk kishte ndodhur po t\u00eb mos shembej komunizmi, po t\u00eb mos ndodhte rezistenca paq\u00ebsore dhe lufta e armatosur e U\u00c7K-s\u00eb ndaj regjimit t\u00eb Millosheviqit, po t\u00eb mos ndodhte intervenimi humanitar i NATO-s, po t\u00eb mos ndodhte shteti i pavarur i Kosov\u00ebs, po t\u00eb mos ndodhte miq\u00ebsia shqiptaro-amerikane.<a href=\"http:\/\/www.visit-ulcinj.com\/blog\/wp-content\/uploads\/2009\/06\/ferhat-dinosha.jpg\"><img loading=\"lazy\" class=\"alignleft size-medium wp-image-22889\" title=\"ferhat dinosha\" src=\"http:\/\/www.visit-ulcinj.com\/blog\/wp-content\/uploads\/2009\/06\/ferhat-dinosha-300x225.jpg\" alt=\"ferhat dinosha\" width=\"300\" height=\"225\" srcset=\"https:\/\/www.visit-ulcinj.com\/blog\/wp-content\/uploads\/2009\/06\/ferhat-dinosha-300x225.jpg 300w, https:\/\/www.visit-ulcinj.com\/blog\/wp-content\/uploads\/2009\/06\/ferhat-dinosha.jpg 648w\" sizes=\"(max-width: 300px) 100vw, 300px\" \/><\/a><br \/>\nRruga Durr\u00ebs-Prishtin\u00eb do t\u00eb jet\u00eb v\u00ebrtet\u00eb aort\u00eb e metabolizmit nacional, ekonomik e shpirt\u00ebror, t\u00eb shqiptar\u00ebve. T\u00eb t\u00eb gjith\u00eb shqiptar\u00ebve n\u00eb Ballkan. Prishtina, me k\u00ebt\u00eb rrug\u00eb, e merr n\u2019gryk\u00eb Tiran\u00ebn p\u00ebr tri or\u00eb. Kur dy kryeqytetet jan\u00eb af\u00ebr, af\u00ebr jan\u00eb t\u00eb gjith\u00eb shqiptar\u00ebt.<br \/>\nRruga do t\u00eb josh qarkullime t\u00eb reja ekonomike, kanale t\u00eb reja t\u00eb biznesit, oaza t\u00eb reja turistike, kontakte t\u00eb rjea rajonale. Kjo \u00ebsht\u00eb rrug\u00eb e shqiptar\u00ebve, por dhe do t\u00eb mund ta shfryt\u00ebzojn\u00eb t\u00eb gjith\u00eb miqt\u00eb e shqiptar\u00ebve. Madje edhe ata t\u00eb cil\u00ebt deri dje nuk kan\u00eb qen\u00eb t\u00eb till\u00eb, e tash duan t\u00eb b\u00ebhen.<br \/>\nRruga Durr\u00ebs-Prishtin\u00eb do t\u00eb josh nd\u00ebrtime edhe t\u00eb rrug\u00ebve t\u00eb tjera, t\u00eb r\u00ebnd\u00ebsishme p\u00ebr shqiptar\u00ebt. Tashm\u00eb \u00ebsht\u00eb i preksh\u00ebm projekti i Rrug\u00ebs s\u00eb Arb\u00ebrit, q\u00eb do t\u00eb lidh\u00eb tokat shqiptare t\u00eb Maqedonis\u00eb me kryeqendr\u00ebn e Shqip\u00ebris\u00eb. Shqiptar\u00ebt e Lugin\u00ebs s\u00eb Preshev\u00ebs do t\u00eb mund t\u00eb shfryt\u00ebzojn\u00eb t\u00eb dy drejtimet p\u00ebr t\u00eb arritur shpejt n\u00eb Tiran\u00eb, var\u00ebsisht nga objektivi i vajtjes atje. Edhe shqiptar\u00ebt n\u00eb Mal t\u00eb Zi mund t\u00eb shpresojn\u00eb q\u00eb n\u00eb nj\u00eb t\u00eb ardhshme t\u00eb af\u00ebrt, t\u00eb ken\u00eb lidhje m\u00eb t\u00eb mira rrugore me Tiran\u00ebn dhe me Prishtin\u00ebn. Ky autor ka qen\u00eb i pranish\u00ebm n\u00eb bisedimet e paradokohshme n\u00eb Tiran\u00eb, nd\u00ebrmjet kryeministrit t\u00eb Shqip\u00ebris\u00eb, z. Sali Berisha, dhe t\u00eb kryeministrit malazez, z. Millo Gjukanoviq, n\u00eb t\u00eb cilat \u00ebsht\u00eb folur, konkretisht e seriozisht, p\u00ebr akse t\u00eb reja rrugore nd\u00ebrmjet dy shteteve fqinje. \u00cbsht\u00eb shprehur gadishm\u00ebri p\u00ebr aganzhim t\u00eb p\u00ebrbashk\u00ebt p\u00ebr nd\u00ebrtimin e rrug\u00ebs Kosov\u00eb \u2013 Plav\u00eb (n\u00ebp\u00ebr Shqip\u00ebri) \u2013 Dinosh\u00eb \u2013 Podgoric\u00eb, q\u00eb do t\u00eb shkurtonte shum\u00eb udh\u00ebtimin n\u00eb relacionin Prishtin\u00eb \u2013 Podgoric\u00ebs dhe do ta afronte an\u00ebn e Plav\u00eb \u2013 Gucis\u00eb me kryeqytetet e Kosov\u00ebs, t\u00eb Malit t\u00eb Zi dhe t\u00eb Shqip\u00ebris\u00eb.<br \/>\nMe nj\u00eb fjal\u00eb, me zhvillimet e lartp\u00ebrmendura, integrimet brendashqiptare po b\u00ebhen gjithnj\u00eb e m\u00eb t\u00eb prekshme. Ato jan\u00eb shum\u00eb t\u00eb r\u00ebnd\u00ebsishme, sepse t\u00eb integruar brendap\u00ebrbrenda, shqiptar\u00ebt do t\u00eb jen\u00eb faktor i pakap\u00ebrcyesh\u00ebm i integrimeve europiane e euroatlantike t\u00eb Rajonit dhe faktor relevant i stabilitetit t\u00eb tij.<br \/>\nRrug\u00ebt e reja do t\u00eb sjellin, natyrisht, edhe qarkullime t\u00eb reja kulturore, arsimore e shpirt\u00ebrore, libra t\u00eb rinj n\u00eb shkollat e bibliotekat tona, shfaqje t\u00eb reja n\u00eb skenat tona, busta t\u00eb reja n\u00eb sheshet tona&#8230;<br \/>\nT\u00eb gjith\u00eb duhet t\u00eb japin kontributin e vet n\u00eb k\u00ebt\u00eb drejtim. \u00cbsht\u00eb i r\u00ebnd\u00ebsish\u00ebm edhe kontributi i partive politike shqiptare n\u00eb Mal t\u00eb Zi. Mund t\u00eb jet\u00eb i lev\u00ebrditsh\u00ebm vet\u00ebm veprimi institucional i tyre dhe bashk\u00ebpunimi me forcat politike malazeze t\u00eb cilat shohin dhe njohin realitetin e ri n\u00eb Ballkan, duke p\u00ebrfshir\u00eb edhe shtetin e ri t\u00eb Kosov\u00ebs. Partia m\u00eb e fort\u00eb shqiptare n\u00eb Mal t\u00eb Zi, Unioni Demokratik i Shqiptar\u00ebve, k\u00ebt\u00eb e ka kuptuar dhe n\u00eb pajtim me k\u00ebt\u00eb sillet kaher\u00eb.<br \/>\nPartit\u00eb tjera shqiptare ende sillen tryezave t\u00eb opozit\u00ebs proserbe malazeze. T\u00eb shpresojm\u00eb se jo edhe gjat\u00eb. Integrimet e duan t\u00eb par\u00ebn e jo t\u00eb dyt\u00ebn.<\/p>\n<p><strong>Ferhat Dinosha<br \/>\nKoha Javore<\/strong><\/p>\n<p><strong><!--YouTube Error: bad URL entered--><br \/>\n<\/strong><\/p>\n","protected":false},"excerpt":{"rendered":"<p>P\u00ebrurohet tuneli i Kalimashit \u00cbndrra po b\u00ebhet realitet. Merre si ta marr\u00ebsh, por k\u00ebt\u00eb \u00ebnd\u00ebrr e ka \u00ebnd\u00ebrruar i pari Sali Berisha dhe \u00ebsht\u00eb pik\u00ebrisht ai, \u201cg\u00ebrsh\u00ebr\u00ebt\u201d e t\u00eb cilit po e b\u00ebjn\u00eb realitet. Kjo nuk \u00ebsht\u00eb m\u00eb e r\u00ebnd\u00ebsishmja, por \u00ebsht\u00eb mir\u00eb t\u00eb dihet. Ashtu si\u00e7 \u00ebsht\u00eb mir\u00eb t\u00eb dihet se kjo nuk kishte [&hellip;]<\/p>\n","protected":false},"author":1,"featured_media":0,"comment_status":"open","ping_status":"closed","sticky":false,"template":"","format":"standard","meta":{"spay_email":"","jetpack_publicize_message":"","jetpack_is_tweetstorm":false,"jetpack_publicize_feature_enabled":true},"categories":[12],"tags":[11212,11211,5922,2445],"jetpack_publicize_connections":[],"yoast_head":"<!-- This site is optimized with the Yoast SEO plugin v19.1 - https:\/\/yoast.com\/wordpress\/plugins\/seo\/ -->\n<title>Fillojn\u00eb integrimet brendashqiptare - Lajme nga Ulqini<\/title>\n<meta name=\"description\" content=\"P\u00ebrurohet tuneli i Kalimashit \u00cbndrra po b\u00ebhet realitet. Merre si ta marr\u00ebsh, por k\u00ebt\u00eb \u00ebnd\u00ebrr e ka \u00ebnd\u00ebrruar i pari Sali Berisha dhe \u00ebsht\u00eb pik\u00ebrisht ai,\" \/>\n<meta name=\"robots\" content=\"index, follow, max-snippet:-1, max-image-preview:large, max-video-preview:-1\" \/>\n<link rel=\"canonical\" href=\"https:\/\/www.visit-ulcinj.com\/blog\/2009\/06\/15\/fillojne-integrimet-brendashqiptare\/\" \/>\n<meta property=\"og:locale\" content=\"en_US\" \/>\n<meta property=\"og:type\" content=\"article\" \/>\n<meta property=\"og:title\" content=\"Fillojn\u00eb integrimet brendashqiptare - Lajme nga Ulqini\" \/>\n<meta property=\"og:description\" content=\"P\u00ebrurohet tuneli i Kalimashit \u00cbndrra po b\u00ebhet realitet. Merre si ta marr\u00ebsh, por k\u00ebt\u00eb \u00ebnd\u00ebrr e ka \u00ebnd\u00ebrruar i pari Sali Berisha dhe \u00ebsht\u00eb pik\u00ebrisht ai,\" \/>\n<meta property=\"og:url\" content=\"https:\/\/www.visit-ulcinj.com\/blog\/2009\/06\/15\/fillojne-integrimet-brendashqiptare\/\" \/>\n<meta property=\"og:site_name\" content=\"Lajme nga Ulqini\" \/>\n<meta property=\"article:published_time\" content=\"2009-06-15T18:40:57+00:00\" \/>\n<meta property=\"article:modified_time\" content=\"2009-06-15T18:42:34+00:00\" \/>\n<meta property=\"og:image\" content=\"http:\/\/www.visit-ulcinj.com\/blog\/wp-content\/uploads\/2009\/06\/ferhat-dinosha-300x225.jpg\" \/>\n<meta name=\"twitter:label1\" content=\"Written by\" \/>\n\t<meta name=\"twitter:data1\" content=\"ulqini\" \/>\n\t<meta name=\"twitter:label2\" content=\"Est. reading time\" \/>\n\t<meta name=\"twitter:data2\" content=\"5 minutes\" \/>\n<script type=\"application\/ld+json\" class=\"yoast-schema-graph\">{\"@context\":\"https:\/\/schema.org\",\"@graph\":[{\"@type\":\"WebSite\",\"@id\":\"https:\/\/www.visit-ulcinj.com\/blog\/#website\",\"url\":\"https:\/\/www.visit-ulcinj.com\/blog\/\",\"name\":\"Lajme nga Ulqini\",\"description\":\"Lajme,Vijesti,Ulqini,Ulqin,Crna Gora,Mali i Zi\",\"potentialAction\":[{\"@type\":\"SearchAction\",\"target\":{\"@type\":\"EntryPoint\",\"urlTemplate\":\"https:\/\/www.visit-ulcinj.com\/blog\/?s={search_term_string}\"},\"query-input\":\"required name=search_term_string\"}],\"inLanguage\":\"en-US\"},{\"@type\":\"ImageObject\",\"inLanguage\":\"en-US\",\"@id\":\"https:\/\/www.visit-ulcinj.com\/blog\/2009\/06\/15\/fillojne-integrimet-brendashqiptare\/#primaryimage\",\"url\":\"https:\/\/www.visit-ulcinj.com\/blog\/wp-content\/uploads\/2009\/06\/ferhat-dinosha.jpg\",\"contentUrl\":\"https:\/\/www.visit-ulcinj.com\/blog\/wp-content\/uploads\/2009\/06\/ferhat-dinosha.jpg\",\"width\":\"648\",\"height\":\"486\"},{\"@type\":\"WebPage\",\"@id\":\"https:\/\/www.visit-ulcinj.com\/blog\/2009\/06\/15\/fillojne-integrimet-brendashqiptare\/#webpage\",\"url\":\"https:\/\/www.visit-ulcinj.com\/blog\/2009\/06\/15\/fillojne-integrimet-brendashqiptare\/\",\"name\":\"Fillojn\u00eb integrimet brendashqiptare - Lajme nga Ulqini\",\"isPartOf\":{\"@id\":\"https:\/\/www.visit-ulcinj.com\/blog\/#website\"},\"primaryImageOfPage\":{\"@id\":\"https:\/\/www.visit-ulcinj.com\/blog\/2009\/06\/15\/fillojne-integrimet-brendashqiptare\/#primaryimage\"},\"datePublished\":\"2009-06-15T18:40:57+00:00\",\"dateModified\":\"2009-06-15T18:42:34+00:00\",\"author\":{\"@id\":\"https:\/\/www.visit-ulcinj.com\/blog\/#\/schema\/person\/dcab619c614d3038751c63bc2aadc06d\"},\"description\":\"P\u00ebrurohet tuneli i Kalimashit \u00cbndrra po b\u00ebhet realitet. Merre si ta marr\u00ebsh, por k\u00ebt\u00eb \u00ebnd\u00ebrr e ka \u00ebnd\u00ebrruar i pari Sali Berisha dhe \u00ebsht\u00eb pik\u00ebrisht ai,\",\"breadcrumb\":{\"@id\":\"https:\/\/www.visit-ulcinj.com\/blog\/2009\/06\/15\/fillojne-integrimet-brendashqiptare\/#breadcrumb\"},\"inLanguage\":\"en-US\",\"potentialAction\":[{\"@type\":\"ReadAction\",\"target\":[\"https:\/\/www.visit-ulcinj.com\/blog\/2009\/06\/15\/fillojne-integrimet-brendashqiptare\/\"]}]},{\"@type\":\"BreadcrumbList\",\"@id\":\"https:\/\/www.visit-ulcinj.com\/blog\/2009\/06\/15\/fillojne-integrimet-brendashqiptare\/#breadcrumb\",\"itemListElement\":[{\"@type\":\"ListItem\",\"position\":1,\"name\":\"Fillojn\u00eb integrimet brendashqiptare\"}]},{\"@type\":\"Person\",\"@id\":\"https:\/\/www.visit-ulcinj.com\/blog\/#\/schema\/person\/dcab619c614d3038751c63bc2aadc06d\",\"name\":\"ulqini\",\"sameAs\":[\"http:\/\/www.visit-ulcinj.com\"],\"url\":\"https:\/\/www.visit-ulcinj.com\/blog\/author\/admin\/\"}]}<\/script>\n<!-- \/ Yoast SEO plugin. -->","yoast_head_json":{"title":"Fillojn\u00eb integrimet brendashqiptare - Lajme nga Ulqini","description":"P\u00ebrurohet tuneli i Kalimashit \u00cbndrra po b\u00ebhet realitet. Merre si ta marr\u00ebsh, por k\u00ebt\u00eb \u00ebnd\u00ebrr e ka \u00ebnd\u00ebrruar i pari Sali Berisha dhe \u00ebsht\u00eb pik\u00ebrisht ai,","robots":{"index":"index","follow":"follow","max-snippet":"max-snippet:-1","max-image-preview":"max-image-preview:large","max-video-preview":"max-video-preview:-1"},"canonical":"https:\/\/www.visit-ulcinj.com\/blog\/2009\/06\/15\/fillojne-integrimet-brendashqiptare\/","og_locale":"en_US","og_type":"article","og_title":"Fillojn\u00eb integrimet brendashqiptare - Lajme nga Ulqini","og_description":"P\u00ebrurohet tuneli i Kalimashit \u00cbndrra po b\u00ebhet realitet. Merre si ta marr\u00ebsh, por k\u00ebt\u00eb \u00ebnd\u00ebrr e ka \u00ebnd\u00ebrruar i pari Sali Berisha dhe \u00ebsht\u00eb pik\u00ebrisht ai,","og_url":"https:\/\/www.visit-ulcinj.com\/blog\/2009\/06\/15\/fillojne-integrimet-brendashqiptare\/","og_site_name":"Lajme nga Ulqini","article_published_time":"2009-06-15T18:40:57+00:00","article_modified_time":"2009-06-15T18:42:34+00:00","og_image":[{"url":"http:\/\/www.visit-ulcinj.com\/blog\/wp-content\/uploads\/2009\/06\/ferhat-dinosha-300x225.jpg"}],"twitter_misc":{"Written by":"ulqini","Est. reading time":"5 minutes"},"schema":{"@context":"https:\/\/schema.org","@graph":[{"@type":"WebSite","@id":"https:\/\/www.visit-ulcinj.com\/blog\/#website","url":"https:\/\/www.visit-ulcinj.com\/blog\/","name":"Lajme nga Ulqini","description":"Lajme,Vijesti,Ulqini,Ulqin,Crna Gora,Mali i Zi","potentialAction":[{"@type":"SearchAction","target":{"@type":"EntryPoint","urlTemplate":"https:\/\/www.visit-ulcinj.com\/blog\/?s={search_term_string}"},"query-input":"required name=search_term_string"}],"inLanguage":"en-US"},{"@type":"ImageObject","inLanguage":"en-US","@id":"https:\/\/www.visit-ulcinj.com\/blog\/2009\/06\/15\/fillojne-integrimet-brendashqiptare\/#primaryimage","url":"https:\/\/www.visit-ulcinj.com\/blog\/wp-content\/uploads\/2009\/06\/ferhat-dinosha.jpg","contentUrl":"https:\/\/www.visit-ulcinj.com\/blog\/wp-content\/uploads\/2009\/06\/ferhat-dinosha.jpg","width":"648","height":"486"},{"@type":"WebPage","@id":"https:\/\/www.visit-ulcinj.com\/blog\/2009\/06\/15\/fillojne-integrimet-brendashqiptare\/#webpage","url":"https:\/\/www.visit-ulcinj.com\/blog\/2009\/06\/15\/fillojne-integrimet-brendashqiptare\/","name":"Fillojn\u00eb integrimet brendashqiptare - Lajme nga Ulqini","isPartOf":{"@id":"https:\/\/www.visit-ulcinj.com\/blog\/#website"},"primaryImageOfPage":{"@id":"https:\/\/www.visit-ulcinj.com\/blog\/2009\/06\/15\/fillojne-integrimet-brendashqiptare\/#primaryimage"},"datePublished":"2009-06-15T18:40:57+00:00","dateModified":"2009-06-15T18:42:34+00:00","author":{"@id":"https:\/\/www.visit-ulcinj.com\/blog\/#\/schema\/person\/dcab619c614d3038751c63bc2aadc06d"},"description":"P\u00ebrurohet tuneli i Kalimashit \u00cbndrra po b\u00ebhet realitet. Merre si ta marr\u00ebsh, por k\u00ebt\u00eb \u00ebnd\u00ebrr e ka \u00ebnd\u00ebrruar i pari Sali Berisha dhe \u00ebsht\u00eb pik\u00ebrisht ai,","breadcrumb":{"@id":"https:\/\/www.visit-ulcinj.com\/blog\/2009\/06\/15\/fillojne-integrimet-brendashqiptare\/#breadcrumb"},"inLanguage":"en-US","potentialAction":[{"@type":"ReadAction","target":["https:\/\/www.visit-ulcinj.com\/blog\/2009\/06\/15\/fillojne-integrimet-brendashqiptare\/"]}]},{"@type":"BreadcrumbList","@id":"https:\/\/www.visit-ulcinj.com\/blog\/2009\/06\/15\/fillojne-integrimet-brendashqiptare\/#breadcrumb","itemListElement":[{"@type":"ListItem","position":1,"name":"Fillojn\u00eb integrimet brendashqiptare"}]},{"@type":"Person","@id":"https:\/\/www.visit-ulcinj.com\/blog\/#\/schema\/person\/dcab619c614d3038751c63bc2aadc06d","name":"ulqini","sameAs":["http:\/\/www.visit-ulcinj.com"],"url":"https:\/\/www.visit-ulcinj.com\/blog\/author\/admin\/"}]}},"jetpack_featured_media_url":"","jetpack_sharing_enabled":true,"jetpack_shortlink":"https:\/\/wp.me\/pe6lTn-5X9","_links":{"self":[{"href":"https:\/\/www.visit-ulcinj.com\/blog\/wp-json\/wp\/v2\/posts\/22887"}],"collection":[{"href":"https:\/\/www.visit-ulcinj.com\/blog\/wp-json\/wp\/v2\/posts"}],"about":[{"href":"https:\/\/www.visit-ulcinj.com\/blog\/wp-json\/wp\/v2\/types\/post"}],"author":[{"embeddable":true,"href":"https:\/\/www.visit-ulcinj.com\/blog\/wp-json\/wp\/v2\/users\/1"}],"replies":[{"embeddable":true,"href":"https:\/\/www.visit-ulcinj.com\/blog\/wp-json\/wp\/v2\/comments?post=22887"}],"version-history":[{"count":0,"href":"https:\/\/www.visit-ulcinj.com\/blog\/wp-json\/wp\/v2\/posts\/22887\/revisions"}],"wp:attachment":[{"href":"https:\/\/www.visit-ulcinj.com\/blog\/wp-json\/wp\/v2\/media?parent=22887"}],"wp:term":[{"taxonomy":"category","embeddable":true,"href":"https:\/\/www.visit-ulcinj.com\/blog\/wp-json\/wp\/v2\/categories?post=22887"},{"taxonomy":"post_tag","embeddable":true,"href":"https:\/\/www.visit-ulcinj.com\/blog\/wp-json\/wp\/v2\/tags?post=22887"}],"curies":[{"name":"wp","href":"https:\/\/api.w.org\/{rel}","templated":true}]}}