{"id":22893,"date":"2009-06-15T20:54:33","date_gmt":"2009-06-15T18:54:33","guid":{"rendered":"http:\/\/www.visit-ulcinj.com\/blog\/?p=22893"},"modified":"2009-06-15T20:54:33","modified_gmt":"2009-06-15T18:54:33","slug":"ekspresionizmi-apstrakt-dhe-koloriti-i-nje-intimisti","status":"publish","type":"post","link":"https:\/\/www.visit-ulcinj.com\/blog\/2009\/06\/15\/ekspresionizmi-apstrakt-dhe-koloriti-i-nje-intimisti\/","title":{"rendered":"Ekspresionizmi apstrakt dhe koloriti i nj\u00eb intimisti"},"content":{"rendered":"<p><strong><a href=\"http:\/\/www.visit-ulcinj.com\/blog\/wp-content\/uploads\/2009\/06\/Gjergj-Noc-Martini.jpg\"><img loading=\"lazy\" class=\"alignleft size-full wp-image-22894\" title=\"Gjergj Noc Martini\" src=\"http:\/\/www.visit-ulcinj.com\/blog\/wp-content\/uploads\/2009\/06\/Gjergj-Noc-Martini.jpg\" alt=\"Gjergj Noc Martini\" width=\"369\" height=\"432\" srcset=\"https:\/\/www.visit-ulcinj.com\/blog\/wp-content\/uploads\/2009\/06\/Gjergj-Noc-Martini.jpg 300w, https:\/\/www.visit-ulcinj.com\/blog\/wp-content\/uploads\/2009\/06\/Gjergj-Noc-Martini-256x300.jpg 256w\" sizes=\"(max-width: 369px) 100vw, 369px\" \/><\/a>Reflektimi kolorit i atmosfer\u00ebs<\/strong><br \/>\nDuke u larguar gradualisht nga pikturat surrealistike, drejtohet nga ekspresionizmi i form\u00ebs dhe koloriti intimist, nd\u00ebrsa pak m\u00eb von\u00eb edhe tek ekspresionizmi abstrakt.<br \/>\nGjergj Noc Martini n\u00eb zgjedhen e motivit dhe orientimit t\u00eb tij artistik, n\u00eb fillim u mb\u00ebshtet n\u00eb vlerat klasike t\u00eb artit; por vende vende duke iu p\u00ebrkushtuar idoleve t\u00eb m\u00ebdhenj, nd\u00ebrsa pak m\u00eb von\u00eb, n\u00eb kall\u00ebpet surrealiste vizualizon, p\u00ebrkujtimet nga f\u00ebmij\u00ebria. Pikturat e tij m\u00eb s\u00eb shpejti ishin t\u00eb ngjyrosura me ngjyra t\u00eb zbehta melankolike, p\u00ebrjetime t\u00eb cilave koha u dha dimesione t\u00eb tjera forme dhe ngjyre, p\u00ebrceptime t\u00eb tjera dokeve dhe rrethin\u00ebs pitoreske t\u00eb Shtojit. Si ai vet\u00eb di t\u00eb thot\u00eb: \u201c Ky \u00ebsht\u00eb ndikimi i bisedave t\u00eb moshuarve dhe pleqve tan\u00eb, nga jeta e v\u00ebshtir\u00eb dhe me sakrifca e paraardh\u00ebsve, duke jetuar dhe punuar n\u00eb malet e Mal\u00ebsis\u00eb&#8230;\u201d<br \/>\nTransponimi i hap\u00ebsir\u00ebs n\u00eb kuadrot e vokacioneve surrealiste ka l\u00ebn\u00eb mbresa t\u00eb m\u00ebdha n\u00eb piktur\u00ebn e Gjergj Noc Martinit. Disa nga k\u00ebto do t\u00eb mbesin konstante, si\u00e7 \u00ebsht\u00eb mb\u00ebshtetja n\u00eb linj\u00eb, por edhe drejtimi ka format m\u00eb t\u00eb vogla n\u00eb t\u00eb cilat \u201c&#8230; mb\u00ebrrin koncentrimin maksimal t\u00eb vepr\u00ebs s\u00eb piktur\u00ebs, ku kondenzon (iden\u00eb) e piktur\u00ebs deri tek thelbi i vet\u00ebm\u201d. (M. Maroviq, J. Vuja\u00e7iq)<br \/>\nDuke u larguar gradualisht nga fotografit\u00eb surrealiste, drejtohet nga ekspresionizmi i form\u00ebs dhe koloriti intimist, nd\u00ebrsa pak m\u00eb von\u00eb edhe tek ekspresionizmi abstrakt. Sakt\u00ebsisht, k\u00ebtu ndodhi hap\u00ebsira m\u00eb e r\u00ebnd\u00ebsishme n\u00eb piktur\u00ebn e Noc Martinit. Brendin\u00eb e tij dalluese O. Raduloviq e sheh n\u00eb piktur\u00eb. Kompozicioni IV;\u201d&#8230; edhe pse b\u00ebhet fjal\u00eb p\u00ebr piktur\u00ebs abstrakte, p\u00ebrs\u00ebri b\u00ebhet fjal\u00eb p\u00ebr peisazh, por k\u00ebsaj rradhe vet\u00ebm si asocijim n\u00eb vendlindje. Asgj\u00eb m\u00eb tep\u00ebr. Mir\u00ebpo, mu n\u00eb k\u00ebt\u00eb piktur\u00eb u p\u00ebrrballua v\u00ebshtir\u00ebsia m\u00eb e madhe e nj\u00eb piktori; q\u00eb t\u2019mos ket\u00eb shum\u00eb objekte n\u00eb punim. U hap rruga p\u00ebr realizimin e termeve t\u00eb reja, si\u00e7 \u00ebsht\u00eb para s\u00eb gjithash ekpresionizmi asociativ. Mbasi q\u00eb peisazhi m\u00eb nuk \u00ebsht\u00eb i caktuar, ai kalon n\u00eb domenin e kujtimit n\u00eb karrig\u00eb, figur\u00ebs s\u00eb \u00e7zformuar, deri n\u00eb telefon, por edhe \u00e7do gj\u00eb tjet\u00ebr q\u00eb mund ta provokoj\u00eb v\u00ebmendjen e v\u00ebshtruesit. Ky aluzion n\u00eb motiv ka l\u00ebn\u00eb hap\u00ebsir\u00eb t\u00eb madhe n\u00eb k\u00ebrkimin e vet\u00ebshprehjes, p\u00ebr autoktonin\u00eb, ngjyr\u00ebn e fort\u00eb por neutrale, e gjith\u00eb kjo me nj\u00eb komponim emocionues&#8230;\u201d<br \/>\nProcesi i reduktimit i cili n\u00eb mas\u00eb t\u00eb madhe e caktoi vler\u00ebn e Kompozicionit IV dhe pikturave t\u00eb tjera t\u00eb radh\u00ebs n\u00eb k\u00ebt\u00eb faz\u00eb, \u00ebsht\u00eb intensifikuar deri te punimet krejt\u00ebsisht abstrakte, t\u00eb cilat i reprezenton M\u00ebngjesi, e cila mund t\u00eb merret edhe si \u201ckrijes\u00eb\u201d autonome e piktorit. P\u00ebr nga tema Noc Martini, baz\u00ebn e pikturave e themelon n\u00eb reflektimin e atmosfer\u00ebs, ndoshta rrethin\u00ebs jo edhe aq magjeps\u00ebse, sa \u00e7udit\u00ebrisht t\u00eb pal\u00ebnduar, t\u00eb p\u00ebrcaktuar me bordur\u00eb t\u00eb gj\u00ebr\u00eb, e cila e hap sken\u00ebn e brendsis\u00eb. Kjo \u00ebsht\u00eb qet\u00ebsia e m\u00ebngjesit e \u201cmbledhur\u201d nga nj\u00eb regjion n\u00eb mbrendi t\u00eb Mediteranit, me shenjat e parafillimit dhe mbret\u00ebris\u00eb se drit\u00ebs. Hap\u00ebsira me m\u00ebngjes t\u00eb atill\u00eb, e \u00e7liruar nga balasti pamor, p\u00ebr t\u00eb mbetur vet\u00ebm dhe vet\u00ebm mbresa e qiellit, e tok\u00ebs dhe qet\u00ebsis\u00eb. Pra, faktet e larg\u00ebta t\u00eb rrethin\u00ebs t\u00eb p\u00ebrmbledhura n\u00eb shenj\u00eb t\u00eb pavar\u00ebsis\u00eb artistike.<br \/>\nPas \u201cM\u00ebngjesit\u201d pikrotir i rikthehet figurativitetit, akteve fem\u00ebrore, vizatimeve suptile. Me kthimin nga qet\u00ebsia e rrethinave asociative n\u00eb bukurin\u00eb e intimitetit, Noc Martini zbulon sentimentin esencial, nevoj\u00ebn q\u00eb me vizatime narrative t\u00eb krijoj\u00eb nj\u00eb komponim t\u00eb ndrysh\u00ebm pamor me elementet e tija t\u00eb fillimit, por nj\u00ebkoh\u00ebsisht, ta \u201carsyetoj\u00eb\u201d me shprehje t\u00eb tij individuale dhe lapidare, nd\u00ebrrimin e kahjes s\u00eb tij stilistike.<br \/>\nNj\u00ebkoh\u00ebsisht paraqiten edhe lidhjet e forta me motiv t\u00eb nj\u00ebjt\u00eb inspirativ t\u00eb vendlindjes, posa\u00e7\u00ebrisht figura pitoreske, por edhe peisazhe.<br \/>\nN\u00eb lirin\u00eb artistike nganj\u00ebher\u00eb mund t\u00eb v\u00ebrehen edhe elemente fantastike, posa\u00e7\u00ebrisht n\u00eb komponimin e figurave. Ato fleta t\u00eb cilat rikthejn\u00eb vizione t\u00eb shtytura, e fuqizojn\u00eb konstatimin e Slavoniqit se Gjergj Noc Martini nuk krijon plot\u00ebsi t\u00eb cikleve t\u00eb mbyllura, por var\u00ebsisht nga inspirata, hulumton, l\u00ebviz dhe substituon eksplikatet e veta&#8230;\u201d Pa dyshim, edhe rikthimi i tij n\u00eb fantastik\u00eb nuk \u00ebsht\u00eb themeli i tij i fundit stilistik.<\/p>\n<p><strong>Mlladen Llompar<br \/>\n(P\u00ebrktheu Sahibe Hoxha)<br \/>\nKoha Javore<\/strong><\/p>\n","protected":false},"excerpt":{"rendered":"<p>Reflektimi kolorit i atmosfer\u00ebs Duke u larguar gradualisht nga pikturat surrealistike, drejtohet nga ekspresionizmi i form\u00ebs dhe koloriti intimist, nd\u00ebrsa pak m\u00eb von\u00eb edhe tek ekspresionizmi abstrakt. Gjergj Noc Martini n\u00eb zgjedhen e motivit dhe orientimit t\u00eb tij artistik, n\u00eb fillim u mb\u00ebshtet n\u00eb vlerat klasike t\u00eb artit; por vende vende duke iu p\u00ebrkushtuar idoleve [&hellip;]<\/p>\n","protected":false},"author":1,"featured_media":0,"comment_status":"open","ping_status":"closed","sticky":false,"template":"","format":"standard","meta":{"spay_email":"","jetpack_publicize_message":"","jetpack_is_tweetstorm":false,"jetpack_publicize_feature_enabled":true},"categories":[12],"tags":[166,3289,95],"jetpack_publicize_connections":[],"yoast_head":"<!-- This site is optimized with the Yoast SEO plugin v19.1 - https:\/\/yoast.com\/wordpress\/plugins\/seo\/ -->\n<title>Ekspresionizmi apstrakt dhe koloriti i nj\u00eb intimisti - Lajme nga Ulqini<\/title>\n<meta name=\"description\" content=\"Reflektimi kolorit i atmosfer\u00ebs Duke u larguar gradualisht nga pikturat surrealistike, drejtohet nga ekspresionizmi i form\u00ebs dhe koloriti intimist, nd\u00ebrsa\" \/>\n<meta name=\"robots\" content=\"index, follow, max-snippet:-1, max-image-preview:large, max-video-preview:-1\" \/>\n<link rel=\"canonical\" href=\"https:\/\/www.visit-ulcinj.com\/blog\/2009\/06\/15\/ekspresionizmi-apstrakt-dhe-koloriti-i-nje-intimisti\/\" \/>\n<meta property=\"og:locale\" content=\"en_US\" \/>\n<meta property=\"og:type\" content=\"article\" \/>\n<meta property=\"og:title\" content=\"Ekspresionizmi apstrakt dhe koloriti i nj\u00eb intimisti - Lajme nga Ulqini\" \/>\n<meta property=\"og:description\" content=\"Reflektimi kolorit i atmosfer\u00ebs Duke u larguar gradualisht nga pikturat surrealistike, drejtohet nga ekspresionizmi i form\u00ebs dhe koloriti intimist, nd\u00ebrsa\" \/>\n<meta property=\"og:url\" content=\"https:\/\/www.visit-ulcinj.com\/blog\/2009\/06\/15\/ekspresionizmi-apstrakt-dhe-koloriti-i-nje-intimisti\/\" \/>\n<meta property=\"og:site_name\" content=\"Lajme nga Ulqini\" \/>\n<meta property=\"article:published_time\" content=\"2009-06-15T18:54:33+00:00\" \/>\n<meta property=\"og:image\" content=\"http:\/\/www.visit-ulcinj.com\/blog\/wp-content\/uploads\/2009\/06\/Gjergj-Noc-Martini.jpg\" \/>\n<meta name=\"twitter:label1\" content=\"Written by\" \/>\n\t<meta name=\"twitter:data1\" content=\"ulqini\" \/>\n\t<meta name=\"twitter:label2\" content=\"Est. reading time\" \/>\n\t<meta name=\"twitter:data2\" content=\"4 minutes\" \/>\n<script type=\"application\/ld+json\" class=\"yoast-schema-graph\">{\"@context\":\"https:\/\/schema.org\",\"@graph\":[{\"@type\":\"WebSite\",\"@id\":\"https:\/\/www.visit-ulcinj.com\/blog\/#website\",\"url\":\"https:\/\/www.visit-ulcinj.com\/blog\/\",\"name\":\"Lajme nga Ulqini\",\"description\":\"Lajme,Vijesti,Ulqini,Ulqin,Crna Gora,Mali i Zi\",\"potentialAction\":[{\"@type\":\"SearchAction\",\"target\":{\"@type\":\"EntryPoint\",\"urlTemplate\":\"https:\/\/www.visit-ulcinj.com\/blog\/?s={search_term_string}\"},\"query-input\":\"required name=search_term_string\"}],\"inLanguage\":\"en-US\"},{\"@type\":\"ImageObject\",\"inLanguage\":\"en-US\",\"@id\":\"https:\/\/www.visit-ulcinj.com\/blog\/2009\/06\/15\/ekspresionizmi-apstrakt-dhe-koloriti-i-nje-intimisti\/#primaryimage\",\"url\":\"https:\/\/www.visit-ulcinj.com\/blog\/wp-content\/uploads\/2009\/06\/Gjergj-Noc-Martini.jpg\",\"contentUrl\":\"https:\/\/www.visit-ulcinj.com\/blog\/wp-content\/uploads\/2009\/06\/Gjergj-Noc-Martini.jpg\",\"width\":\"300\",\"height\":\"351\"},{\"@type\":\"WebPage\",\"@id\":\"https:\/\/www.visit-ulcinj.com\/blog\/2009\/06\/15\/ekspresionizmi-apstrakt-dhe-koloriti-i-nje-intimisti\/#webpage\",\"url\":\"https:\/\/www.visit-ulcinj.com\/blog\/2009\/06\/15\/ekspresionizmi-apstrakt-dhe-koloriti-i-nje-intimisti\/\",\"name\":\"Ekspresionizmi apstrakt dhe koloriti i nj\u00eb intimisti - Lajme nga Ulqini\",\"isPartOf\":{\"@id\":\"https:\/\/www.visit-ulcinj.com\/blog\/#website\"},\"primaryImageOfPage\":{\"@id\":\"https:\/\/www.visit-ulcinj.com\/blog\/2009\/06\/15\/ekspresionizmi-apstrakt-dhe-koloriti-i-nje-intimisti\/#primaryimage\"},\"datePublished\":\"2009-06-15T18:54:33+00:00\",\"dateModified\":\"2009-06-15T18:54:33+00:00\",\"author\":{\"@id\":\"https:\/\/www.visit-ulcinj.com\/blog\/#\/schema\/person\/dcab619c614d3038751c63bc2aadc06d\"},\"description\":\"Reflektimi kolorit i atmosfer\u00ebs Duke u larguar gradualisht nga pikturat surrealistike, drejtohet nga ekspresionizmi i form\u00ebs dhe koloriti intimist, nd\u00ebrsa\",\"breadcrumb\":{\"@id\":\"https:\/\/www.visit-ulcinj.com\/blog\/2009\/06\/15\/ekspresionizmi-apstrakt-dhe-koloriti-i-nje-intimisti\/#breadcrumb\"},\"inLanguage\":\"en-US\",\"potentialAction\":[{\"@type\":\"ReadAction\",\"target\":[\"https:\/\/www.visit-ulcinj.com\/blog\/2009\/06\/15\/ekspresionizmi-apstrakt-dhe-koloriti-i-nje-intimisti\/\"]}]},{\"@type\":\"BreadcrumbList\",\"@id\":\"https:\/\/www.visit-ulcinj.com\/blog\/2009\/06\/15\/ekspresionizmi-apstrakt-dhe-koloriti-i-nje-intimisti\/#breadcrumb\",\"itemListElement\":[{\"@type\":\"ListItem\",\"position\":1,\"name\":\"Ekspresionizmi apstrakt dhe koloriti i nj\u00eb intimisti\"}]},{\"@type\":\"Person\",\"@id\":\"https:\/\/www.visit-ulcinj.com\/blog\/#\/schema\/person\/dcab619c614d3038751c63bc2aadc06d\",\"name\":\"ulqini\",\"sameAs\":[\"http:\/\/www.visit-ulcinj.com\"],\"url\":\"https:\/\/www.visit-ulcinj.com\/blog\/author\/admin\/\"}]}<\/script>\n<!-- \/ Yoast SEO plugin. -->","yoast_head_json":{"title":"Ekspresionizmi apstrakt dhe koloriti i nj\u00eb intimisti - Lajme nga Ulqini","description":"Reflektimi kolorit i atmosfer\u00ebs Duke u larguar gradualisht nga pikturat surrealistike, drejtohet nga ekspresionizmi i form\u00ebs dhe koloriti intimist, nd\u00ebrsa","robots":{"index":"index","follow":"follow","max-snippet":"max-snippet:-1","max-image-preview":"max-image-preview:large","max-video-preview":"max-video-preview:-1"},"canonical":"https:\/\/www.visit-ulcinj.com\/blog\/2009\/06\/15\/ekspresionizmi-apstrakt-dhe-koloriti-i-nje-intimisti\/","og_locale":"en_US","og_type":"article","og_title":"Ekspresionizmi apstrakt dhe koloriti i nj\u00eb intimisti - Lajme nga Ulqini","og_description":"Reflektimi kolorit i atmosfer\u00ebs Duke u larguar gradualisht nga pikturat surrealistike, drejtohet nga ekspresionizmi i form\u00ebs dhe koloriti intimist, nd\u00ebrsa","og_url":"https:\/\/www.visit-ulcinj.com\/blog\/2009\/06\/15\/ekspresionizmi-apstrakt-dhe-koloriti-i-nje-intimisti\/","og_site_name":"Lajme nga Ulqini","article_published_time":"2009-06-15T18:54:33+00:00","og_image":[{"url":"http:\/\/www.visit-ulcinj.com\/blog\/wp-content\/uploads\/2009\/06\/Gjergj-Noc-Martini.jpg"}],"twitter_misc":{"Written by":"ulqini","Est. reading time":"4 minutes"},"schema":{"@context":"https:\/\/schema.org","@graph":[{"@type":"WebSite","@id":"https:\/\/www.visit-ulcinj.com\/blog\/#website","url":"https:\/\/www.visit-ulcinj.com\/blog\/","name":"Lajme nga Ulqini","description":"Lajme,Vijesti,Ulqini,Ulqin,Crna Gora,Mali i Zi","potentialAction":[{"@type":"SearchAction","target":{"@type":"EntryPoint","urlTemplate":"https:\/\/www.visit-ulcinj.com\/blog\/?s={search_term_string}"},"query-input":"required name=search_term_string"}],"inLanguage":"en-US"},{"@type":"ImageObject","inLanguage":"en-US","@id":"https:\/\/www.visit-ulcinj.com\/blog\/2009\/06\/15\/ekspresionizmi-apstrakt-dhe-koloriti-i-nje-intimisti\/#primaryimage","url":"https:\/\/www.visit-ulcinj.com\/blog\/wp-content\/uploads\/2009\/06\/Gjergj-Noc-Martini.jpg","contentUrl":"https:\/\/www.visit-ulcinj.com\/blog\/wp-content\/uploads\/2009\/06\/Gjergj-Noc-Martini.jpg","width":"300","height":"351"},{"@type":"WebPage","@id":"https:\/\/www.visit-ulcinj.com\/blog\/2009\/06\/15\/ekspresionizmi-apstrakt-dhe-koloriti-i-nje-intimisti\/#webpage","url":"https:\/\/www.visit-ulcinj.com\/blog\/2009\/06\/15\/ekspresionizmi-apstrakt-dhe-koloriti-i-nje-intimisti\/","name":"Ekspresionizmi apstrakt dhe koloriti i nj\u00eb intimisti - Lajme nga Ulqini","isPartOf":{"@id":"https:\/\/www.visit-ulcinj.com\/blog\/#website"},"primaryImageOfPage":{"@id":"https:\/\/www.visit-ulcinj.com\/blog\/2009\/06\/15\/ekspresionizmi-apstrakt-dhe-koloriti-i-nje-intimisti\/#primaryimage"},"datePublished":"2009-06-15T18:54:33+00:00","dateModified":"2009-06-15T18:54:33+00:00","author":{"@id":"https:\/\/www.visit-ulcinj.com\/blog\/#\/schema\/person\/dcab619c614d3038751c63bc2aadc06d"},"description":"Reflektimi kolorit i atmosfer\u00ebs Duke u larguar gradualisht nga pikturat surrealistike, drejtohet nga ekspresionizmi i form\u00ebs dhe koloriti intimist, nd\u00ebrsa","breadcrumb":{"@id":"https:\/\/www.visit-ulcinj.com\/blog\/2009\/06\/15\/ekspresionizmi-apstrakt-dhe-koloriti-i-nje-intimisti\/#breadcrumb"},"inLanguage":"en-US","potentialAction":[{"@type":"ReadAction","target":["https:\/\/www.visit-ulcinj.com\/blog\/2009\/06\/15\/ekspresionizmi-apstrakt-dhe-koloriti-i-nje-intimisti\/"]}]},{"@type":"BreadcrumbList","@id":"https:\/\/www.visit-ulcinj.com\/blog\/2009\/06\/15\/ekspresionizmi-apstrakt-dhe-koloriti-i-nje-intimisti\/#breadcrumb","itemListElement":[{"@type":"ListItem","position":1,"name":"Ekspresionizmi apstrakt dhe koloriti i nj\u00eb intimisti"}]},{"@type":"Person","@id":"https:\/\/www.visit-ulcinj.com\/blog\/#\/schema\/person\/dcab619c614d3038751c63bc2aadc06d","name":"ulqini","sameAs":["http:\/\/www.visit-ulcinj.com"],"url":"https:\/\/www.visit-ulcinj.com\/blog\/author\/admin\/"}]}},"jetpack_featured_media_url":"","jetpack_sharing_enabled":true,"jetpack_shortlink":"https:\/\/wp.me\/pe6lTn-5Xf","_links":{"self":[{"href":"https:\/\/www.visit-ulcinj.com\/blog\/wp-json\/wp\/v2\/posts\/22893"}],"collection":[{"href":"https:\/\/www.visit-ulcinj.com\/blog\/wp-json\/wp\/v2\/posts"}],"about":[{"href":"https:\/\/www.visit-ulcinj.com\/blog\/wp-json\/wp\/v2\/types\/post"}],"author":[{"embeddable":true,"href":"https:\/\/www.visit-ulcinj.com\/blog\/wp-json\/wp\/v2\/users\/1"}],"replies":[{"embeddable":true,"href":"https:\/\/www.visit-ulcinj.com\/blog\/wp-json\/wp\/v2\/comments?post=22893"}],"version-history":[{"count":0,"href":"https:\/\/www.visit-ulcinj.com\/blog\/wp-json\/wp\/v2\/posts\/22893\/revisions"}],"wp:attachment":[{"href":"https:\/\/www.visit-ulcinj.com\/blog\/wp-json\/wp\/v2\/media?parent=22893"}],"wp:term":[{"taxonomy":"category","embeddable":true,"href":"https:\/\/www.visit-ulcinj.com\/blog\/wp-json\/wp\/v2\/categories?post=22893"},{"taxonomy":"post_tag","embeddable":true,"href":"https:\/\/www.visit-ulcinj.com\/blog\/wp-json\/wp\/v2\/tags?post=22893"}],"curies":[{"name":"wp","href":"https:\/\/api.w.org\/{rel}","templated":true}]}}