{"id":22897,"date":"2009-06-15T21:16:38","date_gmt":"2009-06-15T19:16:38","guid":{"rendered":"http:\/\/www.visit-ulcinj.com\/blog\/?p=22897"},"modified":"2009-06-15T21:16:38","modified_gmt":"2009-06-15T19:16:38","slug":"monografi-e-periudhave-kohore-nga-gazmend-citaku","status":"publish","type":"post","link":"https:\/\/www.visit-ulcinj.com\/blog\/2009\/06\/15\/monografi-e-periudhave-kohore-nga-gazmend-citaku\/","title":{"rendered":"Monografi e periudhave kohore nga Gazmend \u00c7itaku"},"content":{"rendered":"<p><a href=\"http:\/\/www.visit-ulcinj.com\/blog\/wp-content\/uploads\/2009\/06\/Albumi-nga-Gazmend-\u00c7itaku.jpg\"><img loading=\"lazy\" class=\"alignleft size-full wp-image-22898\" title=\"Albumi nga Gazmend \u00c7itaku\" src=\"http:\/\/www.visit-ulcinj.com\/blog\/wp-content\/uploads\/2009\/06\/Albumi-nga-Gazmend-\u00c7itaku.jpg\" alt=\"Albumi nga Gazmend \u00c7itaku\" width=\"580\" height=\"400\" \/><\/a>Kur isha i ri kam sh\u00ebnuar nj\u00eb citat q\u00eb thoshte se t\u00eb jetosh me fotoalbum apo me monografi do t\u00eb thot\u00eb t\u00eb mos plakesh kurr\u00eb. Tashti q\u00eb po trokasim rreth monografis\u00eb \u201c Fotoalbum i Ulqinit, II\u201d, monografi n\u00eb fotografi e fjal\u00eb, kur e lexova dhe i shqyrtova t\u00eb gjith\u00eb fotografit\u00eb dhe dokumentat q\u00eb na ka dh\u00ebn\u00eb n\u00eb dor\u00eb autori Gazmend \u00c7itaku, jam i mendimit se ka paraqitur monumentet e kultur\u00ebs q\u00eb jan\u00eb historike, arkeologjike, arkitekturore, artistike, etnografike, mjedisore dhe fetare.<br \/>\nKur isha i ri kam sh\u00ebnuar nj\u00eb citat q\u00eb thoshte se t\u00eb jetosh me fotoalbum apo me monografi do t\u00eb thot\u00eb t\u00eb mos plakesh kurr\u00eb. Tashti q\u00eb po trokasim rreth monografis\u00eb \u201c Fotoalbum i Ulqinit, II\u201d, monografi n\u00eb fotografi e fjal\u00eb, kur e lexova dhe i shqyrtova t\u00eb gjith\u00eb fotografit\u00eb dhe dokumentat q\u00eb na ka dh\u00ebn\u00eb n\u00eb dor\u00eb autori Gazmend \u00c7itaku, jam i mendimit se ka paraqitur monumentet e kultur\u00ebs q\u00eb jan\u00eb historike, arkeologjike, arkitekturore, artistike, etnografike, mjedisore dhe fetare. Kjo th\u00ebnie urtake m\u00eb rishfaqet n\u00eb mendje n\u00eb nj\u00eb drit\u00eb t\u00eb re e m\u00eb nj\u00eb n\u00ebntekst t\u00eb ri: po t\u00eb jetosh me monografi t\u00eb vlefshme, q\u00eb sjellin prurje e shqyrtime jo vet\u00ebm interesante po edhe t\u00eb vyera p\u00ebr njohjen e trevave t\u00eb pasura, si\u00e7 \u00ebsht\u00eb n\u00eb k\u00ebt\u00eb rast \u201cFotoalbumi i Ulqinit, II\u201d, t\u00eb Gazmend \u00c7itakut, t\u00eb duket se je ende i ri, sepse, nd\u00ebr t\u00eb tjera, kupton q\u00eb kemi ende shum\u00eb\u00e7ka p\u00ebr t\u00eb m\u00ebsuar e p\u00ebr t\u00eb shijuar n\u00eb fush\u00ebn e shkenc\u00ebs dhe trash\u00ebgimi s\u00eb kulturore komb\u00ebtare. Dhe kjo nuk besoj t\u00eb jet\u00eb vet\u00ebm nj\u00eb p\u00ebrshtypje personale e imja. Ky fotoalbum paraqet nj\u00eb monografi historiko-shoq\u00ebrore dhe etnokulturore p\u00ebr Ulqinin, monografi e mir\u00ebseardhur p\u00ebr tryez\u00ebn e shum\u00eb studiuesve shqiptar\u00eb, qofshin ata historian\u00eb, letrar\u00eb, gjuh\u00ebtar\u00eb, folklorist\u00eb a etnolog\u00eb dhe etnograf\u00eb e m\u00eb gjer\u00eb, sepse na jep nj\u00eb pamje t\u00eb gjer\u00eb t\u00eb nj\u00eb prej trevave jo vet\u00ebm interesante e t\u00eb pasur, po edhe jo gjithaq t\u00eb njohur p\u00ebr shum\u00eb koh\u00eb, si\u00e7 \u00ebsht\u00eb Ulqini, vend me t\u00eb cilin autori ka lidhje t\u00eb fort\u00eb shpirt\u00ebrore, sepse e ka d\u00ebshiruar p\u00ebr shum\u00eb vjet vendlindjen e n\u00ebn\u00ebs t\u00eb tij dhe, ndon\u00ebse autori ka mbajtur t\u00eb ndezur flak\u00ebn e dashuris\u00eb p\u00ebr vendlindjen e prind\u00ebrit e bukurit\u00eb e saj, t\u00eb ushqyer e t\u00eb njomur pa reshtur prej tregimeve e goj\u00ebdh\u00ebnave.<br \/>\nK\u00ebshtu, autori n\u00eb k\u00ebt\u00eb fotoalbum ka pasur si objekt traditat, historin\u00eb m\u00eb t\u00eb lasht\u00eb t\u00eb Ulqinit n\u00eb fotografi t\u00eb t\u00ebrthorta, aspekte t\u00eb jet\u00ebs shoq\u00ebrore n\u00eb fotografi dhe fjal\u00eb, jeta kulturore dhe sportive, ngjarjet, detari, tregti, zakonet dhe folklorin , m\u00eb fjal\u00eb t\u00eb tjera, etnografi dhe etnologji.<br \/>\nK\u00ebt\u00eb tem\u00eb, n\u00eb t\u00eb v\u00ebrtet\u00eb, autori e ka marr\u00eb e rimarr\u00eb disa her\u00eb, kurse tashti na jep nj\u00eb botim t\u00eb dyt\u00eb t\u00eb saj, t\u00eb plot\u00ebsuar e t\u00eb pasuruar m\u00eb tej, m\u00eb nj\u00eb pamje tipografike dhe n\u00eb nj\u00eb v\u00ebshtrim m\u00eb t\u00eb p\u00ebrpunuar e m\u00eb t\u00eb p\u00ebrdit\u00ebsuar me dokumentacionin burimor. Kjo e b\u00ebn monografin\u00eb nj\u00eb ndihmes\u00eb m\u00eb vler\u00eb e me interes t\u00eb shumansh\u00ebm: historik, etnografik, folklorik, etnokulturor dhe etnologjik. Mund t\u00eb th\u00ebmi pa droj\u00eb se kush do t\u00eb dij\u00eb p\u00ebr Ulqinin, p\u00ebr emrin dhe historin\u00eb e tij t\u00eb lasht\u00eb e p\u00ebr rrjedhat e jet\u00ebs e t\u00eb veprimtaris\u00eb historike e kulturore t\u00eb ulqinak\u00ebve deri n\u00eb dit\u00ebt e sotme, kush ka d\u00ebshir\u00eb t\u00eb dij\u00eb e t\u00eb hulumtoj\u00eb m\u00eb tej vlerat e traditat etnokulturore t\u00eb ulqinak\u00ebve, kujt i interesojn\u00eb n\u00eb m\u00ebnyr\u00eb t\u00eb ve\u00e7ant\u00eb doket, zakonet dhe ndihmesat e shum\u00ebllojshme t\u00eb ulqinak\u00ebve n\u00eb l\u00ebmin e historis\u00eb, t\u00eb zejeve dhe, sidomos, kujt ia do puna t\u00eb njoh\u00eb ndihmesat atdhetare t\u00eb ulqinak\u00ebve, do t\u00eb gjej\u00eb shum\u00eb\u00e7ka t\u00eb vlefshme n\u00eb monografin\u00eb \u201cFoto\u00adalbum i Ulqinit, II\u201d t\u00eb Gazmend \u00c7itakut.<br \/>\nPo t\u00eb p\u00ebrdorim nj\u00eb figur\u00eb letrare, duke dashur ta p\u00ebrcaktojm\u00eb s\u00eb \u00e7far\u00eb na jep autori n\u00eb fjal\u00eb, n\u00eb k\u00ebt\u00eb monografi, mund t\u00eb thoshim s\u00eb aty gjejm\u00eb nj\u00eb monografi etnokulturore, etnografike, etnologjike e historiko- shoq\u00ebrore t\u00eb Ulqinit e t\u00eb ulqinak\u00ebve. Natyrisht, nj\u00eb monografi me nj\u00eb histori t\u00eb parashtruar k\u00ebndsh\u00ebm e m\u00eb vrujimin e paprer\u00eb t\u00eb nj\u00eb dashurie spontane e t\u00eb thell\u00eb t\u00eb autorit p\u00ebr vendlindjen dhe p\u00ebr nj\u00ebr\u00ebzit atdhetar\u00eb q\u00eb Ulqini i ka dh\u00ebn\u00eb vijimisht altarit t\u00eb Atdheut e fondit t\u00eb kultur\u00ebs komb\u00ebtare shqiptare.<br \/>\nLe t\u00eb p\u00ebrpiqemi t\u00eb japim nj\u00eb vler\u00ebsim p\u00ebr disa nga mb\u00ebrritjet m\u00eb t\u00eb r\u00ebnd\u00ebsishme q\u00eb i p\u00ebrkasin k\u00ebsaj monografie.<br \/>\n\u201cFotoalbumi i Ulqinit, II\u201d, nd\u00ebr t\u00eb tjera, ka merit\u00ebn se u b\u00ebn vend n\u00eb radh\u00eb t\u00eb par\u00eb atyre fakteve dhe t\u00eb dh\u00ebnave historike, urbanistike dhe kulturore q\u00eb d\u00ebshmojn\u00eb qytetari, kultur\u00eb nd\u00ebjtare, jetes\u00eb me pun\u00eb e krijimtari t\u00eb pand\u00ebrprer\u00eb m\u00eb frym\u00eb nd\u00ebrtuese t\u00eb nj\u00eb qyteti shqiptar n\u00eb bregdetin e Malit t\u00eb Zi nga m\u00eb tipik\u00ebt. Ulqini njihet si qend\u00ebr e r\u00ebnd\u00ebsishme qytetare n\u00eb rrjedh\u00eb t\u00eb moteve, p\u00ebr vlerat e saj njer\u00ebzore e kulturore kan\u00eb shkruar edhe jo pak studiues e udh\u00ebp\u00ebrshkrues t\u00eb mir\u00ebnjohur.<br \/>\n\u201cFotoalbumi i Ulqinit, II\u201d, ka p\u00ebr q\u00ebllim t\u00eb mbush\u00eb nj\u00eb zbraz\u00ebti t\u00eb ndjeshme n\u00eb fush\u00ebn e studimeve mbi \u00e7\u00ebshtjet e historis\u00eb, dom\u00ebth\u00ebn\u00eb, lasht\u00ebsis\u00eb s\u00eb Ulqiit. Problemet e m\u00ebdha q\u00eb p\u00ebrb\u00ebjn\u00eb nj\u00ebherazi edhe kapitujt e k\u00ebsaj monografie lidhen me jet\u00ebn shoq\u00ebrore, kulturore, etnografike, etnologjike si dhe me paraqitjen e veprimtarive detaro- tregtare t\u00eb ulqinak\u00ebve.<br \/>\nKjo monografi trajton disa probleme t\u00eb jet\u00ebs ekonomiko- shoq\u00ebrore dhe kulturore t\u00eb Ulqinit dhe ulqinak\u00ebve gjat\u00eb periudh\u00ebs s\u00eb re kohore e posa\u00e7arisht\u00eb historis\u00eb, arkeologjis\u00eb dhe kultur\u00ebs materiale dhe shpirt\u00ebrore. Kujdesi i autorit ka qen\u00eb q\u00eb, duke u mbeshtetur mbi nj\u00eb baz\u00eb burimore sa m\u00eb t\u00eb gjer\u00eb, ti ndri\u00e7oj\u00eb sadopak k\u00ebto probleme q\u00eb p\u00ebrmbajn\u00eb n\u00eb vetvet\u00eb v\u00ebshtir\u00ebsi dhe fsheht\u00ebsi t\u00eb shumta. Besoj se autori ia ka aritur sadopak q\u00ebllimit t\u00eb vet dhe e justifikon besimin q\u00eb ia ka dh\u00ebn\u00eb vet vetes p\u00ebr trajtimin e k\u00ebtij problemi t\u00eb r\u00ebnd\u00ebsish\u00ebm.<br \/>\nN\u00eb kultur\u00ebn popullore dhe veprimtarit\u00eb e tjera kulturoro- shoq\u00ebrore, monografia e Gazmend \u00c7itakut z\u00eb nj\u00eb vend t\u00eb duksh\u00ebm n\u00eb paraqitjen e k\u00ebtyre problemeve t\u00eb p\u00ebrmendura. Mjerisht, ky problem i r\u00ebnd\u00ebsish\u00ebm q\u00eb nxjerr n\u00eb pah traditat, nivelin e kultur\u00ebs materiale dhe shpirt\u00ebrore t\u00eb ulqinak\u00ebve si dhe vlerat e \u00e7muara artistike, kulturore etj., n\u00eb k\u00ebto fusha nuk \u00ebsht\u00eb trajtuar sa duhet.<br \/>\nFotografit\u00eb dhe dokumentet arkivore t\u00eb paraqitura n\u00eb \u201cFotoalbumin e Ulqinit, II\u201d, autori ka treguar se ulqinak\u00ebt kan\u00eb krijuar me djers\u00ebn e vet dhe mendjen e vet, historin\u00eb dhe kultur\u00ebn vetjake origjinale-autoktone, t\u00eb brumosur gjat\u00eb shekujve n\u00eb kushte t\u00eb caktuara historike n\u00eb t\u00eb cilat ta kan\u00eb jetuar dhe jan\u00eb zhvilluar.<br \/>\nT\u00eb nisur jo vet\u00ebm nga k\u00ebrkesat dhe detyrat e veta personale dhe vetjake, por edhe nga sedra e vullneti i nj\u00eb punonj\u00ebsi e gjurmuesi, autori n\u00eb fjal\u00eb, ka gjetur dokumente burimore t\u00eb pabotuara mbi Ulqinin dhe ulqinak\u00ebt, duke mbledhur nj\u00eb sasi t\u00eb konsiderueshme t\u00eb materialit dhe njoftime t\u00eb ndryshme, t\u00eb cilat i rreshtoi n\u00eb monografin\u00eb kushtuar Ulqinit. Gjat\u00eb gjith\u00eb punimit, ka gjetur mb\u00ebshtetje n\u00eb dokumentacionin burimor.<br \/>\n\u00cbsht\u00eb e v\u00ebrtet\u00eb se n\u00eb vazhd\u00ebn e k\u00ebtyre gjurmimeve, autori kishte vullnet t\u00eb madh t\u00eb niset nga d\u00ebshira ose kureshtja p\u00ebr t\u00eb m\u00ebsuar mbi Ulqinin dhe ulqinak\u00ebt, n\u00eb shum\u00eb aspekte studimore, pak t\u00eb njohura p\u00ebr lexusin brenda trev\u00ebs s\u00eb Ulqinit dhe jasht\u00eb saj, e sidomos n\u00eb diaspor\u00eb.<br \/>\nMb\u00ebshtetje kryesore n\u00eb k\u00ebt\u00eb monografi jan\u00eb burimet dokumentare arkivore vend\u00ebse, t\u00eb panjohura dhe t\u00eb pastudiura deri sot p\u00ebr temat t\u00eb botuara n\u00eb disa v\u00ebllime, n\u00eb k\u00ebt\u00eb monografi. Duke shfryt\u00ebzuar nj\u00eb material mjaft t\u00eb pasur burimor t\u00eb dor\u00ebs s\u00eb par\u00eb, jo vet\u00ebm q\u00eb autori kishte mund\u00ebsi t\u00eb nd\u00ebrtoj\u00eb struktur\u00ebn e k\u00ebsaj monografie mbi nj\u00eb baz\u00eb dokumentare t\u00eb re, t\u00eb panjohur p\u00ebr historiografin\u00eb shqiptare, por, duke e veshur at\u00eb me k\u00ebt\u00eb l\u00ebnd\u00eb t\u00eb re, plot\u00ebson zbraz\u00ebti t\u00eb madhe, t\u00eb cilat me burimet ekzistuese nuk do t\u00eb ishte n\u00eb gjendje t\u00eb kryhet kjo monografi, n\u00eb k\u00ebt\u00eb form\u00eb dhe me k\u00ebt\u00eb kualitet dhe p\u00ebrmbajtje, q\u00eb e ka kjo monografi.<br \/>\nMonografia n\u00eb fjal\u00eb \u00ebsht\u00eb p\u00ebrpjekje e par\u00eb p\u00ebrgjith\u00ebsuese p\u00ebr t\u00eb par\u00eb si nj\u00eb veprimtari unitare krijimtarin\u00eb popullore t\u00eb qytetit t\u00eb Ulqinit e paraqet me fotografi dhe dokumente t\u00eb ndryshme duke u bazuar n\u00eb dokumentacionin e gjer\u00eb t\u00eb gjetur ke vendasit e vet, pra, n\u00eb Ulqin.<br \/>\nMateriali dokumentar dhe fotografik, pjes\u00eb p\u00ebrb\u00ebr\u00ebse e monografis\u00eb, paraqet shembujt m\u00eb t\u00eb spikatur e me tipik\u00eb t\u00eb k\u00ebsaj krijimtarie, duke konkretizuar k\u00ebshtu me mjete dokumentare shtjellimin e tem\u00ebs n\u00eb fjal\u00eb.<br \/>\nMe k\u00ebt\u00eb monografi p\u00ebr Ulqinin, lexuesi do t\u00eb p\u00ebrfitoj\u00eb mjaft informacione t\u00eb ndryshme q\u00eb jepen aty p\u00ebr nj\u00eb trev\u00eb kaq t\u00eb thekur n\u00eb atdhetari e n\u00eb kultur\u00eb, p\u00ebr nj\u00eb vat\u00ebr traditash t\u00eb bukura e djep t\u00eb shum\u00eb burrave t\u00eb shquar e njer\u00ebz t\u00eb letrave, po edhe do t\u00eb merret nj\u00eb model i bukur se si duhet vepruar p\u00ebr t\u2019ia shp\u00ebrblyer sadopak Ulqinit, duke i blatuar jo vet\u00ebm dashuri e nderim, po edhe dije e trajtime me vlera etnokulturore.<br \/>\nEdhe n\u00eb fund, autorit t\u00eb monografis\u00eb \u201cFotoalbum i Ulqinit II\u201d, i uroj pun\u00eb t\u00eb mbar\u00eb n\u00eb periudh\u00ebn e ardhshme dhe n\u00eb hulumtime t\u00eb metejshme.<\/p>\n<p><strong>Dr Maksut Xh. Haxhibrahimi<br \/>\nKoha Javore<\/strong><\/p>\n<p><strong><!--YouTube Error: bad URL entered--><br \/>\n<\/strong><\/p>\n","protected":false},"excerpt":{"rendered":"<p>Kur isha i ri kam sh\u00ebnuar nj\u00eb citat q\u00eb thoshte se t\u00eb jetosh me fotoalbum apo me monografi do t\u00eb thot\u00eb t\u00eb mos plakesh kurr\u00eb. Tashti q\u00eb po trokasim rreth monografis\u00eb \u201c Fotoalbum i Ulqinit, II\u201d, monografi n\u00eb fotografi e fjal\u00eb, kur e lexova dhe i shqyrtova t\u00eb gjith\u00eb fotografit\u00eb dhe dokumentat q\u00eb na ka [&hellip;]<\/p>\n","protected":false},"author":1,"featured_media":0,"comment_status":"open","ping_status":"closed","sticky":false,"template":"","format":"standard","meta":{"spay_email":"","jetpack_publicize_message":"","jetpack_is_tweetstorm":false,"jetpack_publicize_feature_enabled":true},"categories":[4],"tags":[11215,2735,11214,11213],"jetpack_publicize_connections":[],"yoast_head":"<!-- This site is optimized with the Yoast SEO plugin v19.1 - https:\/\/yoast.com\/wordpress\/plugins\/seo\/ -->\n<title>Monografi e periudhave kohore nga Gazmend \u00c7itaku - Lajme nga Ulqini<\/title>\n<meta name=\"description\" content=\"Kur isha i ri kam sh\u00ebnuar nj\u00eb citat q\u00eb thoshte se t\u00eb jetosh me fotoalbum apo me monografi do t\u00eb thot\u00eb t\u00eb mos plakesh kurr\u00eb. Tashti q\u00eb po trokasim rreth\" \/>\n<meta name=\"robots\" content=\"index, follow, max-snippet:-1, max-image-preview:large, max-video-preview:-1\" \/>\n<link rel=\"canonical\" href=\"https:\/\/www.visit-ulcinj.com\/blog\/2009\/06\/15\/monografi-e-periudhave-kohore-nga-gazmend-citaku\/\" \/>\n<meta property=\"og:locale\" content=\"en_US\" \/>\n<meta property=\"og:type\" content=\"article\" \/>\n<meta property=\"og:title\" content=\"Monografi e periudhave kohore nga Gazmend \u00c7itaku - Lajme nga Ulqini\" \/>\n<meta property=\"og:description\" content=\"Kur isha i ri kam sh\u00ebnuar nj\u00eb citat q\u00eb thoshte se t\u00eb jetosh me fotoalbum apo me monografi do t\u00eb thot\u00eb t\u00eb mos plakesh kurr\u00eb. Tashti q\u00eb po trokasim rreth\" \/>\n<meta property=\"og:url\" content=\"https:\/\/www.visit-ulcinj.com\/blog\/2009\/06\/15\/monografi-e-periudhave-kohore-nga-gazmend-citaku\/\" \/>\n<meta property=\"og:site_name\" content=\"Lajme nga Ulqini\" \/>\n<meta property=\"article:published_time\" content=\"2009-06-15T19:16:38+00:00\" \/>\n<meta name=\"twitter:label1\" content=\"Written by\" \/>\n\t<meta name=\"twitter:data1\" content=\"ulqini\" \/>\n\t<meta name=\"twitter:label2\" content=\"Est. reading time\" \/>\n\t<meta name=\"twitter:data2\" content=\"8 minutes\" \/>\n<script type=\"application\/ld+json\" class=\"yoast-schema-graph\">{\"@context\":\"https:\/\/schema.org\",\"@graph\":[{\"@type\":\"WebSite\",\"@id\":\"https:\/\/www.visit-ulcinj.com\/blog\/#website\",\"url\":\"https:\/\/www.visit-ulcinj.com\/blog\/\",\"name\":\"Lajme nga Ulqini\",\"description\":\"Lajme,Vijesti,Ulqini,Ulqin,Crna Gora,Mali i Zi\",\"potentialAction\":[{\"@type\":\"SearchAction\",\"target\":{\"@type\":\"EntryPoint\",\"urlTemplate\":\"https:\/\/www.visit-ulcinj.com\/blog\/?s={search_term_string}\"},\"query-input\":\"required name=search_term_string\"}],\"inLanguage\":\"en-US\"},{\"@type\":\"WebPage\",\"@id\":\"https:\/\/www.visit-ulcinj.com\/blog\/2009\/06\/15\/monografi-e-periudhave-kohore-nga-gazmend-citaku\/#webpage\",\"url\":\"https:\/\/www.visit-ulcinj.com\/blog\/2009\/06\/15\/monografi-e-periudhave-kohore-nga-gazmend-citaku\/\",\"name\":\"Monografi e periudhave kohore nga Gazmend \u00c7itaku - Lajme nga Ulqini\",\"isPartOf\":{\"@id\":\"https:\/\/www.visit-ulcinj.com\/blog\/#website\"},\"datePublished\":\"2009-06-15T19:16:38+00:00\",\"dateModified\":\"2009-06-15T19:16:38+00:00\",\"author\":{\"@id\":\"https:\/\/www.visit-ulcinj.com\/blog\/#\/schema\/person\/dcab619c614d3038751c63bc2aadc06d\"},\"description\":\"Kur isha i ri kam sh\u00ebnuar nj\u00eb citat q\u00eb thoshte se t\u00eb jetosh me fotoalbum apo me monografi do t\u00eb thot\u00eb t\u00eb mos plakesh kurr\u00eb. Tashti q\u00eb po trokasim rreth\",\"breadcrumb\":{\"@id\":\"https:\/\/www.visit-ulcinj.com\/blog\/2009\/06\/15\/monografi-e-periudhave-kohore-nga-gazmend-citaku\/#breadcrumb\"},\"inLanguage\":\"en-US\",\"potentialAction\":[{\"@type\":\"ReadAction\",\"target\":[\"https:\/\/www.visit-ulcinj.com\/blog\/2009\/06\/15\/monografi-e-periudhave-kohore-nga-gazmend-citaku\/\"]}]},{\"@type\":\"BreadcrumbList\",\"@id\":\"https:\/\/www.visit-ulcinj.com\/blog\/2009\/06\/15\/monografi-e-periudhave-kohore-nga-gazmend-citaku\/#breadcrumb\",\"itemListElement\":[{\"@type\":\"ListItem\",\"position\":1,\"name\":\"Monografi e periudhave kohore nga Gazmend \u00c7itaku\"}]},{\"@type\":\"Person\",\"@id\":\"https:\/\/www.visit-ulcinj.com\/blog\/#\/schema\/person\/dcab619c614d3038751c63bc2aadc06d\",\"name\":\"ulqini\",\"sameAs\":[\"http:\/\/www.visit-ulcinj.com\"],\"url\":\"https:\/\/www.visit-ulcinj.com\/blog\/author\/admin\/\"}]}<\/script>\n<!-- \/ Yoast SEO plugin. -->","yoast_head_json":{"title":"Monografi e periudhave kohore nga Gazmend \u00c7itaku - Lajme nga Ulqini","description":"Kur isha i ri kam sh\u00ebnuar nj\u00eb citat q\u00eb thoshte se t\u00eb jetosh me fotoalbum apo me monografi do t\u00eb thot\u00eb t\u00eb mos plakesh kurr\u00eb. Tashti q\u00eb po trokasim rreth","robots":{"index":"index","follow":"follow","max-snippet":"max-snippet:-1","max-image-preview":"max-image-preview:large","max-video-preview":"max-video-preview:-1"},"canonical":"https:\/\/www.visit-ulcinj.com\/blog\/2009\/06\/15\/monografi-e-periudhave-kohore-nga-gazmend-citaku\/","og_locale":"en_US","og_type":"article","og_title":"Monografi e periudhave kohore nga Gazmend \u00c7itaku - Lajme nga Ulqini","og_description":"Kur isha i ri kam sh\u00ebnuar nj\u00eb citat q\u00eb thoshte se t\u00eb jetosh me fotoalbum apo me monografi do t\u00eb thot\u00eb t\u00eb mos plakesh kurr\u00eb. Tashti q\u00eb po trokasim rreth","og_url":"https:\/\/www.visit-ulcinj.com\/blog\/2009\/06\/15\/monografi-e-periudhave-kohore-nga-gazmend-citaku\/","og_site_name":"Lajme nga Ulqini","article_published_time":"2009-06-15T19:16:38+00:00","twitter_misc":{"Written by":"ulqini","Est. reading time":"8 minutes"},"schema":{"@context":"https:\/\/schema.org","@graph":[{"@type":"WebSite","@id":"https:\/\/www.visit-ulcinj.com\/blog\/#website","url":"https:\/\/www.visit-ulcinj.com\/blog\/","name":"Lajme nga Ulqini","description":"Lajme,Vijesti,Ulqini,Ulqin,Crna Gora,Mali i Zi","potentialAction":[{"@type":"SearchAction","target":{"@type":"EntryPoint","urlTemplate":"https:\/\/www.visit-ulcinj.com\/blog\/?s={search_term_string}"},"query-input":"required name=search_term_string"}],"inLanguage":"en-US"},{"@type":"WebPage","@id":"https:\/\/www.visit-ulcinj.com\/blog\/2009\/06\/15\/monografi-e-periudhave-kohore-nga-gazmend-citaku\/#webpage","url":"https:\/\/www.visit-ulcinj.com\/blog\/2009\/06\/15\/monografi-e-periudhave-kohore-nga-gazmend-citaku\/","name":"Monografi e periudhave kohore nga Gazmend \u00c7itaku - Lajme nga Ulqini","isPartOf":{"@id":"https:\/\/www.visit-ulcinj.com\/blog\/#website"},"datePublished":"2009-06-15T19:16:38+00:00","dateModified":"2009-06-15T19:16:38+00:00","author":{"@id":"https:\/\/www.visit-ulcinj.com\/blog\/#\/schema\/person\/dcab619c614d3038751c63bc2aadc06d"},"description":"Kur isha i ri kam sh\u00ebnuar nj\u00eb citat q\u00eb thoshte se t\u00eb jetosh me fotoalbum apo me monografi do t\u00eb thot\u00eb t\u00eb mos plakesh kurr\u00eb. Tashti q\u00eb po trokasim rreth","breadcrumb":{"@id":"https:\/\/www.visit-ulcinj.com\/blog\/2009\/06\/15\/monografi-e-periudhave-kohore-nga-gazmend-citaku\/#breadcrumb"},"inLanguage":"en-US","potentialAction":[{"@type":"ReadAction","target":["https:\/\/www.visit-ulcinj.com\/blog\/2009\/06\/15\/monografi-e-periudhave-kohore-nga-gazmend-citaku\/"]}]},{"@type":"BreadcrumbList","@id":"https:\/\/www.visit-ulcinj.com\/blog\/2009\/06\/15\/monografi-e-periudhave-kohore-nga-gazmend-citaku\/#breadcrumb","itemListElement":[{"@type":"ListItem","position":1,"name":"Monografi e periudhave kohore nga Gazmend \u00c7itaku"}]},{"@type":"Person","@id":"https:\/\/www.visit-ulcinj.com\/blog\/#\/schema\/person\/dcab619c614d3038751c63bc2aadc06d","name":"ulqini","sameAs":["http:\/\/www.visit-ulcinj.com"],"url":"https:\/\/www.visit-ulcinj.com\/blog\/author\/admin\/"}]}},"jetpack_featured_media_url":"","jetpack_sharing_enabled":true,"jetpack_shortlink":"https:\/\/wp.me\/pe6lTn-5Xj","_links":{"self":[{"href":"https:\/\/www.visit-ulcinj.com\/blog\/wp-json\/wp\/v2\/posts\/22897"}],"collection":[{"href":"https:\/\/www.visit-ulcinj.com\/blog\/wp-json\/wp\/v2\/posts"}],"about":[{"href":"https:\/\/www.visit-ulcinj.com\/blog\/wp-json\/wp\/v2\/types\/post"}],"author":[{"embeddable":true,"href":"https:\/\/www.visit-ulcinj.com\/blog\/wp-json\/wp\/v2\/users\/1"}],"replies":[{"embeddable":true,"href":"https:\/\/www.visit-ulcinj.com\/blog\/wp-json\/wp\/v2\/comments?post=22897"}],"version-history":[{"count":0,"href":"https:\/\/www.visit-ulcinj.com\/blog\/wp-json\/wp\/v2\/posts\/22897\/revisions"}],"wp:attachment":[{"href":"https:\/\/www.visit-ulcinj.com\/blog\/wp-json\/wp\/v2\/media?parent=22897"}],"wp:term":[{"taxonomy":"category","embeddable":true,"href":"https:\/\/www.visit-ulcinj.com\/blog\/wp-json\/wp\/v2\/categories?post=22897"},{"taxonomy":"post_tag","embeddable":true,"href":"https:\/\/www.visit-ulcinj.com\/blog\/wp-json\/wp\/v2\/tags?post=22897"}],"curies":[{"name":"wp","href":"https:\/\/api.w.org\/{rel}","templated":true}]}}