{"id":229,"date":"2008-01-21T13:43:48","date_gmt":"2008-01-21T18:43:48","guid":{"rendered":"http:\/\/www.visit-ulcinj.com\/blog\/2008\/01\/21\/qendrimi-i-bashkesive-joshqiptare-dhe-joserbe-ndaj-statusit-te-ardhshem-te-kosoves\/"},"modified":"2008-02-12T19:07:18","modified_gmt":"2008-02-13T00:07:18","slug":"qendrimi-i-bashkesive-joshqiptare-dhe-joserbe-ndaj-statusit-te-ardhshem-te-kosoves","status":"publish","type":"post","link":"https:\/\/www.visit-ulcinj.com\/blog\/2008\/01\/21\/qendrimi-i-bashkesive-joshqiptare-dhe-joserbe-ndaj-statusit-te-ardhshem-te-kosoves\/","title":{"rendered":"Q\u00ebndrimi i bashk\u00ebsive joshqiptare dhe joserbe ndaj statusit t\u00eb ardhsh\u00ebm t\u00eb Kosov\u00ebs"},"content":{"rendered":"<p><img loading=\"lazy\" src=\"http:\/\/www.kohajavore.cg.yu\/slike\/1200903284.jpg\" align=\"left\" height=\"160\" hspace=\"2\" vspace=\"2\" width=\"194\" \/><strong>Boshnjak\u00ebt, turqit dhe rom\u00ebt p\u00ebr pavar\u00ebsi<\/strong><br \/>\nRealiteti i situat\u00ebs kosovare pas luft\u00ebs k\u00ebtu \u00ebsht\u00eb faktori vendimtar p\u00ebr mosekzistimin e mendimit alternativ t\u00eb k\u00ebtyre pakicave lidhur me statusin e Kosov\u00ebs. K\u00ebt\u00eb p\u00ebrcaktim gjith\u00ebsesi duhet v\u00ebshtruar edhe n\u00eb kontekstin m\u00eb t\u00eb gjer\u00eb. Me k\u00ebt\u00eb rast, n\u00eb radh\u00eb t\u00eb par\u00eb duhet marr\u00eb parasysh d\u00ebshir\u00ebn e<!--more--> pjes\u00ebtar\u00ebve t\u00eb k\u00ebtyre popujve pakic\u00eb q\u00eb edhe tani e tutje t\u00eb mbesin p\u00ebr t\u00eb jetuar n\u00eb vatrat e tyre shekullore.<br \/>\nNuk ka dyshim se p\u00ebrfaq\u00ebsuesit e vjet\u00ebr \/ t\u00eb rinj t\u00eb boshnjak\u00ebve, si dhe t\u00eb turqve dhe rom\u00ebve n\u00eb Parlamentin e Kosov\u00ebs do t\u00eb mb\u00ebshtesin vendimin mbi shpalljen e pavar\u00ebsis\u00eb. Mbase, t\u00eb gjith\u00eb parametrat flasin n\u00eb favor t\u00eb k\u00ebtij pohimi. Nj\u00ebri nga k\u00ebta \u00ebsht\u00eb edhe fakti se n\u00eb fund t\u00eb procesit t\u00eb nd\u00ebrmjet\u00ebsimit t\u00eb Marti Ahtisarit, t\u00eb gjith\u00eb p\u00ebrfaq\u00ebsuesit e pakicave n\u00eb Parlamentin e Kosov\u00ebs (p\u00ebrpos dr. Numan Baliq, por jo nga motive antikosovare), votuan s\u00eb bashku me p\u00ebrfaq\u00ebsuesit shqiptar\u00eb p\u00ebr miratimin e k\u00ebtij plani. Nj\u00eb tregues tjet\u00ebr thelb\u00ebsor \u00ebsht\u00eb ai q\u00eb, p\u00ebrkrah q\u00ebndrimit t\u00eb sip\u00ebrp\u00ebrmendur t\u00eb p\u00ebrfaq\u00ebsuesve t\u00eb politik\u00ebs zyrtare, deri tani nuk \u00ebsht\u00eb regjistruar publikisht asnj\u00eb mendim tjet\u00ebrfare as n\u00eb sektorin joqeveritar, si dhe as n\u00eb qarqet intelektuale t\u00eb bashk\u00ebsive minoritare.<br \/>\nRealiteti i situat\u00ebs kosovare pas luft\u00ebs k\u00ebtu \u00ebsht\u00eb faktori vendimtar p\u00ebr mosekzistimin e mendimit alternativ t\u00eb k\u00ebtyre pakicave lidhur me statusin e Kosov\u00ebs. K\u00ebt\u00eb p\u00ebrcaktim gjith\u00ebsesi duhet v\u00ebshtruar edhe n\u00eb kontekstin m\u00eb t\u00eb gjer\u00eb. Me k\u00ebt\u00eb rast, n\u00eb radh\u00eb t\u00eb par\u00eb duhet marr\u00eb parasysh d\u00ebshir\u00ebn e pjes\u00ebtar\u00ebve t\u00eb k\u00ebtyre popujve pakic\u00eb q\u00eb edhe tani e tutje t\u00eb mbesin p\u00ebr t\u00eb jetuar n\u00eb vatrat e tyre shekullore. Nj\u00eb rol tjet\u00ebr t\u00eb r\u00ebnd\u00ebsish\u00ebm e luan shkalla e t\u00eb drejtave t\u00eb garantuara minoritare (dhe implementimi i tyre n\u00eb nj\u00ebfar\u00eb dore pas lufte) si dhe prezenca, respektivisht garancia e Bashk\u00ebsis\u00eb Nd\u00ebrkomb\u00ebtare p\u00ebr procesin e demokrtizimit t\u00eb Kosov\u00ebs.<br \/>\nN\u00eb k\u00ebt\u00eb kontekst \u00ebsht\u00eb me r\u00ebnd\u00ebsi t\u00eb theksohet se n\u00eb vitet e fundit \u00ebsht\u00eb evidente se n\u00eb nd\u00ebrgjegjen e elit\u00ebs politike n\u00eb Kosov\u00eb dhe t\u00eb shtresave m\u00eb t\u00eb gjera t\u00eb popullit shqiptar ka dep\u00ebrtuar ideja se ekzistenca e k\u00ebtyre popujve pakic\u00eb n\u00eb asnj\u00eb m\u00ebnyr\u00eb nuk i rrezikon interesat komb\u00ebtare t\u00eb shqiptar\u00ebve, por p\u00ebrkundrazi &#8211; se vet\u00ebm mund tzu sjell\u00eb dobi. Nuk duhet l\u00ebn\u00eb pas dore as kontekstin historik, p\u00ebrkat\u00ebsisht marr\u00ebdh\u00ebniet shum\u00ebshekullore dhe af\u00ebrsin\u00eb e k\u00ebtyre bashk\u00ebsive minoritare, n\u00eb radh\u00eb t\u00eb par\u00eb t\u00eb t\u00eb gjith\u00eb boshnjak\u00ebve dhe turqve me shqiptar\u00ebt, por edhe me rom\u00ebt nj\u00eb pjes\u00eb e madhe e t\u00eb cil\u00ebve e p\u00ebrdorin gjuh\u00ebn shqipe si gjuh\u00ebn e vet t\u00eb komunikimit dhe p\u00ebrkat\u00ebsin\u00eb e tyre t\u00eb p\u00ebrbashk\u00ebt &#8211; t\u00eb nj\u00ebjt\u00ebs tradit\u00eb fetare &#8211; asaj islame. Nga ana tjet\u00ebr, shikuar nga prizmi i historis\u00eb s\u00eb af\u00ebrt dhe t\u00eb larg\u00ebt, ka ekzistuar shpeshher\u00eb nj\u00eb armiq\u00ebsi e fuqishme e boshnjak\u00ebve dhe turqve ndaj projekteve nacionaliste &#8211; shtet\u00ebmadhe t\u00eb regjimeve serbe, pasojat e t\u00eb cilave kan\u00eb qen\u00eb fatale p\u00ebr k\u00ebta popuj n\u00eb Ballkan, sidomos p\u00ebr at\u00eb boshnjak.<br \/>\nN\u00eb k\u00ebt\u00eb drjtim parashtrohet edhe pyetja se sa ka qen\u00eb n\u00eb realitet i sinqert\u00eb angazhimi i p\u00ebrfaq\u00ebsuesve serb\u00eb gjat\u00eb t\u00ebr\u00eb k\u00ebtyre viteve rreth mbrojtjes s\u00eb t\u00eb drejtave t\u00eb &#8220;bashk\u00ebsive joserbe dhe joshqiptare&#8221;, t\u00eb cilin shpeshher\u00eb e kan\u00eb p\u00ebrs\u00ebritur si fraz\u00eb me rastin e theksimit t\u00eb &#8220;shkeljes s\u00eb t\u00eb drejtave t\u00eb serb\u00ebve dhe t\u00eb joshqiptar\u00ebve n\u00eb Kosov\u00eb&#8221;? Ta l\u00ebm\u00eb m\u00ebnjan\u00eb at\u00eb q\u00eb pohimet e gjith\u00ebpranishme edhe nga inteligjenca e shumt\u00eb dhe nga disa politikan\u00eb nga radh\u00ebt e popullit serb) se edhe vet\u00eb serb\u00ebt n\u00eb Kosov\u00eb kan\u00eb qen\u00eb t\u00eb instrumentalizuar nga ana e autoriteteve serbe p\u00ebr q\u00ebllimet e tyre shtet\u00ebrore.<br \/>\nZ\u00ebra t\u00eb tilla, ndon\u00ebse m\u00eb rrall\u00eb, mund t\u00eb d\u00ebgjohen edhe nga vet\u00eb pjes\u00ebtar\u00ebt e popullat\u00ebs serbe n\u00eb Kosov\u00eb.<br \/>\nSi shembull i posa\u00e7\u00ebm i mossinqeritetit t\u00eb politik\u00ebs s\u00eb Qeveris\u00eb s\u00eb Beogradit ndaj pakicave n\u00eb Kosov\u00eb mund t\u00eb theksohet rasti nga bisedimet p\u00ebrfundimtare rreth planit t\u00eb Marti Ahtisarit. Me at\u00eb rast, sipas th\u00ebnieve t\u00eb p\u00ebrfaq\u00ebsuesve t\u00eb pakicave n\u00eb k\u00ebto sesione, delegacioni i Beogradit shprehu kund\u00ebrshtimin p\u00ebr faktin q\u00eb gjuha boshnjake dhe ajo turke jan\u00eb parashikuar p\u00ebr p\u00ebrdorim zyrtar n\u00eb ato komuna kosovare ku jetojn\u00eb pjes\u00ebtar\u00ebt e k\u00ebtyre popujve minoritar\u00eb!<br \/>\nE \u00e7far\u00eb t\u00eb thuhet at\u00ebher\u00eb p\u00ebr vazhdimin e manipulimit nga ana e qeveris\u00eb serbe t\u00eb pjes\u00ebatar\u00ebve t\u00eb popullit boshnjak n\u00eb Gor\u00eb t\u00eb cil\u00ebt regjimi i Millosheviqit, pavar\u00ebsisht nga p\u00ebrcaktimi i tyre nacional n\u00eb regjistrimet e popullsis\u00eb i shpalli goran\u00eb. Ky manipulim edhe tani e tutje mb\u00ebshtetet financiarisht nga ana e autoriteteve serbe. Paradigma e k\u00ebtij manipulimi \u00ebsht\u00eb rr\u00ebnimi i m\u00ebsimit n\u00eb gjuh\u00ebn\u00eb boshnjake dhe transformimi i tij n\u00eb gjuh\u00ebn serbe n\u00eb fshatrat e Gor\u00ebs n\u00eb komun\u00ebn e Dragashit, q\u00eb \u00ebsht\u00eb b\u00ebr\u00eb me mb\u00ebshtetjen e madhe materiale t\u00eb Beogradit. T\u00eb gjitha k\u00ebto aksione jan\u00eb b\u00ebr\u00eb krahas rolit &#8220;v\u00ebzhgues&#8221; si nga pushteti aktual n\u00eb Kosov\u00eb ashtu edhe nga p\u00ebrfaq\u00ebsuesit boshnjak\u00eb nga Gora, q\u00eb kan\u00eb pasur p\u00ebr pasoj\u00eb ndarjen e boshnjak\u00ebve t\u00eb Gor\u00ebs, bllokimin e proceseve pozitive n\u00eb radh\u00ebt e popullat\u00ebs s\u00eb atjeshme, por edhe nd\u00ebr boshnjak\u00ebt e Kosov\u00ebs, numri i t\u00eb cil\u00ebve \u00ebsht\u00eb zvog\u00ebluar mjaft n\u00eb prag dhe menj\u00ebher\u00eb pas luft\u00ebs n\u00eb Kosov\u00eb.<br \/>\nK\u00ebto probleme t\u00eb num\u00ebruara dhe t\u00eb gjitha problemet e tjera kolektive t\u00eb boshnjak\u00ebve dhe t\u00eb pakicave t\u00eb tjera, si dhe vet\u00eb \u00e7\u00ebshtja e ardhm\u00ebris\u00eb s\u00eb tyre n\u00eb Kosov\u00eb, gjith\u00ebsesi lidhen me statusin e saj t\u00eb ardhsh\u00ebm.<br \/>\nSipas t\u00eb gjitha gjasave, do t\u00eb vij\u00eb deri te shpallja e pavar\u00ebsis\u00eb s\u00eb Kosov\u00ebs dhe te nj\u00eb situat\u00eb e re politiko-juridike, e ndoshta edhe deri te kriza. Nga vet\u00eb ky fakt hapen edhe \u00e7\u00ebshtje t\u00eb reja, e bashk\u00eb me to edhe droje t\u00eb reja, por do t\u00eb ushqehen edhe shpresat e t\u00eb ashtuquajturave bashk\u00ebsi joshqiptare dhe joserbe n\u00eb Kosov\u00eb. Me gjith\u00eb ndjenjat e p\u00ebrziera, askush as nga bota zyrtare, e sipas t\u00eb gjitha gjasave as nga bota e zakonshme n\u00eb radh\u00ebt e popujve pakic\u00eb, gjykuar n\u00eb baz\u00eb t\u00eb disponimit t\u00eb gjer\u00eb n\u00eb kontaktet e p\u00ebrditshme, nuk e kund\u00ebrshton t\u00eb drejt\u00ebn e popullsis\u00eb shqipare q\u00eb p\u00ebrb\u00ebn n\u00ebnt\u00ebdhjet\u00eb p\u00ebrqind\u00ebshin e popullat\u00ebs n\u00eb Kosov\u00eb q\u00eb p\u00ebrfundimisht ta realizoj\u00eb \u00ebndrr\u00ebn e vet\u00eb shum\u00ebshekullore p\u00ebr pavar\u00ebsi.<br \/>\nSido q\u00eb t\u00eb jet\u00eb, \u00ebsht\u00eb e pakontestueshme se pasiguria q\u00eb \u00ebsht\u00eb duke zgjatur vite me radh\u00eb reflektohet negativisht n\u00eb t\u00eb gjith\u00eb banor\u00ebt e Kosov\u00ebs. Dhe, n\u00ebse ekziston di\u00e7ka q\u00eb i bashkon t\u00eb gjith\u00eb s\u00eb bashku &#8211; kjo \u00ebsht\u00eb d\u00ebshira q\u00eb p\u00ebrfundimisht ta din\u00eb statusin e Kosov\u00ebs dhe bashk\u00eb me t\u00eb pozit\u00ebn e vet n\u00eb t\u00eb q\u00eb m\u00eb n\u00eb fund t\u00eb mund tzu kthehen edhe t\u00eb gjitha \u00e7\u00ebshtjeve t\u00eb tjera ekzistenciale dhe jetike dhe t\u00eb ardhmes e cila p\u00ebr t\u00eb gjith\u00eb n\u00eb Kosov\u00eb duhet t\u00eb jet\u00eb m\u00eb e favorshme n\u00eb krahasim me ngjarjet n\u00eb dekadat e kaluara.<br \/>\n<strong>Qerim Bajrami<\/strong><br \/>\nAutori \u00ebsht\u00eb publicist nga Prizreni dhe kryetar i Shoqat\u00ebs &#8211; Informative t\u00eb Boshnjak\u00ebve t\u00eb Kosov\u00ebs &#8220;Selam&#8221;<\/p>\n","protected":false},"excerpt":{"rendered":"<p><img loading=\"lazy\" src=\"http:\/\/www.kohajavore.cg.yu\/slike\/1200903284.jpg\" height=\"140\" width=\"190\" \/><\/p>\n","protected":false},"author":1,"featured_media":0,"comment_status":"open","ping_status":"closed","sticky":false,"template":"","format":"standard","meta":{"spay_email":"","jetpack_publicize_message":"","jetpack_is_tweetstorm":false,"jetpack_publicize_feature_enabled":true},"categories":[8],"tags":[],"jetpack_publicize_connections":[],"yoast_head":"<!-- This site is optimized with the Yoast SEO plugin v19.1 - https:\/\/yoast.com\/wordpress\/plugins\/seo\/ -->\n<title>Q\u00ebndrimi i bashk\u00ebsive joshqiptare dhe joserbe ndaj statusit t\u00eb ardhsh\u00ebm t\u00eb Kosov\u00ebs - Lajme nga Ulqini<\/title>\n<meta name=\"robots\" content=\"index, follow, max-snippet:-1, max-image-preview:large, max-video-preview:-1\" \/>\n<link rel=\"canonical\" href=\"https:\/\/www.visit-ulcinj.com\/blog\/2008\/01\/21\/qendrimi-i-bashkesive-joshqiptare-dhe-joserbe-ndaj-statusit-te-ardhshem-te-kosoves\/\" \/>\n<meta property=\"og:locale\" content=\"en_US\" \/>\n<meta property=\"og:type\" content=\"article\" \/>\n<meta property=\"og:title\" content=\"Q\u00ebndrimi i bashk\u00ebsive joshqiptare dhe joserbe ndaj statusit t\u00eb ardhsh\u00ebm t\u00eb Kosov\u00ebs - Lajme nga Ulqini\" \/>\n<meta property=\"og:url\" content=\"https:\/\/www.visit-ulcinj.com\/blog\/2008\/01\/21\/qendrimi-i-bashkesive-joshqiptare-dhe-joserbe-ndaj-statusit-te-ardhshem-te-kosoves\/\" \/>\n<meta property=\"og:site_name\" content=\"Lajme nga Ulqini\" \/>\n<meta property=\"article:published_time\" content=\"2008-01-21T18:43:48+00:00\" \/>\n<meta property=\"article:modified_time\" content=\"2008-02-13T00:07:18+00:00\" \/>\n<meta property=\"og:image\" content=\"http:\/\/www.kohajavore.cg.yu\/slike\/1200903284.jpg\" \/>\n<meta name=\"twitter:label1\" content=\"Written by\" \/>\n\t<meta name=\"twitter:data1\" content=\"ulqini\" \/>\n\t<meta name=\"twitter:label2\" content=\"Est. reading time\" \/>\n\t<meta name=\"twitter:data2\" content=\"7 minutes\" \/>\n<script type=\"application\/ld+json\" class=\"yoast-schema-graph\">{\"@context\":\"https:\/\/schema.org\",\"@graph\":[{\"@type\":\"WebSite\",\"@id\":\"https:\/\/www.visit-ulcinj.com\/blog\/#website\",\"url\":\"https:\/\/www.visit-ulcinj.com\/blog\/\",\"name\":\"Lajme nga Ulqini\",\"description\":\"Lajme,Vijesti,Ulqini,Ulqin,Crna Gora,Mali i Zi\",\"potentialAction\":[{\"@type\":\"SearchAction\",\"target\":{\"@type\":\"EntryPoint\",\"urlTemplate\":\"https:\/\/www.visit-ulcinj.com\/blog\/?s={search_term_string}\"},\"query-input\":\"required name=search_term_string\"}],\"inLanguage\":\"en-US\"},{\"@type\":\"ImageObject\",\"inLanguage\":\"en-US\",\"@id\":\"https:\/\/www.visit-ulcinj.com\/blog\/2008\/01\/21\/qendrimi-i-bashkesive-joshqiptare-dhe-joserbe-ndaj-statusit-te-ardhshem-te-kosoves\/#primaryimage\",\"url\":\"http:\/\/www.kohajavore.cg.yu\/slike\/1200903284.jpg\",\"contentUrl\":\"http:\/\/www.kohajavore.cg.yu\/slike\/1200903284.jpg\"},{\"@type\":\"WebPage\",\"@id\":\"https:\/\/www.visit-ulcinj.com\/blog\/2008\/01\/21\/qendrimi-i-bashkesive-joshqiptare-dhe-joserbe-ndaj-statusit-te-ardhshem-te-kosoves\/#webpage\",\"url\":\"https:\/\/www.visit-ulcinj.com\/blog\/2008\/01\/21\/qendrimi-i-bashkesive-joshqiptare-dhe-joserbe-ndaj-statusit-te-ardhshem-te-kosoves\/\",\"name\":\"Q\u00ebndrimi i bashk\u00ebsive joshqiptare dhe joserbe ndaj statusit t\u00eb ardhsh\u00ebm t\u00eb Kosov\u00ebs - Lajme nga Ulqini\",\"isPartOf\":{\"@id\":\"https:\/\/www.visit-ulcinj.com\/blog\/#website\"},\"primaryImageOfPage\":{\"@id\":\"https:\/\/www.visit-ulcinj.com\/blog\/2008\/01\/21\/qendrimi-i-bashkesive-joshqiptare-dhe-joserbe-ndaj-statusit-te-ardhshem-te-kosoves\/#primaryimage\"},\"datePublished\":\"2008-01-21T18:43:48+00:00\",\"dateModified\":\"2008-02-13T00:07:18+00:00\",\"author\":{\"@id\":\"https:\/\/www.visit-ulcinj.com\/blog\/#\/schema\/person\/dcab619c614d3038751c63bc2aadc06d\"},\"breadcrumb\":{\"@id\":\"https:\/\/www.visit-ulcinj.com\/blog\/2008\/01\/21\/qendrimi-i-bashkesive-joshqiptare-dhe-joserbe-ndaj-statusit-te-ardhshem-te-kosoves\/#breadcrumb\"},\"inLanguage\":\"en-US\",\"potentialAction\":[{\"@type\":\"ReadAction\",\"target\":[\"https:\/\/www.visit-ulcinj.com\/blog\/2008\/01\/21\/qendrimi-i-bashkesive-joshqiptare-dhe-joserbe-ndaj-statusit-te-ardhshem-te-kosoves\/\"]}]},{\"@type\":\"BreadcrumbList\",\"@id\":\"https:\/\/www.visit-ulcinj.com\/blog\/2008\/01\/21\/qendrimi-i-bashkesive-joshqiptare-dhe-joserbe-ndaj-statusit-te-ardhshem-te-kosoves\/#breadcrumb\",\"itemListElement\":[{\"@type\":\"ListItem\",\"position\":1,\"name\":\"Q\u00ebndrimi i bashk\u00ebsive joshqiptare dhe joserbe ndaj statusit t\u00eb ardhsh\u00ebm t\u00eb Kosov\u00ebs\"}]},{\"@type\":\"Person\",\"@id\":\"https:\/\/www.visit-ulcinj.com\/blog\/#\/schema\/person\/dcab619c614d3038751c63bc2aadc06d\",\"name\":\"ulqini\",\"sameAs\":[\"http:\/\/www.visit-ulcinj.com\"],\"url\":\"https:\/\/www.visit-ulcinj.com\/blog\/author\/admin\/\"}]}<\/script>\n<!-- \/ Yoast SEO plugin. -->","yoast_head_json":{"title":"Q\u00ebndrimi i bashk\u00ebsive joshqiptare dhe joserbe ndaj statusit t\u00eb ardhsh\u00ebm t\u00eb Kosov\u00ebs - Lajme nga Ulqini","robots":{"index":"index","follow":"follow","max-snippet":"max-snippet:-1","max-image-preview":"max-image-preview:large","max-video-preview":"max-video-preview:-1"},"canonical":"https:\/\/www.visit-ulcinj.com\/blog\/2008\/01\/21\/qendrimi-i-bashkesive-joshqiptare-dhe-joserbe-ndaj-statusit-te-ardhshem-te-kosoves\/","og_locale":"en_US","og_type":"article","og_title":"Q\u00ebndrimi i bashk\u00ebsive joshqiptare dhe joserbe ndaj statusit t\u00eb ardhsh\u00ebm t\u00eb Kosov\u00ebs - Lajme nga Ulqini","og_url":"https:\/\/www.visit-ulcinj.com\/blog\/2008\/01\/21\/qendrimi-i-bashkesive-joshqiptare-dhe-joserbe-ndaj-statusit-te-ardhshem-te-kosoves\/","og_site_name":"Lajme nga Ulqini","article_published_time":"2008-01-21T18:43:48+00:00","article_modified_time":"2008-02-13T00:07:18+00:00","og_image":[{"url":"http:\/\/www.kohajavore.cg.yu\/slike\/1200903284.jpg"}],"twitter_misc":{"Written by":"ulqini","Est. reading time":"7 minutes"},"schema":{"@context":"https:\/\/schema.org","@graph":[{"@type":"WebSite","@id":"https:\/\/www.visit-ulcinj.com\/blog\/#website","url":"https:\/\/www.visit-ulcinj.com\/blog\/","name":"Lajme nga Ulqini","description":"Lajme,Vijesti,Ulqini,Ulqin,Crna Gora,Mali i Zi","potentialAction":[{"@type":"SearchAction","target":{"@type":"EntryPoint","urlTemplate":"https:\/\/www.visit-ulcinj.com\/blog\/?s={search_term_string}"},"query-input":"required name=search_term_string"}],"inLanguage":"en-US"},{"@type":"ImageObject","inLanguage":"en-US","@id":"https:\/\/www.visit-ulcinj.com\/blog\/2008\/01\/21\/qendrimi-i-bashkesive-joshqiptare-dhe-joserbe-ndaj-statusit-te-ardhshem-te-kosoves\/#primaryimage","url":"http:\/\/www.kohajavore.cg.yu\/slike\/1200903284.jpg","contentUrl":"http:\/\/www.kohajavore.cg.yu\/slike\/1200903284.jpg"},{"@type":"WebPage","@id":"https:\/\/www.visit-ulcinj.com\/blog\/2008\/01\/21\/qendrimi-i-bashkesive-joshqiptare-dhe-joserbe-ndaj-statusit-te-ardhshem-te-kosoves\/#webpage","url":"https:\/\/www.visit-ulcinj.com\/blog\/2008\/01\/21\/qendrimi-i-bashkesive-joshqiptare-dhe-joserbe-ndaj-statusit-te-ardhshem-te-kosoves\/","name":"Q\u00ebndrimi i bashk\u00ebsive joshqiptare dhe joserbe ndaj statusit t\u00eb ardhsh\u00ebm t\u00eb Kosov\u00ebs - Lajme nga Ulqini","isPartOf":{"@id":"https:\/\/www.visit-ulcinj.com\/blog\/#website"},"primaryImageOfPage":{"@id":"https:\/\/www.visit-ulcinj.com\/blog\/2008\/01\/21\/qendrimi-i-bashkesive-joshqiptare-dhe-joserbe-ndaj-statusit-te-ardhshem-te-kosoves\/#primaryimage"},"datePublished":"2008-01-21T18:43:48+00:00","dateModified":"2008-02-13T00:07:18+00:00","author":{"@id":"https:\/\/www.visit-ulcinj.com\/blog\/#\/schema\/person\/dcab619c614d3038751c63bc2aadc06d"},"breadcrumb":{"@id":"https:\/\/www.visit-ulcinj.com\/blog\/2008\/01\/21\/qendrimi-i-bashkesive-joshqiptare-dhe-joserbe-ndaj-statusit-te-ardhshem-te-kosoves\/#breadcrumb"},"inLanguage":"en-US","potentialAction":[{"@type":"ReadAction","target":["https:\/\/www.visit-ulcinj.com\/blog\/2008\/01\/21\/qendrimi-i-bashkesive-joshqiptare-dhe-joserbe-ndaj-statusit-te-ardhshem-te-kosoves\/"]}]},{"@type":"BreadcrumbList","@id":"https:\/\/www.visit-ulcinj.com\/blog\/2008\/01\/21\/qendrimi-i-bashkesive-joshqiptare-dhe-joserbe-ndaj-statusit-te-ardhshem-te-kosoves\/#breadcrumb","itemListElement":[{"@type":"ListItem","position":1,"name":"Q\u00ebndrimi i bashk\u00ebsive joshqiptare dhe joserbe ndaj statusit t\u00eb ardhsh\u00ebm t\u00eb Kosov\u00ebs"}]},{"@type":"Person","@id":"https:\/\/www.visit-ulcinj.com\/blog\/#\/schema\/person\/dcab619c614d3038751c63bc2aadc06d","name":"ulqini","sameAs":["http:\/\/www.visit-ulcinj.com"],"url":"https:\/\/www.visit-ulcinj.com\/blog\/author\/admin\/"}]}},"jetpack_featured_media_url":"","jetpack_sharing_enabled":true,"jetpack_shortlink":"https:\/\/wp.me\/pe6lTn-3H","_links":{"self":[{"href":"https:\/\/www.visit-ulcinj.com\/blog\/wp-json\/wp\/v2\/posts\/229"}],"collection":[{"href":"https:\/\/www.visit-ulcinj.com\/blog\/wp-json\/wp\/v2\/posts"}],"about":[{"href":"https:\/\/www.visit-ulcinj.com\/blog\/wp-json\/wp\/v2\/types\/post"}],"author":[{"embeddable":true,"href":"https:\/\/www.visit-ulcinj.com\/blog\/wp-json\/wp\/v2\/users\/1"}],"replies":[{"embeddable":true,"href":"https:\/\/www.visit-ulcinj.com\/blog\/wp-json\/wp\/v2\/comments?post=229"}],"version-history":[{"count":0,"href":"https:\/\/www.visit-ulcinj.com\/blog\/wp-json\/wp\/v2\/posts\/229\/revisions"}],"wp:attachment":[{"href":"https:\/\/www.visit-ulcinj.com\/blog\/wp-json\/wp\/v2\/media?parent=229"}],"wp:term":[{"taxonomy":"category","embeddable":true,"href":"https:\/\/www.visit-ulcinj.com\/blog\/wp-json\/wp\/v2\/categories?post=229"},{"taxonomy":"post_tag","embeddable":true,"href":"https:\/\/www.visit-ulcinj.com\/blog\/wp-json\/wp\/v2\/tags?post=229"}],"curies":[{"name":"wp","href":"https:\/\/api.w.org\/{rel}","templated":true}]}}