{"id":22901,"date":"2009-06-15T21:31:02","date_gmt":"2009-06-15T19:31:02","guid":{"rendered":"http:\/\/www.visit-ulcinj.com\/blog\/?p=22901"},"modified":"2009-06-15T21:31:02","modified_gmt":"2009-06-15T19:31:02","slug":"dritan-maraj-fiton-cmimin-special-%e2%80%9cinva-mula%e2%80%9d","status":"publish","type":"post","link":"https:\/\/www.visit-ulcinj.com\/blog\/2009\/06\/15\/dritan-maraj-fiton-cmimin-special-%e2%80%9cinva-mula%e2%80%9d\/","title":{"rendered":"Dritan Maraj fiton \u00c7mimin Special \u201cInva Mula\u201d"},"content":{"rendered":"<p><a href=\"http:\/\/www.visit-ulcinj.com\/blog\/wp-content\/uploads\/2009\/06\/Dritan-Maraj_ulqin.jpg\"><img loading=\"lazy\" class=\"alignleft size-full wp-image-22902\" title=\"Dritan Maraj_ulqin\" src=\"http:\/\/www.visit-ulcinj.com\/blog\/wp-content\/uploads\/2009\/06\/Dritan-Maraj_ulqin.jpg\" alt=\"Dritan Maraj_ulqin\" width=\"319\" height=\"331\" \/><\/a>\u201cKy \u00e7mim ka qen\u00eb objektivi im pasi q\u00eb \u00ebsht\u00eb \u00e7mimi m\u00eb i lart\u00eb n\u00eb mbar\u00eb trevat shqiptare p\u00ebr aft\u00ebsit\u00eb vokale\u201d, thot\u00eb Dritani.<br \/>\nSe Ulqini ka talent\u00eb p\u00ebr muzik\u00eb e ka d\u00ebshmuar edhe nj\u00eb her\u00eb Dritan Maraj. Ai ka fituar \u00c7mimin Special p\u00ebr interpretim \u201cInva Mula\u201d si dhe \u00c7mimin e Dyt\u00eb p\u00ebr kompozim si k\u00ebnga m\u00eb e mir\u00eb n\u00eb Festivalin e 47-t\u00eb Mbar\u00ebkomb\u00ebtar t\u00eb K\u00ebng\u00ebs p\u00ebr F\u00ebmij\u00eb \u2013 Shkod\u00ebr 2009, t\u00eb mbajtur nga data 4-6 qershor.<br \/>\nAi \u00ebsht\u00eb prezantuar n\u00eb k\u00ebt\u00eb festival me k\u00ebng\u00ebn \u201cDitari\u201d, me autor Suela Tukaj, nd\u00ebrsa t\u00eb komponuar dhe orkestruar nga Jetmir Mehmeti.<br \/>\nVet\u00eb Dritani sqaron se kemi t\u00eb b\u00ebjm\u00eb me nj\u00eb k\u00ebng\u00eb t\u00eb zhanrit t\u00eb leht\u00eb, \u201cpor shum\u00eb t\u00eb v\u00ebshtir\u00eb p\u00ebr t\u2019u interpretuar sepse \u00ebsht\u00eb dashur t\u00eb interpretohet me ndjenja pasi q\u00eb flet p\u00ebr dashurin\u00eb ndaj gjyshes\u201d.<br \/>\nNd\u00ebrsa sa i p\u00ebrket \u00e7mimit, ai thot\u00eb:<br \/>\n\u201cKy \u00e7mim ka qen\u00eb objektivi im pasi q\u00eb \u00ebsht\u00eb \u00e7mimi m\u00eb i lart\u00eb n\u00eb mbar\u00eb trevat shqiptare p\u00ebr aft\u00ebsit\u00eb vokale\u201d.<br \/>\nDritani \u00ebsht\u00eb nx\u00ebn\u00ebs i klas\u00ebs s\u00eb pest\u00eb n\u00eb Shkoll\u00ebn e Ul\u00ebt t\u00eb Muzik\u00ebs dhe nx\u00ebn\u00ebs i klas\u00ebs s\u00eb gjasht\u00eb n\u00eb Shkoll\u00ebn fillore \u201cMareshali Tito\u201d n\u00eb Ulqin.<br \/>\nAi \u00ebsht\u00eb fitues i shum\u00eb \u00e7mimeve n\u00eb fush\u00ebn e muzik\u00ebs. K\u00ebshtu vitin e kaluar ka fituar \u00c7mimin e Par\u00eb p\u00ebr interpretim n\u00eb Festivalin e Tret\u00eb t\u00eb K\u00ebng\u00ebs p\u00ebr F\u00ebmij\u00eb n\u00eb Ulqin, kurse n\u00eb Festivalin e 46-t\u00eb Mbar\u00ebkomb\u00ebtar t\u00eb K\u00ebng\u00ebs p\u00ebr F\u00ebmij\u00eb n\u00eb Shkod\u00ebr ka fituar \u00c7mimin e Tret\u00eb p\u00ebr interpretim.<br \/>\nP\u00ebrve\u00e7 k\u00ebng\u00ebs ai luan n\u00eb kitar\u00eb ku ka fituar disa \u00e7mime deri tani, n\u00eb mesin e t\u00eb cil\u00ebve lira t\u00eb bronzta n\u00eb Festivalin Muzikor t\u00eb t\u00eb Rinjve t\u00eb Malit t\u00eb Zi, t\u00eb mbajtur n\u00eb Kotorr dhe Herceg Novi.<br \/>\nSukseset e tij i dedikohen kompozitorit tashm\u00eb t\u00eb ndjer\u00eb Fiqiri Hasanaga i cili ka merit\u00ebn dhe kontributin m\u00eb t\u00eb madh p\u00ebr formimin e tij.<br \/>\nVendi i par\u00eb n\u00eb Festivalin e 47-t\u00eb Mbar\u00ebkomb\u00ebtar t\u00eb K\u00ebng\u00ebs p\u00ebr F\u00ebmij\u00eb i ka takuar k\u00ebng\u00ebtares dhjet\u00ebvje\u00e7are nga Durr\u00ebsi, Aurora Kapo. N\u00eb Festival kan\u00eb marr\u00eb pjes\u00eb 24 k\u00ebng\u00ebtar\u00eb t\u00eb rinj nga Shqip\u00ebria, Kosova, Mali i Zi dhe Maqedonia, nd\u00ebrsa Dritani ka qen\u00eb i vetmi q\u00eb ka p\u00ebrfaq\u00ebsuar shqiptar\u00ebt n\u00eb Mal t\u00eb Zi n\u00eb k\u00ebt\u00eb festival.<\/p>\n<p><strong>I.Kallaba<br \/>\nKoha Javore<\/strong><\/p>\n","protected":false},"excerpt":{"rendered":"<p>\u201cKy \u00e7mim ka qen\u00eb objektivi im pasi q\u00eb \u00ebsht\u00eb \u00e7mimi m\u00eb i lart\u00eb n\u00eb mbar\u00eb trevat shqiptare p\u00ebr aft\u00ebsit\u00eb vokale\u201d, thot\u00eb Dritani. Se Ulqini ka talent\u00eb p\u00ebr muzik\u00eb e ka d\u00ebshmuar edhe nj\u00eb her\u00eb Dritan Maraj. Ai ka fituar \u00c7mimin Special p\u00ebr interpretim \u201cInva Mula\u201d si dhe \u00c7mimin e Dyt\u00eb p\u00ebr kompozim si k\u00ebnga m\u00eb [&hellip;]<\/p>\n","protected":false},"author":1,"featured_media":0,"comment_status":"open","ping_status":"closed","sticky":false,"template":"","format":"standard","meta":{"spay_email":"","jetpack_publicize_message":"","jetpack_is_tweetstorm":false,"jetpack_publicize_feature_enabled":true},"categories":[5],"tags":[11217,11216,7415,49,95,2754,11218,354,200],"jetpack_publicize_connections":[],"yoast_head":"<!-- This site is optimized with the Yoast SEO plugin v19.1 - https:\/\/yoast.com\/wordpress\/plugins\/seo\/ -->\n<title>Dritan Maraj fiton \u00c7mimin Special \u201cInva Mula\u201d - Lajme nga Ulqini<\/title>\n<meta name=\"description\" content=\"\u201cKy \u00e7mim ka qen\u00eb objektivi im pasi q\u00eb \u00ebsht\u00eb \u00e7mimi m\u00eb i lart\u00eb n\u00eb mbar\u00eb trevat shqiptare p\u00ebr aft\u00ebsit\u00eb vokale\u201d, thot\u00eb Dritani. Se Ulqini ka talent\u00eb p\u00ebr\" \/>\n<meta name=\"robots\" content=\"index, follow, max-snippet:-1, max-image-preview:large, max-video-preview:-1\" \/>\n<link rel=\"canonical\" href=\"https:\/\/www.visit-ulcinj.com\/blog\/2009\/06\/15\/dritan-maraj-fiton-cmimin-special-\u201cinva-mula\u201d\/\" \/>\n<meta property=\"og:locale\" content=\"en_US\" \/>\n<meta property=\"og:type\" content=\"article\" \/>\n<meta property=\"og:title\" content=\"Dritan Maraj fiton \u00c7mimin Special \u201cInva Mula\u201d - Lajme nga Ulqini\" \/>\n<meta property=\"og:description\" content=\"\u201cKy \u00e7mim ka qen\u00eb objektivi im pasi q\u00eb \u00ebsht\u00eb \u00e7mimi m\u00eb i lart\u00eb n\u00eb mbar\u00eb trevat shqiptare p\u00ebr aft\u00ebsit\u00eb vokale\u201d, thot\u00eb Dritani. Se Ulqini ka talent\u00eb p\u00ebr\" \/>\n<meta property=\"og:url\" content=\"https:\/\/www.visit-ulcinj.com\/blog\/2009\/06\/15\/dritan-maraj-fiton-cmimin-special-\u201cinva-mula\u201d\/\" \/>\n<meta property=\"og:site_name\" content=\"Lajme nga Ulqini\" \/>\n<meta property=\"article:published_time\" content=\"2009-06-15T19:31:02+00:00\" \/>\n<meta property=\"og:image\" content=\"http:\/\/www.visit-ulcinj.com\/blog\/wp-content\/uploads\/2009\/06\/Dritan-Maraj_ulqin.jpg\" \/>\n<meta name=\"twitter:label1\" content=\"Written by\" \/>\n\t<meta name=\"twitter:data1\" content=\"ulqini\" \/>\n\t<meta name=\"twitter:label2\" content=\"Est. reading time\" \/>\n\t<meta name=\"twitter:data2\" content=\"2 minutes\" \/>\n<script type=\"application\/ld+json\" class=\"yoast-schema-graph\">{\"@context\":\"https:\/\/schema.org\",\"@graph\":[{\"@type\":\"WebSite\",\"@id\":\"https:\/\/www.visit-ulcinj.com\/blog\/#website\",\"url\":\"https:\/\/www.visit-ulcinj.com\/blog\/\",\"name\":\"Lajme nga Ulqini\",\"description\":\"Lajme,Vijesti,Ulqini,Ulqin,Crna Gora,Mali i Zi\",\"potentialAction\":[{\"@type\":\"SearchAction\",\"target\":{\"@type\":\"EntryPoint\",\"urlTemplate\":\"https:\/\/www.visit-ulcinj.com\/blog\/?s={search_term_string}\"},\"query-input\":\"required name=search_term_string\"}],\"inLanguage\":\"en-US\"},{\"@type\":\"ImageObject\",\"inLanguage\":\"en-US\",\"@id\":\"https:\/\/www.visit-ulcinj.com\/blog\/2009\/06\/15\/dritan-maraj-fiton-cmimin-special-%e2%80%9cinva-mula%e2%80%9d\/#primaryimage\",\"url\":\"https:\/\/www.visit-ulcinj.com\/blog\/wp-content\/uploads\/2009\/06\/Dritan-Maraj_ulqin.jpg\",\"contentUrl\":\"https:\/\/www.visit-ulcinj.com\/blog\/wp-content\/uploads\/2009\/06\/Dritan-Maraj_ulqin.jpg\",\"width\":\"290\",\"height\":\"300\"},{\"@type\":\"WebPage\",\"@id\":\"https:\/\/www.visit-ulcinj.com\/blog\/2009\/06\/15\/dritan-maraj-fiton-cmimin-special-%e2%80%9cinva-mula%e2%80%9d\/#webpage\",\"url\":\"https:\/\/www.visit-ulcinj.com\/blog\/2009\/06\/15\/dritan-maraj-fiton-cmimin-special-%e2%80%9cinva-mula%e2%80%9d\/\",\"name\":\"Dritan Maraj fiton \u00c7mimin Special \u201cInva Mula\u201d - Lajme nga Ulqini\",\"isPartOf\":{\"@id\":\"https:\/\/www.visit-ulcinj.com\/blog\/#website\"},\"primaryImageOfPage\":{\"@id\":\"https:\/\/www.visit-ulcinj.com\/blog\/2009\/06\/15\/dritan-maraj-fiton-cmimin-special-%e2%80%9cinva-mula%e2%80%9d\/#primaryimage\"},\"datePublished\":\"2009-06-15T19:31:02+00:00\",\"dateModified\":\"2009-06-15T19:31:02+00:00\",\"author\":{\"@id\":\"https:\/\/www.visit-ulcinj.com\/blog\/#\/schema\/person\/dcab619c614d3038751c63bc2aadc06d\"},\"description\":\"\u201cKy \u00e7mim ka qen\u00eb objektivi im pasi q\u00eb \u00ebsht\u00eb \u00e7mimi m\u00eb i lart\u00eb n\u00eb mbar\u00eb trevat shqiptare p\u00ebr aft\u00ebsit\u00eb vokale\u201d, thot\u00eb Dritani. Se Ulqini ka talent\u00eb p\u00ebr\",\"breadcrumb\":{\"@id\":\"https:\/\/www.visit-ulcinj.com\/blog\/2009\/06\/15\/dritan-maraj-fiton-cmimin-special-%e2%80%9cinva-mula%e2%80%9d\/#breadcrumb\"},\"inLanguage\":\"en-US\",\"potentialAction\":[{\"@type\":\"ReadAction\",\"target\":[\"https:\/\/www.visit-ulcinj.com\/blog\/2009\/06\/15\/dritan-maraj-fiton-cmimin-special-%e2%80%9cinva-mula%e2%80%9d\/\"]}]},{\"@type\":\"BreadcrumbList\",\"@id\":\"https:\/\/www.visit-ulcinj.com\/blog\/2009\/06\/15\/dritan-maraj-fiton-cmimin-special-%e2%80%9cinva-mula%e2%80%9d\/#breadcrumb\",\"itemListElement\":[{\"@type\":\"ListItem\",\"position\":1,\"name\":\"Dritan Maraj fiton \u00c7mimin Special \u201cInva Mula\u201d\"}]},{\"@type\":\"Person\",\"@id\":\"https:\/\/www.visit-ulcinj.com\/blog\/#\/schema\/person\/dcab619c614d3038751c63bc2aadc06d\",\"name\":\"ulqini\",\"sameAs\":[\"http:\/\/www.visit-ulcinj.com\"],\"url\":\"https:\/\/www.visit-ulcinj.com\/blog\/author\/admin\/\"}]}<\/script>\n<!-- \/ Yoast SEO plugin. -->","yoast_head_json":{"title":"Dritan Maraj fiton \u00c7mimin Special \u201cInva Mula\u201d - Lajme nga Ulqini","description":"\u201cKy \u00e7mim ka qen\u00eb objektivi im pasi q\u00eb \u00ebsht\u00eb \u00e7mimi m\u00eb i lart\u00eb n\u00eb mbar\u00eb trevat shqiptare p\u00ebr aft\u00ebsit\u00eb vokale\u201d, thot\u00eb Dritani. Se Ulqini ka talent\u00eb p\u00ebr","robots":{"index":"index","follow":"follow","max-snippet":"max-snippet:-1","max-image-preview":"max-image-preview:large","max-video-preview":"max-video-preview:-1"},"canonical":"https:\/\/www.visit-ulcinj.com\/blog\/2009\/06\/15\/dritan-maraj-fiton-cmimin-special-\u201cinva-mula\u201d\/","og_locale":"en_US","og_type":"article","og_title":"Dritan Maraj fiton \u00c7mimin Special \u201cInva Mula\u201d - Lajme nga Ulqini","og_description":"\u201cKy \u00e7mim ka qen\u00eb objektivi im pasi q\u00eb \u00ebsht\u00eb \u00e7mimi m\u00eb i lart\u00eb n\u00eb mbar\u00eb trevat shqiptare p\u00ebr aft\u00ebsit\u00eb vokale\u201d, thot\u00eb Dritani. Se Ulqini ka talent\u00eb p\u00ebr","og_url":"https:\/\/www.visit-ulcinj.com\/blog\/2009\/06\/15\/dritan-maraj-fiton-cmimin-special-\u201cinva-mula\u201d\/","og_site_name":"Lajme nga Ulqini","article_published_time":"2009-06-15T19:31:02+00:00","og_image":[{"url":"http:\/\/www.visit-ulcinj.com\/blog\/wp-content\/uploads\/2009\/06\/Dritan-Maraj_ulqin.jpg"}],"twitter_misc":{"Written by":"ulqini","Est. reading time":"2 minutes"},"schema":{"@context":"https:\/\/schema.org","@graph":[{"@type":"WebSite","@id":"https:\/\/www.visit-ulcinj.com\/blog\/#website","url":"https:\/\/www.visit-ulcinj.com\/blog\/","name":"Lajme nga Ulqini","description":"Lajme,Vijesti,Ulqini,Ulqin,Crna Gora,Mali i Zi","potentialAction":[{"@type":"SearchAction","target":{"@type":"EntryPoint","urlTemplate":"https:\/\/www.visit-ulcinj.com\/blog\/?s={search_term_string}"},"query-input":"required name=search_term_string"}],"inLanguage":"en-US"},{"@type":"ImageObject","inLanguage":"en-US","@id":"https:\/\/www.visit-ulcinj.com\/blog\/2009\/06\/15\/dritan-maraj-fiton-cmimin-special-%e2%80%9cinva-mula%e2%80%9d\/#primaryimage","url":"https:\/\/www.visit-ulcinj.com\/blog\/wp-content\/uploads\/2009\/06\/Dritan-Maraj_ulqin.jpg","contentUrl":"https:\/\/www.visit-ulcinj.com\/blog\/wp-content\/uploads\/2009\/06\/Dritan-Maraj_ulqin.jpg","width":"290","height":"300"},{"@type":"WebPage","@id":"https:\/\/www.visit-ulcinj.com\/blog\/2009\/06\/15\/dritan-maraj-fiton-cmimin-special-%e2%80%9cinva-mula%e2%80%9d\/#webpage","url":"https:\/\/www.visit-ulcinj.com\/blog\/2009\/06\/15\/dritan-maraj-fiton-cmimin-special-%e2%80%9cinva-mula%e2%80%9d\/","name":"Dritan Maraj fiton \u00c7mimin Special \u201cInva Mula\u201d - Lajme nga Ulqini","isPartOf":{"@id":"https:\/\/www.visit-ulcinj.com\/blog\/#website"},"primaryImageOfPage":{"@id":"https:\/\/www.visit-ulcinj.com\/blog\/2009\/06\/15\/dritan-maraj-fiton-cmimin-special-%e2%80%9cinva-mula%e2%80%9d\/#primaryimage"},"datePublished":"2009-06-15T19:31:02+00:00","dateModified":"2009-06-15T19:31:02+00:00","author":{"@id":"https:\/\/www.visit-ulcinj.com\/blog\/#\/schema\/person\/dcab619c614d3038751c63bc2aadc06d"},"description":"\u201cKy \u00e7mim ka qen\u00eb objektivi im pasi q\u00eb \u00ebsht\u00eb \u00e7mimi m\u00eb i lart\u00eb n\u00eb mbar\u00eb trevat shqiptare p\u00ebr aft\u00ebsit\u00eb vokale\u201d, thot\u00eb Dritani. Se Ulqini ka talent\u00eb p\u00ebr","breadcrumb":{"@id":"https:\/\/www.visit-ulcinj.com\/blog\/2009\/06\/15\/dritan-maraj-fiton-cmimin-special-%e2%80%9cinva-mula%e2%80%9d\/#breadcrumb"},"inLanguage":"en-US","potentialAction":[{"@type":"ReadAction","target":["https:\/\/www.visit-ulcinj.com\/blog\/2009\/06\/15\/dritan-maraj-fiton-cmimin-special-%e2%80%9cinva-mula%e2%80%9d\/"]}]},{"@type":"BreadcrumbList","@id":"https:\/\/www.visit-ulcinj.com\/blog\/2009\/06\/15\/dritan-maraj-fiton-cmimin-special-%e2%80%9cinva-mula%e2%80%9d\/#breadcrumb","itemListElement":[{"@type":"ListItem","position":1,"name":"Dritan Maraj fiton \u00c7mimin Special \u201cInva Mula\u201d"}]},{"@type":"Person","@id":"https:\/\/www.visit-ulcinj.com\/blog\/#\/schema\/person\/dcab619c614d3038751c63bc2aadc06d","name":"ulqini","sameAs":["http:\/\/www.visit-ulcinj.com"],"url":"https:\/\/www.visit-ulcinj.com\/blog\/author\/admin\/"}]}},"jetpack_featured_media_url":"","jetpack_sharing_enabled":true,"jetpack_shortlink":"https:\/\/wp.me\/pe6lTn-5Xn","_links":{"self":[{"href":"https:\/\/www.visit-ulcinj.com\/blog\/wp-json\/wp\/v2\/posts\/22901"}],"collection":[{"href":"https:\/\/www.visit-ulcinj.com\/blog\/wp-json\/wp\/v2\/posts"}],"about":[{"href":"https:\/\/www.visit-ulcinj.com\/blog\/wp-json\/wp\/v2\/types\/post"}],"author":[{"embeddable":true,"href":"https:\/\/www.visit-ulcinj.com\/blog\/wp-json\/wp\/v2\/users\/1"}],"replies":[{"embeddable":true,"href":"https:\/\/www.visit-ulcinj.com\/blog\/wp-json\/wp\/v2\/comments?post=22901"}],"version-history":[{"count":0,"href":"https:\/\/www.visit-ulcinj.com\/blog\/wp-json\/wp\/v2\/posts\/22901\/revisions"}],"wp:attachment":[{"href":"https:\/\/www.visit-ulcinj.com\/blog\/wp-json\/wp\/v2\/media?parent=22901"}],"wp:term":[{"taxonomy":"category","embeddable":true,"href":"https:\/\/www.visit-ulcinj.com\/blog\/wp-json\/wp\/v2\/categories?post=22901"},{"taxonomy":"post_tag","embeddable":true,"href":"https:\/\/www.visit-ulcinj.com\/blog\/wp-json\/wp\/v2\/tags?post=22901"}],"curies":[{"name":"wp","href":"https:\/\/api.w.org\/{rel}","templated":true}]}}