{"id":22905,"date":"2009-06-15T23:02:55","date_gmt":"2009-06-15T21:02:55","guid":{"rendered":"http:\/\/www.visit-ulcinj.com\/blog\/?p=22905"},"modified":"2009-06-15T23:03:51","modified_gmt":"2009-06-15T21:03:51","slug":"ulqini-ndryshe-per-pushime-verore","status":"publish","type":"post","link":"https:\/\/www.visit-ulcinj.com\/blog\/2009\/06\/15\/ulqini-ndryshe-per-pushime-verore\/","title":{"rendered":"Ulqini ndryshe p\u00ebr pushime verore"},"content":{"rendered":"<p><strong><a href=\"http:\/\/www.visit-ulcinj.com\/blog\/wp-content\/uploads\/2009\/06\/Panairi-i-turizmit_prishtin.jpg\"><img loading=\"lazy\" class=\"alignleft size-full wp-image-22906\" title=\"Panairi i turizmit_prishtin\" src=\"http:\/\/www.visit-ulcinj.com\/blog\/wp-content\/uploads\/2009\/06\/Panairi-i-turizmit_prishtin.jpg\" alt=\"Panairi i turizmit_prishtin\" width=\"580\" height=\"370\" \/><\/a>Pushuesi nuk duhet ta ket\u00eb Ulqinin si destinacion se \u00ebsht\u00eb i lir\u00eb, apo pse \u00ebsht\u00eb i banuar me shqiptar\u00eb, por p\u00ebr shkak t\u00eb ofert\u00ebs q\u00eb do t\u00eb ket\u00eb. Ajo tash \u00ebsht\u00eb m\u00eb e shtrenjt\u00eb, pa marr\u00eb parasysh premtimet p\u00ebr uljen e \u00e7mimeve. N\u00eb treg dhe n\u00eb restorante mungojn\u00eb prodhimet kosovare<\/strong><\/p>\n<p>Ulqin \u2013 Pronar\u00ebt e hoteleve dhe autoritete lokale t\u00eb Ulqinit i jan\u00eb g\u00ebzuar nd\u00ebrtimit t\u00eb autostrad\u00ebs q\u00eb lidh Kosov\u00ebn me Shqip\u00ebrin\u00eb. Edhe pse jan\u00eb t\u00eb vet\u00ebdijsh\u00ebm se kjo rrug\u00eb do t\u00eb zvog\u00ebloj\u00eb numrin e pushuesve nga Kosova, thon\u00eb se vendi po pastrohet nga turist\u00ebt q\u00eb e marrin buk\u00ebn me vete. Kjo \u00ebsht\u00eb edhe strategjia e re e turizmit t\u00eb k\u00ebsaj komune.<br \/>\nPushtetar\u00ebt e Ulqinit vler\u00ebsojn\u00eb se vizitori nuk duhet ta ket\u00eb destinacion k\u00ebt\u00eb qytet vet\u00ebm se \u00ebsht\u00eb lir\u00eb, apo se \u00ebsht\u00e7 i banuar me shqiptar\u00eb, por duhet ta ket\u00eb parasysh \u00e7ka t\u2019i ofron atij.<br \/>\n\u201cGjepi i kosovar\u00ebve \u00ebsht\u00eb forcuar. Ata tash mund t\u00eb zgjedhin shum\u00eb vende t\u00eb tjera p\u00ebr t\u2019i kaluar pushimet, por nuk e harrojn\u00eb Ulqinin\u201d, thot\u00eb G\u00ebzim Hajdinaga, kryetar i Komun\u00ebs s\u00eb Ulqinit.<br \/>\nKonkurrenca q\u00eb do t\u2019i b\u00ebj\u00eb Shqip\u00ebria me autostrad\u00ebn e re, ai thot\u00eb se \u00ebsht\u00eb e mir\u00ebseardhur, por lut kosovar\u00ebt q\u00eb nga pes\u00ebmb\u00ebdhjet\u00eb dit\u00eb q\u00eb i rezervojn\u00eb p\u00ebr pushime, pes\u00eb dit\u00eb t\u2019i kalojn\u00eb n\u00eb Shqip\u00ebri, e dhjet\u00eb n\u00eb Ulqin. Ai premton se n\u00eb t\u00eb gjitha objektet hoteliere dhe n\u00eb dyqanet e ushqimit \u00e7mimet do t\u00eb jen\u00eb 20 p\u00ebr qind m\u00eb t\u00eb lira. Por, nuk v\u00ebrehet se \u00e7mimet q\u00eb ofrojn\u00eb hotelier\u00ebt t\u00eb jen\u00eb n\u00eb p\u00ebrputhje me premtimin kryetarit. Ato jan\u00eb t\u00eb nj\u00ebjta me nj\u00eb vit m\u00eb par\u00eb.<br \/>\nNj\u00eb nat\u00eb banimi n\u00eb hotelin \u201cMediteran\u201d kushton 45 euro, derisa n\u00eb t\u00eb tjerat, sillet nga 40 deri n\u00eb 75 euro. Edhe p\u00ebr nj\u00eb nat\u00eb duhet paguar 7 deri n\u00eb 15 euro p\u00ebr person.<br \/>\nHotelet dhe sht\u00ebpit\u00eb private \u00e7do vit akomodojn\u00eb rreth 100 mij\u00eb turist\u00eb, shumica e t\u00eb cil\u00ebve nuk regjistrohen n\u00eb qendrat e evidentimit t\u00eb turist\u00ebve. Por, pas privatizimit t\u00eb hoteleve shoq\u00ebrore, Ulqinit i kan\u00eb mbetur m\u00eb pak objekte hoteliere. \u201cGalebi\u201d m\u00eb nuk ekziston. Thuhet se mbi themelet e tij do t\u00eb ngrihet nj\u00eb hotel tjet\u00ebr, modern.<br \/>\nPronari i hotelit \u201cLlolla\u201d, Muslim Llolla, pranon se \u00e7mimet nuk kan\u00eb ndryshuar ende, por ato do t\u00eb ulen n\u00eb muajin korrik, kur pritet numri m\u00eb i madh i pushuesve.<br \/>\nK\u00ebt\u00eb vit, n\u00eb sh\u00ebrbim t\u00eb pushuesve do t\u00eb jen\u00eb shtat\u00eb plazhe me flamurin e kalt\u00ebr, q\u00eb simbolizon standardet e larta t\u00eb sh\u00ebrbimeve. Gjithashtu jan\u00eb b\u00ebr\u00eb p\u00ebrmir\u00ebsime n\u00eb infrastruktur\u00ebn rrugore, sidomos n\u00eb qend\u00ebr t\u00eb qytetit. Komuna \u00ebsht\u00eb mobilizuar q\u00eb t\u00eb ofroj\u00eb parking p\u00ebr veturat e t\u00eb gjith\u00eb turist\u00ebve dhe ka caktuar 15 qershorin si dat\u00ebn kur duhet t\u00eb p\u00ebrfundojn\u00eb t\u00eb gjitha pun\u00ebt p\u00ebrgatitore.<br \/>\nMir\u00ebpo, pushuesit do ta ken\u00eb t\u00eb v\u00ebshtir\u00eb q\u00eb n\u00eb dyqanet e restorantet e Ulqinit t\u00eb gjejn\u00eb prodhime t\u00eb Kosov\u00ebs. Nuk do t\u2019u ofrohet birra \u201cPeja\u201d, por nuk mungon asnj\u00eb lloj i k\u00ebsaj pije q\u00eb prodhohet n\u00eb Serbi e Mal t\u00eb Zi.<br \/>\nIbrahim Milla, kryetar i Aleanc\u00ebs s\u00eb Bizneseve t\u00eb Ulqinit, thot\u00eb se k\u00ebtu produktet kosovare nuk jan\u00eb promovuar sa duhet dhe kan\u00eb gjetur tregje t\u00eb tjera.<br \/>\nMir\u00ebpo, pronar\u00ebt e restoraneve thon\u00eb se Qeveria e Malit t\u00eb Zi ka v\u00ebn\u00eb barriera t\u00eb pashkruar p\u00ebr produktet e t\u00eb gjitha vendeve t\u00eb huja, n\u00eb m\u00ebnyr\u00eb q\u00eb t\u2019i mbroj\u00eb prodhuesit vend\u00ebs nga konkurrenca.<br \/>\nN\u00eb an\u00ebn tjet\u00ebr, ve\u00e7mas \u00e7mimeve relativisht t\u00eb larta, riviera e Ulqinit ka edhe disa surpriza jo fort t\u00eb k\u00ebndshme p\u00ebr turist\u00ebt kosovar\u00eb, t\u00eb cil\u00ebt n\u00eb Ulqin jan\u00eb m\u00ebsuar t\u00eb pushojn\u00eb \u201clir\u00eb dhe mir\u00eb\u201d. \u00cbsht\u00eb shkurtuar \u201cjeta e nat\u00ebs\u201d. Muzika n\u00eb zonat e banuara t\u00eb Ulqinit do t\u00eb lejohet vet\u00ebm p\u00ebr tri or\u00eb , nga ora 21:00 deri n\u00eb 00:00.<\/p>\n<p><strong>Zekirja Shabani<br \/>\nGazeta Express<\/strong><\/p>\n<p><strong><br \/>\n<\/strong><\/p>\n<div><object classid=\"clsid:d27cdb6e-ae6d-11cf-96b8-444553540000\" width=\"580\" height=\"405\" codebase=\"http:\/\/download.macromedia.com\/pub\/shockwave\/cabs\/flash\/swflash.cab#version=6,0,40,0\"><param name=\"allowFullScreen\" value=\"true\" \/><param name=\"allowScriptAccess\" value=\"always\" \/><param name=\"src\" value=\"http:\/\/www.dailymotion.com\/swf\/x1yc78_copacabana-ulqiniulcinj_ads&amp;autoPlay=1&amp;related=1\" \/><param name=\"allowfullscreen\" value=\"true\" \/><\/object><br \/>\n<strong><\/strong><\/div>\n","protected":false},"excerpt":{"rendered":"<p>Pushuesi nuk duhet ta ket\u00eb Ulqinin si destinacion se \u00ebsht\u00eb i lir\u00eb, apo pse \u00ebsht\u00eb i banuar me shqiptar\u00eb, por p\u00ebr shkak t\u00eb ofert\u00ebs q\u00eb do t\u00eb ket\u00eb. Ajo tash \u00ebsht\u00eb m\u00eb e shtrenjt\u00eb, pa marr\u00eb parasysh premtimet p\u00ebr uljen e \u00e7mimeve. N\u00eb treg dhe n\u00eb restorante mungojn\u00eb prodhimet kosovare Ulqin \u2013 Pronar\u00ebt e hoteleve [&hellip;]<\/p>\n","protected":false},"author":1,"featured_media":0,"comment_status":"open","ping_status":"closed","sticky":false,"template":"","format":"standard","meta":{"spay_email":"","jetpack_publicize_message":"","jetpack_is_tweetstorm":false,"jetpack_publicize_feature_enabled":true},"categories":[15],"tags":[95,22016,2798],"jetpack_publicize_connections":[],"yoast_head":"<!-- This site is optimized with the Yoast SEO plugin v19.1 - https:\/\/yoast.com\/wordpress\/plugins\/seo\/ -->\n<title>Ulqini ndryshe p\u00ebr pushime verore - Lajme nga Ulqini<\/title>\n<meta name=\"description\" content=\"Pushuesi nuk duhet ta ket\u00eb Ulqinin si destinacion se \u00ebsht\u00eb i lir\u00eb, apo pse \u00ebsht\u00eb i banuar me shqiptar\u00eb, por p\u00ebr shkak t\u00eb ofert\u00ebs q\u00eb do t\u00eb ket\u00eb. Ajo tash\" \/>\n<meta name=\"robots\" content=\"index, follow, max-snippet:-1, max-image-preview:large, max-video-preview:-1\" \/>\n<link rel=\"canonical\" href=\"https:\/\/www.visit-ulcinj.com\/blog\/2009\/06\/15\/ulqini-ndryshe-per-pushime-verore\/\" \/>\n<meta property=\"og:locale\" content=\"en_US\" \/>\n<meta property=\"og:type\" content=\"article\" \/>\n<meta property=\"og:title\" content=\"Ulqini ndryshe p\u00ebr pushime verore - Lajme nga Ulqini\" \/>\n<meta property=\"og:description\" content=\"Pushuesi nuk duhet ta ket\u00eb Ulqinin si destinacion se \u00ebsht\u00eb i lir\u00eb, apo pse \u00ebsht\u00eb i banuar me shqiptar\u00eb, por p\u00ebr shkak t\u00eb ofert\u00ebs q\u00eb do t\u00eb ket\u00eb. Ajo tash\" \/>\n<meta property=\"og:url\" content=\"https:\/\/www.visit-ulcinj.com\/blog\/2009\/06\/15\/ulqini-ndryshe-per-pushime-verore\/\" \/>\n<meta property=\"og:site_name\" content=\"Lajme nga Ulqini\" \/>\n<meta property=\"article:published_time\" content=\"2009-06-15T21:02:55+00:00\" \/>\n<meta property=\"article:modified_time\" content=\"2009-06-15T21:03:51+00:00\" \/>\n<meta property=\"og:image\" content=\"http:\/\/www.visit-ulcinj.com\/blog\/wp-content\/uploads\/2009\/06\/Panairi-i-turizmit_prishtin.jpg\" \/>\n<meta name=\"twitter:label1\" content=\"Written by\" \/>\n\t<meta name=\"twitter:data1\" content=\"ulqini\" \/>\n\t<meta name=\"twitter:label2\" content=\"Est. reading time\" \/>\n\t<meta name=\"twitter:data2\" content=\"3 minutes\" \/>\n<script type=\"application\/ld+json\" class=\"yoast-schema-graph\">{\"@context\":\"https:\/\/schema.org\",\"@graph\":[{\"@type\":\"WebSite\",\"@id\":\"https:\/\/www.visit-ulcinj.com\/blog\/#website\",\"url\":\"https:\/\/www.visit-ulcinj.com\/blog\/\",\"name\":\"Lajme nga Ulqini\",\"description\":\"Lajme,Vijesti,Ulqini,Ulqin,Crna Gora,Mali i Zi\",\"potentialAction\":[{\"@type\":\"SearchAction\",\"target\":{\"@type\":\"EntryPoint\",\"urlTemplate\":\"https:\/\/www.visit-ulcinj.com\/blog\/?s={search_term_string}\"},\"query-input\":\"required name=search_term_string\"}],\"inLanguage\":\"en-US\"},{\"@type\":\"ImageObject\",\"inLanguage\":\"en-US\",\"@id\":\"https:\/\/www.visit-ulcinj.com\/blog\/2009\/06\/15\/ulqini-ndryshe-per-pushime-verore\/#primaryimage\",\"url\":\"https:\/\/www.visit-ulcinj.com\/blog\/wp-content\/uploads\/2009\/06\/Panairi-i-turizmit_prishtin.jpg\",\"contentUrl\":\"https:\/\/www.visit-ulcinj.com\/blog\/wp-content\/uploads\/2009\/06\/Panairi-i-turizmit_prishtin.jpg\",\"width\":\"490\",\"height\":\"320\"},{\"@type\":\"WebPage\",\"@id\":\"https:\/\/www.visit-ulcinj.com\/blog\/2009\/06\/15\/ulqini-ndryshe-per-pushime-verore\/#webpage\",\"url\":\"https:\/\/www.visit-ulcinj.com\/blog\/2009\/06\/15\/ulqini-ndryshe-per-pushime-verore\/\",\"name\":\"Ulqini ndryshe p\u00ebr pushime verore - Lajme nga Ulqini\",\"isPartOf\":{\"@id\":\"https:\/\/www.visit-ulcinj.com\/blog\/#website\"},\"primaryImageOfPage\":{\"@id\":\"https:\/\/www.visit-ulcinj.com\/blog\/2009\/06\/15\/ulqini-ndryshe-per-pushime-verore\/#primaryimage\"},\"datePublished\":\"2009-06-15T21:02:55+00:00\",\"dateModified\":\"2009-06-15T21:03:51+00:00\",\"author\":{\"@id\":\"https:\/\/www.visit-ulcinj.com\/blog\/#\/schema\/person\/dcab619c614d3038751c63bc2aadc06d\"},\"description\":\"Pushuesi nuk duhet ta ket\u00eb Ulqinin si destinacion se \u00ebsht\u00eb i lir\u00eb, apo pse \u00ebsht\u00eb i banuar me shqiptar\u00eb, por p\u00ebr shkak t\u00eb ofert\u00ebs q\u00eb do t\u00eb ket\u00eb. Ajo tash\",\"breadcrumb\":{\"@id\":\"https:\/\/www.visit-ulcinj.com\/blog\/2009\/06\/15\/ulqini-ndryshe-per-pushime-verore\/#breadcrumb\"},\"inLanguage\":\"en-US\",\"potentialAction\":[{\"@type\":\"ReadAction\",\"target\":[\"https:\/\/www.visit-ulcinj.com\/blog\/2009\/06\/15\/ulqini-ndryshe-per-pushime-verore\/\"]}]},{\"@type\":\"BreadcrumbList\",\"@id\":\"https:\/\/www.visit-ulcinj.com\/blog\/2009\/06\/15\/ulqini-ndryshe-per-pushime-verore\/#breadcrumb\",\"itemListElement\":[{\"@type\":\"ListItem\",\"position\":1,\"name\":\"Ulqini ndryshe p\u00ebr pushime verore\"}]},{\"@type\":\"Person\",\"@id\":\"https:\/\/www.visit-ulcinj.com\/blog\/#\/schema\/person\/dcab619c614d3038751c63bc2aadc06d\",\"name\":\"ulqini\",\"sameAs\":[\"http:\/\/www.visit-ulcinj.com\"],\"url\":\"https:\/\/www.visit-ulcinj.com\/blog\/author\/admin\/\"}]}<\/script>\n<!-- \/ Yoast SEO plugin. -->","yoast_head_json":{"title":"Ulqini ndryshe p\u00ebr pushime verore - Lajme nga Ulqini","description":"Pushuesi nuk duhet ta ket\u00eb Ulqinin si destinacion se \u00ebsht\u00eb i lir\u00eb, apo pse \u00ebsht\u00eb i banuar me shqiptar\u00eb, por p\u00ebr shkak t\u00eb ofert\u00ebs q\u00eb do t\u00eb ket\u00eb. Ajo tash","robots":{"index":"index","follow":"follow","max-snippet":"max-snippet:-1","max-image-preview":"max-image-preview:large","max-video-preview":"max-video-preview:-1"},"canonical":"https:\/\/www.visit-ulcinj.com\/blog\/2009\/06\/15\/ulqini-ndryshe-per-pushime-verore\/","og_locale":"en_US","og_type":"article","og_title":"Ulqini ndryshe p\u00ebr pushime verore - Lajme nga Ulqini","og_description":"Pushuesi nuk duhet ta ket\u00eb Ulqinin si destinacion se \u00ebsht\u00eb i lir\u00eb, apo pse \u00ebsht\u00eb i banuar me shqiptar\u00eb, por p\u00ebr shkak t\u00eb ofert\u00ebs q\u00eb do t\u00eb ket\u00eb. Ajo tash","og_url":"https:\/\/www.visit-ulcinj.com\/blog\/2009\/06\/15\/ulqini-ndryshe-per-pushime-verore\/","og_site_name":"Lajme nga Ulqini","article_published_time":"2009-06-15T21:02:55+00:00","article_modified_time":"2009-06-15T21:03:51+00:00","og_image":[{"url":"http:\/\/www.visit-ulcinj.com\/blog\/wp-content\/uploads\/2009\/06\/Panairi-i-turizmit_prishtin.jpg"}],"twitter_misc":{"Written by":"ulqini","Est. reading time":"3 minutes"},"schema":{"@context":"https:\/\/schema.org","@graph":[{"@type":"WebSite","@id":"https:\/\/www.visit-ulcinj.com\/blog\/#website","url":"https:\/\/www.visit-ulcinj.com\/blog\/","name":"Lajme nga Ulqini","description":"Lajme,Vijesti,Ulqini,Ulqin,Crna Gora,Mali i Zi","potentialAction":[{"@type":"SearchAction","target":{"@type":"EntryPoint","urlTemplate":"https:\/\/www.visit-ulcinj.com\/blog\/?s={search_term_string}"},"query-input":"required name=search_term_string"}],"inLanguage":"en-US"},{"@type":"ImageObject","inLanguage":"en-US","@id":"https:\/\/www.visit-ulcinj.com\/blog\/2009\/06\/15\/ulqini-ndryshe-per-pushime-verore\/#primaryimage","url":"https:\/\/www.visit-ulcinj.com\/blog\/wp-content\/uploads\/2009\/06\/Panairi-i-turizmit_prishtin.jpg","contentUrl":"https:\/\/www.visit-ulcinj.com\/blog\/wp-content\/uploads\/2009\/06\/Panairi-i-turizmit_prishtin.jpg","width":"490","height":"320"},{"@type":"WebPage","@id":"https:\/\/www.visit-ulcinj.com\/blog\/2009\/06\/15\/ulqini-ndryshe-per-pushime-verore\/#webpage","url":"https:\/\/www.visit-ulcinj.com\/blog\/2009\/06\/15\/ulqini-ndryshe-per-pushime-verore\/","name":"Ulqini ndryshe p\u00ebr pushime verore - Lajme nga Ulqini","isPartOf":{"@id":"https:\/\/www.visit-ulcinj.com\/blog\/#website"},"primaryImageOfPage":{"@id":"https:\/\/www.visit-ulcinj.com\/blog\/2009\/06\/15\/ulqini-ndryshe-per-pushime-verore\/#primaryimage"},"datePublished":"2009-06-15T21:02:55+00:00","dateModified":"2009-06-15T21:03:51+00:00","author":{"@id":"https:\/\/www.visit-ulcinj.com\/blog\/#\/schema\/person\/dcab619c614d3038751c63bc2aadc06d"},"description":"Pushuesi nuk duhet ta ket\u00eb Ulqinin si destinacion se \u00ebsht\u00eb i lir\u00eb, apo pse \u00ebsht\u00eb i banuar me shqiptar\u00eb, por p\u00ebr shkak t\u00eb ofert\u00ebs q\u00eb do t\u00eb ket\u00eb. Ajo tash","breadcrumb":{"@id":"https:\/\/www.visit-ulcinj.com\/blog\/2009\/06\/15\/ulqini-ndryshe-per-pushime-verore\/#breadcrumb"},"inLanguage":"en-US","potentialAction":[{"@type":"ReadAction","target":["https:\/\/www.visit-ulcinj.com\/blog\/2009\/06\/15\/ulqini-ndryshe-per-pushime-verore\/"]}]},{"@type":"BreadcrumbList","@id":"https:\/\/www.visit-ulcinj.com\/blog\/2009\/06\/15\/ulqini-ndryshe-per-pushime-verore\/#breadcrumb","itemListElement":[{"@type":"ListItem","position":1,"name":"Ulqini ndryshe p\u00ebr pushime verore"}]},{"@type":"Person","@id":"https:\/\/www.visit-ulcinj.com\/blog\/#\/schema\/person\/dcab619c614d3038751c63bc2aadc06d","name":"ulqini","sameAs":["http:\/\/www.visit-ulcinj.com"],"url":"https:\/\/www.visit-ulcinj.com\/blog\/author\/admin\/"}]}},"jetpack_featured_media_url":"","jetpack_sharing_enabled":true,"jetpack_shortlink":"https:\/\/wp.me\/pe6lTn-5Xr","_links":{"self":[{"href":"https:\/\/www.visit-ulcinj.com\/blog\/wp-json\/wp\/v2\/posts\/22905"}],"collection":[{"href":"https:\/\/www.visit-ulcinj.com\/blog\/wp-json\/wp\/v2\/posts"}],"about":[{"href":"https:\/\/www.visit-ulcinj.com\/blog\/wp-json\/wp\/v2\/types\/post"}],"author":[{"embeddable":true,"href":"https:\/\/www.visit-ulcinj.com\/blog\/wp-json\/wp\/v2\/users\/1"}],"replies":[{"embeddable":true,"href":"https:\/\/www.visit-ulcinj.com\/blog\/wp-json\/wp\/v2\/comments?post=22905"}],"version-history":[{"count":0,"href":"https:\/\/www.visit-ulcinj.com\/blog\/wp-json\/wp\/v2\/posts\/22905\/revisions"}],"wp:attachment":[{"href":"https:\/\/www.visit-ulcinj.com\/blog\/wp-json\/wp\/v2\/media?parent=22905"}],"wp:term":[{"taxonomy":"category","embeddable":true,"href":"https:\/\/www.visit-ulcinj.com\/blog\/wp-json\/wp\/v2\/categories?post=22905"},{"taxonomy":"post_tag","embeddable":true,"href":"https:\/\/www.visit-ulcinj.com\/blog\/wp-json\/wp\/v2\/tags?post=22905"}],"curies":[{"name":"wp","href":"https:\/\/api.w.org\/{rel}","templated":true}]}}