{"id":22927,"date":"2009-06-16T00:02:32","date_gmt":"2009-06-15T22:02:32","guid":{"rendered":"http:\/\/www.visit-ulcinj.com\/blog\/?p=22927"},"modified":"2009-06-16T00:02:32","modified_gmt":"2009-06-15T22:02:32","slug":"karate-team-ulqini-shkelqen-ne-dubrovnik","status":"publish","type":"post","link":"https:\/\/www.visit-ulcinj.com\/blog\/2009\/06\/16\/karate-team-ulqini-shkelqen-ne-dubrovnik\/","title":{"rendered":"Karate Team &#8220;Ulqini&#8221; shk\u00eblqen n\u00eb Dubrovnik"},"content":{"rendered":"<p><strong><a href=\"http:\/\/www.visit-ulcinj.com\/blog\/wp-content\/uploads\/2009\/06\/Karate-Team-Ulqini_ne_Karate-Dubrovnik-Open.jpg\"><img loading=\"lazy\" class=\"alignleft size-full wp-image-22928\" title=\"Karate Team Ulqini_ne_Karate Dubrovnik Open\" src=\"http:\/\/www.visit-ulcinj.com\/blog\/wp-content\/uploads\/2009\/06\/Karate-Team-Ulqini_ne_Karate-Dubrovnik-Open.jpg\" alt=\"Karate Team Ulqini_ne_Karate Dubrovnik Open\" width=\"580\" height=\"400\" \/><\/a>KARATE TEAM &#8220;ULQINI&#8221; MORI PJES\u00cb ME SUKSES N\u00cb DY TURNE ND\u00cbRKOMB\u00cbTARE T\u00cb KARATES\u00cb<\/strong><br \/>\nKarate Team &#8220;Ulqini&#8221;, i p\u00ebrb\u00ebr\u00eb nga karateist\u00ebt e klubeve &#8220;Ulqini&#8221; dhe &#8220;Albulena&#8221;, mori pjes\u00eb n\u00eb dy turne nd\u00ebrkomb\u00ebtare t\u00eb karates\u00eb: n\u00eb Turneun e VI nd\u00ebrkomb\u00ebtar t\u00eb karates\u00eb &#8220;Dubrovnik Open&#8221;, i cili u mbajt n\u00eb Dubrovnik m\u00eb 13 qershor t\u00eb k\u00ebtij viti dhe n\u00eb Turneun e IX p\u00ebrkujtimor t\u00eb karates\u00eb \u201cXhevat Makolli\u201d, i cili u mbajt m\u00eb 7 qershor n\u00eb Prishtin\u00eb.<\/p>\n<p>Ekipi i Karate Team &#8220;Ulqini&#8221; n\u00eb Dubrovnik u kuror\u00ebzua me 12 medalje: 5 t\u00eb arta, 5 t\u00eb argjendta, 2 t\u00eb bronzta dhe 7 kupa. N\u00eb k\u00ebt\u00eb gar\u00eb mor\u00ebn pjes\u00eb 16 klube me 250 garues nga Mali i Zi, Bosnja dhe Kroacia, nd\u00ebrsa Karate Team &#8220;Ulqini&#8221; u paraqit me 10 garues t\u00eb gjeneratave t\u00eb ndryshme: 2 shpresa, 2 kadet\u00eb dhe 6 junior\u00eb.<\/p>\n<p>Nga Karate Team &#8220;Ulqini&#8221; n\u00eb k\u00ebt\u00eb gar\u00eb me medalje dhe kupa u shp\u00ebrblyen k\u00ebta garues: me nga nj\u00eb medalje t\u00eb art\u00eb dhe nga nj\u00eb kup\u00eb u kuror\u00ebzuan\u00a0 Petar Barlloviq, Diamant Rexha, Viktor Curoviq, Dardan Ceka dhe Albion Duraku, me nj\u00eb medalje t\u00eb argjendt\u00eb dhe nj\u00eb t\u00eb bronzt\u00eb u kuror\u00ebzua Blerta Tahiri, Besnik Adoviq, i cili garoi n\u00eb kategorin\u00eb e r\u00ebnd\u00eb dhe n\u00eb at\u00eb open u kuror\u00ebzua me nj\u00eb medalje t\u00eb argjendt\u00eb, nj\u00eb t\u00eb bronzt\u00eb dhe dy kupa, kurse Granit Rexha dhe Lulzim Suma u kuror\u00ebzuan me nga nj\u00eb medalje t\u00eb argjendt\u00eb.<\/p>\n<p>N\u00eb Turneun e IX p\u00ebrkujtimor t\u00eb karates\u00eb \u201cXhevat Makolli\u201d n\u00eb Prishtin\u00eb, Karate Team &#8220;Ulqinin&#8221; e p\u00ebrfaq\u00ebsoi garuesi yn\u00eb i njohur Kreshnik Tahiri, i cili u kuror\u00ebzua me medaljen e argjendt\u00eb dhe nj\u00eb kup\u00eb.<\/p>\n<p>&#8211; Shpresojm\u00eb q\u00eb dhe n\u00eb t\u00eb ardhmen nuk do t\u00eb mungojn\u00eb k\u00ebto prezentime t\u00eb shk\u00eblqyeshme t\u00eb garuesve tan\u00eb &#8211; shprehen t\u00eb k\u00ebnaqur udh\u00ebheq\u00ebsit e k\u00ebtij ekipi dhe nj\u00ebkoh\u00ebsisht fal\u00ebnderojn\u00eb organizatorin Zhelko Perkoviq n\u00eb Dubrovnik dhe Federaten e karates\u00eb s\u00eb Kosov\u00ebs p\u00ebr ftesat, si dhe sponzor\u00ebt q\u00eb mund\u00ebsuan pjes\u00ebmarrjen n\u00eb k\u00ebto turne: K\u00ebshillin Nacional t\u00eb Shqiptar\u00ebve n\u00eb Mal t\u00eb Zi dhe firm\u00ebn \u201cMastering\u201d.<\/p>\n<p><strong>SH\u00cbRBIMI P\u00cbR MARR\u00cbDH\u00cbNIE ME PUBLIKUN<\/p>\n<p>I KARATE TEAM &#8220;ULQINI&#8221;<\/strong><\/p>\n<p><strong><!--YouTube Error: bad URL entered--><br \/>\n<\/strong><\/p>\n","protected":false},"excerpt":{"rendered":"<p>KARATE TEAM &#8220;ULQINI&#8221; MORI PJES\u00cb ME SUKSES N\u00cb DY TURNE ND\u00cbRKOMB\u00cbTARE T\u00cb KARATES\u00cb Karate Team &#8220;Ulqini&#8221;, i p\u00ebrb\u00ebr\u00eb nga karateist\u00ebt e klubeve &#8220;Ulqini&#8221; dhe &#8220;Albulena&#8221;, mori pjes\u00eb n\u00eb dy turne nd\u00ebrkomb\u00ebtare t\u00eb karates\u00eb: n\u00eb Turneun e VI nd\u00ebrkomb\u00ebtar t\u00eb karates\u00eb &#8220;Dubrovnik Open&#8221;, i cili u mbajt n\u00eb Dubrovnik m\u00eb 13 qershor t\u00eb k\u00ebtij viti dhe [&hellip;]<\/p>\n","protected":false},"author":1,"featured_media":0,"comment_status":"open","ping_status":"closed","sticky":false,"template":"","format":"standard","meta":{"spay_email":"","jetpack_publicize_message":"","jetpack_is_tweetstorm":false,"jetpack_publicize_feature_enabled":true},"categories":[3],"tags":[776,2624,11219,11222,2074,11223,9547,95,2073,11224,2621,11220,11221],"jetpack_publicize_connections":[],"yoast_head":"<!-- This site is optimized with the Yoast SEO plugin v19.1 - https:\/\/yoast.com\/wordpress\/plugins\/seo\/ -->\n<title>Karate Team &quot;Ulqini&quot; shk\u00eblqen n\u00eb Dubrovnik - Lajme nga Ulqini<\/title>\n<meta name=\"description\" content=\"KARATE TEAM &quot;ULQINI&quot; MORI PJES\u00cb ME SUKSES N\u00cb DY TURNE ND\u00cbRKOMB\u00cbTARE T\u00cb KARATES\u00cb Karate Team &quot;Ulqini&quot;, i p\u00ebrb\u00ebr\u00eb nga karateist\u00ebt e klubeve &quot;Ulqini&quot; dhe\" \/>\n<meta name=\"robots\" content=\"index, follow, max-snippet:-1, max-image-preview:large, max-video-preview:-1\" \/>\n<link rel=\"canonical\" href=\"https:\/\/www.visit-ulcinj.com\/blog\/2009\/06\/16\/karate-team-ulqini-shkelqen-ne-dubrovnik\/\" \/>\n<meta property=\"og:locale\" content=\"en_US\" \/>\n<meta property=\"og:type\" content=\"article\" \/>\n<meta property=\"og:title\" content=\"Karate Team &quot;Ulqini&quot; shk\u00eblqen n\u00eb Dubrovnik - Lajme nga Ulqini\" \/>\n<meta property=\"og:description\" content=\"KARATE TEAM &quot;ULQINI&quot; MORI PJES\u00cb ME SUKSES N\u00cb DY TURNE ND\u00cbRKOMB\u00cbTARE T\u00cb KARATES\u00cb Karate Team &quot;Ulqini&quot;, i p\u00ebrb\u00ebr\u00eb nga karateist\u00ebt e klubeve &quot;Ulqini&quot; dhe\" \/>\n<meta property=\"og:url\" content=\"https:\/\/www.visit-ulcinj.com\/blog\/2009\/06\/16\/karate-team-ulqini-shkelqen-ne-dubrovnik\/\" \/>\n<meta property=\"og:site_name\" content=\"Lajme nga Ulqini\" \/>\n<meta property=\"article:published_time\" content=\"2009-06-15T22:02:32+00:00\" \/>\n<meta property=\"og:image\" content=\"http:\/\/www.visit-ulcinj.com\/blog\/wp-content\/uploads\/2009\/06\/Karate-Team-Ulqini_ne_Karate-Dubrovnik-Open.jpg\" \/>\n<meta name=\"twitter:label1\" content=\"Written by\" \/>\n\t<meta name=\"twitter:data1\" content=\"ulqini\" \/>\n\t<meta name=\"twitter:label2\" content=\"Est. reading time\" \/>\n\t<meta name=\"twitter:data2\" content=\"2 minutes\" \/>\n<script type=\"application\/ld+json\" class=\"yoast-schema-graph\">{\"@context\":\"https:\/\/schema.org\",\"@graph\":[{\"@type\":\"WebSite\",\"@id\":\"https:\/\/www.visit-ulcinj.com\/blog\/#website\",\"url\":\"https:\/\/www.visit-ulcinj.com\/blog\/\",\"name\":\"Lajme nga Ulqini\",\"description\":\"Lajme,Vijesti,Ulqini,Ulqin,Crna Gora,Mali i Zi\",\"potentialAction\":[{\"@type\":\"SearchAction\",\"target\":{\"@type\":\"EntryPoint\",\"urlTemplate\":\"https:\/\/www.visit-ulcinj.com\/blog\/?s={search_term_string}\"},\"query-input\":\"required name=search_term_string\"}],\"inLanguage\":\"en-US\"},{\"@type\":\"ImageObject\",\"inLanguage\":\"en-US\",\"@id\":\"https:\/\/www.visit-ulcinj.com\/blog\/2009\/06\/16\/karate-team-ulqini-shkelqen-ne-dubrovnik\/#primaryimage\",\"url\":\"https:\/\/www.visit-ulcinj.com\/blog\/wp-content\/uploads\/2009\/06\/Karate-Team-Ulqini_ne_Karate-Dubrovnik-Open.jpg\",\"contentUrl\":\"https:\/\/www.visit-ulcinj.com\/blog\/wp-content\/uploads\/2009\/06\/Karate-Team-Ulqini_ne_Karate-Dubrovnik-Open.jpg\",\"width\":\"1021\",\"height\":\"765\"},{\"@type\":\"WebPage\",\"@id\":\"https:\/\/www.visit-ulcinj.com\/blog\/2009\/06\/16\/karate-team-ulqini-shkelqen-ne-dubrovnik\/#webpage\",\"url\":\"https:\/\/www.visit-ulcinj.com\/blog\/2009\/06\/16\/karate-team-ulqini-shkelqen-ne-dubrovnik\/\",\"name\":\"Karate Team \\\"Ulqini\\\" shk\u00eblqen n\u00eb Dubrovnik - Lajme nga Ulqini\",\"isPartOf\":{\"@id\":\"https:\/\/www.visit-ulcinj.com\/blog\/#website\"},\"primaryImageOfPage\":{\"@id\":\"https:\/\/www.visit-ulcinj.com\/blog\/2009\/06\/16\/karate-team-ulqini-shkelqen-ne-dubrovnik\/#primaryimage\"},\"datePublished\":\"2009-06-15T22:02:32+00:00\",\"dateModified\":\"2009-06-15T22:02:32+00:00\",\"author\":{\"@id\":\"https:\/\/www.visit-ulcinj.com\/blog\/#\/schema\/person\/dcab619c614d3038751c63bc2aadc06d\"},\"description\":\"KARATE TEAM \\\"ULQINI\\\" MORI PJES\u00cb ME SUKSES N\u00cb DY TURNE ND\u00cbRKOMB\u00cbTARE T\u00cb KARATES\u00cb Karate Team \\\"Ulqini\\\", i p\u00ebrb\u00ebr\u00eb nga karateist\u00ebt e klubeve \\\"Ulqini\\\" dhe\",\"breadcrumb\":{\"@id\":\"https:\/\/www.visit-ulcinj.com\/blog\/2009\/06\/16\/karate-team-ulqini-shkelqen-ne-dubrovnik\/#breadcrumb\"},\"inLanguage\":\"en-US\",\"potentialAction\":[{\"@type\":\"ReadAction\",\"target\":[\"https:\/\/www.visit-ulcinj.com\/blog\/2009\/06\/16\/karate-team-ulqini-shkelqen-ne-dubrovnik\/\"]}]},{\"@type\":\"BreadcrumbList\",\"@id\":\"https:\/\/www.visit-ulcinj.com\/blog\/2009\/06\/16\/karate-team-ulqini-shkelqen-ne-dubrovnik\/#breadcrumb\",\"itemListElement\":[{\"@type\":\"ListItem\",\"position\":1,\"name\":\"Karate Team &#8220;Ulqini&#8221; shk\u00eblqen n\u00eb Dubrovnik\"}]},{\"@type\":\"Person\",\"@id\":\"https:\/\/www.visit-ulcinj.com\/blog\/#\/schema\/person\/dcab619c614d3038751c63bc2aadc06d\",\"name\":\"ulqini\",\"sameAs\":[\"http:\/\/www.visit-ulcinj.com\"],\"url\":\"https:\/\/www.visit-ulcinj.com\/blog\/author\/admin\/\"}]}<\/script>\n<!-- \/ Yoast SEO plugin. -->","yoast_head_json":{"title":"Karate Team \"Ulqini\" shk\u00eblqen n\u00eb Dubrovnik - Lajme nga Ulqini","description":"KARATE TEAM \"ULQINI\" MORI PJES\u00cb ME SUKSES N\u00cb DY TURNE ND\u00cbRKOMB\u00cbTARE T\u00cb KARATES\u00cb Karate Team \"Ulqini\", i p\u00ebrb\u00ebr\u00eb nga karateist\u00ebt e klubeve \"Ulqini\" dhe","robots":{"index":"index","follow":"follow","max-snippet":"max-snippet:-1","max-image-preview":"max-image-preview:large","max-video-preview":"max-video-preview:-1"},"canonical":"https:\/\/www.visit-ulcinj.com\/blog\/2009\/06\/16\/karate-team-ulqini-shkelqen-ne-dubrovnik\/","og_locale":"en_US","og_type":"article","og_title":"Karate Team \"Ulqini\" shk\u00eblqen n\u00eb Dubrovnik - Lajme nga Ulqini","og_description":"KARATE TEAM \"ULQINI\" MORI PJES\u00cb ME SUKSES N\u00cb DY TURNE ND\u00cbRKOMB\u00cbTARE T\u00cb KARATES\u00cb Karate Team \"Ulqini\", i p\u00ebrb\u00ebr\u00eb nga karateist\u00ebt e klubeve \"Ulqini\" dhe","og_url":"https:\/\/www.visit-ulcinj.com\/blog\/2009\/06\/16\/karate-team-ulqini-shkelqen-ne-dubrovnik\/","og_site_name":"Lajme nga Ulqini","article_published_time":"2009-06-15T22:02:32+00:00","og_image":[{"url":"http:\/\/www.visit-ulcinj.com\/blog\/wp-content\/uploads\/2009\/06\/Karate-Team-Ulqini_ne_Karate-Dubrovnik-Open.jpg"}],"twitter_misc":{"Written by":"ulqini","Est. reading time":"2 minutes"},"schema":{"@context":"https:\/\/schema.org","@graph":[{"@type":"WebSite","@id":"https:\/\/www.visit-ulcinj.com\/blog\/#website","url":"https:\/\/www.visit-ulcinj.com\/blog\/","name":"Lajme nga Ulqini","description":"Lajme,Vijesti,Ulqini,Ulqin,Crna Gora,Mali i Zi","potentialAction":[{"@type":"SearchAction","target":{"@type":"EntryPoint","urlTemplate":"https:\/\/www.visit-ulcinj.com\/blog\/?s={search_term_string}"},"query-input":"required name=search_term_string"}],"inLanguage":"en-US"},{"@type":"ImageObject","inLanguage":"en-US","@id":"https:\/\/www.visit-ulcinj.com\/blog\/2009\/06\/16\/karate-team-ulqini-shkelqen-ne-dubrovnik\/#primaryimage","url":"https:\/\/www.visit-ulcinj.com\/blog\/wp-content\/uploads\/2009\/06\/Karate-Team-Ulqini_ne_Karate-Dubrovnik-Open.jpg","contentUrl":"https:\/\/www.visit-ulcinj.com\/blog\/wp-content\/uploads\/2009\/06\/Karate-Team-Ulqini_ne_Karate-Dubrovnik-Open.jpg","width":"1021","height":"765"},{"@type":"WebPage","@id":"https:\/\/www.visit-ulcinj.com\/blog\/2009\/06\/16\/karate-team-ulqini-shkelqen-ne-dubrovnik\/#webpage","url":"https:\/\/www.visit-ulcinj.com\/blog\/2009\/06\/16\/karate-team-ulqini-shkelqen-ne-dubrovnik\/","name":"Karate Team \"Ulqini\" shk\u00eblqen n\u00eb Dubrovnik - Lajme nga Ulqini","isPartOf":{"@id":"https:\/\/www.visit-ulcinj.com\/blog\/#website"},"primaryImageOfPage":{"@id":"https:\/\/www.visit-ulcinj.com\/blog\/2009\/06\/16\/karate-team-ulqini-shkelqen-ne-dubrovnik\/#primaryimage"},"datePublished":"2009-06-15T22:02:32+00:00","dateModified":"2009-06-15T22:02:32+00:00","author":{"@id":"https:\/\/www.visit-ulcinj.com\/blog\/#\/schema\/person\/dcab619c614d3038751c63bc2aadc06d"},"description":"KARATE TEAM \"ULQINI\" MORI PJES\u00cb ME SUKSES N\u00cb DY TURNE ND\u00cbRKOMB\u00cbTARE T\u00cb KARATES\u00cb Karate Team \"Ulqini\", i p\u00ebrb\u00ebr\u00eb nga karateist\u00ebt e klubeve \"Ulqini\" dhe","breadcrumb":{"@id":"https:\/\/www.visit-ulcinj.com\/blog\/2009\/06\/16\/karate-team-ulqini-shkelqen-ne-dubrovnik\/#breadcrumb"},"inLanguage":"en-US","potentialAction":[{"@type":"ReadAction","target":["https:\/\/www.visit-ulcinj.com\/blog\/2009\/06\/16\/karate-team-ulqini-shkelqen-ne-dubrovnik\/"]}]},{"@type":"BreadcrumbList","@id":"https:\/\/www.visit-ulcinj.com\/blog\/2009\/06\/16\/karate-team-ulqini-shkelqen-ne-dubrovnik\/#breadcrumb","itemListElement":[{"@type":"ListItem","position":1,"name":"Karate Team &#8220;Ulqini&#8221; shk\u00eblqen n\u00eb Dubrovnik"}]},{"@type":"Person","@id":"https:\/\/www.visit-ulcinj.com\/blog\/#\/schema\/person\/dcab619c614d3038751c63bc2aadc06d","name":"ulqini","sameAs":["http:\/\/www.visit-ulcinj.com"],"url":"https:\/\/www.visit-ulcinj.com\/blog\/author\/admin\/"}]}},"jetpack_featured_media_url":"","jetpack_sharing_enabled":true,"jetpack_shortlink":"https:\/\/wp.me\/pe6lTn-5XN","_links":{"self":[{"href":"https:\/\/www.visit-ulcinj.com\/blog\/wp-json\/wp\/v2\/posts\/22927"}],"collection":[{"href":"https:\/\/www.visit-ulcinj.com\/blog\/wp-json\/wp\/v2\/posts"}],"about":[{"href":"https:\/\/www.visit-ulcinj.com\/blog\/wp-json\/wp\/v2\/types\/post"}],"author":[{"embeddable":true,"href":"https:\/\/www.visit-ulcinj.com\/blog\/wp-json\/wp\/v2\/users\/1"}],"replies":[{"embeddable":true,"href":"https:\/\/www.visit-ulcinj.com\/blog\/wp-json\/wp\/v2\/comments?post=22927"}],"version-history":[{"count":0,"href":"https:\/\/www.visit-ulcinj.com\/blog\/wp-json\/wp\/v2\/posts\/22927\/revisions"}],"wp:attachment":[{"href":"https:\/\/www.visit-ulcinj.com\/blog\/wp-json\/wp\/v2\/media?parent=22927"}],"wp:term":[{"taxonomy":"category","embeddable":true,"href":"https:\/\/www.visit-ulcinj.com\/blog\/wp-json\/wp\/v2\/categories?post=22927"},{"taxonomy":"post_tag","embeddable":true,"href":"https:\/\/www.visit-ulcinj.com\/blog\/wp-json\/wp\/v2\/tags?post=22927"}],"curies":[{"name":"wp","href":"https:\/\/api.w.org\/{rel}","templated":true}]}}