{"id":22951,"date":"2009-06-16T20:40:51","date_gmt":"2009-06-16T18:40:51","guid":{"rendered":"http:\/\/www.visit-ulcinj.com\/blog\/?p=22951"},"modified":"2009-06-16T20:41:28","modified_gmt":"2009-06-16T18:41:28","slug":"gjukanoviq-ballkani-ende-s%e2%80%99eshte-stabilizuar","status":"publish","type":"post","link":"https:\/\/www.visit-ulcinj.com\/blog\/2009\/06\/16\/gjukanoviq-ballkani-ende-s%e2%80%99eshte-stabilizuar\/","title":{"rendered":"Gjukanoviq: Ballkani ende s\u2019\u00ebsht\u00eb stabilizuar"},"content":{"rendered":"<p><a href=\"http:\/\/www.visit-ulcinj.com\/blog\/wp-content\/uploads\/2009\/06\/Milo-?ukanovi?.jpg\"><img loading=\"lazy\" class=\"alignleft size-full wp-image-22952\" title=\"Milo ?ukanovi?\" src=\"http:\/\/www.visit-ulcinj.com\/blog\/wp-content\/uploads\/2009\/06\/Milo-?ukanovi?.jpg\" alt=\"Milo ?ukanovi?\" width=\"580\" height=\"343\" \/><\/a>Ballkani, shikuar p\u00ebrgjith\u00ebsisht, \u00ebsht\u00eb n\u00eb rrug\u00eb t\u00eb drejt\u00eb, megjith\u00ebse ende nuk \u00ebsht\u00eb stabilizuar plot\u00ebsisht, deklaroi kryeministri i Malit t\u00eb Zi, Milo Djukanovic, duke porositur Evrop\u00ebn se nuk guxon t\u00eb p\u00ebrs\u00ebris gabimet e viteve t\u00eb 90\u2019a, kur problemeve iu p\u00ebrkushtua me vones\u00eb.<br \/>\nKy gabim, sipas asaj q\u00eb Djukanovic i deklaroi radios shtet\u00ebrore austriake, solli intervenimin e NATO\u2019s para dhjet\u00eb vitesh.<br \/>\nBombardimi ishte arsyeja q\u00eb NATO \u00ebsht\u00eb shum\u00eb m\u00eb pak i popullarizuar n\u00eb Mal t\u00eb Zi se sa BE, theksoi Djukanovic, megjith\u00ebse vler\u00ebsoi se, p\u00ebrkund\u00ebr k\u00ebsaj, Mali i Zi duhet sa m\u00eb par\u00eb t\u00eb hyj\u00eb brenda Aleanc\u00ebs ushtarake per\u00ebndimore.<br \/>\n\u201cGjenerata e gjyshit tim shkoi n\u00eb luft\u00eb, gjenerata e babait tim shkoi n\u00eb luft\u00eb, madje edhe gjenerata ime shkoi n\u00eb luft\u00eb. Prandaj, nuk guxojm\u00eb t\u00eb lejojm\u00eb q\u00eb edhe gjeneratat e pasardh\u00ebsve tan\u00eb t\u00eb shkojn\u00eb n\u00eb luft\u00eb. Meq\u00eb kemi mjaft p\u00ebrvoj\u00eb sa t\u00eb dim\u00eb se s\u2019mund t\u00eb ofrojm\u00eb kurrfar\u00eb p\u00ebr stabiliteti p\u00ebr vetveten, andaj edhe duhet t\u2019i shfryt\u00ebzojm\u00eb mekanizmat e tjer\u00eb, e ky \u00ebsht\u00eb an\u00ebtar\u00ebsimi n\u00eb NATO\u201d, arsyetoi ai q\u00ebndrimin e vet.<br \/>\n\u201cfatkeq\u00ebsisht, n\u00eb t\u00eb kaluar\u00ebn kemi d\u00ebshmuar se n\u00eb rajon s\u2019ka mekanizma t\u00eb besuesh\u00ebm q\u00eb garantojn\u00eb stabilitet t\u00eb k\u00ebsaj pjese t\u00eb Evrop\u00ebs. Padyshim se jostabiliteti i k\u00ebtij rajoni n\u00ebnkupton edhe jostabiltet t\u00eb gjith\u00eb Evrop\u00ebs, sepse taksapaguesit evropian\u00eb ende paguajn\u00eb p\u00ebr sanimin e jostabilitetit t\u00eb Ballkanit.<br \/>\nN\u00ebse kjo diagnoz\u00eb \u00ebsht\u00eb e sakt\u00eb, at\u00ebher\u00eb stabiliteti i Ballkanit duhet forcuar. Kjo \u00ebsht\u00eb e mundur vet\u00ebm p\u00ebrmes integrimeve, gjegj\u00ebsisht p\u00ebrmes integrimit t\u00eb t\u00eb gjithave shteteve t\u00eb Ballkanit Per\u00ebndimo n\u00eb BE dhe NATO\u201d, vler\u00ebsoi Djukanovic.<br \/>\nKryeministri malazez megjithat\u00eb ia t\u00ebrhoqi v\u00ebrejtjen BE q\u00eb p\u00ebr shkak t\u00eb kriz\u00ebs financiare n\u00eb Evrop\u00eb, t\u00eb mos hiqet dor\u00eb nga zgjerimi.<\/p>\n<p><strong>Gazeta Express<\/strong><\/p>\n","protected":false},"excerpt":{"rendered":"<p>Ballkani, shikuar p\u00ebrgjith\u00ebsisht, \u00ebsht\u00eb n\u00eb rrug\u00eb t\u00eb drejt\u00eb, megjith\u00ebse ende nuk \u00ebsht\u00eb stabilizuar plot\u00ebsisht, deklaroi kryeministri i Malit t\u00eb Zi, Milo Djukanovic, duke porositur Evrop\u00ebn se nuk guxon t\u00eb p\u00ebrs\u00ebris gabimet e viteve t\u00eb 90\u2019a, kur problemeve iu p\u00ebrkushtua me vones\u00eb. Ky gabim, sipas asaj q\u00eb Djukanovic i deklaroi radios shtet\u00ebrore austriake, solli intervenimin e [&hellip;]<\/p>\n","protected":false},"author":1,"featured_media":0,"comment_status":"open","ping_status":"closed","sticky":false,"template":"","format":"standard","meta":{"spay_email":"","jetpack_publicize_message":"","jetpack_is_tweetstorm":false,"jetpack_publicize_feature_enabled":true},"categories":[6],"tags":[11227,11228,3482,95,2806],"jetpack_publicize_connections":[],"yoast_head":"<!-- This site is optimized with the Yoast SEO plugin v19.1 - https:\/\/yoast.com\/wordpress\/plugins\/seo\/ -->\n<title>Gjukanoviq: Ballkani ende s\u2019\u00ebsht\u00eb stabilizuar - Lajme nga Ulqini<\/title>\n<meta name=\"description\" content=\"Ballkani, shikuar p\u00ebrgjith\u00ebsisht, \u00ebsht\u00eb n\u00eb rrug\u00eb t\u00eb drejt\u00eb, megjith\u00ebse ende nuk \u00ebsht\u00eb stabilizuar plot\u00ebsisht, deklaroi kryeministri i Malit t\u00eb Zi, Milo\" \/>\n<meta name=\"robots\" content=\"index, follow, max-snippet:-1, max-image-preview:large, max-video-preview:-1\" \/>\n<link rel=\"canonical\" href=\"https:\/\/www.visit-ulcinj.com\/blog\/2009\/06\/16\/gjukanoviq-ballkani-ende-s\u2019eshte-stabilizuar\/\" \/>\n<meta property=\"og:locale\" content=\"en_US\" \/>\n<meta property=\"og:type\" content=\"article\" \/>\n<meta property=\"og:title\" content=\"Gjukanoviq: Ballkani ende s\u2019\u00ebsht\u00eb stabilizuar - Lajme nga Ulqini\" \/>\n<meta property=\"og:description\" content=\"Ballkani, shikuar p\u00ebrgjith\u00ebsisht, \u00ebsht\u00eb n\u00eb rrug\u00eb t\u00eb drejt\u00eb, megjith\u00ebse ende nuk \u00ebsht\u00eb stabilizuar plot\u00ebsisht, deklaroi kryeministri i Malit t\u00eb Zi, Milo\" \/>\n<meta property=\"og:url\" content=\"https:\/\/www.visit-ulcinj.com\/blog\/2009\/06\/16\/gjukanoviq-ballkani-ende-s\u2019eshte-stabilizuar\/\" \/>\n<meta property=\"og:site_name\" content=\"Lajme nga Ulqini\" \/>\n<meta property=\"article:published_time\" content=\"2009-06-16T18:40:51+00:00\" \/>\n<meta property=\"article:modified_time\" content=\"2009-06-16T18:41:28+00:00\" \/>\n<meta property=\"og:image\" content=\"http:\/\/www.visit-ulcinj.com\/blog\/wp-content\/uploads\/2009\/06\/Milo-?ukanovi?.jpg\" \/>\n<meta name=\"twitter:label1\" content=\"Written by\" \/>\n\t<meta name=\"twitter:data1\" content=\"ulqini\" \/>\n\t<meta name=\"twitter:label2\" content=\"Est. reading time\" \/>\n\t<meta name=\"twitter:data2\" content=\"2 minutes\" \/>\n<script type=\"application\/ld+json\" class=\"yoast-schema-graph\">{\"@context\":\"https:\/\/schema.org\",\"@graph\":[{\"@type\":\"WebSite\",\"@id\":\"https:\/\/www.visit-ulcinj.com\/blog\/#website\",\"url\":\"https:\/\/www.visit-ulcinj.com\/blog\/\",\"name\":\"Lajme nga Ulqini\",\"description\":\"Lajme,Vijesti,Ulqini,Ulqin,Crna Gora,Mali i Zi\",\"potentialAction\":[{\"@type\":\"SearchAction\",\"target\":{\"@type\":\"EntryPoint\",\"urlTemplate\":\"https:\/\/www.visit-ulcinj.com\/blog\/?s={search_term_string}\"},\"query-input\":\"required name=search_term_string\"}],\"inLanguage\":\"en-US\"},{\"@type\":\"ImageObject\",\"inLanguage\":\"en-US\",\"@id\":\"https:\/\/www.visit-ulcinj.com\/blog\/2009\/06\/16\/gjukanoviq-ballkani-ende-s%e2%80%99eshte-stabilizuar\/#primaryimage\",\"url\":\"http:\/\/www.visit-ulcinj.com\/blog\/wp-content\/uploads\/2009\/06\/Milo-?ukanovi?.jpg\",\"contentUrl\":\"http:\/\/www.visit-ulcinj.com\/blog\/wp-content\/uploads\/2009\/06\/Milo-?ukanovi?.jpg\"},{\"@type\":\"WebPage\",\"@id\":\"https:\/\/www.visit-ulcinj.com\/blog\/2009\/06\/16\/gjukanoviq-ballkani-ende-s%e2%80%99eshte-stabilizuar\/#webpage\",\"url\":\"https:\/\/www.visit-ulcinj.com\/blog\/2009\/06\/16\/gjukanoviq-ballkani-ende-s%e2%80%99eshte-stabilizuar\/\",\"name\":\"Gjukanoviq: Ballkani ende s\u2019\u00ebsht\u00eb stabilizuar - Lajme nga Ulqini\",\"isPartOf\":{\"@id\":\"https:\/\/www.visit-ulcinj.com\/blog\/#website\"},\"primaryImageOfPage\":{\"@id\":\"https:\/\/www.visit-ulcinj.com\/blog\/2009\/06\/16\/gjukanoviq-ballkani-ende-s%e2%80%99eshte-stabilizuar\/#primaryimage\"},\"datePublished\":\"2009-06-16T18:40:51+00:00\",\"dateModified\":\"2009-06-16T18:41:28+00:00\",\"author\":{\"@id\":\"https:\/\/www.visit-ulcinj.com\/blog\/#\/schema\/person\/dcab619c614d3038751c63bc2aadc06d\"},\"description\":\"Ballkani, shikuar p\u00ebrgjith\u00ebsisht, \u00ebsht\u00eb n\u00eb rrug\u00eb t\u00eb drejt\u00eb, megjith\u00ebse ende nuk \u00ebsht\u00eb stabilizuar plot\u00ebsisht, deklaroi kryeministri i Malit t\u00eb Zi, Milo\",\"breadcrumb\":{\"@id\":\"https:\/\/www.visit-ulcinj.com\/blog\/2009\/06\/16\/gjukanoviq-ballkani-ende-s%e2%80%99eshte-stabilizuar\/#breadcrumb\"},\"inLanguage\":\"en-US\",\"potentialAction\":[{\"@type\":\"ReadAction\",\"target\":[\"https:\/\/www.visit-ulcinj.com\/blog\/2009\/06\/16\/gjukanoviq-ballkani-ende-s%e2%80%99eshte-stabilizuar\/\"]}]},{\"@type\":\"BreadcrumbList\",\"@id\":\"https:\/\/www.visit-ulcinj.com\/blog\/2009\/06\/16\/gjukanoviq-ballkani-ende-s%e2%80%99eshte-stabilizuar\/#breadcrumb\",\"itemListElement\":[{\"@type\":\"ListItem\",\"position\":1,\"name\":\"Gjukanoviq: Ballkani ende s\u2019\u00ebsht\u00eb stabilizuar\"}]},{\"@type\":\"Person\",\"@id\":\"https:\/\/www.visit-ulcinj.com\/blog\/#\/schema\/person\/dcab619c614d3038751c63bc2aadc06d\",\"name\":\"ulqini\",\"sameAs\":[\"http:\/\/www.visit-ulcinj.com\"],\"url\":\"https:\/\/www.visit-ulcinj.com\/blog\/author\/admin\/\"}]}<\/script>\n<!-- \/ Yoast SEO plugin. -->","yoast_head_json":{"title":"Gjukanoviq: Ballkani ende s\u2019\u00ebsht\u00eb stabilizuar - Lajme nga Ulqini","description":"Ballkani, shikuar p\u00ebrgjith\u00ebsisht, \u00ebsht\u00eb n\u00eb rrug\u00eb t\u00eb drejt\u00eb, megjith\u00ebse ende nuk \u00ebsht\u00eb stabilizuar plot\u00ebsisht, deklaroi kryeministri i Malit t\u00eb Zi, Milo","robots":{"index":"index","follow":"follow","max-snippet":"max-snippet:-1","max-image-preview":"max-image-preview:large","max-video-preview":"max-video-preview:-1"},"canonical":"https:\/\/www.visit-ulcinj.com\/blog\/2009\/06\/16\/gjukanoviq-ballkani-ende-s\u2019eshte-stabilizuar\/","og_locale":"en_US","og_type":"article","og_title":"Gjukanoviq: Ballkani ende s\u2019\u00ebsht\u00eb stabilizuar - Lajme nga Ulqini","og_description":"Ballkani, shikuar p\u00ebrgjith\u00ebsisht, \u00ebsht\u00eb n\u00eb rrug\u00eb t\u00eb drejt\u00eb, megjith\u00ebse ende nuk \u00ebsht\u00eb stabilizuar plot\u00ebsisht, deklaroi kryeministri i Malit t\u00eb Zi, Milo","og_url":"https:\/\/www.visit-ulcinj.com\/blog\/2009\/06\/16\/gjukanoviq-ballkani-ende-s\u2019eshte-stabilizuar\/","og_site_name":"Lajme nga Ulqini","article_published_time":"2009-06-16T18:40:51+00:00","article_modified_time":"2009-06-16T18:41:28+00:00","og_image":[{"url":"http:\/\/www.visit-ulcinj.com\/blog\/wp-content\/uploads\/2009\/06\/Milo-?ukanovi?.jpg"}],"twitter_misc":{"Written by":"ulqini","Est. reading time":"2 minutes"},"schema":{"@context":"https:\/\/schema.org","@graph":[{"@type":"WebSite","@id":"https:\/\/www.visit-ulcinj.com\/blog\/#website","url":"https:\/\/www.visit-ulcinj.com\/blog\/","name":"Lajme nga Ulqini","description":"Lajme,Vijesti,Ulqini,Ulqin,Crna Gora,Mali i Zi","potentialAction":[{"@type":"SearchAction","target":{"@type":"EntryPoint","urlTemplate":"https:\/\/www.visit-ulcinj.com\/blog\/?s={search_term_string}"},"query-input":"required name=search_term_string"}],"inLanguage":"en-US"},{"@type":"ImageObject","inLanguage":"en-US","@id":"https:\/\/www.visit-ulcinj.com\/blog\/2009\/06\/16\/gjukanoviq-ballkani-ende-s%e2%80%99eshte-stabilizuar\/#primaryimage","url":"http:\/\/www.visit-ulcinj.com\/blog\/wp-content\/uploads\/2009\/06\/Milo-?ukanovi?.jpg","contentUrl":"http:\/\/www.visit-ulcinj.com\/blog\/wp-content\/uploads\/2009\/06\/Milo-?ukanovi?.jpg"},{"@type":"WebPage","@id":"https:\/\/www.visit-ulcinj.com\/blog\/2009\/06\/16\/gjukanoviq-ballkani-ende-s%e2%80%99eshte-stabilizuar\/#webpage","url":"https:\/\/www.visit-ulcinj.com\/blog\/2009\/06\/16\/gjukanoviq-ballkani-ende-s%e2%80%99eshte-stabilizuar\/","name":"Gjukanoviq: Ballkani ende s\u2019\u00ebsht\u00eb stabilizuar - Lajme nga Ulqini","isPartOf":{"@id":"https:\/\/www.visit-ulcinj.com\/blog\/#website"},"primaryImageOfPage":{"@id":"https:\/\/www.visit-ulcinj.com\/blog\/2009\/06\/16\/gjukanoviq-ballkani-ende-s%e2%80%99eshte-stabilizuar\/#primaryimage"},"datePublished":"2009-06-16T18:40:51+00:00","dateModified":"2009-06-16T18:41:28+00:00","author":{"@id":"https:\/\/www.visit-ulcinj.com\/blog\/#\/schema\/person\/dcab619c614d3038751c63bc2aadc06d"},"description":"Ballkani, shikuar p\u00ebrgjith\u00ebsisht, \u00ebsht\u00eb n\u00eb rrug\u00eb t\u00eb drejt\u00eb, megjith\u00ebse ende nuk \u00ebsht\u00eb stabilizuar plot\u00ebsisht, deklaroi kryeministri i Malit t\u00eb Zi, Milo","breadcrumb":{"@id":"https:\/\/www.visit-ulcinj.com\/blog\/2009\/06\/16\/gjukanoviq-ballkani-ende-s%e2%80%99eshte-stabilizuar\/#breadcrumb"},"inLanguage":"en-US","potentialAction":[{"@type":"ReadAction","target":["https:\/\/www.visit-ulcinj.com\/blog\/2009\/06\/16\/gjukanoviq-ballkani-ende-s%e2%80%99eshte-stabilizuar\/"]}]},{"@type":"BreadcrumbList","@id":"https:\/\/www.visit-ulcinj.com\/blog\/2009\/06\/16\/gjukanoviq-ballkani-ende-s%e2%80%99eshte-stabilizuar\/#breadcrumb","itemListElement":[{"@type":"ListItem","position":1,"name":"Gjukanoviq: Ballkani ende s\u2019\u00ebsht\u00eb stabilizuar"}]},{"@type":"Person","@id":"https:\/\/www.visit-ulcinj.com\/blog\/#\/schema\/person\/dcab619c614d3038751c63bc2aadc06d","name":"ulqini","sameAs":["http:\/\/www.visit-ulcinj.com"],"url":"https:\/\/www.visit-ulcinj.com\/blog\/author\/admin\/"}]}},"jetpack_featured_media_url":"","jetpack_sharing_enabled":true,"jetpack_shortlink":"https:\/\/wp.me\/pe6lTn-5Yb","_links":{"self":[{"href":"https:\/\/www.visit-ulcinj.com\/blog\/wp-json\/wp\/v2\/posts\/22951"}],"collection":[{"href":"https:\/\/www.visit-ulcinj.com\/blog\/wp-json\/wp\/v2\/posts"}],"about":[{"href":"https:\/\/www.visit-ulcinj.com\/blog\/wp-json\/wp\/v2\/types\/post"}],"author":[{"embeddable":true,"href":"https:\/\/www.visit-ulcinj.com\/blog\/wp-json\/wp\/v2\/users\/1"}],"replies":[{"embeddable":true,"href":"https:\/\/www.visit-ulcinj.com\/blog\/wp-json\/wp\/v2\/comments?post=22951"}],"version-history":[{"count":0,"href":"https:\/\/www.visit-ulcinj.com\/blog\/wp-json\/wp\/v2\/posts\/22951\/revisions"}],"wp:attachment":[{"href":"https:\/\/www.visit-ulcinj.com\/blog\/wp-json\/wp\/v2\/media?parent=22951"}],"wp:term":[{"taxonomy":"category","embeddable":true,"href":"https:\/\/www.visit-ulcinj.com\/blog\/wp-json\/wp\/v2\/categories?post=22951"},{"taxonomy":"post_tag","embeddable":true,"href":"https:\/\/www.visit-ulcinj.com\/blog\/wp-json\/wp\/v2\/tags?post=22951"}],"curies":[{"name":"wp","href":"https:\/\/api.w.org\/{rel}","templated":true}]}}