{"id":22956,"date":"2009-06-16T20:53:07","date_gmt":"2009-06-16T18:53:07","guid":{"rendered":"http:\/\/www.visit-ulcinj.com\/blog\/?p=22956"},"modified":"2009-06-16T20:53:07","modified_gmt":"2009-06-16T18:53:07","slug":"bb-e-fmn-takohen-ne-mal-te-zi","status":"publish","type":"post","link":"https:\/\/www.visit-ulcinj.com\/blog\/2009\/06\/16\/bb-e-fmn-takohen-ne-mal-te-zi\/","title":{"rendered":"BB e FMN takohen n\u00eb Mal t\u00eb Zi"},"content":{"rendered":"<p><a href=\"http:\/\/www.visit-ulcinj.com\/blog\/wp-content\/uploads\/2009\/06\/Fondit-Monetar-Nd\u00ebrkomb\u00ebtar.jpg\"><img loading=\"lazy\" class=\"alignleft size-full wp-image-22957\" title=\"Fondit Monetar Nd\u00ebrkomb\u00ebtar\" src=\"http:\/\/www.visit-ulcinj.com\/blog\/wp-content\/uploads\/2009\/06\/Fondit-Monetar-Nd\u00ebrkomb\u00ebtar.jpg\" alt=\"Fondit Monetar Nd\u00ebrkomb\u00ebtar\" width=\"289\" height=\"280\" \/><\/a>PODGORICE &#8211; Mali i Zi \u00ebsht\u00eb mikprit\u00ebsi i takimit t\u00eb sivjetsh\u00ebm t\u00eb p\u00ebrfaq\u00ebsuesve t\u00eb Fondit Monetar Nd\u00ebrkomb\u00ebtar (FMN) dhe t\u00eb Bank\u00ebs Bot\u00ebrore, q\u00eb nisi sot n\u00eb Budv\u00eb dhe do t\u00eb zgjas\u00eb deri m\u00eb 16 qershor.<br \/>\nN\u00eb takim jan\u00eb t\u00eb pranish\u00ebm edhe z\u00ebvend\u00ebskryeministri dhe minist\u00ebr i Financave t\u00eb Holand\u00ebs, Vauter Bos, guvernatori i Bak\u00ebs Qendrore holandeze Nut Velnik, n\u00ebnkryetari i Bank\u00ebs Bot\u00ebrore, Shigeo Kacu dhe drejtori i sektorit evropian t\u00eb FMN-s\u00eb, Marek Belka.<br \/>\nPjes\u00ebmarr\u00ebsit do t\u00eb debatojn\u00eb p\u00ebr \u00e7\u00ebshtjet q\u00eb kan\u00eb t\u00eb b\u00ebjn\u00eb me ekonomin\u00eb bot\u00ebrore dhe prioritetet dhe strategjit\u00eb e dy institucioneve nd\u00ebrkomb\u00ebtare.<br \/>\nOrganizator\u00ebt formal\u00eb t\u00eb takimit jan\u00eb z\u00ebvend\u00ebskryeministri malazez dhe ministri i Financave, Igor Lukshic dhe guvernatori i Bank\u00ebs Qendrore t\u00eb Malit t\u00eb Zi, Lubisha K\u00ebrgovic.<br \/>\nMali i Zi \u00ebsht\u00eb an\u00ebtar\u00eb i Bank\u00ebs Bot\u00ebrore dhe FMN-s\u00eb nga 18 janari i vitit 2007.<\/p>\n<p><strong>(d.b\/MIA\/BalkanWeb)<\/strong><\/p>\n","protected":false},"excerpt":{"rendered":"<p>PODGORICE &#8211; Mali i Zi \u00ebsht\u00eb mikprit\u00ebsi i takimit t\u00eb sivjetsh\u00ebm t\u00eb p\u00ebrfaq\u00ebsuesve t\u00eb Fondit Monetar Nd\u00ebrkomb\u00ebtar (FMN) dhe t\u00eb Bank\u00ebs Bot\u00ebrore, q\u00eb nisi sot n\u00eb Budv\u00eb dhe do t\u00eb zgjas\u00eb deri m\u00eb 16 qershor. N\u00eb takim jan\u00eb t\u00eb pranish\u00ebm edhe z\u00ebvend\u00ebskryeministri dhe minist\u00ebr i Financave t\u00eb Holand\u00ebs, Vauter Bos, guvernatori i Bak\u00ebs Qendrore holandeze [&hellip;]<\/p>\n","protected":false},"author":1,"featured_media":0,"comment_status":"open","ping_status":"closed","sticky":false,"template":"","format":"standard","meta":{"spay_email":"","jetpack_publicize_message":"","jetpack_is_tweetstorm":false,"jetpack_publicize_feature_enabled":true},"categories":[10],"tags":[11230,11231,11229,11233,11232,95,11235,11234],"jetpack_publicize_connections":[],"yoast_head":"<!-- This site is optimized with the Yoast SEO plugin v19.1 - https:\/\/yoast.com\/wordpress\/plugins\/seo\/ -->\n<title>BB e FMN takohen n\u00eb Mal t\u00eb Zi - Lajme nga Ulqini<\/title>\n<meta name=\"description\" content=\"PODGORICE - Mali i Zi \u00ebsht\u00eb mikprit\u00ebsi i takimit t\u00eb sivjetsh\u00ebm t\u00eb p\u00ebrfaq\u00ebsuesve t\u00eb Fondit Monetar Nd\u00ebrkomb\u00ebtar (FMN) dhe t\u00eb Bank\u00ebs Bot\u00ebrore, q\u00eb nisi sot\" \/>\n<meta name=\"robots\" content=\"index, follow, max-snippet:-1, max-image-preview:large, max-video-preview:-1\" \/>\n<link rel=\"canonical\" href=\"https:\/\/www.visit-ulcinj.com\/blog\/2009\/06\/16\/bb-e-fmn-takohen-ne-mal-te-zi\/\" \/>\n<meta property=\"og:locale\" content=\"en_US\" \/>\n<meta property=\"og:type\" content=\"article\" \/>\n<meta property=\"og:title\" content=\"BB e FMN takohen n\u00eb Mal t\u00eb Zi - Lajme nga Ulqini\" \/>\n<meta property=\"og:description\" content=\"PODGORICE - Mali i Zi \u00ebsht\u00eb mikprit\u00ebsi i takimit t\u00eb sivjetsh\u00ebm t\u00eb p\u00ebrfaq\u00ebsuesve t\u00eb Fondit Monetar Nd\u00ebrkomb\u00ebtar (FMN) dhe t\u00eb Bank\u00ebs Bot\u00ebrore, q\u00eb nisi sot\" \/>\n<meta property=\"og:url\" content=\"https:\/\/www.visit-ulcinj.com\/blog\/2009\/06\/16\/bb-e-fmn-takohen-ne-mal-te-zi\/\" \/>\n<meta property=\"og:site_name\" content=\"Lajme nga Ulqini\" \/>\n<meta property=\"article:published_time\" content=\"2009-06-16T18:53:07+00:00\" \/>\n<meta name=\"twitter:label1\" content=\"Written by\" \/>\n\t<meta name=\"twitter:data1\" content=\"ulqini\" \/>\n\t<meta name=\"twitter:label2\" content=\"Est. reading time\" \/>\n\t<meta name=\"twitter:data2\" content=\"1 minute\" \/>\n<script type=\"application\/ld+json\" class=\"yoast-schema-graph\">{\"@context\":\"https:\/\/schema.org\",\"@graph\":[{\"@type\":\"WebSite\",\"@id\":\"https:\/\/www.visit-ulcinj.com\/blog\/#website\",\"url\":\"https:\/\/www.visit-ulcinj.com\/blog\/\",\"name\":\"Lajme nga Ulqini\",\"description\":\"Lajme,Vijesti,Ulqini,Ulqin,Crna Gora,Mali i Zi\",\"potentialAction\":[{\"@type\":\"SearchAction\",\"target\":{\"@type\":\"EntryPoint\",\"urlTemplate\":\"https:\/\/www.visit-ulcinj.com\/blog\/?s={search_term_string}\"},\"query-input\":\"required name=search_term_string\"}],\"inLanguage\":\"en-US\"},{\"@type\":\"WebPage\",\"@id\":\"https:\/\/www.visit-ulcinj.com\/blog\/2009\/06\/16\/bb-e-fmn-takohen-ne-mal-te-zi\/#webpage\",\"url\":\"https:\/\/www.visit-ulcinj.com\/blog\/2009\/06\/16\/bb-e-fmn-takohen-ne-mal-te-zi\/\",\"name\":\"BB e FMN takohen n\u00eb Mal t\u00eb Zi - Lajme nga Ulqini\",\"isPartOf\":{\"@id\":\"https:\/\/www.visit-ulcinj.com\/blog\/#website\"},\"datePublished\":\"2009-06-16T18:53:07+00:00\",\"dateModified\":\"2009-06-16T18:53:07+00:00\",\"author\":{\"@id\":\"https:\/\/www.visit-ulcinj.com\/blog\/#\/schema\/person\/dcab619c614d3038751c63bc2aadc06d\"},\"description\":\"PODGORICE - Mali i Zi \u00ebsht\u00eb mikprit\u00ebsi i takimit t\u00eb sivjetsh\u00ebm t\u00eb p\u00ebrfaq\u00ebsuesve t\u00eb Fondit Monetar Nd\u00ebrkomb\u00ebtar (FMN) dhe t\u00eb Bank\u00ebs Bot\u00ebrore, q\u00eb nisi sot\",\"breadcrumb\":{\"@id\":\"https:\/\/www.visit-ulcinj.com\/blog\/2009\/06\/16\/bb-e-fmn-takohen-ne-mal-te-zi\/#breadcrumb\"},\"inLanguage\":\"en-US\",\"potentialAction\":[{\"@type\":\"ReadAction\",\"target\":[\"https:\/\/www.visit-ulcinj.com\/blog\/2009\/06\/16\/bb-e-fmn-takohen-ne-mal-te-zi\/\"]}]},{\"@type\":\"BreadcrumbList\",\"@id\":\"https:\/\/www.visit-ulcinj.com\/blog\/2009\/06\/16\/bb-e-fmn-takohen-ne-mal-te-zi\/#breadcrumb\",\"itemListElement\":[{\"@type\":\"ListItem\",\"position\":1,\"name\":\"BB e FMN takohen n\u00eb Mal t\u00eb Zi\"}]},{\"@type\":\"Person\",\"@id\":\"https:\/\/www.visit-ulcinj.com\/blog\/#\/schema\/person\/dcab619c614d3038751c63bc2aadc06d\",\"name\":\"ulqini\",\"sameAs\":[\"http:\/\/www.visit-ulcinj.com\"],\"url\":\"https:\/\/www.visit-ulcinj.com\/blog\/author\/admin\/\"}]}<\/script>\n<!-- \/ Yoast SEO plugin. -->","yoast_head_json":{"title":"BB e FMN takohen n\u00eb Mal t\u00eb Zi - Lajme nga Ulqini","description":"PODGORICE - Mali i Zi \u00ebsht\u00eb mikprit\u00ebsi i takimit t\u00eb sivjetsh\u00ebm t\u00eb p\u00ebrfaq\u00ebsuesve t\u00eb Fondit Monetar Nd\u00ebrkomb\u00ebtar (FMN) dhe t\u00eb Bank\u00ebs Bot\u00ebrore, q\u00eb nisi sot","robots":{"index":"index","follow":"follow","max-snippet":"max-snippet:-1","max-image-preview":"max-image-preview:large","max-video-preview":"max-video-preview:-1"},"canonical":"https:\/\/www.visit-ulcinj.com\/blog\/2009\/06\/16\/bb-e-fmn-takohen-ne-mal-te-zi\/","og_locale":"en_US","og_type":"article","og_title":"BB e FMN takohen n\u00eb Mal t\u00eb Zi - Lajme nga Ulqini","og_description":"PODGORICE - Mali i Zi \u00ebsht\u00eb mikprit\u00ebsi i takimit t\u00eb sivjetsh\u00ebm t\u00eb p\u00ebrfaq\u00ebsuesve t\u00eb Fondit Monetar Nd\u00ebrkomb\u00ebtar (FMN) dhe t\u00eb Bank\u00ebs Bot\u00ebrore, q\u00eb nisi sot","og_url":"https:\/\/www.visit-ulcinj.com\/blog\/2009\/06\/16\/bb-e-fmn-takohen-ne-mal-te-zi\/","og_site_name":"Lajme nga Ulqini","article_published_time":"2009-06-16T18:53:07+00:00","twitter_misc":{"Written by":"ulqini","Est. reading time":"1 minute"},"schema":{"@context":"https:\/\/schema.org","@graph":[{"@type":"WebSite","@id":"https:\/\/www.visit-ulcinj.com\/blog\/#website","url":"https:\/\/www.visit-ulcinj.com\/blog\/","name":"Lajme nga Ulqini","description":"Lajme,Vijesti,Ulqini,Ulqin,Crna Gora,Mali i Zi","potentialAction":[{"@type":"SearchAction","target":{"@type":"EntryPoint","urlTemplate":"https:\/\/www.visit-ulcinj.com\/blog\/?s={search_term_string}"},"query-input":"required name=search_term_string"}],"inLanguage":"en-US"},{"@type":"WebPage","@id":"https:\/\/www.visit-ulcinj.com\/blog\/2009\/06\/16\/bb-e-fmn-takohen-ne-mal-te-zi\/#webpage","url":"https:\/\/www.visit-ulcinj.com\/blog\/2009\/06\/16\/bb-e-fmn-takohen-ne-mal-te-zi\/","name":"BB e FMN takohen n\u00eb Mal t\u00eb Zi - Lajme nga Ulqini","isPartOf":{"@id":"https:\/\/www.visit-ulcinj.com\/blog\/#website"},"datePublished":"2009-06-16T18:53:07+00:00","dateModified":"2009-06-16T18:53:07+00:00","author":{"@id":"https:\/\/www.visit-ulcinj.com\/blog\/#\/schema\/person\/dcab619c614d3038751c63bc2aadc06d"},"description":"PODGORICE - Mali i Zi \u00ebsht\u00eb mikprit\u00ebsi i takimit t\u00eb sivjetsh\u00ebm t\u00eb p\u00ebrfaq\u00ebsuesve t\u00eb Fondit Monetar Nd\u00ebrkomb\u00ebtar (FMN) dhe t\u00eb Bank\u00ebs Bot\u00ebrore, q\u00eb nisi sot","breadcrumb":{"@id":"https:\/\/www.visit-ulcinj.com\/blog\/2009\/06\/16\/bb-e-fmn-takohen-ne-mal-te-zi\/#breadcrumb"},"inLanguage":"en-US","potentialAction":[{"@type":"ReadAction","target":["https:\/\/www.visit-ulcinj.com\/blog\/2009\/06\/16\/bb-e-fmn-takohen-ne-mal-te-zi\/"]}]},{"@type":"BreadcrumbList","@id":"https:\/\/www.visit-ulcinj.com\/blog\/2009\/06\/16\/bb-e-fmn-takohen-ne-mal-te-zi\/#breadcrumb","itemListElement":[{"@type":"ListItem","position":1,"name":"BB e FMN takohen n\u00eb Mal t\u00eb Zi"}]},{"@type":"Person","@id":"https:\/\/www.visit-ulcinj.com\/blog\/#\/schema\/person\/dcab619c614d3038751c63bc2aadc06d","name":"ulqini","sameAs":["http:\/\/www.visit-ulcinj.com"],"url":"https:\/\/www.visit-ulcinj.com\/blog\/author\/admin\/"}]}},"jetpack_featured_media_url":"","jetpack_sharing_enabled":true,"jetpack_shortlink":"https:\/\/wp.me\/pe6lTn-5Yg","_links":{"self":[{"href":"https:\/\/www.visit-ulcinj.com\/blog\/wp-json\/wp\/v2\/posts\/22956"}],"collection":[{"href":"https:\/\/www.visit-ulcinj.com\/blog\/wp-json\/wp\/v2\/posts"}],"about":[{"href":"https:\/\/www.visit-ulcinj.com\/blog\/wp-json\/wp\/v2\/types\/post"}],"author":[{"embeddable":true,"href":"https:\/\/www.visit-ulcinj.com\/blog\/wp-json\/wp\/v2\/users\/1"}],"replies":[{"embeddable":true,"href":"https:\/\/www.visit-ulcinj.com\/blog\/wp-json\/wp\/v2\/comments?post=22956"}],"version-history":[{"count":0,"href":"https:\/\/www.visit-ulcinj.com\/blog\/wp-json\/wp\/v2\/posts\/22956\/revisions"}],"wp:attachment":[{"href":"https:\/\/www.visit-ulcinj.com\/blog\/wp-json\/wp\/v2\/media?parent=22956"}],"wp:term":[{"taxonomy":"category","embeddable":true,"href":"https:\/\/www.visit-ulcinj.com\/blog\/wp-json\/wp\/v2\/categories?post=22956"},{"taxonomy":"post_tag","embeddable":true,"href":"https:\/\/www.visit-ulcinj.com\/blog\/wp-json\/wp\/v2\/tags?post=22956"}],"curies":[{"name":"wp","href":"https:\/\/api.w.org\/{rel}","templated":true}]}}