{"id":22960,"date":"2009-06-17T19:30:13","date_gmt":"2009-06-17T17:30:13","guid":{"rendered":"http:\/\/www.visit-ulcinj.com\/blog\/?p=22960"},"modified":"2009-06-17T19:30:13","modified_gmt":"2009-06-17T17:30:13","slug":"mjestani-limana-u-ucinju-ogorceni-zbog-nepostovanja-zabrane-gradnje","status":"publish","type":"post","link":"https:\/\/www.visit-ulcinj.com\/blog\/2009\/06\/17\/mjestani-limana-u-ucinju-ogorceni-zbog-nepostovanja-zabrane-gradnje\/","title":{"rendered":"Mje\u0161tani Limana u Ucinju ogor?eni zbog nepo\u0161tovanja zabrane gradnje"},"content":{"rendered":"<p><strong><a href=\"http:\/\/www.visit-ulcinj.com\/blog\/wp-content\/uploads\/2009\/06\/LIMAN-U-ULCINJU.jpg\"><img loading=\"lazy\" class=\"alignleft size-full wp-image-22961\" title=\"LIMAN U ULCINJU\" src=\"http:\/\/www.visit-ulcinj.com\/blog\/wp-content\/uploads\/2009\/06\/LIMAN-U-ULCINJU.jpg\" alt=\"LIMAN U ULCINJU\" width=\"580\" height=\"400\" \/><\/a>Turisti bje\u017ee, a gdje ?emo mi<\/strong><br \/>\nUlcinj &#8211; Mje\u0161tani Limana u Ulcinju odavno imaju problem sa uskim puti?em koji opasno krivuda do njihovih ku?a, ali se njihove nove nevolje ogledaju u nemo?i da zaustave goste koji bje\u017ee iz naselja zbog buke gra?evinskih ma\u0161ina iako je uveliko na snazi zabrana izvo?enja radova.<br \/>\nNjih oko 20 po\u017ealilo se \u201cVijestima\u201d da investitori radove izvode i na svega 10 metara od pla\u017ee, te da su o tome vi\u0161e puta bezuspje\u0161no obavje\u0161tavali komunalnu i republi?ku inspekciju i uzaludno zvali de\u017eurni broj 9817.<br \/>\n\u201cGosti su po?eli da dolaze 1. juna, ali ih tjera buka i nevi?ena devastacija prostora. Radi priprema za izgradnju poslovno-stambenog objekta, jedan od investitora poru\u0161io je brdo koje se nalazi 15 metara od pla\u017ee, a oko 5.000 kubika zemlje sasuo u Limanski potok i potpuno ga zatrpao\u201d, tvrde oni. Strahuju da bi prve obilnije padavine mogle nanijeti \u0161tetu njihovim ku?ama.<br \/>\n\u201cPotok mora na?i put do mora. I o tome smo obavijestili nadle\u017ene, ali one i dalje ?ute\u201d, isti?u oni. Negoduju \u0161to gradona?elnik Gzim Hajdinaga ne ispunjava obe?anje o ure?ivanju prilaznog puta.<br \/>\n\u201cHajdinaga je obe?ao da ?e do po?etka juna put biti asfaltiran i ure?en. Put je u izuzetno lo\u0161em stanju zbog prevoza \u0161uta i gra?evinskog materijala i kretanja te\u0161kih gra?evinskih ma\u0161ina sa gusjenicama. Put nije ni popravljen, a kamoli asfaltiran\u201d, ogor?eni su mje\u0161tani Limana.<\/p>\n<p><strong>Hajdinaga: Ispuni?u obe?anje<\/strong><br \/>\nHajdinaga je kazao da Direkcija javnih radova snosi tro\u0161kove ure?enja puta u Limanu i naveo da je nedostatak asfalta jedini razlog zbog ?ega investicija kasni.<br \/>\n\u201cPut ?e uskoro biti asfaltiran jer nema razloga da ne ispunim obe?anje koje sam dao mje\u0161tanima Limana. Problem je \u0161to je teren nepristupa?an, pa ma\u0161ine ne mogu da pro?u putem zbog ?ega ?e asfalt morati ru?no da se postavlja\u201d, kazao je Hajdinaga.<\/p>\n<p><strong>S.A<br \/>\n<a href=\"http:\/\/www.vijesti.cg.yu\/index.php?id_pre=307800&amp;godina=2009\" target=\"_blank\">Vijesti<\/a><\/strong><\/p>\n\n\t\t<style type=\"text\/css\">\n\t\t\t#gallery-1 {\n\t\t\t\tmargin: auto;\n\t\t\t}\n\t\t\t#gallery-1 .gallery-item {\n\t\t\t\tfloat: left;\n\t\t\t\tmargin-top: 10px;\n\t\t\t\ttext-align: center;\n\t\t\t\twidth: 33%;\n\t\t\t}\n\t\t\t#gallery-1 img {\n\t\t\t\tborder: 2px solid #cfcfcf;\n\t\t\t}\n\t\t\t#gallery-1 .gallery-caption {\n\t\t\t\tmargin-left: 0;\n\t\t\t}\n\t\t\t\/* see gallery_shortcode() in wp-includes\/media.php *\/\n\t\t<\/style>\n\t\t<div id='gallery-1' class='gallery galleryid-22960 gallery-columns-3 gallery-size-thumbnail'><dl class='gallery-item'>\n\t\t\t<dt class='gallery-icon landscape'>\n\t\t\t\t<a href='https:\/\/www.visit-ulcinj.com\/blog\/wp-content\/uploads\/2009\/06\/LIMAN-U-ULCINJU.jpg'><img width=\"150\" height=\"150\" src=\"https:\/\/www.visit-ulcinj.com\/blog\/wp-content\/uploads\/2009\/06\/LIMAN-U-ULCINJU-150x150.jpg\" class=\"attachment-thumbnail size-thumbnail\" alt=\"\" loading=\"lazy\" \/><\/a>\n\t\t\t<\/dt><\/dl><dl class='gallery-item'>\n\t\t\t<dt class='gallery-icon landscape'>\n\t\t\t\t<a href='https:\/\/www.visit-ulcinj.com\/blog\/wp-content\/uploads\/2009\/06\/LIMANA-u-ULCINJU.jpg'><img width=\"150\" height=\"150\" src=\"https:\/\/www.visit-ulcinj.com\/blog\/wp-content\/uploads\/2009\/06\/LIMANA-u-ULCINJU-150x150.jpg\" class=\"attachment-thumbnail size-thumbnail\" alt=\"\" loading=\"lazy\" \/><\/a>\n\t\t\t<\/dt><\/dl><dl class='gallery-item'>\n\t\t\t<dt class='gallery-icon '>\n\t\t\t\t<a href='https:\/\/www.visit-ulcinj.com\/blog\/wp-content\/uploads\/2009\/06\/MJE\u00c5\u00a0TANI-LIMANA-U-ULCINJU.1.jpg'><img width=\"1\" height=\"1\" src=\"https:\/\/www.visit-ulcinj.com\/blog\/wp-content\/uploads\/2009\/06\/MJE\u00c5\u00a0TANI-LIMANA-U-ULCINJU.1.jpg\" class=\"attachment-thumbnail size-thumbnail\" alt=\"\" loading=\"lazy\" \/><\/a>\n\t\t\t<\/dt><\/dl><br style=\"clear: both\" \/><dl class='gallery-item'>\n\t\t\t<dt class='gallery-icon '>\n\t\t\t\t<a href='https:\/\/www.visit-ulcinj.com\/blog\/wp-content\/uploads\/2009\/06\/MJE\u00c5\u00a0TANI-LIMANA-U-ULCINJU.jpg'><img width=\"1\" height=\"1\" src=\"https:\/\/www.visit-ulcinj.com\/blog\/wp-content\/uploads\/2009\/06\/MJE\u00c5\u00a0TANI-LIMANA-U-ULCINJU.jpg\" class=\"attachment-thumbnail size-thumbnail\" alt=\"\" loading=\"lazy\" \/><\/a>\n\t\t\t<\/dt><\/dl><dl class='gallery-item'>\n\t\t\t<dt class='gallery-icon landscape'>\n\t\t\t\t<a href='https:\/\/www.visit-ulcinj.com\/blog\/wp-content\/uploads\/2009\/06\/mjestani-ulcinjskog-naselja-liman.jpg'><img width=\"150\" height=\"150\" src=\"https:\/\/www.visit-ulcinj.com\/blog\/wp-content\/uploads\/2009\/06\/mjestani-ulcinjskog-naselja-liman-150x150.jpg\" class=\"attachment-thumbnail size-thumbnail\" alt=\"\" loading=\"lazy\" \/><\/a>\n\t\t\t<\/dt><\/dl><dl class='gallery-item'>\n\t\t\t<dt class='gallery-icon landscape'>\n\t\t\t\t<a href='https:\/\/www.visit-ulcinj.com\/blog\/wp-content\/uploads\/2009\/06\/naselja-liman_ulcinj.jpg'><img width=\"150\" height=\"150\" src=\"https:\/\/www.visit-ulcinj.com\/blog\/wp-content\/uploads\/2009\/06\/naselja-liman_ulcinj-150x150.jpg\" class=\"attachment-thumbnail size-thumbnail\" alt=\"\" loading=\"lazy\" \/><\/a>\n\t\t\t<\/dt><\/dl><br style=\"clear: both\" \/>\n\t\t<\/div>\n\n<!--YouTube Error: bad URL entered-->\n","protected":false},"excerpt":{"rendered":"<p>Turisti bje\u017ee, a gdje ?emo mi Ulcinj &#8211; Mje\u0161tani Limana u Ulcinju odavno imaju problem sa uskim puti?em koji opasno krivuda do njihovih ku?a, ali se njihove nove nevolje ogledaju u nemo?i da zaustave goste koji bje\u017ee iz naselja zbog buke gra?evinskih ma\u0161ina iako je uveliko na snazi zabrana izvo?enja radova. Njih oko 20 po\u017ealilo [&hellip;]<\/p>\n","protected":false},"author":1,"featured_media":0,"comment_status":"open","ping_status":"closed","sticky":false,"template":"","format":"standard","meta":{"spay_email":"","jetpack_publicize_message":"","jetpack_is_tweetstorm":false,"jetpack_publicize_feature_enabled":true},"categories":[8337],"tags":[11238,20,11237,2775,7660,11239,11236,19],"jetpack_publicize_connections":[],"yoast_head":"<!-- This site is optimized with the Yoast SEO plugin v19.1 - https:\/\/yoast.com\/wordpress\/plugins\/seo\/ -->\n<title>Mje\u0161tani Limana u Ucinju ogor?eni zbog nepo\u0161tovanja zabrane gradnje - Lajme nga Ulqini<\/title>\n<meta name=\"description\" content=\"Turisti bje\u017ee, a gdje ?emo mi Ulcinj - Mje\u0161tani Limana u Ulcinju odavno imaju problem sa uskim puti?em koji opasno krivuda do njihovih ku?a, ali se\" \/>\n<meta name=\"robots\" content=\"index, follow, max-snippet:-1, max-image-preview:large, max-video-preview:-1\" \/>\n<link rel=\"canonical\" href=\"https:\/\/www.visit-ulcinj.com\/blog\/2009\/06\/17\/mjestani-limana-u-ucinju-ogorceni-zbog-nepostovanja-zabrane-gradnje\/\" \/>\n<meta property=\"og:locale\" content=\"en_US\" \/>\n<meta property=\"og:type\" content=\"article\" \/>\n<meta property=\"og:title\" content=\"Mje\u0161tani Limana u Ucinju ogor?eni zbog nepo\u0161tovanja zabrane gradnje - Lajme nga Ulqini\" \/>\n<meta property=\"og:description\" content=\"Turisti bje\u017ee, a gdje ?emo mi Ulcinj - Mje\u0161tani Limana u Ulcinju odavno imaju problem sa uskim puti?em koji opasno krivuda do njihovih ku?a, ali se\" \/>\n<meta property=\"og:url\" content=\"https:\/\/www.visit-ulcinj.com\/blog\/2009\/06\/17\/mjestani-limana-u-ucinju-ogorceni-zbog-nepostovanja-zabrane-gradnje\/\" \/>\n<meta property=\"og:site_name\" content=\"Lajme nga Ulqini\" \/>\n<meta property=\"article:published_time\" content=\"2009-06-17T17:30:13+00:00\" \/>\n<meta property=\"og:image\" content=\"https:\/\/www.visit-ulcinj.com\/blog\/wp-content\/uploads\/2009\/06\/LIMAN-U-ULCINJU-150x150.jpg\" \/>\n<meta name=\"twitter:label1\" content=\"Written by\" \/>\n\t<meta name=\"twitter:data1\" content=\"ulqini\" \/>\n\t<meta name=\"twitter:label2\" content=\"Est. reading time\" \/>\n\t<meta name=\"twitter:data2\" content=\"2 minutes\" \/>\n<script type=\"application\/ld+json\" class=\"yoast-schema-graph\">{\"@context\":\"https:\/\/schema.org\",\"@graph\":[{\"@type\":\"WebSite\",\"@id\":\"https:\/\/www.visit-ulcinj.com\/blog\/#website\",\"url\":\"https:\/\/www.visit-ulcinj.com\/blog\/\",\"name\":\"Lajme nga Ulqini\",\"description\":\"Lajme,Vijesti,Ulqini,Ulqin,Crna Gora,Mali i Zi\",\"potentialAction\":[{\"@type\":\"SearchAction\",\"target\":{\"@type\":\"EntryPoint\",\"urlTemplate\":\"https:\/\/www.visit-ulcinj.com\/blog\/?s={search_term_string}\"},\"query-input\":\"required name=search_term_string\"}],\"inLanguage\":\"en-US\"},{\"@type\":\"ImageObject\",\"inLanguage\":\"en-US\",\"@id\":\"https:\/\/www.visit-ulcinj.com\/blog\/2009\/06\/17\/mjestani-limana-u-ucinju-ogorceni-zbog-nepostovanja-zabrane-gradnje\/#primaryimage\",\"url\":\"https:\/\/www.visit-ulcinj.com\/blog\/wp-content\/uploads\/2009\/06\/LIMAN-U-ULCINJU.jpg\",\"contentUrl\":\"https:\/\/www.visit-ulcinj.com\/blog\/wp-content\/uploads\/2009\/06\/LIMAN-U-ULCINJU.jpg\",\"width\":\"800\",\"height\":\"538\"},{\"@type\":\"WebPage\",\"@id\":\"https:\/\/www.visit-ulcinj.com\/blog\/2009\/06\/17\/mjestani-limana-u-ucinju-ogorceni-zbog-nepostovanja-zabrane-gradnje\/#webpage\",\"url\":\"https:\/\/www.visit-ulcinj.com\/blog\/2009\/06\/17\/mjestani-limana-u-ucinju-ogorceni-zbog-nepostovanja-zabrane-gradnje\/\",\"name\":\"Mje\u0161tani Limana u Ucinju ogor?eni zbog nepo\u0161tovanja zabrane gradnje - Lajme nga Ulqini\",\"isPartOf\":{\"@id\":\"https:\/\/www.visit-ulcinj.com\/blog\/#website\"},\"primaryImageOfPage\":{\"@id\":\"https:\/\/www.visit-ulcinj.com\/blog\/2009\/06\/17\/mjestani-limana-u-ucinju-ogorceni-zbog-nepostovanja-zabrane-gradnje\/#primaryimage\"},\"datePublished\":\"2009-06-17T17:30:13+00:00\",\"dateModified\":\"2009-06-17T17:30:13+00:00\",\"author\":{\"@id\":\"https:\/\/www.visit-ulcinj.com\/blog\/#\/schema\/person\/dcab619c614d3038751c63bc2aadc06d\"},\"description\":\"Turisti bje\u017ee, a gdje ?emo mi Ulcinj - Mje\u0161tani Limana u Ulcinju odavno imaju problem sa uskim puti?em koji opasno krivuda do njihovih ku?a, ali se\",\"breadcrumb\":{\"@id\":\"https:\/\/www.visit-ulcinj.com\/blog\/2009\/06\/17\/mjestani-limana-u-ucinju-ogorceni-zbog-nepostovanja-zabrane-gradnje\/#breadcrumb\"},\"inLanguage\":\"en-US\",\"potentialAction\":[{\"@type\":\"ReadAction\",\"target\":[\"https:\/\/www.visit-ulcinj.com\/blog\/2009\/06\/17\/mjestani-limana-u-ucinju-ogorceni-zbog-nepostovanja-zabrane-gradnje\/\"]}]},{\"@type\":\"BreadcrumbList\",\"@id\":\"https:\/\/www.visit-ulcinj.com\/blog\/2009\/06\/17\/mjestani-limana-u-ucinju-ogorceni-zbog-nepostovanja-zabrane-gradnje\/#breadcrumb\",\"itemListElement\":[{\"@type\":\"ListItem\",\"position\":1,\"name\":\"Mje\u0161tani Limana u Ucinju ogor?eni zbog nepo\u0161tovanja zabrane gradnje\"}]},{\"@type\":\"Person\",\"@id\":\"https:\/\/www.visit-ulcinj.com\/blog\/#\/schema\/person\/dcab619c614d3038751c63bc2aadc06d\",\"name\":\"ulqini\",\"sameAs\":[\"http:\/\/www.visit-ulcinj.com\"],\"url\":\"https:\/\/www.visit-ulcinj.com\/blog\/author\/admin\/\"}]}<\/script>\n<!-- \/ Yoast SEO plugin. -->","yoast_head_json":{"title":"Mje\u0161tani Limana u Ucinju ogor?eni zbog nepo\u0161tovanja zabrane gradnje - Lajme nga Ulqini","description":"Turisti bje\u017ee, a gdje ?emo mi Ulcinj - Mje\u0161tani Limana u Ulcinju odavno imaju problem sa uskim puti?em koji opasno krivuda do njihovih ku?a, ali se","robots":{"index":"index","follow":"follow","max-snippet":"max-snippet:-1","max-image-preview":"max-image-preview:large","max-video-preview":"max-video-preview:-1"},"canonical":"https:\/\/www.visit-ulcinj.com\/blog\/2009\/06\/17\/mjestani-limana-u-ucinju-ogorceni-zbog-nepostovanja-zabrane-gradnje\/","og_locale":"en_US","og_type":"article","og_title":"Mje\u0161tani Limana u Ucinju ogor?eni zbog nepo\u0161tovanja zabrane gradnje - Lajme nga Ulqini","og_description":"Turisti bje\u017ee, a gdje ?emo mi Ulcinj - Mje\u0161tani Limana u Ulcinju odavno imaju problem sa uskim puti?em koji opasno krivuda do njihovih ku?a, ali se","og_url":"https:\/\/www.visit-ulcinj.com\/blog\/2009\/06\/17\/mjestani-limana-u-ucinju-ogorceni-zbog-nepostovanja-zabrane-gradnje\/","og_site_name":"Lajme nga Ulqini","article_published_time":"2009-06-17T17:30:13+00:00","og_image":[{"url":"https:\/\/www.visit-ulcinj.com\/blog\/wp-content\/uploads\/2009\/06\/LIMAN-U-ULCINJU-150x150.jpg"}],"twitter_misc":{"Written by":"ulqini","Est. reading time":"2 minutes"},"schema":{"@context":"https:\/\/schema.org","@graph":[{"@type":"WebSite","@id":"https:\/\/www.visit-ulcinj.com\/blog\/#website","url":"https:\/\/www.visit-ulcinj.com\/blog\/","name":"Lajme nga Ulqini","description":"Lajme,Vijesti,Ulqini,Ulqin,Crna Gora,Mali i Zi","potentialAction":[{"@type":"SearchAction","target":{"@type":"EntryPoint","urlTemplate":"https:\/\/www.visit-ulcinj.com\/blog\/?s={search_term_string}"},"query-input":"required name=search_term_string"}],"inLanguage":"en-US"},{"@type":"ImageObject","inLanguage":"en-US","@id":"https:\/\/www.visit-ulcinj.com\/blog\/2009\/06\/17\/mjestani-limana-u-ucinju-ogorceni-zbog-nepostovanja-zabrane-gradnje\/#primaryimage","url":"https:\/\/www.visit-ulcinj.com\/blog\/wp-content\/uploads\/2009\/06\/LIMAN-U-ULCINJU.jpg","contentUrl":"https:\/\/www.visit-ulcinj.com\/blog\/wp-content\/uploads\/2009\/06\/LIMAN-U-ULCINJU.jpg","width":"800","height":"538"},{"@type":"WebPage","@id":"https:\/\/www.visit-ulcinj.com\/blog\/2009\/06\/17\/mjestani-limana-u-ucinju-ogorceni-zbog-nepostovanja-zabrane-gradnje\/#webpage","url":"https:\/\/www.visit-ulcinj.com\/blog\/2009\/06\/17\/mjestani-limana-u-ucinju-ogorceni-zbog-nepostovanja-zabrane-gradnje\/","name":"Mje\u0161tani Limana u Ucinju ogor?eni zbog nepo\u0161tovanja zabrane gradnje - Lajme nga Ulqini","isPartOf":{"@id":"https:\/\/www.visit-ulcinj.com\/blog\/#website"},"primaryImageOfPage":{"@id":"https:\/\/www.visit-ulcinj.com\/blog\/2009\/06\/17\/mjestani-limana-u-ucinju-ogorceni-zbog-nepostovanja-zabrane-gradnje\/#primaryimage"},"datePublished":"2009-06-17T17:30:13+00:00","dateModified":"2009-06-17T17:30:13+00:00","author":{"@id":"https:\/\/www.visit-ulcinj.com\/blog\/#\/schema\/person\/dcab619c614d3038751c63bc2aadc06d"},"description":"Turisti bje\u017ee, a gdje ?emo mi Ulcinj - Mje\u0161tani Limana u Ulcinju odavno imaju problem sa uskim puti?em koji opasno krivuda do njihovih ku?a, ali se","breadcrumb":{"@id":"https:\/\/www.visit-ulcinj.com\/blog\/2009\/06\/17\/mjestani-limana-u-ucinju-ogorceni-zbog-nepostovanja-zabrane-gradnje\/#breadcrumb"},"inLanguage":"en-US","potentialAction":[{"@type":"ReadAction","target":["https:\/\/www.visit-ulcinj.com\/blog\/2009\/06\/17\/mjestani-limana-u-ucinju-ogorceni-zbog-nepostovanja-zabrane-gradnje\/"]}]},{"@type":"BreadcrumbList","@id":"https:\/\/www.visit-ulcinj.com\/blog\/2009\/06\/17\/mjestani-limana-u-ucinju-ogorceni-zbog-nepostovanja-zabrane-gradnje\/#breadcrumb","itemListElement":[{"@type":"ListItem","position":1,"name":"Mje\u0161tani Limana u Ucinju ogor?eni zbog nepo\u0161tovanja zabrane gradnje"}]},{"@type":"Person","@id":"https:\/\/www.visit-ulcinj.com\/blog\/#\/schema\/person\/dcab619c614d3038751c63bc2aadc06d","name":"ulqini","sameAs":["http:\/\/www.visit-ulcinj.com"],"url":"https:\/\/www.visit-ulcinj.com\/blog\/author\/admin\/"}]}},"jetpack_featured_media_url":"","jetpack_sharing_enabled":true,"jetpack_shortlink":"https:\/\/wp.me\/pe6lTn-5Yk","_links":{"self":[{"href":"https:\/\/www.visit-ulcinj.com\/blog\/wp-json\/wp\/v2\/posts\/22960"}],"collection":[{"href":"https:\/\/www.visit-ulcinj.com\/blog\/wp-json\/wp\/v2\/posts"}],"about":[{"href":"https:\/\/www.visit-ulcinj.com\/blog\/wp-json\/wp\/v2\/types\/post"}],"author":[{"embeddable":true,"href":"https:\/\/www.visit-ulcinj.com\/blog\/wp-json\/wp\/v2\/users\/1"}],"replies":[{"embeddable":true,"href":"https:\/\/www.visit-ulcinj.com\/blog\/wp-json\/wp\/v2\/comments?post=22960"}],"version-history":[{"count":0,"href":"https:\/\/www.visit-ulcinj.com\/blog\/wp-json\/wp\/v2\/posts\/22960\/revisions"}],"wp:attachment":[{"href":"https:\/\/www.visit-ulcinj.com\/blog\/wp-json\/wp\/v2\/media?parent=22960"}],"wp:term":[{"taxonomy":"category","embeddable":true,"href":"https:\/\/www.visit-ulcinj.com\/blog\/wp-json\/wp\/v2\/categories?post=22960"},{"taxonomy":"post_tag","embeddable":true,"href":"https:\/\/www.visit-ulcinj.com\/blog\/wp-json\/wp\/v2\/tags?post=22960"}],"curies":[{"name":"wp","href":"https:\/\/api.w.org\/{rel}","templated":true}]}}