{"id":22969,"date":"2009-06-17T19:45:21","date_gmt":"2009-06-17T17:45:21","guid":{"rendered":"http:\/\/www.visit-ulcinj.com\/blog\/?p=22969"},"modified":"2009-06-17T19:45:22","modified_gmt":"2009-06-17T17:45:22","slug":"skupstina-akcionara-ulcinjske-rivijere-zakazana-za-17-jul","status":"publish","type":"post","link":"https:\/\/www.visit-ulcinj.com\/blog\/2009\/06\/17\/skupstina-akcionara-ulcinjske-rivijere-zakazana-za-17-jul\/","title":{"rendered":"Skup\u0161tina akcionara Ulcinjske Rivijere zakazana za 17. jul"},"content":{"rendered":"<p><strong><a href=\"http:\/\/www.visit-ulcinj.com\/blog\/wp-content\/uploads\/2009\/06\/ulcinjska_rivijera_crna-gora.jpg\"><img loading=\"lazy\" class=\"alignleft size-full wp-image-22970\" title=\"ulcinjska_rivijera_crna gora\" src=\"http:\/\/www.visit-ulcinj.com\/blog\/wp-content\/uploads\/2009\/06\/ulcinjska_rivijera_crna-gora.jpg\" alt=\"ulcinjska_rivijera_crna gora\" width=\"580\" height=\"400\" \/><\/a>Provjeravaju primanja direktora<\/strong><br \/>\nkcionari Ulcinjske rivijere razmatra?e na skup\u0161tini 17. jula zavr\u0161ni ra?un i izvje\u0161taj o poslovanju preduze?a za pro\u0161lu godinu.<br \/>\nNa dnevnom redu su i izvje\u0161taj o reviziji finansijskog stanja za 2008, kao i izbor ?lanova odbora direktora. Dioni?ari ?e na redovnoj skup\u0161tini odlu?ivati i o visini naknada za ?lanove tog tijela, shodno uredbi Ministarstva turizma.<br \/>\nAgencija za prestrukturiranje privrede je pro\u0161le sedmice objavila tender za prodaju dr\u017eavnih 60,73 odsto akcija Ulcinjske rivijere.<br \/>\nPrema a\u017euriranim podacima Centralne depozitarne agencije, nominalni iznos kapitala Ulcinjske rivijere iznosi oko 62,99 miliona eura. Kapital kompanije podijeljen je na 1,59 miliona obi?nih akcija, nominalne vrijednosti 39,5 eura.<br \/>\nZahtjevi za otkup tenderske dokumentacije, po cijeni od 10 hiljada eura, mogu se dostavljati do 7. septembra, a zainteresovani kupci u me?uvremenu mogu obi?i kompaniju i sobu sa podacima. Prije dostavljanja ponude, zainteresovani kupci moraju uplatiti depozit od 150 hiljada eura, ili dostaviti bezuslovnu bankarsku garanciju, naplativu na prvi poziv.<br \/>\nKako je obja\u0161njeno u oglasu, bankarska garancija ?e biti prihva?ena ako je izdala banka koja ima kreditni rejting najmanje BBB prema agenciji Standard end purs, ili Baa3 prema agenciji Mudi`s.<br \/>\nVlasnici ponu?enih akcija Ulcinjske rivijere su Fond PIO sa 24,18 odsto, Fond za razvoj sa 18,79 odsto, Vlada sa oko 9,7 odsto dionica i Zavod za zapo\u0161ljavanje sa 8,06 odsto.<\/p>\n<p><strong>Izvor \/ Mina biznis<\/strong><\/p>\n<p><strong>[flv width=&#8221;580&#8243; height=&#8221;380&#8243;]http:\/\/www.velikaplaza.info\/gallery\/video\/stream.php?f=Velika_Plaza_movie_Jan_2009.flv[\/flv]<br \/>\n<\/strong><\/p>\n","protected":false},"excerpt":{"rendered":"<p>Provjeravaju primanja direktora kcionari Ulcinjske rivijere razmatra?e na skup\u0161tini 17. jula zavr\u0161ni ra?un i izvje\u0161taj o poslovanju preduze?a za pro\u0161lu godinu. Na dnevnom redu su i izvje\u0161taj o reviziji finansijskog stanja za 2008, kao i izbor ?lanova odbora direktora. Dioni?ari ?e na redovnoj skup\u0161tini odlu?ivati i o visini naknada za ?lanove tog tijela, shodno uredbi [&hellip;]<\/p>\n","protected":false},"author":1,"featured_media":0,"comment_status":"open","ping_status":"closed","sticky":false,"template":"","format":"standard","meta":{"spay_email":"","jetpack_publicize_message":"","jetpack_is_tweetstorm":false,"jetpack_publicize_feature_enabled":true},"categories":[8337],"tags":[11247,11242,11246,11244,11243,11241,11240,849,11245],"jetpack_publicize_connections":[],"yoast_head":"<!-- This site is optimized with the Yoast SEO plugin v19.1 - https:\/\/yoast.com\/wordpress\/plugins\/seo\/ -->\n<title>Skup\u0161tina akcionara Ulcinjske Rivijere zakazana za 17. jul - Lajme nga Ulqini<\/title>\n<meta name=\"description\" content=\"Provjeravaju primanja direktora kcionari Ulcinjske rivijere razmatra?e na skup\u0161tini 17. jula zavr\u0161ni ra?un i izvje\u0161taj o poslovanju preduze?a za pro\u0161lu\" \/>\n<meta name=\"robots\" content=\"index, follow, max-snippet:-1, max-image-preview:large, max-video-preview:-1\" \/>\n<link rel=\"canonical\" href=\"https:\/\/www.visit-ulcinj.com\/blog\/2009\/06\/17\/skupstina-akcionara-ulcinjske-rivijere-zakazana-za-17-jul\/\" \/>\n<meta property=\"og:locale\" content=\"en_US\" \/>\n<meta property=\"og:type\" content=\"article\" \/>\n<meta property=\"og:title\" content=\"Skup\u0161tina akcionara Ulcinjske Rivijere zakazana za 17. jul - Lajme nga Ulqini\" \/>\n<meta property=\"og:description\" content=\"Provjeravaju primanja direktora kcionari Ulcinjske rivijere razmatra?e na skup\u0161tini 17. jula zavr\u0161ni ra?un i izvje\u0161taj o poslovanju preduze?a za pro\u0161lu\" \/>\n<meta property=\"og:url\" content=\"https:\/\/www.visit-ulcinj.com\/blog\/2009\/06\/17\/skupstina-akcionara-ulcinjske-rivijere-zakazana-za-17-jul\/\" \/>\n<meta property=\"og:site_name\" content=\"Lajme nga Ulqini\" \/>\n<meta property=\"article:published_time\" content=\"2009-06-17T17:45:21+00:00\" \/>\n<meta property=\"article:modified_time\" content=\"2009-06-17T17:45:22+00:00\" \/>\n<meta property=\"og:image\" content=\"http:\/\/www.visit-ulcinj.com\/blog\/wp-content\/uploads\/2009\/06\/ulcinjska_rivijera_crna-gora.jpg\" \/>\n<meta name=\"twitter:label1\" content=\"Written by\" \/>\n\t<meta name=\"twitter:data1\" content=\"ulqini\" \/>\n\t<meta name=\"twitter:label2\" content=\"Est. reading time\" \/>\n\t<meta name=\"twitter:data2\" content=\"1 minute\" \/>\n<script type=\"application\/ld+json\" class=\"yoast-schema-graph\">{\"@context\":\"https:\/\/schema.org\",\"@graph\":[{\"@type\":\"WebSite\",\"@id\":\"https:\/\/www.visit-ulcinj.com\/blog\/#website\",\"url\":\"https:\/\/www.visit-ulcinj.com\/blog\/\",\"name\":\"Lajme nga Ulqini\",\"description\":\"Lajme,Vijesti,Ulqini,Ulqin,Crna Gora,Mali i Zi\",\"potentialAction\":[{\"@type\":\"SearchAction\",\"target\":{\"@type\":\"EntryPoint\",\"urlTemplate\":\"https:\/\/www.visit-ulcinj.com\/blog\/?s={search_term_string}\"},\"query-input\":\"required name=search_term_string\"}],\"inLanguage\":\"en-US\"},{\"@type\":\"ImageObject\",\"inLanguage\":\"en-US\",\"@id\":\"https:\/\/www.visit-ulcinj.com\/blog\/2009\/06\/17\/skupstina-akcionara-ulcinjske-rivijere-zakazana-za-17-jul\/#primaryimage\",\"url\":\"https:\/\/www.visit-ulcinj.com\/blog\/wp-content\/uploads\/2009\/06\/ulcinjska_rivijera_crna-gora.jpg\",\"contentUrl\":\"https:\/\/www.visit-ulcinj.com\/blog\/wp-content\/uploads\/2009\/06\/ulcinjska_rivijera_crna-gora.jpg\",\"width\":\"800\",\"height\":\"400\"},{\"@type\":\"WebPage\",\"@id\":\"https:\/\/www.visit-ulcinj.com\/blog\/2009\/06\/17\/skupstina-akcionara-ulcinjske-rivijere-zakazana-za-17-jul\/#webpage\",\"url\":\"https:\/\/www.visit-ulcinj.com\/blog\/2009\/06\/17\/skupstina-akcionara-ulcinjske-rivijere-zakazana-za-17-jul\/\",\"name\":\"Skup\u0161tina akcionara Ulcinjske Rivijere zakazana za 17. jul - Lajme nga Ulqini\",\"isPartOf\":{\"@id\":\"https:\/\/www.visit-ulcinj.com\/blog\/#website\"},\"primaryImageOfPage\":{\"@id\":\"https:\/\/www.visit-ulcinj.com\/blog\/2009\/06\/17\/skupstina-akcionara-ulcinjske-rivijere-zakazana-za-17-jul\/#primaryimage\"},\"datePublished\":\"2009-06-17T17:45:21+00:00\",\"dateModified\":\"2009-06-17T17:45:22+00:00\",\"author\":{\"@id\":\"https:\/\/www.visit-ulcinj.com\/blog\/#\/schema\/person\/dcab619c614d3038751c63bc2aadc06d\"},\"description\":\"Provjeravaju primanja direktora kcionari Ulcinjske rivijere razmatra?e na skup\u0161tini 17. jula zavr\u0161ni ra?un i izvje\u0161taj o poslovanju preduze?a za pro\u0161lu\",\"breadcrumb\":{\"@id\":\"https:\/\/www.visit-ulcinj.com\/blog\/2009\/06\/17\/skupstina-akcionara-ulcinjske-rivijere-zakazana-za-17-jul\/#breadcrumb\"},\"inLanguage\":\"en-US\",\"potentialAction\":[{\"@type\":\"ReadAction\",\"target\":[\"https:\/\/www.visit-ulcinj.com\/blog\/2009\/06\/17\/skupstina-akcionara-ulcinjske-rivijere-zakazana-za-17-jul\/\"]}]},{\"@type\":\"BreadcrumbList\",\"@id\":\"https:\/\/www.visit-ulcinj.com\/blog\/2009\/06\/17\/skupstina-akcionara-ulcinjske-rivijere-zakazana-za-17-jul\/#breadcrumb\",\"itemListElement\":[{\"@type\":\"ListItem\",\"position\":1,\"name\":\"Skup\u0161tina akcionara Ulcinjske Rivijere zakazana za 17. jul\"}]},{\"@type\":\"Person\",\"@id\":\"https:\/\/www.visit-ulcinj.com\/blog\/#\/schema\/person\/dcab619c614d3038751c63bc2aadc06d\",\"name\":\"ulqini\",\"sameAs\":[\"http:\/\/www.visit-ulcinj.com\"],\"url\":\"https:\/\/www.visit-ulcinj.com\/blog\/author\/admin\/\"}]}<\/script>\n<!-- \/ Yoast SEO plugin. -->","yoast_head_json":{"title":"Skup\u0161tina akcionara Ulcinjske Rivijere zakazana za 17. jul - Lajme nga Ulqini","description":"Provjeravaju primanja direktora kcionari Ulcinjske rivijere razmatra?e na skup\u0161tini 17. jula zavr\u0161ni ra?un i izvje\u0161taj o poslovanju preduze?a za pro\u0161lu","robots":{"index":"index","follow":"follow","max-snippet":"max-snippet:-1","max-image-preview":"max-image-preview:large","max-video-preview":"max-video-preview:-1"},"canonical":"https:\/\/www.visit-ulcinj.com\/blog\/2009\/06\/17\/skupstina-akcionara-ulcinjske-rivijere-zakazana-za-17-jul\/","og_locale":"en_US","og_type":"article","og_title":"Skup\u0161tina akcionara Ulcinjske Rivijere zakazana za 17. jul - Lajme nga Ulqini","og_description":"Provjeravaju primanja direktora kcionari Ulcinjske rivijere razmatra?e na skup\u0161tini 17. jula zavr\u0161ni ra?un i izvje\u0161taj o poslovanju preduze?a za pro\u0161lu","og_url":"https:\/\/www.visit-ulcinj.com\/blog\/2009\/06\/17\/skupstina-akcionara-ulcinjske-rivijere-zakazana-za-17-jul\/","og_site_name":"Lajme nga Ulqini","article_published_time":"2009-06-17T17:45:21+00:00","article_modified_time":"2009-06-17T17:45:22+00:00","og_image":[{"url":"http:\/\/www.visit-ulcinj.com\/blog\/wp-content\/uploads\/2009\/06\/ulcinjska_rivijera_crna-gora.jpg"}],"twitter_misc":{"Written by":"ulqini","Est. reading time":"1 minute"},"schema":{"@context":"https:\/\/schema.org","@graph":[{"@type":"WebSite","@id":"https:\/\/www.visit-ulcinj.com\/blog\/#website","url":"https:\/\/www.visit-ulcinj.com\/blog\/","name":"Lajme nga Ulqini","description":"Lajme,Vijesti,Ulqini,Ulqin,Crna Gora,Mali i Zi","potentialAction":[{"@type":"SearchAction","target":{"@type":"EntryPoint","urlTemplate":"https:\/\/www.visit-ulcinj.com\/blog\/?s={search_term_string}"},"query-input":"required name=search_term_string"}],"inLanguage":"en-US"},{"@type":"ImageObject","inLanguage":"en-US","@id":"https:\/\/www.visit-ulcinj.com\/blog\/2009\/06\/17\/skupstina-akcionara-ulcinjske-rivijere-zakazana-za-17-jul\/#primaryimage","url":"https:\/\/www.visit-ulcinj.com\/blog\/wp-content\/uploads\/2009\/06\/ulcinjska_rivijera_crna-gora.jpg","contentUrl":"https:\/\/www.visit-ulcinj.com\/blog\/wp-content\/uploads\/2009\/06\/ulcinjska_rivijera_crna-gora.jpg","width":"800","height":"400"},{"@type":"WebPage","@id":"https:\/\/www.visit-ulcinj.com\/blog\/2009\/06\/17\/skupstina-akcionara-ulcinjske-rivijere-zakazana-za-17-jul\/#webpage","url":"https:\/\/www.visit-ulcinj.com\/blog\/2009\/06\/17\/skupstina-akcionara-ulcinjske-rivijere-zakazana-za-17-jul\/","name":"Skup\u0161tina akcionara Ulcinjske Rivijere zakazana za 17. jul - Lajme nga Ulqini","isPartOf":{"@id":"https:\/\/www.visit-ulcinj.com\/blog\/#website"},"primaryImageOfPage":{"@id":"https:\/\/www.visit-ulcinj.com\/blog\/2009\/06\/17\/skupstina-akcionara-ulcinjske-rivijere-zakazana-za-17-jul\/#primaryimage"},"datePublished":"2009-06-17T17:45:21+00:00","dateModified":"2009-06-17T17:45:22+00:00","author":{"@id":"https:\/\/www.visit-ulcinj.com\/blog\/#\/schema\/person\/dcab619c614d3038751c63bc2aadc06d"},"description":"Provjeravaju primanja direktora kcionari Ulcinjske rivijere razmatra?e na skup\u0161tini 17. jula zavr\u0161ni ra?un i izvje\u0161taj o poslovanju preduze?a za pro\u0161lu","breadcrumb":{"@id":"https:\/\/www.visit-ulcinj.com\/blog\/2009\/06\/17\/skupstina-akcionara-ulcinjske-rivijere-zakazana-za-17-jul\/#breadcrumb"},"inLanguage":"en-US","potentialAction":[{"@type":"ReadAction","target":["https:\/\/www.visit-ulcinj.com\/blog\/2009\/06\/17\/skupstina-akcionara-ulcinjske-rivijere-zakazana-za-17-jul\/"]}]},{"@type":"BreadcrumbList","@id":"https:\/\/www.visit-ulcinj.com\/blog\/2009\/06\/17\/skupstina-akcionara-ulcinjske-rivijere-zakazana-za-17-jul\/#breadcrumb","itemListElement":[{"@type":"ListItem","position":1,"name":"Skup\u0161tina akcionara Ulcinjske Rivijere zakazana za 17. jul"}]},{"@type":"Person","@id":"https:\/\/www.visit-ulcinj.com\/blog\/#\/schema\/person\/dcab619c614d3038751c63bc2aadc06d","name":"ulqini","sameAs":["http:\/\/www.visit-ulcinj.com"],"url":"https:\/\/www.visit-ulcinj.com\/blog\/author\/admin\/"}]}},"jetpack_featured_media_url":"","jetpack_sharing_enabled":true,"jetpack_shortlink":"https:\/\/wp.me\/pe6lTn-5Yt","_links":{"self":[{"href":"https:\/\/www.visit-ulcinj.com\/blog\/wp-json\/wp\/v2\/posts\/22969"}],"collection":[{"href":"https:\/\/www.visit-ulcinj.com\/blog\/wp-json\/wp\/v2\/posts"}],"about":[{"href":"https:\/\/www.visit-ulcinj.com\/blog\/wp-json\/wp\/v2\/types\/post"}],"author":[{"embeddable":true,"href":"https:\/\/www.visit-ulcinj.com\/blog\/wp-json\/wp\/v2\/users\/1"}],"replies":[{"embeddable":true,"href":"https:\/\/www.visit-ulcinj.com\/blog\/wp-json\/wp\/v2\/comments?post=22969"}],"version-history":[{"count":0,"href":"https:\/\/www.visit-ulcinj.com\/blog\/wp-json\/wp\/v2\/posts\/22969\/revisions"}],"wp:attachment":[{"href":"https:\/\/www.visit-ulcinj.com\/blog\/wp-json\/wp\/v2\/media?parent=22969"}],"wp:term":[{"taxonomy":"category","embeddable":true,"href":"https:\/\/www.visit-ulcinj.com\/blog\/wp-json\/wp\/v2\/categories?post=22969"},{"taxonomy":"post_tag","embeddable":true,"href":"https:\/\/www.visit-ulcinj.com\/blog\/wp-json\/wp\/v2\/tags?post=22969"}],"curies":[{"name":"wp","href":"https:\/\/api.w.org\/{rel}","templated":true}]}}