{"id":22984,"date":"2009-06-18T19:31:00","date_gmt":"2009-06-18T17:31:00","guid":{"rendered":"http:\/\/www.visit-ulcinj.com\/blog\/?p=22984"},"modified":"2009-06-18T19:31:00","modified_gmt":"2009-06-18T17:31:00","slug":"forca-optuzila-vlast-u-ulcinju","status":"publish","type":"post","link":"https:\/\/www.visit-ulcinj.com\/blog\/2009\/06\/18\/forca-optuzila-vlast-u-ulcinju\/","title":{"rendered":"Forca optu\u017eila vlast u ulcinju"},"content":{"rendered":"<p><strong><a href=\"http:\/\/www.visit-ulcinj.com\/blog\/wp-content\/uploads\/2009\/06\/nazif_cungu_forca_ulcinj.jpg\"><img loading=\"lazy\" class=\"alignleft size-full wp-image-22985\" title=\"nazif_cungu_forca_ulcinj\" src=\"http:\/\/www.visit-ulcinj.com\/blog\/wp-content\/uploads\/2009\/06\/nazif_cungu_forca_ulcinj.jpg\" alt=\"nazif_cungu_forca_ulcinj\" width=\"580\" height=\"400\" \/><\/a>Samo na hranu ne \u0161tede<\/strong><br \/>\nUlcinj \u2013 Ulcinjska Forca skrenula je pa\u017enju republi?kim institucijama na situaciju u Op\u0161tini sa posebnim osvrtom na bud\u017eet, \u201ekoja mo\u017ee dovesti do blokade rada izvr\u0161ne vlasti\u201c i upozorila da ra?une takvih proma\u0161aja mogu platiti gra?ani.<br \/>\n\u201eAko se izuzmu prenijeta sredstva iz prethodne godine i Egalizacionog fonda, dolazimo do podatka da je Op\u0161tina Ulcinj u prva tri mjeseca ove godine realizovala bud\u017eet u iznosu od 480.000 eura \u0161to je tri odsto od ukupno planiranog bud\u017eeta od 16.220.800 eura\u201c, naveo je lider Force Nazif Cungu na ju?era\u0161njoj konferenciji za novinare.<br \/>\nOn je upozorio da najvi\u0161e zabrinjava to \u0161to ni odbornici koalicije na vlasti ne mogu da do?u do podatka o pravom stanju u bud\u017eetu.<br \/>\n\u201eNeki su poku\u0161ali da do informacije o ukupnim dugovorima do?u putem odborni?kih pitanja, ali ni to nije pomoglo. Forca je vi\u0161e od dva mjeseca uzaludno poku\u0161avala da do?e do informacije o realizaciji bud\u017eeta za prvi kvartal ove godine. Tek prije dva-tri dana smilovali su se i dostavii tra\u017eene podatke\u201c, tvrdi Cungu. On je naveo da za skoro tri godine nijedan odborni?ki klub nije dobio nikakav novac bez obzira na zakonsku obavezu i na to \u0161to je novac za tu namjenu svaki put bio planiran bud\u017eetom. Cungu je naglasio da za?u?uje i to \u0161to je od 9.167.000 eura, koliko je predvi?eno da se utro\u0161i na lokalnu infrastrukturu, u prva tri mjeseca potro\u0161eno svega 30.000 eura.<br \/>\n\u201eTo ukazuje na trend niskog nivoa realizacije kapitalnog dijela bud\u017eeta i nastavak regresivne politike razvoja. S druge strane, umjesto da vlast pristupi izradi posebnog programa za smanjenje operativnih tro\u0161kova, oni nastavljaju nekontrolisano tro\u0161enje novca na slu\u017ebena putovanja i organizovanje manifestacija radi degustacije jela i pi?a. Time se odnos operativnih tro\u0161kova i kapitalnih ulaganja pogor\u0161ava na \u0161tetu kapitalnih investicija, odnosno razvoja\u201c, ocijenio je Cungu.<\/p>\n<p><strong>S.A<br \/>\n<a href=\"http:\/\/www.vijesti.cg.yu\/index.php?id_pre=307874&amp;godina=2009\" target=\"_blank\">Vijesti<\/a><\/strong><\/p>\n","protected":false},"excerpt":{"rendered":"<p>Samo na hranu ne \u0161tede Ulcinj \u2013 Ulcinjska Forca skrenula je pa\u017enju republi?kim institucijama na situaciju u Op\u0161tini sa posebnim osvrtom na bud\u017eet, \u201ekoja mo\u017ee dovesti do blokade rada izvr\u0161ne vlasti\u201c i upozorila da ra?une takvih proma\u0161aja mogu platiti gra?ani. \u201eAko se izuzmu prenijeta sredstva iz prethodne godine i Egalizacionog fonda, dolazimo do podatka da [&hellip;]<\/p>\n","protected":false},"author":1,"featured_media":0,"comment_status":"open","ping_status":"closed","sticky":false,"template":"","format":"standard","meta":{"spay_email":"","jetpack_publicize_message":"","jetpack_is_tweetstorm":false,"jetpack_publicize_feature_enabled":true},"categories":[8337],"tags":[117,824,264,19,2646],"jetpack_publicize_connections":[],"yoast_head":"<!-- This site is optimized with the Yoast SEO plugin v19.1 - https:\/\/yoast.com\/wordpress\/plugins\/seo\/ -->\n<title>Forca optu\u017eila vlast u ulcinju - Lajme nga Ulqini<\/title>\n<meta name=\"description\" content=\"Samo na hranu ne \u0161tede Ulcinj \u2013 Ulcinjska Forca skrenula je pa\u017enju republi?kim institucijama na situaciju u Op\u0161tini sa posebnim osvrtom na bud\u017eet, \u201ekoja\" \/>\n<meta name=\"robots\" content=\"index, follow, max-snippet:-1, max-image-preview:large, max-video-preview:-1\" \/>\n<link rel=\"canonical\" href=\"https:\/\/www.visit-ulcinj.com\/blog\/2009\/06\/18\/forca-optuzila-vlast-u-ulcinju\/\" \/>\n<meta property=\"og:locale\" content=\"en_US\" \/>\n<meta property=\"og:type\" content=\"article\" \/>\n<meta property=\"og:title\" content=\"Forca optu\u017eila vlast u ulcinju - Lajme nga Ulqini\" \/>\n<meta property=\"og:description\" content=\"Samo na hranu ne \u0161tede Ulcinj \u2013 Ulcinjska Forca skrenula je pa\u017enju republi?kim institucijama na situaciju u Op\u0161tini sa posebnim osvrtom na bud\u017eet, \u201ekoja\" \/>\n<meta property=\"og:url\" content=\"https:\/\/www.visit-ulcinj.com\/blog\/2009\/06\/18\/forca-optuzila-vlast-u-ulcinju\/\" \/>\n<meta property=\"og:site_name\" content=\"Lajme nga Ulqini\" \/>\n<meta property=\"article:published_time\" content=\"2009-06-18T17:31:00+00:00\" \/>\n<meta property=\"og:image\" content=\"http:\/\/www.visit-ulcinj.com\/blog\/wp-content\/uploads\/2009\/06\/nazif_cungu_forca_ulcinj.jpg\" \/>\n<meta name=\"twitter:label1\" content=\"Written by\" \/>\n\t<meta name=\"twitter:data1\" content=\"ulqini\" \/>\n\t<meta name=\"twitter:label2\" content=\"Est. reading time\" \/>\n\t<meta name=\"twitter:data2\" content=\"2 minutes\" \/>\n<script type=\"application\/ld+json\" class=\"yoast-schema-graph\">{\"@context\":\"https:\/\/schema.org\",\"@graph\":[{\"@type\":\"WebSite\",\"@id\":\"https:\/\/www.visit-ulcinj.com\/blog\/#website\",\"url\":\"https:\/\/www.visit-ulcinj.com\/blog\/\",\"name\":\"Lajme nga Ulqini\",\"description\":\"Lajme,Vijesti,Ulqini,Ulqin,Crna Gora,Mali i Zi\",\"potentialAction\":[{\"@type\":\"SearchAction\",\"target\":{\"@type\":\"EntryPoint\",\"urlTemplate\":\"https:\/\/www.visit-ulcinj.com\/blog\/?s={search_term_string}\"},\"query-input\":\"required name=search_term_string\"}],\"inLanguage\":\"en-US\"},{\"@type\":\"ImageObject\",\"inLanguage\":\"en-US\",\"@id\":\"https:\/\/www.visit-ulcinj.com\/blog\/2009\/06\/18\/forca-optuzila-vlast-u-ulcinju\/#primaryimage\",\"url\":\"https:\/\/www.visit-ulcinj.com\/blog\/wp-content\/uploads\/2009\/06\/nazif_cungu_forca_ulcinj.jpg\",\"contentUrl\":\"https:\/\/www.visit-ulcinj.com\/blog\/wp-content\/uploads\/2009\/06\/nazif_cungu_forca_ulcinj.jpg\",\"width\":\"600\",\"height\":\"450\"},{\"@type\":\"WebPage\",\"@id\":\"https:\/\/www.visit-ulcinj.com\/blog\/2009\/06\/18\/forca-optuzila-vlast-u-ulcinju\/#webpage\",\"url\":\"https:\/\/www.visit-ulcinj.com\/blog\/2009\/06\/18\/forca-optuzila-vlast-u-ulcinju\/\",\"name\":\"Forca optu\u017eila vlast u ulcinju - Lajme nga Ulqini\",\"isPartOf\":{\"@id\":\"https:\/\/www.visit-ulcinj.com\/blog\/#website\"},\"primaryImageOfPage\":{\"@id\":\"https:\/\/www.visit-ulcinj.com\/blog\/2009\/06\/18\/forca-optuzila-vlast-u-ulcinju\/#primaryimage\"},\"datePublished\":\"2009-06-18T17:31:00+00:00\",\"dateModified\":\"2009-06-18T17:31:00+00:00\",\"author\":{\"@id\":\"https:\/\/www.visit-ulcinj.com\/blog\/#\/schema\/person\/dcab619c614d3038751c63bc2aadc06d\"},\"description\":\"Samo na hranu ne \u0161tede Ulcinj \u2013 Ulcinjska Forca skrenula je pa\u017enju republi?kim institucijama na situaciju u Op\u0161tini sa posebnim osvrtom na bud\u017eet, \u201ekoja\",\"breadcrumb\":{\"@id\":\"https:\/\/www.visit-ulcinj.com\/blog\/2009\/06\/18\/forca-optuzila-vlast-u-ulcinju\/#breadcrumb\"},\"inLanguage\":\"en-US\",\"potentialAction\":[{\"@type\":\"ReadAction\",\"target\":[\"https:\/\/www.visit-ulcinj.com\/blog\/2009\/06\/18\/forca-optuzila-vlast-u-ulcinju\/\"]}]},{\"@type\":\"BreadcrumbList\",\"@id\":\"https:\/\/www.visit-ulcinj.com\/blog\/2009\/06\/18\/forca-optuzila-vlast-u-ulcinju\/#breadcrumb\",\"itemListElement\":[{\"@type\":\"ListItem\",\"position\":1,\"name\":\"Forca optu\u017eila vlast u ulcinju\"}]},{\"@type\":\"Person\",\"@id\":\"https:\/\/www.visit-ulcinj.com\/blog\/#\/schema\/person\/dcab619c614d3038751c63bc2aadc06d\",\"name\":\"ulqini\",\"sameAs\":[\"http:\/\/www.visit-ulcinj.com\"],\"url\":\"https:\/\/www.visit-ulcinj.com\/blog\/author\/admin\/\"}]}<\/script>\n<!-- \/ Yoast SEO plugin. -->","yoast_head_json":{"title":"Forca optu\u017eila vlast u ulcinju - Lajme nga Ulqini","description":"Samo na hranu ne \u0161tede Ulcinj \u2013 Ulcinjska Forca skrenula je pa\u017enju republi?kim institucijama na situaciju u Op\u0161tini sa posebnim osvrtom na bud\u017eet, \u201ekoja","robots":{"index":"index","follow":"follow","max-snippet":"max-snippet:-1","max-image-preview":"max-image-preview:large","max-video-preview":"max-video-preview:-1"},"canonical":"https:\/\/www.visit-ulcinj.com\/blog\/2009\/06\/18\/forca-optuzila-vlast-u-ulcinju\/","og_locale":"en_US","og_type":"article","og_title":"Forca optu\u017eila vlast u ulcinju - Lajme nga Ulqini","og_description":"Samo na hranu ne \u0161tede Ulcinj \u2013 Ulcinjska Forca skrenula je pa\u017enju republi?kim institucijama na situaciju u Op\u0161tini sa posebnim osvrtom na bud\u017eet, \u201ekoja","og_url":"https:\/\/www.visit-ulcinj.com\/blog\/2009\/06\/18\/forca-optuzila-vlast-u-ulcinju\/","og_site_name":"Lajme nga Ulqini","article_published_time":"2009-06-18T17:31:00+00:00","og_image":[{"url":"http:\/\/www.visit-ulcinj.com\/blog\/wp-content\/uploads\/2009\/06\/nazif_cungu_forca_ulcinj.jpg"}],"twitter_misc":{"Written by":"ulqini","Est. reading time":"2 minutes"},"schema":{"@context":"https:\/\/schema.org","@graph":[{"@type":"WebSite","@id":"https:\/\/www.visit-ulcinj.com\/blog\/#website","url":"https:\/\/www.visit-ulcinj.com\/blog\/","name":"Lajme nga Ulqini","description":"Lajme,Vijesti,Ulqini,Ulqin,Crna Gora,Mali i Zi","potentialAction":[{"@type":"SearchAction","target":{"@type":"EntryPoint","urlTemplate":"https:\/\/www.visit-ulcinj.com\/blog\/?s={search_term_string}"},"query-input":"required name=search_term_string"}],"inLanguage":"en-US"},{"@type":"ImageObject","inLanguage":"en-US","@id":"https:\/\/www.visit-ulcinj.com\/blog\/2009\/06\/18\/forca-optuzila-vlast-u-ulcinju\/#primaryimage","url":"https:\/\/www.visit-ulcinj.com\/blog\/wp-content\/uploads\/2009\/06\/nazif_cungu_forca_ulcinj.jpg","contentUrl":"https:\/\/www.visit-ulcinj.com\/blog\/wp-content\/uploads\/2009\/06\/nazif_cungu_forca_ulcinj.jpg","width":"600","height":"450"},{"@type":"WebPage","@id":"https:\/\/www.visit-ulcinj.com\/blog\/2009\/06\/18\/forca-optuzila-vlast-u-ulcinju\/#webpage","url":"https:\/\/www.visit-ulcinj.com\/blog\/2009\/06\/18\/forca-optuzila-vlast-u-ulcinju\/","name":"Forca optu\u017eila vlast u ulcinju - Lajme nga Ulqini","isPartOf":{"@id":"https:\/\/www.visit-ulcinj.com\/blog\/#website"},"primaryImageOfPage":{"@id":"https:\/\/www.visit-ulcinj.com\/blog\/2009\/06\/18\/forca-optuzila-vlast-u-ulcinju\/#primaryimage"},"datePublished":"2009-06-18T17:31:00+00:00","dateModified":"2009-06-18T17:31:00+00:00","author":{"@id":"https:\/\/www.visit-ulcinj.com\/blog\/#\/schema\/person\/dcab619c614d3038751c63bc2aadc06d"},"description":"Samo na hranu ne \u0161tede Ulcinj \u2013 Ulcinjska Forca skrenula je pa\u017enju republi?kim institucijama na situaciju u Op\u0161tini sa posebnim osvrtom na bud\u017eet, \u201ekoja","breadcrumb":{"@id":"https:\/\/www.visit-ulcinj.com\/blog\/2009\/06\/18\/forca-optuzila-vlast-u-ulcinju\/#breadcrumb"},"inLanguage":"en-US","potentialAction":[{"@type":"ReadAction","target":["https:\/\/www.visit-ulcinj.com\/blog\/2009\/06\/18\/forca-optuzila-vlast-u-ulcinju\/"]}]},{"@type":"BreadcrumbList","@id":"https:\/\/www.visit-ulcinj.com\/blog\/2009\/06\/18\/forca-optuzila-vlast-u-ulcinju\/#breadcrumb","itemListElement":[{"@type":"ListItem","position":1,"name":"Forca optu\u017eila vlast u ulcinju"}]},{"@type":"Person","@id":"https:\/\/www.visit-ulcinj.com\/blog\/#\/schema\/person\/dcab619c614d3038751c63bc2aadc06d","name":"ulqini","sameAs":["http:\/\/www.visit-ulcinj.com"],"url":"https:\/\/www.visit-ulcinj.com\/blog\/author\/admin\/"}]}},"jetpack_featured_media_url":"","jetpack_sharing_enabled":true,"jetpack_shortlink":"https:\/\/wp.me\/pe6lTn-5YI","_links":{"self":[{"href":"https:\/\/www.visit-ulcinj.com\/blog\/wp-json\/wp\/v2\/posts\/22984"}],"collection":[{"href":"https:\/\/www.visit-ulcinj.com\/blog\/wp-json\/wp\/v2\/posts"}],"about":[{"href":"https:\/\/www.visit-ulcinj.com\/blog\/wp-json\/wp\/v2\/types\/post"}],"author":[{"embeddable":true,"href":"https:\/\/www.visit-ulcinj.com\/blog\/wp-json\/wp\/v2\/users\/1"}],"replies":[{"embeddable":true,"href":"https:\/\/www.visit-ulcinj.com\/blog\/wp-json\/wp\/v2\/comments?post=22984"}],"version-history":[{"count":0,"href":"https:\/\/www.visit-ulcinj.com\/blog\/wp-json\/wp\/v2\/posts\/22984\/revisions"}],"wp:attachment":[{"href":"https:\/\/www.visit-ulcinj.com\/blog\/wp-json\/wp\/v2\/media?parent=22984"}],"wp:term":[{"taxonomy":"category","embeddable":true,"href":"https:\/\/www.visit-ulcinj.com\/blog\/wp-json\/wp\/v2\/categories?post=22984"},{"taxonomy":"post_tag","embeddable":true,"href":"https:\/\/www.visit-ulcinj.com\/blog\/wp-json\/wp\/v2\/tags?post=22984"}],"curies":[{"name":"wp","href":"https:\/\/api.w.org\/{rel}","templated":true}]}}