{"id":22991,"date":"2009-06-19T15:06:15","date_gmt":"2009-06-19T13:06:15","guid":{"rendered":"http:\/\/www.visit-ulcinj.com\/blog\/?p=22991"},"modified":"2009-06-21T18:24:36","modified_gmt":"2009-06-21T16:24:36","slug":"kumtese-buxheti-i-komunes-se-ulqinit","status":"publish","type":"post","link":"https:\/\/www.visit-ulcinj.com\/blog\/2009\/06\/19\/kumtese-buxheti-i-komunes-se-ulqinit\/","title":{"rendered":"KUMTES\u00cb: Buxheti i Komun\u00ebs s\u00eb Ulqinit"},"content":{"rendered":"<p><strong><a href=\"http:\/\/www.visit-ulcinj.com\/blog\/wp-content\/uploads\/2009\/06\/kryetari-i-forces-nazif-cungu_ulqin.jpg\"><img loading=\"lazy\" class=\"alignleft size-full wp-image-22992\" title=\"kryetari-i-forces-nazif-cungu_ulqin\" src=\"http:\/\/www.visit-ulcinj.com\/blog\/wp-content\/uploads\/2009\/06\/kryetari-i-forces-nazif-cungu_ulqin.jpg\" alt=\"kryetari-i-forces-nazif-cungu_ulqin\" width=\"580\" height=\"400\" \/><\/a>T\u00eb nderuar qytetar,<br \/>\n<\/strong><\/p>\n<p>Po mbushen plot tre vite nga zgjedhjet lokale dhe fatkeq\u00ebsisht prap\u00eb mund t\u00eb konstatojm\u00eb q\u00eb n\u00ebse realizimi i premtimeve vazhdon me k\u00ebt\u00eb dinamik\u00eb pushteti lokal i Ulqinit do t\u00eb realizoj\u00eb vet\u00ebm disa copa\u00a0 t\u00eb vogla nga ato \u00e7ka ka premtuar.<\/p>\n<p>M\u00eb shum\u00eb s\u00eb dy muaj jemi duke tentuar q\u00eb nga Sekretariati p\u00ebr buxhet dhe financa t\u00eb fitojm\u00eb t\u00eb dh\u00ebna mbi realizimin e buxhetit p\u00ebr tremujorin e par\u00eb t\u00eb k\u00ebtij viti.<\/p>\n<p>Me n\u00eb fund jan\u00eb m\u00ebshiruar dhe para dy dit\u00ebsh na kan\u00eb d\u00ebrguar t\u00eb dh\u00ebnat mbi realizimin e buxhetit p\u00ebr tre muajt e par\u00eb.<\/p>\n<p>Sa i p\u00ebrket realizimit t\u00eb ardhurave t\u00eb planifikuara n\u00eb buxhet, n\u00ebse p\u00ebrjashtohen t\u00eb ardhurat e bartura nga viti i kaluar dhe te ardhurat nga fondi egalizues, arrijm\u00eb tek ajo q\u00eb komuna e Ulqinit n\u00eb tre muajt e par\u00eb, t\u00eb k\u00ebtij viti, ka realizuar 480.000 EUR ose 3% nga buxheti i parashikuar\u00a0\u00a0 (16.220.800 EUR ).<\/p>\n<p>Ajo \u00e7ka brengos m\u00eb tep\u00ebr \u00ebsht\u00eb q\u00eb edhe k\u00ebshilltar\u00ebt e Koalicionit n\u00eb pushtet, nuk mund t\u00eb vijn\u00eb deri tek t\u00eb dh\u00ebnat mbi gjendjen reale n\u00eb buxhet dhe u duhen n\u00ebp\u00ebrmes t\u00eb Pyetjeve t\u00eb k\u00ebshilltar\u00ebve\u00a0 t\u00eb vijn\u00eb deri tek informatat mbi borxhet e p\u00ebrgjithshme. Por, edhe ajo nuk ndihmon.<\/p>\n<p>P\u00ebr af\u00ebr tre vite asnj\u00eb klub i k\u00ebshilltar\u00ebve nuk ka fituar mjete financiare pa marr\u00eb para sysh q\u00eb \u00ebsht\u00eb obligim ligjor\u00eb dhe q\u00eb mjetet p\u00ebr k\u00ebt\u00eb q\u00ebllim jan\u00eb parapa n\u00eb buxhetet e \u00e7do viti. Me k\u00ebt\u00eb del n\u00eb pah fakti q\u00eb p\u00ebrkundra ligjit, nuk realizohen obligimet nga pozicionet e buxhetore dhe\u00a0 po ashtu kundrejt Ligjit p\u00ebr vendimin mbi Thesar, nuk funksionon thesari i Komun\u00ebs s\u00eb Ulqinit.<\/p>\n<p>\u00cbsht\u00eb p\u00ebr tu \u00e7uditur q\u00eb nga 9.167.000 EUR sa \u00ebsht\u00eb parapar\u00eb q\u00eb t\u00eb shpenzohet p\u00ebr infrastruktur\u00ebn lokale. N\u00eb tre muajt e par\u00eb jan\u00eb realizuar gjithsejt\u00eb 30.000 EUR \u00e7ka tregon nj\u00eb trend t\u00eb nivelit t\u00eb ul\u00ebt n\u00eb realizimin t\u00eb pjes\u00ebs kapitale t\u00eb buxhetit.\u00a0 Kjo nj\u00ebkoh\u00ebsisht tregon edhe vazhdimin e nj\u00eb politike regresive t\u00eb zhvillimit.<\/p>\n<p>N\u00eb an\u00eb tjet\u00ebr, n\u00eb vend q\u00eb pushteti ekzekutiv t\u00eb p\u00ebrgatis nj\u00eb program t\u00eb ve\u00e7ant\u00eb p\u00ebr zvog\u00eblimin e shpenzimeve operative, ato vazhdojn\u00eb me shpenzime t\u00eb pakontrolluara p\u00ebr udh\u00ebtimet zyrtare dhe me organizimin e\u00a0 manifestimeve p\u00ebr degustimin e pijeve dhe ushqimit. Me k\u00ebt\u00eb pjes\u00ebmarrje t\u00eb shpenzimeve operative dhe investimeve kapitale keq\u00ebsohet situata p\u00ebr investimeve kapitale, gjegj\u00ebsisht zhvillimi n\u00eb p\u00ebrgjith\u00ebsi.<\/p>\n<p>P\u00ebr gjendjen dhe borxhet e nd\u00ebrmarrjeve publike komunale besojm\u00eb, q\u00eb s\u00eb shpejti do t\u00eb informohemi m\u00eb detalisht, por duke u bazuar n\u00eb njohurit\u00eb e tanishme, gjendja \u00ebsht\u00eb alarmuese.<\/p>\n<p>Forca e Re Demokratike d\u00ebshiron q\u00eb edhe nj\u00eb her\u00eb t\u00eb t\u00ebrheq v\u00ebmendjen organeve kompetente republikane p\u00ebr situat\u00ebn e p\u00ebrgjithshme n\u00eb Komun\u00ebn e Ulqinit, dhe n\u00eb rend t\u00eb par\u00eb mbi gjendjen n\u00eb Buxhet, n\u00eb m\u00ebnyr\u00eb q\u00eb t\u00eb parandalohet bllokimi i plot\u00eb i pun\u00ebs s\u00eb ekzekutivit.<\/p>\n<p>Llogarit\u00eb e k\u00ebsi d\u00ebshtimesh do ti paguaj\u00eb ekonomia dhe banor\u00ebt e komun\u00ebs s\u00eb Ulqinit.<\/p>\n<p><strong><br \/>\nNazif Cungu<br \/>\nUlqin, 18.06.09\u00a0\u00a0\u00a0\u00a0\u00a0\u00a0\u00a0\u00a0\u00a0\u00a0\u00a0\u00a0\u00a0\u00a0\u00a0\u00a0\u00a0\u00a0\u00a0\u00a0\u00a0\u00a0\u00a0\u00a0\u00a0\u00a0\u00a0\u00a0\u00a0\u00a0\u00a0\u00a0\u00a0\u00a0\u00a0\u00a0\u00a0\u00a0\u00a0\u00a0\u00a0\u00a0\u00a0\u00a0\u00a0\u00a0\u00a0\u00a0\u00a0\u00a0\u00a0\u00a0\u00a0\u00a0 Sh\u00ebrbimi informativ<\/strong><\/p>\n","protected":false},"excerpt":{"rendered":"<p>T\u00eb nderuar qytetar, Po mbushen plot tre vite nga zgjedhjet lokale dhe fatkeq\u00ebsisht prap\u00eb mund t\u00eb konstatojm\u00eb q\u00eb n\u00ebse realizimi i premtimeve vazhdon me k\u00ebt\u00eb dinamik\u00eb pushteti lokal i Ulqinit do t\u00eb realizoj\u00eb vet\u00ebm disa copa\u00a0 t\u00eb vogla nga ato \u00e7ka ka premtuar. M\u00eb shum\u00eb s\u00eb dy muaj jemi duke tentuar q\u00eb nga Sekretariati p\u00ebr [&hellip;]<\/p>\n","protected":false},"author":1,"featured_media":0,"comment_status":"open","ping_status":"closed","sticky":false,"template":"","format":"standard","meta":{"spay_email":"","jetpack_publicize_message":"","jetpack_is_tweetstorm":false,"jetpack_publicize_feature_enabled":true},"categories":[6],"tags":[9952,874,297,118,11292,11293],"jetpack_publicize_connections":[],"yoast_head":"<!-- This site is optimized with the Yoast SEO plugin v19.1 - https:\/\/yoast.com\/wordpress\/plugins\/seo\/ -->\n<title>KUMTES\u00cb: Buxheti i Komun\u00ebs s\u00eb Ulqinit - Lajme nga Ulqini<\/title>\n<meta name=\"description\" content=\"T\u00eb nderuar qytetar, Po mbushen plot tre vite nga zgjedhjet lokale dhe fatkeq\u00ebsisht prap\u00eb mund t\u00eb konstatojm\u00eb q\u00eb n\u00ebse realizimi i premtimeve vazhdon me\" \/>\n<meta name=\"robots\" content=\"index, follow, max-snippet:-1, max-image-preview:large, max-video-preview:-1\" \/>\n<link rel=\"canonical\" href=\"https:\/\/www.visit-ulcinj.com\/blog\/2009\/06\/19\/kumtese-buxheti-i-komunes-se-ulqinit\/\" \/>\n<meta property=\"og:locale\" content=\"en_US\" \/>\n<meta property=\"og:type\" content=\"article\" \/>\n<meta property=\"og:title\" content=\"KUMTES\u00cb: Buxheti i Komun\u00ebs s\u00eb Ulqinit - Lajme nga Ulqini\" \/>\n<meta property=\"og:description\" content=\"T\u00eb nderuar qytetar, Po mbushen plot tre vite nga zgjedhjet lokale dhe fatkeq\u00ebsisht prap\u00eb mund t\u00eb konstatojm\u00eb q\u00eb n\u00ebse realizimi i premtimeve vazhdon me\" \/>\n<meta property=\"og:url\" content=\"https:\/\/www.visit-ulcinj.com\/blog\/2009\/06\/19\/kumtese-buxheti-i-komunes-se-ulqinit\/\" \/>\n<meta property=\"og:site_name\" content=\"Lajme nga Ulqini\" \/>\n<meta property=\"article:published_time\" content=\"2009-06-19T13:06:15+00:00\" \/>\n<meta property=\"article:modified_time\" content=\"2009-06-21T16:24:36+00:00\" \/>\n<meta property=\"og:image\" content=\"http:\/\/www.visit-ulcinj.com\/blog\/wp-content\/uploads\/2009\/06\/kryetari-i-forces-nazif-cungu_ulqin.jpg\" \/>\n<meta name=\"twitter:label1\" content=\"Written by\" \/>\n\t<meta name=\"twitter:data1\" content=\"ulqini\" \/>\n\t<meta name=\"twitter:label2\" content=\"Est. reading time\" \/>\n\t<meta name=\"twitter:data2\" content=\"3 minutes\" \/>\n<script type=\"application\/ld+json\" class=\"yoast-schema-graph\">{\"@context\":\"https:\/\/schema.org\",\"@graph\":[{\"@type\":\"WebSite\",\"@id\":\"https:\/\/www.visit-ulcinj.com\/blog\/#website\",\"url\":\"https:\/\/www.visit-ulcinj.com\/blog\/\",\"name\":\"Lajme nga Ulqini\",\"description\":\"Lajme,Vijesti,Ulqini,Ulqin,Crna Gora,Mali i Zi\",\"potentialAction\":[{\"@type\":\"SearchAction\",\"target\":{\"@type\":\"EntryPoint\",\"urlTemplate\":\"https:\/\/www.visit-ulcinj.com\/blog\/?s={search_term_string}\"},\"query-input\":\"required name=search_term_string\"}],\"inLanguage\":\"en-US\"},{\"@type\":\"ImageObject\",\"inLanguage\":\"en-US\",\"@id\":\"https:\/\/www.visit-ulcinj.com\/blog\/2009\/06\/19\/kumtese-buxheti-i-komunes-se-ulqinit\/#primaryimage\",\"url\":\"https:\/\/www.visit-ulcinj.com\/blog\/wp-content\/uploads\/2009\/06\/kryetari-i-forces-nazif-cungu_ulqin.jpg\",\"contentUrl\":\"https:\/\/www.visit-ulcinj.com\/blog\/wp-content\/uploads\/2009\/06\/kryetari-i-forces-nazif-cungu_ulqin.jpg\",\"width\":\"800\",\"height\":\"531\"},{\"@type\":\"WebPage\",\"@id\":\"https:\/\/www.visit-ulcinj.com\/blog\/2009\/06\/19\/kumtese-buxheti-i-komunes-se-ulqinit\/#webpage\",\"url\":\"https:\/\/www.visit-ulcinj.com\/blog\/2009\/06\/19\/kumtese-buxheti-i-komunes-se-ulqinit\/\",\"name\":\"KUMTES\u00cb: Buxheti i Komun\u00ebs s\u00eb Ulqinit - Lajme nga Ulqini\",\"isPartOf\":{\"@id\":\"https:\/\/www.visit-ulcinj.com\/blog\/#website\"},\"primaryImageOfPage\":{\"@id\":\"https:\/\/www.visit-ulcinj.com\/blog\/2009\/06\/19\/kumtese-buxheti-i-komunes-se-ulqinit\/#primaryimage\"},\"datePublished\":\"2009-06-19T13:06:15+00:00\",\"dateModified\":\"2009-06-21T16:24:36+00:00\",\"author\":{\"@id\":\"https:\/\/www.visit-ulcinj.com\/blog\/#\/schema\/person\/dcab619c614d3038751c63bc2aadc06d\"},\"description\":\"T\u00eb nderuar qytetar, Po mbushen plot tre vite nga zgjedhjet lokale dhe fatkeq\u00ebsisht prap\u00eb mund t\u00eb konstatojm\u00eb q\u00eb n\u00ebse realizimi i premtimeve vazhdon me\",\"breadcrumb\":{\"@id\":\"https:\/\/www.visit-ulcinj.com\/blog\/2009\/06\/19\/kumtese-buxheti-i-komunes-se-ulqinit\/#breadcrumb\"},\"inLanguage\":\"en-US\",\"potentialAction\":[{\"@type\":\"ReadAction\",\"target\":[\"https:\/\/www.visit-ulcinj.com\/blog\/2009\/06\/19\/kumtese-buxheti-i-komunes-se-ulqinit\/\"]}]},{\"@type\":\"BreadcrumbList\",\"@id\":\"https:\/\/www.visit-ulcinj.com\/blog\/2009\/06\/19\/kumtese-buxheti-i-komunes-se-ulqinit\/#breadcrumb\",\"itemListElement\":[{\"@type\":\"ListItem\",\"position\":1,\"name\":\"KUMTES\u00cb: Buxheti i Komun\u00ebs s\u00eb Ulqinit\"}]},{\"@type\":\"Person\",\"@id\":\"https:\/\/www.visit-ulcinj.com\/blog\/#\/schema\/person\/dcab619c614d3038751c63bc2aadc06d\",\"name\":\"ulqini\",\"sameAs\":[\"http:\/\/www.visit-ulcinj.com\"],\"url\":\"https:\/\/www.visit-ulcinj.com\/blog\/author\/admin\/\"}]}<\/script>\n<!-- \/ Yoast SEO plugin. -->","yoast_head_json":{"title":"KUMTES\u00cb: Buxheti i Komun\u00ebs s\u00eb Ulqinit - Lajme nga Ulqini","description":"T\u00eb nderuar qytetar, Po mbushen plot tre vite nga zgjedhjet lokale dhe fatkeq\u00ebsisht prap\u00eb mund t\u00eb konstatojm\u00eb q\u00eb n\u00ebse realizimi i premtimeve vazhdon me","robots":{"index":"index","follow":"follow","max-snippet":"max-snippet:-1","max-image-preview":"max-image-preview:large","max-video-preview":"max-video-preview:-1"},"canonical":"https:\/\/www.visit-ulcinj.com\/blog\/2009\/06\/19\/kumtese-buxheti-i-komunes-se-ulqinit\/","og_locale":"en_US","og_type":"article","og_title":"KUMTES\u00cb: Buxheti i Komun\u00ebs s\u00eb Ulqinit - Lajme nga Ulqini","og_description":"T\u00eb nderuar qytetar, Po mbushen plot tre vite nga zgjedhjet lokale dhe fatkeq\u00ebsisht prap\u00eb mund t\u00eb konstatojm\u00eb q\u00eb n\u00ebse realizimi i premtimeve vazhdon me","og_url":"https:\/\/www.visit-ulcinj.com\/blog\/2009\/06\/19\/kumtese-buxheti-i-komunes-se-ulqinit\/","og_site_name":"Lajme nga Ulqini","article_published_time":"2009-06-19T13:06:15+00:00","article_modified_time":"2009-06-21T16:24:36+00:00","og_image":[{"url":"http:\/\/www.visit-ulcinj.com\/blog\/wp-content\/uploads\/2009\/06\/kryetari-i-forces-nazif-cungu_ulqin.jpg"}],"twitter_misc":{"Written by":"ulqini","Est. reading time":"3 minutes"},"schema":{"@context":"https:\/\/schema.org","@graph":[{"@type":"WebSite","@id":"https:\/\/www.visit-ulcinj.com\/blog\/#website","url":"https:\/\/www.visit-ulcinj.com\/blog\/","name":"Lajme nga Ulqini","description":"Lajme,Vijesti,Ulqini,Ulqin,Crna Gora,Mali i Zi","potentialAction":[{"@type":"SearchAction","target":{"@type":"EntryPoint","urlTemplate":"https:\/\/www.visit-ulcinj.com\/blog\/?s={search_term_string}"},"query-input":"required name=search_term_string"}],"inLanguage":"en-US"},{"@type":"ImageObject","inLanguage":"en-US","@id":"https:\/\/www.visit-ulcinj.com\/blog\/2009\/06\/19\/kumtese-buxheti-i-komunes-se-ulqinit\/#primaryimage","url":"https:\/\/www.visit-ulcinj.com\/blog\/wp-content\/uploads\/2009\/06\/kryetari-i-forces-nazif-cungu_ulqin.jpg","contentUrl":"https:\/\/www.visit-ulcinj.com\/blog\/wp-content\/uploads\/2009\/06\/kryetari-i-forces-nazif-cungu_ulqin.jpg","width":"800","height":"531"},{"@type":"WebPage","@id":"https:\/\/www.visit-ulcinj.com\/blog\/2009\/06\/19\/kumtese-buxheti-i-komunes-se-ulqinit\/#webpage","url":"https:\/\/www.visit-ulcinj.com\/blog\/2009\/06\/19\/kumtese-buxheti-i-komunes-se-ulqinit\/","name":"KUMTES\u00cb: Buxheti i Komun\u00ebs s\u00eb Ulqinit - Lajme nga Ulqini","isPartOf":{"@id":"https:\/\/www.visit-ulcinj.com\/blog\/#website"},"primaryImageOfPage":{"@id":"https:\/\/www.visit-ulcinj.com\/blog\/2009\/06\/19\/kumtese-buxheti-i-komunes-se-ulqinit\/#primaryimage"},"datePublished":"2009-06-19T13:06:15+00:00","dateModified":"2009-06-21T16:24:36+00:00","author":{"@id":"https:\/\/www.visit-ulcinj.com\/blog\/#\/schema\/person\/dcab619c614d3038751c63bc2aadc06d"},"description":"T\u00eb nderuar qytetar, Po mbushen plot tre vite nga zgjedhjet lokale dhe fatkeq\u00ebsisht prap\u00eb mund t\u00eb konstatojm\u00eb q\u00eb n\u00ebse realizimi i premtimeve vazhdon me","breadcrumb":{"@id":"https:\/\/www.visit-ulcinj.com\/blog\/2009\/06\/19\/kumtese-buxheti-i-komunes-se-ulqinit\/#breadcrumb"},"inLanguage":"en-US","potentialAction":[{"@type":"ReadAction","target":["https:\/\/www.visit-ulcinj.com\/blog\/2009\/06\/19\/kumtese-buxheti-i-komunes-se-ulqinit\/"]}]},{"@type":"BreadcrumbList","@id":"https:\/\/www.visit-ulcinj.com\/blog\/2009\/06\/19\/kumtese-buxheti-i-komunes-se-ulqinit\/#breadcrumb","itemListElement":[{"@type":"ListItem","position":1,"name":"KUMTES\u00cb: Buxheti i Komun\u00ebs s\u00eb Ulqinit"}]},{"@type":"Person","@id":"https:\/\/www.visit-ulcinj.com\/blog\/#\/schema\/person\/dcab619c614d3038751c63bc2aadc06d","name":"ulqini","sameAs":["http:\/\/www.visit-ulcinj.com"],"url":"https:\/\/www.visit-ulcinj.com\/blog\/author\/admin\/"}]}},"jetpack_featured_media_url":"","jetpack_sharing_enabled":true,"jetpack_shortlink":"https:\/\/wp.me\/pe6lTn-5YP","_links":{"self":[{"href":"https:\/\/www.visit-ulcinj.com\/blog\/wp-json\/wp\/v2\/posts\/22991"}],"collection":[{"href":"https:\/\/www.visit-ulcinj.com\/blog\/wp-json\/wp\/v2\/posts"}],"about":[{"href":"https:\/\/www.visit-ulcinj.com\/blog\/wp-json\/wp\/v2\/types\/post"}],"author":[{"embeddable":true,"href":"https:\/\/www.visit-ulcinj.com\/blog\/wp-json\/wp\/v2\/users\/1"}],"replies":[{"embeddable":true,"href":"https:\/\/www.visit-ulcinj.com\/blog\/wp-json\/wp\/v2\/comments?post=22991"}],"version-history":[{"count":0,"href":"https:\/\/www.visit-ulcinj.com\/blog\/wp-json\/wp\/v2\/posts\/22991\/revisions"}],"wp:attachment":[{"href":"https:\/\/www.visit-ulcinj.com\/blog\/wp-json\/wp\/v2\/media?parent=22991"}],"wp:term":[{"taxonomy":"category","embeddable":true,"href":"https:\/\/www.visit-ulcinj.com\/blog\/wp-json\/wp\/v2\/categories?post=22991"},{"taxonomy":"post_tag","embeddable":true,"href":"https:\/\/www.visit-ulcinj.com\/blog\/wp-json\/wp\/v2\/tags?post=22991"}],"curies":[{"name":"wp","href":"https:\/\/api.w.org\/{rel}","templated":true}]}}