{"id":23002,"date":"2009-06-19T16:18:40","date_gmt":"2009-06-19T14:18:40","guid":{"rendered":"http:\/\/www.visit-ulcinj.com\/blog\/?p=23002"},"modified":"2009-06-19T16:20:12","modified_gmt":"2009-06-19T14:20:12","slug":"holovic-lovci-saveljicu-nijesu-prijetili-smrcu","status":"publish","type":"post","link":"https:\/\/www.visit-ulcinj.com\/blog\/2009\/06\/19\/holovic-lovci-saveljicu-nijesu-prijetili-smrcu\/","title":{"rendered":"Holovi?: Lovci Savelji?u nijesu prijetili smr?u"},"content":{"rendered":"<p><strong><a href=\"http:\/\/www.visit-ulcinj.com\/blog\/wp-content\/uploads\/2009\/06\/Martin-Schneider-Jacoby-iz-Euronatur-_-Darko-Saveljic_Bljerim-Holovi?-.jpg\"><img loading=\"lazy\" class=\"alignleft size-full wp-image-23003\" title=\"Martin Schneider-Jacoby iz Euronatur _ Darko Saveljic_Bljerim Holovi?\" src=\"http:\/\/www.visit-ulcinj.com\/blog\/wp-content\/uploads\/2009\/06\/Martin-Schneider-Jacoby-iz-Euronatur-_-Darko-Saveljic_Bljerim-Holovi?-.jpg\" alt=\"Martin Schneider-Jacoby iz Euronatur _ Darko Saveljic_Bljerim Holovi?\" width=\"580\" height=\"275\" \/><\/a>Ornitolog podnio krivi?nu prijavu protiv direktora jp za za\u0161titu i uzgoj divlja?i<\/strong><br \/>\nUlcinj &#8211; \u201cVrhunac u nizu neistina koje ornitolog Darko Savelji? plasira u javnosti u vezi sa lovcima i lovstvom Ulcinja, svakako je ta da mu lovci prijete ?ak i smr?u, te da mu je \u201eugro\u017eena fizi?ka bezbjednost\u201c. Siguran sam u jedno- lovci mu smr?u ne prijete, posebno ne ugledni ljudi Ulcinja i ulcinjskog lovstva. To je te\u0161ka optu\u017eba koju ?e morati da doka\u017ee\u201d, navodi se u reagovanju direktora JP za za\u0161titu i uzgoj divlja?i Bljerima Holovi?a na navode Darka Savelji?a u tekstu \u201eLovci mi ?ak prijete i smr?u\u201c, objavljenom 13. juna.<br \/>\nHolovi? isti?e da nijesu ta?ni ni Savelji?evi navodi \u201eda nijesu ni?im izazvani i napadnuti u tekstu\u201c.<br \/>\n\u201cTa?no je da smo i te kako izazvani i te\u0161ko napadnuti tekstom, a i fotografijom nabacanog grmlja i dasaka na Velikoj pla\u017ei, \u0161to bi trebalo da je u vezi sa krivolovom. Logi?no da se pitamo za\u0161to na ovakav na?in Savelji? napada Ulcinj i lovce Ulcinja, i pored toga, \u0161to kako ka\u017ee, tamo ima mnogo prijatelja\u201d, navodi Holovi?.<br \/>\nHolovi? je poru?io Savelji?u da su ulcinjski lovci istinski ljubitelji prirode, uzgajiva?i za\u0161titnici divlja?i \u201ekoju su koristili i koriste u skladu sa zakonom i odobrenjima, po vrsti i koli?ini koje utvr?uje resorno ministarstvo.<br \/>\n\u201cKao najmasovnije Udru\u017eenje gra?ana sa?uvali smo zavidan fond divlja?i, a to \u0161to Savelji? i njemu sli?ni sve vide crno, nije na\u0161 problem. Na\u0161a je du\u017enost da upoznamo javnost, po\u0161to Savelji? to nije htio, da su lovne sezone zemalja u regionu znatno du\u017ee, da se kod nas lovi znatno manje divlja?i i da ?emo povesti razgovore sa relevantnim institucijama kako na\u0161a lovna privreda ne bi propala dok drugi u susjedstvu ubiraju prihode koji nama pripadaju\u201d, ka\u017ee se na kraju i dodaje \u201eda ovim reagovanjem JP zavr\u0161ava polemiku sa Savelji?em\u201c.<br \/>\nPolemiku je prekinuo i Savelji? i kazao da je protiv Holovi?a podnio krivi?nu prijavu za klevetu.<\/p>\n<p><strong>S.A.<br \/>\n<a href=\"http:\/\/www.vijesti.cg.yu\/index.php?id_pre=307833&amp;godina=2009\" target=\"_blank\">Vijesti<\/a><\/strong><\/p>\n<p><strong><!--YouTube Error: bad URL entered--><br \/>\n<\/strong><\/p>\n","protected":false},"excerpt":{"rendered":"<p>Ornitolog podnio krivi?nu prijavu protiv direktora jp za za\u0161titu i uzgoj divlja?i Ulcinj &#8211; \u201cVrhunac u nizu neistina koje ornitolog Darko Savelji? plasira u javnosti u vezi sa lovcima i lovstvom Ulcinja, svakako je ta da mu lovci prijete ?ak i smr?u, te da mu je \u201eugro\u017eena fizi?ka bezbjednost\u201c. Siguran sam u jedno- lovci mu [&hellip;]<\/p>\n","protected":false},"author":1,"featured_media":0,"comment_status":"open","ping_status":"closed","sticky":false,"template":"","format":"standard","meta":{"spay_email":"","jetpack_publicize_message":"","jetpack_is_tweetstorm":false,"jetpack_publicize_feature_enabled":true},"categories":[8337],"tags":[11303,11181,20,11299,11300,11301,9101,79,19,11302],"jetpack_publicize_connections":[],"yoast_head":"<!-- This site is optimized with the Yoast SEO plugin v19.1 - https:\/\/yoast.com\/wordpress\/plugins\/seo\/ -->\n<title>Holovi?: Lovci Savelji?u nijesu prijetili smr?u - Lajme nga Ulqini<\/title>\n<meta name=\"description\" content=\"Ornitolog podnio krivi?nu prijavu protiv direktora jp za za\u0161titu i uzgoj divlja?i Ulcinj - \u201cVrhunac u nizu neistina koje ornitolog Darko Savelji? plasira\" \/>\n<meta name=\"robots\" content=\"index, follow, max-snippet:-1, max-image-preview:large, max-video-preview:-1\" \/>\n<link rel=\"canonical\" href=\"https:\/\/www.visit-ulcinj.com\/blog\/2009\/06\/19\/holovic-lovci-saveljicu-nijesu-prijetili-smrcu\/\" \/>\n<meta property=\"og:locale\" content=\"en_US\" \/>\n<meta property=\"og:type\" content=\"article\" \/>\n<meta property=\"og:title\" content=\"Holovi?: Lovci Savelji?u nijesu prijetili smr?u - Lajme nga Ulqini\" \/>\n<meta property=\"og:description\" content=\"Ornitolog podnio krivi?nu prijavu protiv direktora jp za za\u0161titu i uzgoj divlja?i Ulcinj - \u201cVrhunac u nizu neistina koje ornitolog Darko Savelji? plasira\" \/>\n<meta property=\"og:url\" content=\"https:\/\/www.visit-ulcinj.com\/blog\/2009\/06\/19\/holovic-lovci-saveljicu-nijesu-prijetili-smrcu\/\" \/>\n<meta property=\"og:site_name\" content=\"Lajme nga Ulqini\" \/>\n<meta property=\"article:published_time\" content=\"2009-06-19T14:18:40+00:00\" \/>\n<meta property=\"article:modified_time\" content=\"2009-06-19T14:20:12+00:00\" \/>\n<meta property=\"og:image\" content=\"http:\/\/www.visit-ulcinj.com\/blog\/wp-content\/uploads\/2009\/06\/Martin-Schneider-Jacoby-iz-Euronatur-_-Darko-Saveljic_Bljerim-Holovi?-.jpg\" \/>\n<meta name=\"twitter:label1\" content=\"Written by\" \/>\n\t<meta name=\"twitter:data1\" content=\"ulqini\" \/>\n\t<meta name=\"twitter:label2\" content=\"Est. reading time\" \/>\n\t<meta name=\"twitter:data2\" content=\"2 minutes\" \/>\n<script type=\"application\/ld+json\" class=\"yoast-schema-graph\">{\"@context\":\"https:\/\/schema.org\",\"@graph\":[{\"@type\":\"WebSite\",\"@id\":\"https:\/\/www.visit-ulcinj.com\/blog\/#website\",\"url\":\"https:\/\/www.visit-ulcinj.com\/blog\/\",\"name\":\"Lajme nga Ulqini\",\"description\":\"Lajme,Vijesti,Ulqini,Ulqin,Crna Gora,Mali i Zi\",\"potentialAction\":[{\"@type\":\"SearchAction\",\"target\":{\"@type\":\"EntryPoint\",\"urlTemplate\":\"https:\/\/www.visit-ulcinj.com\/blog\/?s={search_term_string}\"},\"query-input\":\"required name=search_term_string\"}],\"inLanguage\":\"en-US\"},{\"@type\":\"ImageObject\",\"inLanguage\":\"en-US\",\"@id\":\"https:\/\/www.visit-ulcinj.com\/blog\/2009\/06\/19\/holovic-lovci-saveljicu-nijesu-prijetili-smrcu\/#primaryimage\",\"url\":\"http:\/\/www.visit-ulcinj.com\/blog\/wp-content\/uploads\/2009\/06\/Martin-Schneider-Jacoby-iz-Euronatur-_-Darko-Saveljic_Bljerim-Holovi?-.jpg\",\"contentUrl\":\"http:\/\/www.visit-ulcinj.com\/blog\/wp-content\/uploads\/2009\/06\/Martin-Schneider-Jacoby-iz-Euronatur-_-Darko-Saveljic_Bljerim-Holovi?-.jpg\"},{\"@type\":\"WebPage\",\"@id\":\"https:\/\/www.visit-ulcinj.com\/blog\/2009\/06\/19\/holovic-lovci-saveljicu-nijesu-prijetili-smrcu\/#webpage\",\"url\":\"https:\/\/www.visit-ulcinj.com\/blog\/2009\/06\/19\/holovic-lovci-saveljicu-nijesu-prijetili-smrcu\/\",\"name\":\"Holovi?: Lovci Savelji?u nijesu prijetili smr?u - Lajme nga Ulqini\",\"isPartOf\":{\"@id\":\"https:\/\/www.visit-ulcinj.com\/blog\/#website\"},\"primaryImageOfPage\":{\"@id\":\"https:\/\/www.visit-ulcinj.com\/blog\/2009\/06\/19\/holovic-lovci-saveljicu-nijesu-prijetili-smrcu\/#primaryimage\"},\"datePublished\":\"2009-06-19T14:18:40+00:00\",\"dateModified\":\"2009-06-19T14:20:12+00:00\",\"author\":{\"@id\":\"https:\/\/www.visit-ulcinj.com\/blog\/#\/schema\/person\/dcab619c614d3038751c63bc2aadc06d\"},\"description\":\"Ornitolog podnio krivi?nu prijavu protiv direktora jp za za\u0161titu i uzgoj divlja?i Ulcinj - \u201cVrhunac u nizu neistina koje ornitolog Darko Savelji? plasira\",\"breadcrumb\":{\"@id\":\"https:\/\/www.visit-ulcinj.com\/blog\/2009\/06\/19\/holovic-lovci-saveljicu-nijesu-prijetili-smrcu\/#breadcrumb\"},\"inLanguage\":\"en-US\",\"potentialAction\":[{\"@type\":\"ReadAction\",\"target\":[\"https:\/\/www.visit-ulcinj.com\/blog\/2009\/06\/19\/holovic-lovci-saveljicu-nijesu-prijetili-smrcu\/\"]}]},{\"@type\":\"BreadcrumbList\",\"@id\":\"https:\/\/www.visit-ulcinj.com\/blog\/2009\/06\/19\/holovic-lovci-saveljicu-nijesu-prijetili-smrcu\/#breadcrumb\",\"itemListElement\":[{\"@type\":\"ListItem\",\"position\":1,\"name\":\"Holovi?: Lovci Savelji?u nijesu prijetili smr?u\"}]},{\"@type\":\"Person\",\"@id\":\"https:\/\/www.visit-ulcinj.com\/blog\/#\/schema\/person\/dcab619c614d3038751c63bc2aadc06d\",\"name\":\"ulqini\",\"sameAs\":[\"http:\/\/www.visit-ulcinj.com\"],\"url\":\"https:\/\/www.visit-ulcinj.com\/blog\/author\/admin\/\"}]}<\/script>\n<!-- \/ Yoast SEO plugin. -->","yoast_head_json":{"title":"Holovi?: Lovci Savelji?u nijesu prijetili smr?u - Lajme nga Ulqini","description":"Ornitolog podnio krivi?nu prijavu protiv direktora jp za za\u0161titu i uzgoj divlja?i Ulcinj - \u201cVrhunac u nizu neistina koje ornitolog Darko Savelji? plasira","robots":{"index":"index","follow":"follow","max-snippet":"max-snippet:-1","max-image-preview":"max-image-preview:large","max-video-preview":"max-video-preview:-1"},"canonical":"https:\/\/www.visit-ulcinj.com\/blog\/2009\/06\/19\/holovic-lovci-saveljicu-nijesu-prijetili-smrcu\/","og_locale":"en_US","og_type":"article","og_title":"Holovi?: Lovci Savelji?u nijesu prijetili smr?u - Lajme nga Ulqini","og_description":"Ornitolog podnio krivi?nu prijavu protiv direktora jp za za\u0161titu i uzgoj divlja?i Ulcinj - \u201cVrhunac u nizu neistina koje ornitolog Darko Savelji? plasira","og_url":"https:\/\/www.visit-ulcinj.com\/blog\/2009\/06\/19\/holovic-lovci-saveljicu-nijesu-prijetili-smrcu\/","og_site_name":"Lajme nga Ulqini","article_published_time":"2009-06-19T14:18:40+00:00","article_modified_time":"2009-06-19T14:20:12+00:00","og_image":[{"url":"http:\/\/www.visit-ulcinj.com\/blog\/wp-content\/uploads\/2009\/06\/Martin-Schneider-Jacoby-iz-Euronatur-_-Darko-Saveljic_Bljerim-Holovi?-.jpg"}],"twitter_misc":{"Written by":"ulqini","Est. reading time":"2 minutes"},"schema":{"@context":"https:\/\/schema.org","@graph":[{"@type":"WebSite","@id":"https:\/\/www.visit-ulcinj.com\/blog\/#website","url":"https:\/\/www.visit-ulcinj.com\/blog\/","name":"Lajme nga Ulqini","description":"Lajme,Vijesti,Ulqini,Ulqin,Crna Gora,Mali i Zi","potentialAction":[{"@type":"SearchAction","target":{"@type":"EntryPoint","urlTemplate":"https:\/\/www.visit-ulcinj.com\/blog\/?s={search_term_string}"},"query-input":"required name=search_term_string"}],"inLanguage":"en-US"},{"@type":"ImageObject","inLanguage":"en-US","@id":"https:\/\/www.visit-ulcinj.com\/blog\/2009\/06\/19\/holovic-lovci-saveljicu-nijesu-prijetili-smrcu\/#primaryimage","url":"http:\/\/www.visit-ulcinj.com\/blog\/wp-content\/uploads\/2009\/06\/Martin-Schneider-Jacoby-iz-Euronatur-_-Darko-Saveljic_Bljerim-Holovi?-.jpg","contentUrl":"http:\/\/www.visit-ulcinj.com\/blog\/wp-content\/uploads\/2009\/06\/Martin-Schneider-Jacoby-iz-Euronatur-_-Darko-Saveljic_Bljerim-Holovi?-.jpg"},{"@type":"WebPage","@id":"https:\/\/www.visit-ulcinj.com\/blog\/2009\/06\/19\/holovic-lovci-saveljicu-nijesu-prijetili-smrcu\/#webpage","url":"https:\/\/www.visit-ulcinj.com\/blog\/2009\/06\/19\/holovic-lovci-saveljicu-nijesu-prijetili-smrcu\/","name":"Holovi?: Lovci Savelji?u nijesu prijetili smr?u - Lajme nga Ulqini","isPartOf":{"@id":"https:\/\/www.visit-ulcinj.com\/blog\/#website"},"primaryImageOfPage":{"@id":"https:\/\/www.visit-ulcinj.com\/blog\/2009\/06\/19\/holovic-lovci-saveljicu-nijesu-prijetili-smrcu\/#primaryimage"},"datePublished":"2009-06-19T14:18:40+00:00","dateModified":"2009-06-19T14:20:12+00:00","author":{"@id":"https:\/\/www.visit-ulcinj.com\/blog\/#\/schema\/person\/dcab619c614d3038751c63bc2aadc06d"},"description":"Ornitolog podnio krivi?nu prijavu protiv direktora jp za za\u0161titu i uzgoj divlja?i Ulcinj - \u201cVrhunac u nizu neistina koje ornitolog Darko Savelji? plasira","breadcrumb":{"@id":"https:\/\/www.visit-ulcinj.com\/blog\/2009\/06\/19\/holovic-lovci-saveljicu-nijesu-prijetili-smrcu\/#breadcrumb"},"inLanguage":"en-US","potentialAction":[{"@type":"ReadAction","target":["https:\/\/www.visit-ulcinj.com\/blog\/2009\/06\/19\/holovic-lovci-saveljicu-nijesu-prijetili-smrcu\/"]}]},{"@type":"BreadcrumbList","@id":"https:\/\/www.visit-ulcinj.com\/blog\/2009\/06\/19\/holovic-lovci-saveljicu-nijesu-prijetili-smrcu\/#breadcrumb","itemListElement":[{"@type":"ListItem","position":1,"name":"Holovi?: Lovci Savelji?u nijesu prijetili smr?u"}]},{"@type":"Person","@id":"https:\/\/www.visit-ulcinj.com\/blog\/#\/schema\/person\/dcab619c614d3038751c63bc2aadc06d","name":"ulqini","sameAs":["http:\/\/www.visit-ulcinj.com"],"url":"https:\/\/www.visit-ulcinj.com\/blog\/author\/admin\/"}]}},"jetpack_featured_media_url":"","jetpack_sharing_enabled":true,"jetpack_shortlink":"https:\/\/wp.me\/pe6lTn-5Z0","_links":{"self":[{"href":"https:\/\/www.visit-ulcinj.com\/blog\/wp-json\/wp\/v2\/posts\/23002"}],"collection":[{"href":"https:\/\/www.visit-ulcinj.com\/blog\/wp-json\/wp\/v2\/posts"}],"about":[{"href":"https:\/\/www.visit-ulcinj.com\/blog\/wp-json\/wp\/v2\/types\/post"}],"author":[{"embeddable":true,"href":"https:\/\/www.visit-ulcinj.com\/blog\/wp-json\/wp\/v2\/users\/1"}],"replies":[{"embeddable":true,"href":"https:\/\/www.visit-ulcinj.com\/blog\/wp-json\/wp\/v2\/comments?post=23002"}],"version-history":[{"count":0,"href":"https:\/\/www.visit-ulcinj.com\/blog\/wp-json\/wp\/v2\/posts\/23002\/revisions"}],"wp:attachment":[{"href":"https:\/\/www.visit-ulcinj.com\/blog\/wp-json\/wp\/v2\/media?parent=23002"}],"wp:term":[{"taxonomy":"category","embeddable":true,"href":"https:\/\/www.visit-ulcinj.com\/blog\/wp-json\/wp\/v2\/categories?post=23002"},{"taxonomy":"post_tag","embeddable":true,"href":"https:\/\/www.visit-ulcinj.com\/blog\/wp-json\/wp\/v2\/tags?post=23002"}],"curies":[{"name":"wp","href":"https:\/\/api.w.org\/{rel}","templated":true}]}}